{"id":172826,"date":"2015-10-26T16:49:06","date_gmt":"2015-10-26T13:49:06","guid":{"rendered":"https:\/\/analyse.optim.biz\/?p=172826"},"modified":"2015-10-26T16:49:06","modified_gmt":"2015-10-26T13:49:06","slug":"pozele-cu-victor-ponta-date-jos-de-la-sediul-psd-reactia-lui-liviu-dragnea","status":"publish","type":"post","link":"https:\/\/analyse.optim.biz\/?p=172826","title":{"rendered":"Pozele cu Victor Ponta, date jos de la sediul PSD. Reac\u0163ia lui Liviu Dragnea"},"content":{"rendered":"<div class=\"entry data-app-meta data-app-meta-article\" data-embed-base-url-canonical=\"https:\/\/www.digi24.ro\/embed\/stiri\/actualitate\/politica\/pozele-cu-victor-ponta-date-jos-de-la-sediul-psd-reactia-lui-liviu-dragnea-451526\">\n<p data-index=\"1\">\u00a0<img decoding=\"async\" src=\"https:\/\/analyse.optim.biz\/wp-content\/uploads\/2024\/09\/cgcmdz04mdamagfzad1hzwu5mzvlzje2mjnhowi0ymfmyjuwmmiyoti3mzg1mw-thumb_.jpg\" data-skip-htmlfix=\"1\" title=\"cgcmdz04mdamagfzad1hzwu5mzvlzje2mjnhowi0ymfmyjuwmmiyoti3mzg1mw-thumb_\"><\/p>\n<p data-index=\"2\"><span><em>Foto: psd.ro<\/em><\/span><\/p>\n<p data-index=\"3\">La centrul de pres\u0103 al sediului central al PSD au fost schimbate fotografiile de pe pere\u021bi ale lui Victor Ponta, \u00een care ap\u0103rea \u00eentre jurnali\u0219ti sau membri de partid, cu ale lui Liviu Dragnea, recent ales la conducerea forma\u021biunii social-democrate.<\/p>\n<p data-index=\"4\">\u00centrebat de ce nu mai sunt pozele premierului, Liviu Dragnea a spus c\u0103 nu a \u0219tiut c\u0103 au fost schimbate fotografiile \u0219i c\u0103 va cere s\u0103 fie puse \u00eenapoi cele cu Victor Ponta, informeaz\u0103 <a href=\"http:\/\/www.agerpres.ro\/politica\/2015\/10\/26\/dragnea-o-sa-cer-sa-fie-puse-la-loc-pozele-cu-ponta-la-sediul-psd-16-28-39\" target=\"_blank\" data-skip-linkfix=\"1\" rel=\"noopener\"><strong>Agerpres.<\/strong><\/a><\/p>\n<p data-index=\"5\">\u201eNu pot s\u0103 cred! Nici nu am v\u0103zut. O s\u0103 cer s\u0103 le pun\u0103 la loc. Vorbesc foarte sincer! E prima dat\u0103 c\u00e2nd am cobor\u00e2t aici dup\u0103 Biroul Permanent de luni. S\u0103 le pun\u0103 la loc, pentru c\u0103 e vorba de istoria partidului. O s\u0103 pun\u0103 \u0219i poze cu domnul Iliescu \u0219i cu Oliviu Gherman\u201d, a men\u021bionat Dragnea \u00eentr-o conferin\u021b\u0103 de pres\u0103.<\/p>\n<\/div>\n<p> Source URL: https:\/\/www.digi24.ro\/stiri\/actualitate\/politica\/pozele-cu-victor-ponta-date-jos-de-la-sediul-psd-reactia-lui-liviu-dragnea-451526<\/p>\n","protected":false},"excerpt":{"rendered":"<p>\u00a0 Foto: psd.ro La centrul de pres\u0103 al sediului central al PSD au fost schimbate fotografiile de pe pere\u021bi ale lui Victor Ponta, \u00een care ap\u0103rea \u00eentre jurnali\u0219ti sau membri de partid, cu ale lui Liviu Dragnea, recent ales la conducerea forma\u021biunii social-democrate. \u00centrebat de ce nu mai sunt pozele premierului, Liviu Dragnea a spus [&hellip;]<\/p>\n","protected":false},"author":1,"featured_media":172827,"comment_status":"open","ping_status":"","sticky":false,"template":"","format":"standard","meta":{"footnotes":""},"categories":[2],"tags":[11],"class_list":["post-172826","post","type-post","status-publish","format-standard","has-post-thumbnail","hentry","category-politics","tag-digi24"],"_links":{"self":[{"href":"https:\/\/analyse.optim.biz\/index.php?rest_route=\/wp\/v2\/posts\/172826","targetHints":{"allow":["GET"]}}],"collection":[{"href":"https:\/\/analyse.optim.biz\/index.php?rest_route=\/wp\/v2\/posts"}],"about":[{"href":"https:\/\/analyse.optim.biz\/index.php?rest_route=\/wp\/v2\/types\/post"}],"author":[{"embeddable":true,"href":"https:\/\/analyse.optim.biz\/index.php?rest_route=\/wp\/v2\/users\/1"}],"replies":[{"embeddable":true,"href":"https:\/\/analyse.optim.biz\/index.php?rest_route=%2Fwp%2Fv2%2Fcomments&post=172826"}],"version-history":[{"count":0,"href":"https:\/\/analyse.optim.biz\/index.php?rest_route=\/wp\/v2\/posts\/172826\/revisions"}],"wp:featuredmedia":[{"embeddable":true,"href":"https:\/\/analyse.optim.biz\/index.php?rest_route=\/wp\/v2\/media\/172827"}],"wp:attachment":[{"href":"https:\/\/analyse.optim.biz\/index.php?rest_route=%2Fwp%2Fv2%2Fmedia&parent=172826"}],"wp:term":[{"taxonomy":"category","embeddable":true,"href":"https:\/\/analyse.optim.biz\/index.php?rest_route=%2Fwp%2Fv2%2Fcategories&post=172826"},{"taxonomy":"post_tag","embeddable":true,"href":"https:\/\/analyse.optim.biz\/index.php?rest_route=%2Fwp%2Fv2%2Ftags&post=172826"}],"curies":[{"name":"wp","href":"https:\/\/api.w.org\/{rel}","templated":true}]}}