{"id":172814,"date":"2015-10-26T17:07:09","date_gmt":"2015-10-26T14:07:09","guid":{"rendered":"https:\/\/analyse.optim.biz\/?p=172814"},"modified":"2015-10-26T17:07:09","modified_gmt":"2015-10-26T14:07:09","slug":"klaus-iohannis-l-am-sfatuit-pe-dl-oprea-sa-si-dea-demisia","status":"publish","type":"post","link":"https:\/\/analyse.optim.biz\/?p=172814","title":{"rendered":"Klaus Iohannis:\u00a0L-am sf\u0103tuit pe dl Oprea s\u0103-\u0219i dea demisia"},"content":{"rendered":"<div class=\"entry data-app-meta data-app-meta-article\" data-embed-base-url-canonical=\"https:\/\/www.digi24.ro\/embed\/stiri\/actualitate\/politica\/klaus-iohannis-l-am-sfatuit-pe-dl-oprea-sa-si-dea-demisia-451532\">\n<p data-index=\"1\">\u00a0<img decoding=\"async\" src=\"https:\/\/analyse.optim.biz\/wp-content\/uploads\/2024\/09\/yxnopwzjnta5m2njndllmmm1mzhkmzfjodu5njc5owfmmmy5-thumb_.jpg\" data-skip-htmlfix=\"1\" title=\"yxnopwzjnta5m2njndllmmm1mzhkmzfjodu5njc5owfmmmy5-thumb_\"><\/p>\n<p data-index=\"2\"><strong>Principalele declara\u021bii ale pre\u0219edintelui:<\/strong><\/p>\n<p data-index=\"3\">Ieri am participat la Bruxelles la o reuniune \u00eentr-un format mai pu\u021bin obi\u0219nuit, a c\u0103rei tem\u0103 a fost gestionarea fluxurilor migratorii c\u0103tre Europa de Vest.<\/p>\n<p data-index=\"4\">\u00cent\u00e2i, problematica a fost cum \u00eei sprijinim pe cei afla\u021bi \u00een nevoie de protec\u021bie interna\u021bional\u0103, cum le asigur\u0103m ad\u0103post.<\/p>\n<p data-index=\"5\">S-a discutat cum s\u0103 facem mai str\u00e2ns\u0103 cooperarea din regiune \u0219i cum s\u0103 facem schimbul de informa\u021bii mai eficient.<\/p>\n<p data-index=\"6\">\u00cen fine, tema care a fost reluat\u0103 de fiecare dat\u0103 \u2013 cum gestion\u0103m frontierele externe ale Uniunii Europene. S-a agreat sporirea capacit\u0103\u021bilor de recep\u021bie \u00een Grecia \u0219i \u00een \u021b\u0103rile aflate pe ruta migra\u021biei. Se va face cu ajutorul Comisarului ONU pentru Refugia\u021bi. Va putea fi activat \u0219i mecanismul de protec\u021bie civil\u0103 al UE.<\/p>\n<p data-index=\"7\">Rom\u00e2nia nu este nici \u021bar\u0103 de tranzit, nici destina\u021bie pentru refugia\u021bi. Am participat la reuniune pentru c\u0103 organizatorii au considerat c\u0103 a\u0219a e bine, c\u0103 Rom\u00e2nia e aproape de zona \u00een care exist\u0103 aflux de refugia\u021bi.<\/p>\n<p data-index=\"8\">Am propus un sprijin sporit pentru Grecia, pe de alt\u0103 parte, o mai bun\u0103 cooperare cu Turcia, dar \u0219i o mai bun\u0103 cooperare \u00eentre statele aflate pe ruta migra\u021biei.<\/p>\n<p data-index=\"9\">Cred c\u0103 pe tema migra\u021biei trebuie s\u0103 avem o abordare echilibrat\u0103 \u0219i responsabil\u0103, dar este nevoie de un plan care s\u0103 cuprind\u0103 toate aspectele acestei chestiuni.<\/p>\n<p data-index=\"10\">______________<\/p>\n<p data-index=\"11\">Av\u00e2nd \u00een vedere c\u0103 opinia public\u0103 este foarte preocupat\u0103 de accidentul \u00een care din nefericire a murit un poli\u021bist, am avut o interven\u021bie ieri \u0219i \u00een continuare, ast\u0103zi, l-am invitat pe vicepremierul Oprea la o discu\u021bie pentru c\u0103 am vrut s\u0103 primesc informa\u021bii suplimentare. Am avut o discu\u021bie \u00een cursul acestei seri. <strong>L-am sf\u0103tuit pe dl Oprea s\u0103-\u0219i dea demisia.<\/strong><\/p>\n<p data-index=\"12\"><strong><span>\u00centreb\u0103ri:<\/span><\/strong><\/p>\n<p data-index=\"13\"><strong><span>Dvs. personal \u0219ti\u021bi ce s-a \u00eent\u00e2mplat \u00een seara accidentului? V-a spus dl Oprea? A\u021bi solicitat institu\u021biilor abilitate un raport complet? Era o situa\u021bie de urgen\u021b\u0103?<\/span><\/strong><\/p>\n<p data-index=\"14\">Eu cunosc aspectele relatate chiar de dl Oprea, dar restul circumstan\u021belor nu trebuie solu\u021bionate de serviciile secrete, ci de procurori. Este o anchet\u0103 \u00een curs \u0219i a\u0219tept rezultatele anchetei.<\/p>\n<p data-index=\"15\"><strong><span>\u00cel crede\u021bi pe dl Oprea?<\/span><\/strong><\/p>\n<p data-index=\"16\">V\u0103 rog, alt\u0103 \u00eentrebare.<\/p>\n<p data-index=\"17\"><strong><span>Ce r\u0103spuns v-a dat dl Oprea? C\u00e2t de des folosea Gabriel Oprea coloana oficial\u0103 \u0219i dac\u0103 ave\u021bi informa\u021bii, al\u021bi oficiali din Guvern care abuzeaz\u0103 de acest lucru?<\/span><\/strong><\/p>\n<p data-index=\"18\">Nu am solicitat astfel de informa\u021bii, iar ce va face dl Oprea va decide \u0219i probabil va face \u0219i un anun\u021b public pe aceast\u0103 tem\u0103.<\/p>\n<p data-index=\"19\"><strong><span>De ce l-a\u021bi sf\u0103tuit s\u0103-\u0219i dea demisia?<\/span><\/strong><\/p>\n<p data-index=\"20\">Pentru proasta gestionare a crizei. Lumea are dreptul la informa\u021bii, la lu\u0103ri de pozi\u021bii publice din partea celor implica\u021bi. Dup\u0103 p\u0103rerea mea, \u00eentreaga comunicare pe acest subiect a fost catastrofal\u0103. Nu m-am referit la partea penal\u0103, care \u021bine de procurori.<\/p>\n<p data-index=\"21\"><strong><span>I-a\u021bi dat un termen?<\/span><\/strong><\/p>\n<p data-index=\"22\">Nu.<\/p>\n<p data-index=\"23\"><strong><span>Despre rela\u021bia cu premierul. Ce propune\u021bi ca imaginea Rom\u00e2niei s\u0103 nu aib\u0103 de suferit?<\/span><\/strong><\/p>\n<p data-index=\"24\">Eu \u00eemi fac treaba. Dl Ponta este foarte belicos \u00een ultima vreme \u0219i impresia mea este c\u0103 prin aceast\u0103 atitudine crede c\u0103 oamenii uit\u0103 c\u0103 este judecat penal pentru fals \u00een \u00eenscrisuri, complicitate la evaziune fiscal\u0103 \u0219i sp\u0103lare de bani.<\/p>\n<p data-index=\"25\"><strong><span>Despre fotografia lui Dan Mihalache.<\/span><\/strong><\/p>\n<p data-index=\"26\">Pur \u00eent\u00e2mpl\u0103tor, eu sunt parte la toate aceste \u00eent\u00e2lniri \u0219i pot s\u0103 v\u0103 spun c\u0103 la nicio \u00eent\u00e2lnire nu am constatat o astfel de pozi\u021bie. Dac\u0103 \u00eentre \u00eent\u00e2lniri omul este \u00een pauz\u0103, este inadecvat s\u0103 fie fotografiat \u0219i s\u0103 se cread\u0103 c\u0103 doarme \u00een \u00eent\u00e2lniri oficiale. Este o \u00eencercare de denigrare.<\/p>\n<p data-index=\"27\"><strong><span>Dac\u0103 Gabriel Oprea nu demisioneaz\u0103?<\/span><\/strong><\/p>\n<p data-index=\"28\">Eu dau sfaturi, dar demisia este un act unilateral. Nu discut\u0103m despre ce va fi dup\u0103, ci despre ziua de ast\u0103zi.<\/p>\n<p data-index=\"29\"><strong><span>A\u021bi vorbit cu Ponta?<\/span><\/strong><\/p>\n<p data-index=\"30\">Am vorbit la telefon \u0219i l-am invitat m\u00e2ine la o discu\u021bie.<\/p>\n<p data-index=\"31\"><strong><span>Despre ordonan\u021ba privind protec\u021bia SPP pentru pre\u0219edin\u021bii de partide.<\/span><\/strong><\/p>\n<p data-index=\"32\">Am avizat acest proiect. Mi s-a p\u0103rut o idee bun\u0103. Ini\u021biator este SPP.<\/p>\n<p data-index=\"33\"><strong><span>Comunicarea cu celelalte entit\u0103\u021bi ale statului?<\/span><\/strong><\/p>\n<p data-index=\"34\">Comunicarea institu\u021bional\u0103 func\u021bioneaz\u0103, chiar dac\u0103 unii, din c\u00e2nd \u00een c\u00e2nd, confund\u0103 sediul propriu cu locuri precum gara, unde se folose\u0219te \u0219i un limbaj colocvial.<\/p>\n<p data-index=\"35\"><strong><span>E adev\u0103rat c\u0103-l chema\u021bi des pe Oprea la cafea?<\/span><\/strong><\/p>\n<p data-index=\"36\">Nu am b\u0103ut cafea cu d\u00e2nsul. C\u00e2nd m-am \u00eent\u00e2lnit cu vicepremierul am discutat chestiuni de siguran\u021b\u0103 na\u021bional\u0103.<\/p>\n<p data-index=\"37\"><strong><span>Despre clasarea dosarului Revolu\u021biei.<\/span><\/strong><\/p>\n<p data-index=\"38\">Am luat act. C\u0103ile prev\u0103zute de lege pentru a contesta o astfel de rezolu\u021bie sunt foarte clare. Cred c\u0103 trebuie mers pe calea contest\u0103rii, prev\u0103zut\u0103 de lege.<\/p>\n<p data-index=\"39\"><strong><span>Premierul spunea c\u0103 i-a\u021bi cerut lui Oprea s\u0103 rup\u0103 coali\u021bia \u0219i c\u0103-l ve\u021bi numi premier.<\/span><\/strong><\/p>\n<p data-index=\"40\">M\u0103 \u00eentreba\u021bi despre zvonuri?<\/p>\n<p data-index=\"41\"><strong>I-a\u021bi cerut?<\/strong><\/p>\n<p data-index=\"42\">Nu.<\/p>\n<p data-index=\"43\"><strong><span>Dac\u0103 v-a\u021bi fi aflat \u00een situa\u021bia vicepremierului Oprea a\u021bi fi demisionat?<\/span><\/strong><\/p>\n<p data-index=\"44\">Sper s\u0103 nu m\u0103 aflu \u00eentr-o astfel de situa\u021bie.<\/p>\n<p data-index=\"45\"><strong><span>Dar \u00eentr-o astfel de situa\u021bie, decizia pe care a\u021bi fi luat-o ar fi fost demisia&#8230; <\/span><\/strong><\/p>\n<p data-index=\"46\">Nu cred c\u0103 exist\u0103 dou\u0103 situa\u021bii de criz\u0103 identice. R\u0103spunsul trebuie s\u0103 fie adecvat situa\u021biei. P\u00e2n\u0103 acum cred c\u0103 am avut r\u0103spunsuri adecvate situa\u021biilor \u00een care m-am aflat. A\u0219a o s\u0103 ac\u021bionez \u0219i \u00een continuare.<\/p>\n<p data-index=\"47\"><strong><span>Cum vede\u021bi rela\u021bia cu Guvernul Rom\u00e2niei, cu un premier c\u0103ruia i-a\u021bi cerut demisia \u0219i unui vicepremier c\u0103ruia i-a\u021bi cerut demisia?<\/span><\/strong><\/p>\n<p data-index=\"48\">Institu\u021bional complex\u0103.<\/p>\n<hr>\n<p data-index=\"49\">\u201ePre\u015fedintele Rom\u00e2niei, domnul Klaus Iohannis, va sus\u0163ine luni, 26 octombrie a.c., ora 19.00, o conferin\u0163\u0103 de pres\u0103 la Palatul Cotroceni\u201d, a anun\u0163at <a href=\"http:\/\/www.presidency.ro\/?_RID=det&amp;tb=date&amp;id=16058&amp;_PRID=lazi\" target=\"_blank\" data-skip-linkfix=\"1\" rel=\"noopener\"><strong>Administra\u0163ia Preziden\u0163ial\u0103<\/strong><\/a>.<\/p>\n<p data-index=\"50\">Declara\u0163iile vor fi transmise LIVE de Digi24 \u015fi vor putea fi urm\u0103rite pe digi24.ro.<\/p>\n<\/div>\n<p> Source URL: https:\/\/www.digi24.ro\/stiri\/actualitate\/politica\/klaus-iohannis-l-am-sfatuit-pe-dl-oprea-sa-si-dea-demisia-451532<\/p>\n","protected":false},"excerpt":{"rendered":"<p>\u00a0 Principalele declara\u021bii ale pre\u0219edintelui: Ieri am participat la Bruxelles la o reuniune \u00eentr-un format mai pu\u021bin obi\u0219nuit, a c\u0103rei tem\u0103 a fost gestionarea fluxurilor migratorii c\u0103tre Europa de Vest. \u00cent\u00e2i, problematica a fost cum \u00eei sprijinim pe cei afla\u021bi \u00een nevoie de protec\u021bie interna\u021bional\u0103, cum le asigur\u0103m ad\u0103post. S-a discutat cum s\u0103 facem mai [&hellip;]<\/p>\n","protected":false},"author":1,"featured_media":172815,"comment_status":"open","ping_status":"","sticky":false,"template":"","format":"standard","meta":{"footnotes":""},"categories":[2],"tags":[11],"class_list":["post-172814","post","type-post","status-publish","format-standard","has-post-thumbnail","hentry","category-politics","tag-digi24"],"_links":{"self":[{"href":"https:\/\/analyse.optim.biz\/index.php?rest_route=\/wp\/v2\/posts\/172814","targetHints":{"allow":["GET"]}}],"collection":[{"href":"https:\/\/analyse.optim.biz\/index.php?rest_route=\/wp\/v2\/posts"}],"about":[{"href":"https:\/\/analyse.optim.biz\/index.php?rest_route=\/wp\/v2\/types\/post"}],"author":[{"embeddable":true,"href":"https:\/\/analyse.optim.biz\/index.php?rest_route=\/wp\/v2\/users\/1"}],"replies":[{"embeddable":true,"href":"https:\/\/analyse.optim.biz\/index.php?rest_route=%2Fwp%2Fv2%2Fcomments&post=172814"}],"version-history":[{"count":0,"href":"https:\/\/analyse.optim.biz\/index.php?rest_route=\/wp\/v2\/posts\/172814\/revisions"}],"wp:featuredmedia":[{"embeddable":true,"href":"https:\/\/analyse.optim.biz\/index.php?rest_route=\/wp\/v2\/media\/172815"}],"wp:attachment":[{"href":"https:\/\/analyse.optim.biz\/index.php?rest_route=%2Fwp%2Fv2%2Fmedia&parent=172814"}],"wp:term":[{"taxonomy":"category","embeddable":true,"href":"https:\/\/analyse.optim.biz\/index.php?rest_route=%2Fwp%2Fv2%2Fcategories&post=172814"},{"taxonomy":"post_tag","embeddable":true,"href":"https:\/\/analyse.optim.biz\/index.php?rest_route=%2Fwp%2Fv2%2Ftags&post=172814"}],"curies":[{"name":"wp","href":"https:\/\/api.w.org\/{rel}","templated":true}]}}