{"id":172781,"date":"2015-10-26T18:45:44","date_gmt":"2015-10-26T15:45:44","guid":{"rendered":"https:\/\/analyse.optim.biz\/?p=172781"},"modified":"2015-10-26T18:45:44","modified_gmt":"2015-10-26T15:45:44","slug":"sebastian-ghita-deputatul-cu-cele-mai-multe-absente","status":"publish","type":"post","link":"https:\/\/analyse.optim.biz\/?p=172781","title":{"rendered":"Sebastian Ghi\u0163\u0103, deputatul cu cele mai multe absen\u0163e"},"content":{"rendered":"<div class=\"entry data-app-meta data-app-meta-article\" data-embed-base-url-canonical=\"https:\/\/www.digi24.ro\/embed\/stiri\/actualitate\/politica\/sebastian-ghita-deputatul-cu-cele-mai-multe-absente-451577\">\n<p data-index=\"1\">Doar \u00een lunile mai \u015fi iunie a lipsit de la 20 de \u0219edin\u021be, a\u015fa c\u0103 va r\u0103m\u00e2ne f\u0103r\u0103 unu la sut\u0103 din indemniza\u0163ie pentru fiecare absen\u0163\u0103.<\/p>\n<p data-index=\"2\">Aceea\u015fi sanc\u0163iune se va aplica \u015fi pentru al\u0163i 21 de deputa\u0163i care nu au putut s\u0103-\u015fi motiveze absen\u0163ele.<\/p>\n<p data-index=\"3\">Topul este completat de deputa\u0163ii Eduard Martin, cu opt absen\u0163e, \u015fi Valeriu Steriu, cu cinci absen\u0163e.<\/p>\n<p data-index=\"4\">Amenda a fost decis\u0103 de \u015fefii Camerei Deputa\u0163ilor. Sanc\u0163iunea vine dup\u0103 patru luni, pentru c\u0103 partidele au \u00eent\u00e2rziat cu motivarea absen\u0163elor pentru parlamentarii lor.<\/p>\n<\/div>\n<p> Source URL: https:\/\/www.digi24.ro\/stiri\/actualitate\/politica\/sebastian-ghita-deputatul-cu-cele-mai-multe-absente-451577<\/p>\n","protected":false},"excerpt":{"rendered":"<p>Doar \u00een lunile mai \u015fi iunie a lipsit de la 20 de \u0219edin\u021be, a\u015fa c\u0103 va r\u0103m\u00e2ne f\u0103r\u0103 unu la sut\u0103 din indemniza\u0163ie pentru fiecare absen\u0163\u0103. Aceea\u015fi sanc\u0163iune se va aplica \u015fi pentru al\u0163i 21 de deputa\u0163i care nu au putut s\u0103-\u015fi motiveze absen\u0163ele. Topul este completat de deputa\u0163ii Eduard Martin, cu opt absen\u0163e, \u015fi [&hellip;]<\/p>\n","protected":false},"author":1,"featured_media":172782,"comment_status":"open","ping_status":"","sticky":false,"template":"","format":"standard","meta":{"footnotes":""},"categories":[2],"tags":[11],"class_list":["post-172781","post","type-post","status-publish","format-standard","has-post-thumbnail","hentry","category-politics","tag-digi24"],"_links":{"self":[{"href":"https:\/\/analyse.optim.biz\/index.php?rest_route=\/wp\/v2\/posts\/172781","targetHints":{"allow":["GET"]}}],"collection":[{"href":"https:\/\/analyse.optim.biz\/index.php?rest_route=\/wp\/v2\/posts"}],"about":[{"href":"https:\/\/analyse.optim.biz\/index.php?rest_route=\/wp\/v2\/types\/post"}],"author":[{"embeddable":true,"href":"https:\/\/analyse.optim.biz\/index.php?rest_route=\/wp\/v2\/users\/1"}],"replies":[{"embeddable":true,"href":"https:\/\/analyse.optim.biz\/index.php?rest_route=%2Fwp%2Fv2%2Fcomments&post=172781"}],"version-history":[{"count":0,"href":"https:\/\/analyse.optim.biz\/index.php?rest_route=\/wp\/v2\/posts\/172781\/revisions"}],"wp:featuredmedia":[{"embeddable":true,"href":"https:\/\/analyse.optim.biz\/index.php?rest_route=\/wp\/v2\/media\/172782"}],"wp:attachment":[{"href":"https:\/\/analyse.optim.biz\/index.php?rest_route=%2Fwp%2Fv2%2Fmedia&parent=172781"}],"wp:term":[{"taxonomy":"category","embeddable":true,"href":"https:\/\/analyse.optim.biz\/index.php?rest_route=%2Fwp%2Fv2%2Fcategories&post=172781"},{"taxonomy":"post_tag","embeddable":true,"href":"https:\/\/analyse.optim.biz\/index.php?rest_route=%2Fwp%2Fv2%2Ftags&post=172781"}],"curies":[{"name":"wp","href":"https:\/\/api.w.org\/{rel}","templated":true}]}}