{"id":172694,"date":"2015-10-28T09:32:32","date_gmt":"2015-10-28T06:32:32","guid":{"rendered":"https:\/\/analyse.optim.biz\/?p=172694"},"modified":"2015-10-28T09:32:32","modified_gmt":"2015-10-28T06:32:32","slug":"votul-prin-corespondenta-adoptat-liviu-dragnea-se-va-aplica-si-pentru-prezidentiale","status":"publish","type":"post","link":"https:\/\/analyse.optim.biz\/?p=172694","title":{"rendered":"Votul prin coresponden\u0163\u0103, adoptat. Liviu Dragnea: Se va aplica \u015fi pentru preziden\u0163iale"},"content":{"rendered":"<div class=\"entry data-app-meta data-app-meta-article\" data-embed-base-url-canonical=\"https:\/\/www.digi24.ro\/embed\/stiri\/actualitate\/politica\/votul-prin-corespondenta-adoptat-liviu-dragnea-se-va-aplica-si-pentru-prezidentiale-452055\">\n<p data-index=\"1\"><strong><img decoding=\"async\" src=\"https:\/\/analyse.optim.biz\/wp-content\/uploads\/2024\/09\/jmhhc2g9zmu2zmu1y2e5mzkxmdczotkzn2zmmzhjngiymgexmwu-thumb_.jpg\" data-skip-htmlfix=\"1\" title=\"jmhhc2g9zmu2zmu1y2e5mzkxmdczotkzn2zmmzhjngiymgexmwu-thumb_\"><\/strong><\/p>\n<p data-index=\"2\"><strong><br \/><\/strong><\/p>\n<p data-index=\"3\"><strong>ACTUALIZARE 16.20. UDMR \u00eencearc\u0103 s\u0103 ob\u0163in\u0103 semn\u0103turi pentru a putea ataca proiectul la Curtea Constitu\u0163ional\u0103.<\/strong><\/p>\n<p data-index=\"4\"><strong>ACTUALIZARE 15.05. Proiectul votului prin coresponden\u0163\u0103 a fost adoptat.<\/strong><\/p>\n<p data-index=\"5\"><strong>257 deputa\u0163i au votat &#8220;pentru&#8221;, iar 30 &#8220;\u00eempotriv\u0103&#8221;.<\/strong><\/p>\n<p data-index=\"6\"><strong>ACTUALIZARE 13.50.<\/strong> Parlamentarii UDMR au p\u0103r\u0103sit sala, nemul\u0163umi\u0163i c\u0103 amendamentele lor nu au fost acceptate de deputa\u0163i. Erau nemul\u0163umi\u0163i \u00eenc\u0103 din comisia de cod electoral. Au cerut ca votul prin coresponden\u0163\u0103 s\u0103 fie aplicabil pentru toate alegerile, nu \u00een forma care urmeaz\u0103 s\u0103 treac\u0103 acum de vot, doar pentru parlamentare.<\/p>\n<p data-index=\"7\">Parlamentarii UDMR au cerut \u015fi un timp mai lung pentru a dezbate proiectul.<\/p>\n<hr>\n<p data-index=\"8\"><strong><br \/><\/strong><\/p>\n<p data-index=\"9\"><strong>ACTUALIZARE 13.10. \u201e<\/strong>Le-am cerut tuturor social-democra\u0163ilor s\u0103 vin\u0103 \u00een plen pentru votul prin coresponden\u0163\u0103.<\/p>\n<p data-index=\"10\">Nu \u015ftiu dac\u0103 acest proiect rezolv\u0103 toate problemele, probabil vor r\u0103m\u00e2ne probleme legate de siguran\u0163a votului, dar obiectivul principal \u2013 s\u0103 se asigure condi\u0163ii de vot pentru rom\u00e2nii din str\u0103in\u0103tate egale cu cele ale rom\u00e2nilor din \u0163ar\u0103 &#8211; a fost \u00eendeplinit.<\/p>\n<p data-index=\"11\">Vor fi stabilite prevederi \u015fi pentru alegerile preziden\u0163iale pentru a se exercita votul prin coresponden\u0163\u0103, dar neav\u00e2nd alegeri m\u00e2ine pentru pre\u015fedinte, e nevoie de o perioad\u0103 mult mai lung\u0103 pentru a g\u0103si cele mai bune forme de procedur\u0103, pentru c\u0103 sunt dou\u0103 scrutine. Sub nicio form\u0103 nu e adev\u0103rat zvonul lansat c\u0103 nu se va vota prin coresponden\u0163\u0103 \u015fi la preziden\u0163iale. Imediat, nu \u015ftiu dac\u0103 \u00een sesiunea asta sau \u00een urm\u0103toarea, va fi elaborat \u015fi adoptat \u015fi acest proiect de lege\u201d, <strong>a declarat liderul PSD, Liviu Dragnea.<\/strong><\/p>\n<hr>\n<p data-index=\"12\">Comisia parlamentar\u0103 pentru cod electoral a adoptat, ieri, raport de admitere pentru acest act normativ.<\/p>\n<p data-index=\"13\">Totodat\u0103, comisia a decis c\u0103 votul prin coresponden\u021b\u0103 va fi aplicat doar la alegerile parlamentare, nu \u0219i la cele preziden\u021biale \u0219i europarlamentare, a\u0219a cum era prev\u0103zut \u00een proiectul ini\u021bial adoptat de Senat.<\/p>\n<p data-index=\"14\">Pre\u0219edintele comisiei, Gabriel Vlase, a spus c\u0103 proiectul de lege privind votul prin coresponden\u021b\u0103 va fi unul pilot, iar votul prin coresponden\u021b\u0103 se va aplica deocamdat\u0103 doar la alegerile pentru Camera Deputa\u021bilor \u0219i Senat, urm\u00e2nd ca, \u201e\u00een func\u021bie de ce se \u00eent\u00e2mpl\u0103 \u00een toamna anului viitor, c\u00e2nd vor fi alegeri parlamentare\u201d, s\u0103 se aplice acest vot \u0219i pentru alte tipuri de alegeri.<\/p>\n<p data-index=\"15\">Agerpres noteaz\u0103 c\u0103 un alt amendament propus de PSD \u0219i adoptat mar\u021bi de comisie prevede c\u0103 divulgarea secretului votului poate intra sub sanc\u021biunea legii penale, la fel \u0219i exercitarea votului \u00een numele altei persoane.<\/p>\n<p data-index=\"16\">Parlamentarii din Comisia pentru cod electoral au eliminat din proiectul de lege prevederea potrivit c\u0103reia cet\u0103\u021benii rom\u00e2ni cu domiciliul \u00een str\u0103in\u0103tate care doresc s\u0103 voteze prin coresponden\u021b\u0103 se puteau \u00eenscrie \u00een Registrul electoral online.<\/p>\n<p data-index=\"17\">Comisia a mai decis c\u0103 \u201ecet\u0103\u021benii rom\u00e2ni cu domiciliul \u00een str\u0103in\u0103tate care doresc s\u0103 se \u00eenregistreze pentru votul prin coresponden\u021b\u0103 trebuie s\u0103 se \u00eenscrie \u00een Registrul electoral, cu op\u021biunea pentru votul prin coresponden\u021b\u0103 \u00een baza unei cereri scrise datate \u0219i semnate, depuse personal sau transmise prin po\u0219t\u0103 c\u0103tre misiunea diplomatic\u0103 sau oficiul consular din statul de domiciliu sau re\u0219edin\u021b\u0103, la care anexeaz\u0103 o copie a pa\u0219aportului cu men\u021biunea statului de domiciliu, respectiv o copie a actului de identitate\u201d.<\/p>\n<\/div>\n<p> Source URL: https:\/\/www.digi24.ro\/stiri\/actualitate\/politica\/votul-prin-corespondenta-adoptat-liviu-dragnea-se-va-aplica-si-pentru-prezidentiale-452055<\/p>\n","protected":false},"excerpt":{"rendered":"<p>ACTUALIZARE 16.20. UDMR \u00eencearc\u0103 s\u0103 ob\u0163in\u0103 semn\u0103turi pentru a putea ataca proiectul la Curtea Constitu\u0163ional\u0103. ACTUALIZARE 15.05. Proiectul votului prin coresponden\u0163\u0103 a fost adoptat. 257 deputa\u0163i au votat &#8220;pentru&#8221;, iar 30 &#8220;\u00eempotriv\u0103&#8221;. ACTUALIZARE 13.50. Parlamentarii UDMR au p\u0103r\u0103sit sala, nemul\u0163umi\u0163i c\u0103 amendamentele lor nu au fost acceptate de deputa\u0163i. Erau nemul\u0163umi\u0163i \u00eenc\u0103 din comisia de [&hellip;]<\/p>\n","protected":false},"author":1,"featured_media":172695,"comment_status":"open","ping_status":"","sticky":false,"template":"","format":"standard","meta":{"footnotes":""},"categories":[2],"tags":[11],"class_list":["post-172694","post","type-post","status-publish","format-standard","has-post-thumbnail","hentry","category-politics","tag-digi24"],"_links":{"self":[{"href":"https:\/\/analyse.optim.biz\/index.php?rest_route=\/wp\/v2\/posts\/172694","targetHints":{"allow":["GET"]}}],"collection":[{"href":"https:\/\/analyse.optim.biz\/index.php?rest_route=\/wp\/v2\/posts"}],"about":[{"href":"https:\/\/analyse.optim.biz\/index.php?rest_route=\/wp\/v2\/types\/post"}],"author":[{"embeddable":true,"href":"https:\/\/analyse.optim.biz\/index.php?rest_route=\/wp\/v2\/users\/1"}],"replies":[{"embeddable":true,"href":"https:\/\/analyse.optim.biz\/index.php?rest_route=%2Fwp%2Fv2%2Fcomments&post=172694"}],"version-history":[{"count":0,"href":"https:\/\/analyse.optim.biz\/index.php?rest_route=\/wp\/v2\/posts\/172694\/revisions"}],"wp:featuredmedia":[{"embeddable":true,"href":"https:\/\/analyse.optim.biz\/index.php?rest_route=\/wp\/v2\/media\/172695"}],"wp:attachment":[{"href":"https:\/\/analyse.optim.biz\/index.php?rest_route=%2Fwp%2Fv2%2Fmedia&parent=172694"}],"wp:term":[{"taxonomy":"category","embeddable":true,"href":"https:\/\/analyse.optim.biz\/index.php?rest_route=%2Fwp%2Fv2%2Fcategories&post=172694"},{"taxonomy":"post_tag","embeddable":true,"href":"https:\/\/analyse.optim.biz\/index.php?rest_route=%2Fwp%2Fv2%2Ftags&post=172694"}],"curies":[{"name":"wp","href":"https:\/\/api.w.org\/{rel}","templated":true}]}}