{"id":172691,"date":"2015-10-28T10:32:00","date_gmt":"2015-10-28T07:32:00","guid":{"rendered":"https:\/\/analyse.optim.biz\/?p=172691"},"modified":"2015-10-28T10:32:00","modified_gmt":"2015-10-28T07:32:00","slug":"victor-ponta-in-vizita-oficiala-in-mexic","status":"publish","type":"post","link":"https:\/\/analyse.optim.biz\/?p=172691","title":{"rendered":"Victor Ponta, \u00een vizit\u0103 oficial\u0103 \u00een Mexic"},"content":{"rendered":"<div class=\"entry data-app-meta data-app-meta-article\" data-embed-base-url-canonical=\"https:\/\/www.digi24.ro\/embed\/stiri\/actualitate\/politica\/victor-ponta-in-vizita-oficiala-in-mexic-452075\">\n<p data-index=\"1\"><img decoding=\"async\" src=\"https:\/\/analyse.optim.biz\/wp-content\/uploads\/2024\/09\/zyz3ptgwmczoyxnoptbjzmq2oduwndczotjknmu5yzu4mtm0njcxymu5mji0-thumb_.jpg\" data-skip-htmlfix=\"1\" title=\"zyz3ptgwmczoyxnoptbjzmq2oduwndczotjknmu5yzu4mtm0njcxymu5mji0-thumb_\"><\/p>\n<p data-index=\"2\"><em>Foto: gov.ro<\/em><\/p>\n<p data-index=\"3\">\u201e<span>\u00cen perioada 28-29 octombrie a.c., Primul-Ministru, domnul Victor Ponta, va participa, \u00een Mexic, la Summit-ul Global pentru o Guvernare Deschis\u0103, ca r\u0103spuns la invita\u021bia adresat\u0103 de pre\u0219edintele Statelor Unite Mexicane, domnul Enrique Pe\u00f1a Nieto. Primul-Ministru rom\u00e2n va participa la deschiderea lucr\u0103rilor Summit-ului, al\u0103turi de pre\u0219edintele mexican.<\/span><\/p>\n<p data-index=\"4\">Vizita are loc \u00een contextul anivers\u0103rii a 80 de ani de la stabilirea rela\u021biilor diplomatice dintre Rom\u00e2nia \u0219i Mexic \u0219i reprezint\u0103 prima vizit\u0103 a unui prim-ministru rom\u00e2n \u00een Mexic, \u00een ultimii 25 de ani\u201d, se precizeaz\u0103 pe site-ul Guvernului.<\/p>\n<p data-index=\"5\">\u201e\u00cen cadrul vizitei, va avea loc o \u00eentrevedere bilateral\u0103 a oficialului rom\u00e2n cu pre\u0219edintele Statelor Unite Mexicane, care este \u00een acela\u0219i timp \u0219i \u0219eful executivului mexican. Agenda de discu\u021bii va aborda cooperarea politic\u0103 \u0219i economic\u0103, cooperarea \u00een domeniul cultural \u0219i al educa\u021biei, marcarea anivers\u0103rii a 80 de ani de rela\u021bii diplomatice, precum \u0219i perspectivele actualiz\u0103rii Acordului Uniunea European\u0103-Mexic\u201d, se mai arat\u0103 \u00een comunicat.<\/p>\n<p data-index=\"6\">Programul vizitei va mai cuprinde \u00eent\u00e2lniri cu Ildefonso Guajardo Villarreal, ministrul economiei \u0219i cu reprezentan\u021bi ai Agen\u021biei Guvernamentale \u201cPro MEXICO\u201d. Totodat\u0103, vor avea loc discu\u021bii cu conducerea \u0219i reprezentan\u021bii Consiliului Antreprenorial Mexican pentru Comer\u021b Exterior, Investi\u021bii \u0219i Tehnologie (COMCE), precum \u0219i cu oameni de afaceri mexicani.<\/p>\n<p data-index=\"7\">Open Government Partnership (OGP) \u2013 Parteneriatul pentru o Guvernare Deschis\u0103 &#8211; este o ini\u021biativ\u0103 multilateral\u0103 lansat\u0103 la 20 septembrie 2011, \u00een marja Adun\u0103rii Generale ONU, de Statele Unite \u0219i alte 7 state (Marea Britanie, Brazilia, Indonezia, Mexic, Norvegia, Filipine, Africa de Sud) ce urm\u0103re\u0219te cre\u0219terea transparen\u021bei guvernamentale, folosirea noilor tehnologii \u0219i a datelor deschise pentru implicarea cet\u0103\u021benilor \u00een luarea deciziilor.<\/p>\n<\/div>\n<p> Source URL: https:\/\/www.digi24.ro\/stiri\/actualitate\/politica\/victor-ponta-in-vizita-oficiala-in-mexic-452075<\/p>\n","protected":false},"excerpt":{"rendered":"<p>Foto: gov.ro \u201e\u00cen perioada 28-29 octombrie a.c., Primul-Ministru, domnul Victor Ponta, va participa, \u00een Mexic, la Summit-ul Global pentru o Guvernare Deschis\u0103, ca r\u0103spuns la invita\u021bia adresat\u0103 de pre\u0219edintele Statelor Unite Mexicane, domnul Enrique Pe\u00f1a Nieto. Primul-Ministru rom\u00e2n va participa la deschiderea lucr\u0103rilor Summit-ului, al\u0103turi de pre\u0219edintele mexican. Vizita are loc \u00een contextul anivers\u0103rii a [&hellip;]<\/p>\n","protected":false},"author":1,"featured_media":172692,"comment_status":"open","ping_status":"","sticky":false,"template":"","format":"standard","meta":{"footnotes":""},"categories":[2],"tags":[11],"class_list":["post-172691","post","type-post","status-publish","format-standard","has-post-thumbnail","hentry","category-politics","tag-digi24"],"_links":{"self":[{"href":"https:\/\/analyse.optim.biz\/index.php?rest_route=\/wp\/v2\/posts\/172691","targetHints":{"allow":["GET"]}}],"collection":[{"href":"https:\/\/analyse.optim.biz\/index.php?rest_route=\/wp\/v2\/posts"}],"about":[{"href":"https:\/\/analyse.optim.biz\/index.php?rest_route=\/wp\/v2\/types\/post"}],"author":[{"embeddable":true,"href":"https:\/\/analyse.optim.biz\/index.php?rest_route=\/wp\/v2\/users\/1"}],"replies":[{"embeddable":true,"href":"https:\/\/analyse.optim.biz\/index.php?rest_route=%2Fwp%2Fv2%2Fcomments&post=172691"}],"version-history":[{"count":0,"href":"https:\/\/analyse.optim.biz\/index.php?rest_route=\/wp\/v2\/posts\/172691\/revisions"}],"wp:featuredmedia":[{"embeddable":true,"href":"https:\/\/analyse.optim.biz\/index.php?rest_route=\/wp\/v2\/media\/172692"}],"wp:attachment":[{"href":"https:\/\/analyse.optim.biz\/index.php?rest_route=%2Fwp%2Fv2%2Fmedia&parent=172691"}],"wp:term":[{"taxonomy":"category","embeddable":true,"href":"https:\/\/analyse.optim.biz\/index.php?rest_route=%2Fwp%2Fv2%2Fcategories&post=172691"},{"taxonomy":"post_tag","embeddable":true,"href":"https:\/\/analyse.optim.biz\/index.php?rest_route=%2Fwp%2Fv2%2Ftags&post=172691"}],"curies":[{"name":"wp","href":"https:\/\/api.w.org\/{rel}","templated":true}]}}