{"id":172479,"date":"2015-11-02T14:26:38","date_gmt":"2015-11-02T11:26:38","guid":{"rendered":"https:\/\/analyse.optim.biz\/?p=172479"},"modified":"2015-11-02T14:26:38","modified_gmt":"2015-11-02T11:26:38","slug":"pnl-a-retras-motiunea-simpla-depusa-impotriva-vicepremierului-gabriel-oprea","status":"publish","type":"post","link":"https:\/\/analyse.optim.biz\/?p=172479","title":{"rendered":"PNL a retras mo\u021biunea simpl\u0103 depus\u0103 \u00eempotriva vicepremierului Gabriel Oprea"},"content":{"rendered":"<div class=\"entry data-app-meta data-app-meta-article\" data-embed-base-url-canonical=\"https:\/\/www.digi24.ro\/embed\/stiri\/actualitate\/politica\/pnl-a-retras-motiunea-simpla-depusa-impotriva-vicepremierului-gabriel-oprea-453632\">\n<p data-index=\"1\">\u00a0<img decoding=\"async\" src=\"https:\/\/analyse.optim.biz\/wp-content\/uploads\/2024\/09\/mdamagfzad05zdiwzgizmtdjywu2m2i4ytawotzinjy2mjnjntvjnq-thumb_.jpg\" data-skip-htmlfix=\"1\" title=\"mdamagfzad05zdiwzgizmtdjywu2m2i4ytawotzinjy2mjnjntvjnq-thumb_\"><\/p>\n<p data-index=\"2\">\u201e<strong>\u021ain\u00e2nd cont de situa\u021bia actual\u0103 legat\u0103 de tragicul eveniment petrecut vineri noaptea \u0219i pentru c\u0103 nu este un moment \u00een care s\u0103 facem o dezbatere pe un subiect de politic\u0103, am decis \u00een numele semnatarilor mo\u021biunii simple s\u0103 o retrag de pe ordinea de zi. Regulamentar nu exist\u0103 procedura am\u00e2n\u0103rii. Ea trebuia dezb\u0103tut\u0103 \u0219i votat\u0103 \u00eentr-un termen de maxim 6 zile de la depunere \u0219i singura procedur\u0103 regulamentar\u0103 era cea a retragerii, urm\u00e2nd ca dup\u0103 ce lucrurile vor evolua pe un f\u0103ga\u0219 normal s\u0103 redepunem mo\u021biunea simpl\u0103 care-l vizeaz\u0103 pe acela\u0219i membru al Guvernului<\/strong>\u201d, a afirmat Ion Popa dup\u0103 \u0219edin\u021ba Biroului permanent al Senatului.<\/p>\n<p data-index=\"3\">Pe ordinea de zi a Biroului permanent s-a aflat o solicitare a PNL de am\u00e2nare a dezbaterii acestei mo\u021biuni.<\/p>\n<p data-index=\"4\">\u201e<strong>Grupul PNL \u00ee\u0219i exprim\u0103 solidaritatea fa\u021b\u0103 de familiile victimelor \u0219i fa\u021b\u0103 de to\u021bi cei afecta\u021bi de tragedia care a cutremurat Rom\u00e2nia \u00een seara zilei de vineri, 30 octombrie, c\u00e2nd zeci de persoane \u0219i-au pierdut via\u021ba \u0219i peste 140 au fost r\u0103nite \u00een urma unui incendiu din centrul Capitalei. \u021ain\u00e2nd seama de faptul c\u0103 au fost decretate trei zile de doliul na\u021bional \u0219i din respect fa\u021ba de to\u021bi cei care \u0219i-au pierdut via\u021ba \u00een acest teribil accident, consider\u0103m c\u0103 nu este momentul oportun pentru dezbaterea unei mo\u021biuni simple.<\/strong><\/p>\n<p data-index=\"5\"><strong>\u00cen consecin\u021b\u0103, \u00een numele ini\u021biatorilor mo\u021biunii simple &#8220;Gabriel Oprea, demis pentru sfidare, arogan\u021b\u0103, abuz \u0219i dispre\u021b \u00een exercitarea func\u021biei publice&#8221;, fac apel la solidaritate \u00eentre for\u021bele politice \u0219i v\u0103 rog s\u0103 fi\u021bi de acord cu am\u00e2narea dezbaterii acesteia<\/strong>\u201d, se arat\u0103 \u00een documentul semnat de Ion Popa \u0219i analizat de Biroul permanent.<\/p>\n<\/div>\n<p> Source URL: https:\/\/www.digi24.ro\/stiri\/actualitate\/politica\/pnl-a-retras-motiunea-simpla-depusa-impotriva-vicepremierului-gabriel-oprea-453632<\/p>\n","protected":false},"excerpt":{"rendered":"<p>\u00a0 \u201e\u021ain\u00e2nd cont de situa\u021bia actual\u0103 legat\u0103 de tragicul eveniment petrecut vineri noaptea \u0219i pentru c\u0103 nu este un moment \u00een care s\u0103 facem o dezbatere pe un subiect de politic\u0103, am decis \u00een numele semnatarilor mo\u021biunii simple s\u0103 o retrag de pe ordinea de zi. Regulamentar nu exist\u0103 procedura am\u00e2n\u0103rii. Ea trebuia dezb\u0103tut\u0103 \u0219i [&hellip;]<\/p>\n","protected":false},"author":1,"featured_media":172480,"comment_status":"open","ping_status":"","sticky":false,"template":"","format":"standard","meta":{"footnotes":""},"categories":[2],"tags":[11],"class_list":["post-172479","post","type-post","status-publish","format-standard","has-post-thumbnail","hentry","category-politics","tag-digi24"],"_links":{"self":[{"href":"https:\/\/analyse.optim.biz\/index.php?rest_route=\/wp\/v2\/posts\/172479","targetHints":{"allow":["GET"]}}],"collection":[{"href":"https:\/\/analyse.optim.biz\/index.php?rest_route=\/wp\/v2\/posts"}],"about":[{"href":"https:\/\/analyse.optim.biz\/index.php?rest_route=\/wp\/v2\/types\/post"}],"author":[{"embeddable":true,"href":"https:\/\/analyse.optim.biz\/index.php?rest_route=\/wp\/v2\/users\/1"}],"replies":[{"embeddable":true,"href":"https:\/\/analyse.optim.biz\/index.php?rest_route=%2Fwp%2Fv2%2Fcomments&post=172479"}],"version-history":[{"count":0,"href":"https:\/\/analyse.optim.biz\/index.php?rest_route=\/wp\/v2\/posts\/172479\/revisions"}],"wp:featuredmedia":[{"embeddable":true,"href":"https:\/\/analyse.optim.biz\/index.php?rest_route=\/wp\/v2\/media\/172480"}],"wp:attachment":[{"href":"https:\/\/analyse.optim.biz\/index.php?rest_route=%2Fwp%2Fv2%2Fmedia&parent=172479"}],"wp:term":[{"taxonomy":"category","embeddable":true,"href":"https:\/\/analyse.optim.biz\/index.php?rest_route=%2Fwp%2Fv2%2Fcategories&post=172479"},{"taxonomy":"post_tag","embeddable":true,"href":"https:\/\/analyse.optim.biz\/index.php?rest_route=%2Fwp%2Fv2%2Ftags&post=172479"}],"curies":[{"name":"wp","href":"https:\/\/api.w.org\/{rel}","templated":true}]}}