{"id":172476,"date":"2015-11-03T11:06:50","date_gmt":"2015-11-03T08:06:50","guid":{"rendered":"https:\/\/analyse.optim.biz\/?p=172476"},"modified":"2015-11-03T11:06:50","modified_gmt":"2015-11-03T08:06:50","slug":"klaus-iohannis-l-a-primit-la-cotroceni-pe-presedintele-poloniei","status":"publish","type":"post","link":"https:\/\/analyse.optim.biz\/?p=172476","title":{"rendered":"Klaus Iohannis l-a primit\u00a0la Cotroceni\u00a0pe pre\u0219edintele Poloniei\u00a0"},"content":{"rendered":"<div class=\"entry data-app-meta data-app-meta-article\" data-embed-base-url-canonical=\"https:\/\/www.digi24.ro\/embed\/stiri\/actualitate\/politica\/klaus-iohannis-l-a-primit-la-cotroceni-pe-presedintele-poloniei-453894\">\n<p data-index=\"1\">\u00a0<img decoding=\"async\" src=\"https:\/\/analyse.optim.biz\/wp-content\/uploads\/2024\/09\/mwnmnduwndyznjvhmwyxn2uxnmniymzjyjc4ote2-thumb_.jpg\" data-skip-htmlfix=\"1\" title=\"mwnmnduwndyznjvhmwyxn2uxnmniymzjyjc4ote2-thumb_\"><\/p>\n<p data-index=\"2\"><span><em>\u00a0Klaus Iohannis, pre\u0219edintele Rom\u00e2niei. FOTO: presidency.ro<\/em><\/span><\/p>\n<p data-index=\"3\">Ceremonia primirii a avut loc pe platoul oficial de la Palatul Cotroceni, unde, dup\u0103 intonarea imnurilor celor dou\u0103 state, pre\u0219edintele Poloniei a dat onorul Regimentului de Gard\u0103 \u0219i Protocol.<\/p>\n<p data-index=\"4\">Din delega\u021bia pre\u0219edintelui Klaus Iohannis fac parte consilierii preziden\u021biali Dan Mihalache, Ion Opri\u0219or, Laz\u0103r Com\u0103nescu, Andrei Muraru, Leonard Orban, Cosmin Marinescu, ambasadorul Rom\u00e2niei \u00een Polonia, Ovidiu Dranga, \u0219eful Statului Major General, generalul-locotenent Nicolae Ciuc\u0103 \u0219i secretarul de stat \u00een MAE George Ciamba.<\/p>\n<p data-index=\"5\"><strong>Cei doi \u0219efi de stat vor avea convorbiri oficiale, dup\u0103 care vor sus\u021bine declara\u021bii de pres\u0103.<\/strong><\/p>\n<p data-index=\"6\"><strong>Andrzej Duda se va \u00eent\u00e2lni ast\u0103zi \u0219i cu premierul Victor Ponta.<\/strong><\/p>\n<p data-index=\"7\">Liderul polonez va prezida al\u0103turi de pre\u0219edintele Iohannis reuniunea la nivel \u00eenalt a statelor din Europa central\u0103 \u0219i de est care va avea loc miercuri la Palatul Cotroceni.<\/p>\n<p data-index=\"8\">La reuniune vor participa secretarul general adjunct al NATO, Alexander Vershbow, pre\u0219edin\u021bii Bulgariei, Rosen Plevneliev, Republicii Estonia, Toomas Hendrik Ilves, Republicii Letonia, Raimonds Vejonis, Republicii Lituania, Dalia Grybauskaite, Republicii Slovace, Andrej Kiska, Ungariei, Ader Janos, \u0219i pre\u0219edintele Camerei Deputa\u021bilor a Republicii Cehe, Jan Hamacek.<\/p>\n<p data-index=\"9\"><strong>Pre\u0219edintele Poloniei a ajuns luni seara \u00een Rom\u00e2nia. <a href=\"https:\/\/www.digi24.ro\/Stiri\/Digi24\/Actualitate\/Stiri\/Presedintele+Poloniei+la+locul+tragediei+de+la+Colectiv\" target=\"_blank\" data-skip-linkfix=\"1\" rel=\"noopener\">De la aeroport el a mers direct la clubul Colectiv unde a depus un buchet de trandafiri ro\u0219ii \u0219i a aprins o candel\u0103 pentru victimele incendiului care a avut loc vineri seara.<\/a><\/strong><\/p>\n<\/div>\n<p> Source URL: https:\/\/www.digi24.ro\/stiri\/actualitate\/politica\/klaus-iohannis-l-a-primit-la-cotroceni-pe-presedintele-poloniei-453894<\/p>\n","protected":false},"excerpt":{"rendered":"<p>\u00a0 \u00a0Klaus Iohannis, pre\u0219edintele Rom\u00e2niei. FOTO: presidency.ro Ceremonia primirii a avut loc pe platoul oficial de la Palatul Cotroceni, unde, dup\u0103 intonarea imnurilor celor dou\u0103 state, pre\u0219edintele Poloniei a dat onorul Regimentului de Gard\u0103 \u0219i Protocol. Din delega\u021bia pre\u0219edintelui Klaus Iohannis fac parte consilierii preziden\u021biali Dan Mihalache, Ion Opri\u0219or, Laz\u0103r Com\u0103nescu, Andrei Muraru, Leonard Orban, [&hellip;]<\/p>\n","protected":false},"author":1,"featured_media":172477,"comment_status":"open","ping_status":"","sticky":false,"template":"","format":"standard","meta":{"footnotes":""},"categories":[2],"tags":[11],"class_list":["post-172476","post","type-post","status-publish","format-standard","has-post-thumbnail","hentry","category-politics","tag-digi24"],"_links":{"self":[{"href":"https:\/\/analyse.optim.biz\/index.php?rest_route=\/wp\/v2\/posts\/172476","targetHints":{"allow":["GET"]}}],"collection":[{"href":"https:\/\/analyse.optim.biz\/index.php?rest_route=\/wp\/v2\/posts"}],"about":[{"href":"https:\/\/analyse.optim.biz\/index.php?rest_route=\/wp\/v2\/types\/post"}],"author":[{"embeddable":true,"href":"https:\/\/analyse.optim.biz\/index.php?rest_route=\/wp\/v2\/users\/1"}],"replies":[{"embeddable":true,"href":"https:\/\/analyse.optim.biz\/index.php?rest_route=%2Fwp%2Fv2%2Fcomments&post=172476"}],"version-history":[{"count":0,"href":"https:\/\/analyse.optim.biz\/index.php?rest_route=\/wp\/v2\/posts\/172476\/revisions"}],"wp:featuredmedia":[{"embeddable":true,"href":"https:\/\/analyse.optim.biz\/index.php?rest_route=\/wp\/v2\/media\/172477"}],"wp:attachment":[{"href":"https:\/\/analyse.optim.biz\/index.php?rest_route=%2Fwp%2Fv2%2Fmedia&parent=172476"}],"wp:term":[{"taxonomy":"category","embeddable":true,"href":"https:\/\/analyse.optim.biz\/index.php?rest_route=%2Fwp%2Fv2%2Fcategories&post=172476"},{"taxonomy":"post_tag","embeddable":true,"href":"https:\/\/analyse.optim.biz\/index.php?rest_route=%2Fwp%2Fv2%2Ftags&post=172476"}],"curies":[{"name":"wp","href":"https:\/\/api.w.org\/{rel}","templated":true}]}}