{"id":172465,"date":"2015-11-03T13:52:03","date_gmt":"2015-11-03T10:52:03","guid":{"rendered":"https:\/\/analyse.optim.biz\/?p=172465"},"modified":"2015-11-03T13:52:03","modified_gmt":"2015-11-03T10:52:03","slug":"victor-ponta-guvernul-adopta-o-ordonanta-care-da-dreptul-isu-sa-inchida-localurile-care-nu-respecta-legea","status":"publish","type":"post","link":"https:\/\/analyse.optim.biz\/?p=172465","title":{"rendered":"Victor Ponta: Guvernul adopt\u0103 o ordonan\u021b\u0103 care d\u0103 dreptul ISU s\u0103 \u00eenchid\u0103 localurile care nu respect\u0103 legea"},"content":{"rendered":"<div class=\"entry data-app-meta data-app-meta-article\" data-embed-base-url-canonical=\"https:\/\/www.digi24.ro\/embed\/stiri\/actualitate\/politica\/victor-ponta-guvernul-adopta-o-ordonanta-care-da-dreptul-isu-sa-inchida-localurile-care-nu-respecta-legea-453982\">\n<p data-index=\"1\">\u201e<span>Ast\u0103zi, din punct de vedere legislativ, vreau s\u0103 modific\u0103m prin ordonan\u021b\u0103 de urgen\u021b\u0103 \u0219i s\u0103 clarific\u0103m competen\u021ba legislativ\u0103. Adopt\u0103m ordonan\u021ba de urgen\u021b\u0103 prin care d\u0103m putere direct celor de la ISU, nu autorit\u0103\u021bi locale, nu altcineva, s\u0103 verifice aceste localuri \u00een care au loc ac\u021biuni care implic\u0103 foarte mult\u0103 lume, s\u0103 le verifice din punctul de vedere al respect\u0103rii condi\u021biilor privind protec\u021bia \u00eempotriva incendiilor \u0219i a catastrofelor \u0219i s\u0103 ia pe loc m\u0103sura \u00eenchiderii acestora, sigilare, p\u00e2n\u0103 la momentul la care \u00ee\u0219i \u00eendeplinesc condi\u021biile\u201d, a anun\u021bat Victor Ponta \u00een \u0219edin\u021ba de Guvern.<\/span><\/p>\n<p data-index=\"2\">Prim-ministrul a ad\u0103ugat c\u0103 \u00een cazuri speciale trebuie luate m\u0103suri speciale.<\/p>\n<p data-index=\"3\">\u201eAvem iresponsabilitate \u0219i l\u0103comie din partea celor care desf\u0103\u0219oar\u0103 activit\u0103\u021bi comerciale \u00een care sunt implica\u021bi foarte mul\u021bi oameni. Pe de alt\u0103 parte, m\u0103surile dure nu putem s\u0103 le l\u0103s\u0103m doar la autorit\u0103\u021bile locale, pentru c\u0103 nu au capacitatea de a le implementa\u201d, a mai spus premierul.<\/p>\n<p data-index=\"4\">Victor Ponta a subliniat c\u0103 acele localuri \u0219i cluburi vor fi \u00eenchise p\u00e2n\u0103 rezolv\u0103 problemele. \u201eNu vrea nimeni s\u0103 opreasc\u0103 cluburile \u0219i discotecile din Rom\u00e2nia. Vrem s\u0103 oprim cluburile \u0219i discotecile care au poten\u021bialul de a deveni cimitire, cum s-a \u00eent\u00e2mplat vineri\u201d, a precizat premierul.<\/p>\n<p data-index=\"5\">Mini\u0219trii ar urma s\u0103 aprobe \u0219i un proiect de hot\u0103r\u00e2re privind acordarea unor ajutoare de urgen\u021b\u0103 pentru victimele accidentului de la clubul Colectiv, precum \u0219i a unui ajutor de urgen\u021b\u0103. <a href=\"https:\/\/www.digi24.ro\/Stiri\/Digi24\/Actualitate\/Stiri\/Ajutoare+pentru+rudele+victimelor+din+Colectiv\" data-skip-linkfix=\"1\">Guvernul va acorda c\u00e2te 5.000 de lei fiec\u0103rei familii, pentru a acoperi costurile cu \u00eenmorm\u00e2ntarea<\/a>. Totodat\u0103, rudele angajatei clubului &#8211; mama a 5 copii &#8211; vor primi 10.000 de lei de la stat. <\/p>\n<\/div>\n<p> Source URL: https:\/\/www.digi24.ro\/stiri\/actualitate\/politica\/victor-ponta-guvernul-adopta-o-ordonanta-care-da-dreptul-isu-sa-inchida-localurile-care-nu-respecta-legea-453982<\/p>\n","protected":false},"excerpt":{"rendered":"<p>\u201eAst\u0103zi, din punct de vedere legislativ, vreau s\u0103 modific\u0103m prin ordonan\u021b\u0103 de urgen\u021b\u0103 \u0219i s\u0103 clarific\u0103m competen\u021ba legislativ\u0103. Adopt\u0103m ordonan\u021ba de urgen\u021b\u0103 prin care d\u0103m putere direct celor de la ISU, nu autorit\u0103\u021bi locale, nu altcineva, s\u0103 verifice aceste localuri \u00een care au loc ac\u021biuni care implic\u0103 foarte mult\u0103 lume, s\u0103 le verifice din punctul [&hellip;]<\/p>\n","protected":false},"author":1,"featured_media":172466,"comment_status":"open","ping_status":"","sticky":false,"template":"","format":"standard","meta":{"footnotes":""},"categories":[2],"tags":[11],"class_list":["post-172465","post","type-post","status-publish","format-standard","has-post-thumbnail","hentry","category-politics","tag-digi24"],"_links":{"self":[{"href":"https:\/\/analyse.optim.biz\/index.php?rest_route=\/wp\/v2\/posts\/172465","targetHints":{"allow":["GET"]}}],"collection":[{"href":"https:\/\/analyse.optim.biz\/index.php?rest_route=\/wp\/v2\/posts"}],"about":[{"href":"https:\/\/analyse.optim.biz\/index.php?rest_route=\/wp\/v2\/types\/post"}],"author":[{"embeddable":true,"href":"https:\/\/analyse.optim.biz\/index.php?rest_route=\/wp\/v2\/users\/1"}],"replies":[{"embeddable":true,"href":"https:\/\/analyse.optim.biz\/index.php?rest_route=%2Fwp%2Fv2%2Fcomments&post=172465"}],"version-history":[{"count":0,"href":"https:\/\/analyse.optim.biz\/index.php?rest_route=\/wp\/v2\/posts\/172465\/revisions"}],"wp:featuredmedia":[{"embeddable":true,"href":"https:\/\/analyse.optim.biz\/index.php?rest_route=\/wp\/v2\/media\/172466"}],"wp:attachment":[{"href":"https:\/\/analyse.optim.biz\/index.php?rest_route=%2Fwp%2Fv2%2Fmedia&parent=172465"}],"wp:term":[{"taxonomy":"category","embeddable":true,"href":"https:\/\/analyse.optim.biz\/index.php?rest_route=%2Fwp%2Fv2%2Fcategories&post=172465"},{"taxonomy":"post_tag","embeddable":true,"href":"https:\/\/analyse.optim.biz\/index.php?rest_route=%2Fwp%2Fv2%2Ftags&post=172465"}],"curies":[{"name":"wp","href":"https:\/\/api.w.org\/{rel}","templated":true}]}}