{"id":172462,"date":"2015-11-03T19:42:50","date_gmt":"2015-11-03T16:42:50","guid":{"rendered":"https:\/\/analyse.optim.biz\/?p=172462"},"modified":"2015-11-03T19:42:50","modified_gmt":"2015-11-03T16:42:50","slug":"adio-vot-prin-corespondenta-la-alegerile-parlamentare","status":"publish","type":"post","link":"https:\/\/analyse.optim.biz\/?p=172462","title":{"rendered":"Adio vot prin coresponden\u021b\u0103 la alegerile parlamentare"},"content":{"rendered":"<div class=\"entry data-app-meta data-app-meta-article\" data-embed-base-url-canonical=\"https:\/\/www.digi24.ro\/embed\/stiri\/actualitate\/politica\/adio-vot-prin-corespondenta-la-alegerile-parlamentare-454134\">\n<p data-index=\"1\"><img decoding=\"async\" src=\"https:\/\/analyse.optim.biz\/wp-content\/uploads\/2024\/09\/mdamagfzad01n2jhodgzzmzlndaxodrkyta4n2i0ogvkm2qxmzczmg-thumb_.jpg\" data-skip-htmlfix=\"1\" title=\"mdamagfzad01n2jhodgzzmzlndaxodrkyta4n2i0ogvkm2qxmzczmg-thumb_\"><\/p>\n<p data-index=\"2\"><em>FOTO: Cet\u0103\u021beni rom\u00e2ni din Barcelona stau la coad\u0103 pentru a vota, la scrutinul preziden\u021bial din 2014<\/em><\/p>\n<p data-index=\"3\">Parlamentarii UDMR au reu\u015fit ast\u0103zi, cu ajutorul a \u00eenc\u0103 31 de ale\u015fi din PSD, UNPR \u015fi ALDE s\u0103 conteste la Curtea Constitu\u0163ional\u0103 actul normativ.<\/p>\n<p data-index=\"4\">Pentru a fi implementat, era nevoie ca legea s\u0103 intre \u00een vigoare cu un an \u00eenainte de data alegerilor generale, adic\u0103 nu mai t\u00e2rziu de jum\u0103tatea lunii noiembrie 2015. Doar c\u0103 judec\u0103torii de la CCR au decis s\u0103 dezbat\u0103 sesizarea pe data de 18 noiembrie. \u015ei chiar dac\u0103 ar respinge contesta\u0163ia UDMR \u00een privin\u0163a votului prin coresponden\u0163\u0103, pentru a intra \u00een vigoare, legea trebuie publicat\u0103 mai \u00eent\u00e2i \u00een Monitorul Oficial. Iar acest lucru e posibil doar dup\u0103 ce Curtea public\u0103 motivarea deciziei, \u00een termen de 20 de zile. <\/p>\n<p data-index=\"5\">\u00cen concluzie, nici anul viitor, rom\u00e2nii din str\u0103in\u0103tate nu pot vota prin coresponden\u0163\u0103, la scrutinul parlamentar.<\/p>\n<\/div>\n<p> Source URL: https:\/\/www.digi24.ro\/stiri\/actualitate\/politica\/adio-vot-prin-corespondenta-la-alegerile-parlamentare-454134<\/p>\n","protected":false},"excerpt":{"rendered":"<p>FOTO: Cet\u0103\u021beni rom\u00e2ni din Barcelona stau la coad\u0103 pentru a vota, la scrutinul preziden\u021bial din 2014 Parlamentarii UDMR au reu\u015fit ast\u0103zi, cu ajutorul a \u00eenc\u0103 31 de ale\u015fi din PSD, UNPR \u015fi ALDE s\u0103 conteste la Curtea Constitu\u0163ional\u0103 actul normativ. Pentru a fi implementat, era nevoie ca legea s\u0103 intre \u00een vigoare cu un an [&hellip;]<\/p>\n","protected":false},"author":1,"featured_media":172463,"comment_status":"open","ping_status":"","sticky":false,"template":"","format":"standard","meta":{"footnotes":""},"categories":[2],"tags":[11],"class_list":["post-172462","post","type-post","status-publish","format-standard","has-post-thumbnail","hentry","category-politics","tag-digi24"],"_links":{"self":[{"href":"https:\/\/analyse.optim.biz\/index.php?rest_route=\/wp\/v2\/posts\/172462","targetHints":{"allow":["GET"]}}],"collection":[{"href":"https:\/\/analyse.optim.biz\/index.php?rest_route=\/wp\/v2\/posts"}],"about":[{"href":"https:\/\/analyse.optim.biz\/index.php?rest_route=\/wp\/v2\/types\/post"}],"author":[{"embeddable":true,"href":"https:\/\/analyse.optim.biz\/index.php?rest_route=\/wp\/v2\/users\/1"}],"replies":[{"embeddable":true,"href":"https:\/\/analyse.optim.biz\/index.php?rest_route=%2Fwp%2Fv2%2Fcomments&post=172462"}],"version-history":[{"count":0,"href":"https:\/\/analyse.optim.biz\/index.php?rest_route=\/wp\/v2\/posts\/172462\/revisions"}],"wp:featuredmedia":[{"embeddable":true,"href":"https:\/\/analyse.optim.biz\/index.php?rest_route=\/wp\/v2\/media\/172463"}],"wp:attachment":[{"href":"https:\/\/analyse.optim.biz\/index.php?rest_route=%2Fwp%2Fv2%2Fmedia&parent=172462"}],"wp:term":[{"taxonomy":"category","embeddable":true,"href":"https:\/\/analyse.optim.biz\/index.php?rest_route=%2Fwp%2Fv2%2Fcategories&post=172462"},{"taxonomy":"post_tag","embeddable":true,"href":"https:\/\/analyse.optim.biz\/index.php?rest_route=%2Fwp%2Fv2%2Ftags&post=172462"}],"curies":[{"name":"wp","href":"https:\/\/api.w.org\/{rel}","templated":true}]}}