{"id":172451,"date":"2015-11-04T02:38:49","date_gmt":"2015-11-03T23:38:49","guid":{"rendered":"https:\/\/analyse.optim.biz\/?p=172451"},"modified":"2015-11-04T02:38:49","modified_gmt":"2015-11-03T23:38:49","slug":"c-t-popescu-avem-un-depozit-strategic-de-incredere-la-cotroceni","status":"publish","type":"post","link":"https:\/\/analyse.optim.biz\/?p=172451","title":{"rendered":"C. T. Popescu: Avem un depozit strategic de \u00eencredere la Cotroceni"},"content":{"rendered":"<div class=\"entry data-app-meta data-app-meta-article\" data-embed-base-url-canonical=\"https:\/\/www.digi24.ro\/embed\/stiri\/actualitate\/politica\/c-t-popescu-avem-un-depozit-strategic-de-incredere-la-cotroceni-454214\">\n<p data-index=\"1\">Este pentru prima dat\u0103 c\u00e2nd oamenii \u00eei spun \u201eTe-am ales\u201d, pentru c\u0103 ace\u0219ti oameni, cu siguran\u021b\u0103, \u00een mare majoritate, sunt votan\u021bi Iohannis, a declarat Cristian Tudor Popescu. Faptul c\u0103 s-au dus la Palatul Victoria este amintirea, este poli\u021ba neonorat\u0103, este restan\u021ba cu Ponta de anul trecut, faptul c\u0103 nu a plecat dup\u0103 rezultatul alegerilor preziden\u021biale, a continuat jurnalistul.<\/p>\n<p data-index=\"2\">\u201e\u0218i acum exist\u0103, \u00eentr-adev\u0103r, o mare a\u0219teptare de la pre\u0219edintele Iohannis. Deja, pentru prima dat\u0103 de c\u00e2nd e pre\u0219edinte, am re\u021binut \u0219i eu o fraz\u0103 de la pre\u0219edinte: <em>s\u0103 nu l\u0103s\u0103m corup\u021bia s\u0103 ucid\u0103!<\/em>\u00a0\u0218i iat\u0103 c\u0103 ea e preluat\u0103 imediat de manifestan\u021bi. A\u0219tept ca pre\u0219edintele Iohannis s\u0103 se dovedeasc\u0103 la \u00een\u0103l\u021bimea acestor oameni din Pia\u021b\u0103\u201d, a spus Cristian Tudor Popescu.<\/p>\n<p data-index=\"3\">De\u0219i nu are prerogative puternice, Klaus Iohannis poate face foarte mult, \u00een opinia lui Cristian Tudor Popescu. \u201eAtitudinea. Conteaz\u0103 ce spune. \u00cen fond, asta e func\u021bia fundamental\u0103 a pre\u0219edintelui: \u00een momente ca acestea &#8211; sigur, el nu poate s\u0103 demit\u0103 premieri, nu poate s\u0103 demit\u0103 pe nu \u0219tiu cine de la ANPC, nu are astfel de atribu\u021bii, nu poate s\u0103 fac\u0103 anchet\u0103, dar poate s\u0103 vorbeasc\u0103, poate s\u0103 intervin\u0103, poate s\u0103 intervin\u0103 cu depozitul strategic de \u00eencredere aflat \u2013 a\u0219a cum avem \u00een \u021bara asta depozite strategice de petrol, de gr\u00e2u, de ap\u0103 pentru criz\u0103 \u2013 a\u0219a avem \u0219i un depozit strategic de \u00eencredere la Cotroceni. Pentru asta este pre\u0219edintele \u00een primul r\u00e2nd\u201d, subliniaz\u0103 Cristian Tudor Popescu.<\/p>\n<p data-index=\"4\">\u201e\u00cen astfel de momente, pre\u0219edintele trebuie s\u0103 fie deasupra politicienilor, deasupra guvernan\u021bilor \u0219i s\u0103 intervin\u0103 \u00eentre ei \u0219i manifestan\u021bi \u0219i s\u0103 spun\u0103 ceea ce trebuie spus, s\u0103 simt\u0103, mai ales, ceea ce trebuie spus \u00een astfel de momente \u0219i s\u0103 fac\u0103 \u00een a\u0219a fel, \u00eenc\u00e2t oamenii s\u0103-l asculte cu respect \u0219i cu \u00eencredere. Asta trebuie s\u0103 fac\u0103 dl Iohannis de-acum\u201d, a conchis editorialistul.<\/p>\n<p data-index=\"5\">Citi\u021bi \u0219i:<\/p>\n<h5><a href=\"https:\/\/www.digi24.ro\/Stiri\/Digi24\/Actualitate\/Stiri\/Presedintele+Klaus+Iohannis+Sunt+impresionat+de+manifestarile+di\" target=\"_blank\" data-skip-linkfix=\"1\" rel=\"noopener\">Pre\u0219edintele Klaus Iohannis: \u201eSunt impresionat de manifest\u0103rile din aceast\u0103 sear\u0103\u201d<\/a><\/h5>\n<h5><a href=\"https:\/\/www.digi24.ro\/Stiri\/Digi24\/Actualitate\/Social\/C+T+Popescu+Acesti+oameni+aflati+in+piata+sunt+greu+de+prostit\" target=\"_blank\" data-skip-linkfix=\"1\" rel=\"noopener\">C.T. Popescu: Ace\u0219ti oameni afla\u021bi \u00een pia\u021b\u0103 sunt greu de prostit<\/a><\/h5>\n<h5><a href=\"https:\/\/www.digi24.ro\/Stiri\/Digi24\/Actualitate\/Stiri\/C+T+Popescu+Oamenii+acestia+se+organizeaza+spontan+tocmai+in+ast\" target=\"_blank\" data-skip-linkfix=\"1\" rel=\"noopener\">C.T. Popescu: Aici este o revolt\u0103 moral\u0103<\/a><\/h5>\n<\/div>\n<p> Source URL: https:\/\/www.digi24.ro\/stiri\/actualitate\/politica\/c-t-popescu-avem-un-depozit-strategic-de-incredere-la-cotroceni-454214<\/p>\n","protected":false},"excerpt":{"rendered":"<p>Este pentru prima dat\u0103 c\u00e2nd oamenii \u00eei spun \u201eTe-am ales\u201d, pentru c\u0103 ace\u0219ti oameni, cu siguran\u021b\u0103, \u00een mare majoritate, sunt votan\u021bi Iohannis, a declarat Cristian Tudor Popescu. Faptul c\u0103 s-au dus la Palatul Victoria este amintirea, este poli\u021ba neonorat\u0103, este restan\u021ba cu Ponta de anul trecut, faptul c\u0103 nu a plecat dup\u0103 rezultatul alegerilor preziden\u021biale, [&hellip;]<\/p>\n","protected":false},"author":1,"featured_media":172452,"comment_status":"open","ping_status":"","sticky":false,"template":"","format":"standard","meta":{"footnotes":""},"categories":[2],"tags":[11],"class_list":["post-172451","post","type-post","status-publish","format-standard","has-post-thumbnail","hentry","category-politics","tag-digi24"],"_links":{"self":[{"href":"https:\/\/analyse.optim.biz\/index.php?rest_route=\/wp\/v2\/posts\/172451","targetHints":{"allow":["GET"]}}],"collection":[{"href":"https:\/\/analyse.optim.biz\/index.php?rest_route=\/wp\/v2\/posts"}],"about":[{"href":"https:\/\/analyse.optim.biz\/index.php?rest_route=\/wp\/v2\/types\/post"}],"author":[{"embeddable":true,"href":"https:\/\/analyse.optim.biz\/index.php?rest_route=\/wp\/v2\/users\/1"}],"replies":[{"embeddable":true,"href":"https:\/\/analyse.optim.biz\/index.php?rest_route=%2Fwp%2Fv2%2Fcomments&post=172451"}],"version-history":[{"count":0,"href":"https:\/\/analyse.optim.biz\/index.php?rest_route=\/wp\/v2\/posts\/172451\/revisions"}],"wp:featuredmedia":[{"embeddable":true,"href":"https:\/\/analyse.optim.biz\/index.php?rest_route=\/wp\/v2\/media\/172452"}],"wp:attachment":[{"href":"https:\/\/analyse.optim.biz\/index.php?rest_route=%2Fwp%2Fv2%2Fmedia&parent=172451"}],"wp:term":[{"taxonomy":"category","embeddable":true,"href":"https:\/\/analyse.optim.biz\/index.php?rest_route=%2Fwp%2Fv2%2Fcategories&post=172451"},{"taxonomy":"post_tag","embeddable":true,"href":"https:\/\/analyse.optim.biz\/index.php?rest_route=%2Fwp%2Fv2%2Ftags&post=172451"}],"curies":[{"name":"wp","href":"https:\/\/api.w.org\/{rel}","templated":true}]}}