{"id":172377,"date":"2015-11-04T12:50:08","date_gmt":"2015-11-04T09:50:08","guid":{"rendered":"https:\/\/analyse.optim.biz\/?p=172377"},"modified":"2015-11-04T12:50:08","modified_gmt":"2015-11-04T09:50:08","slug":"traian-basescu-despre-demisia-lui-victor-ponta-de-ziua-sa-asa-a-fost-destinul-lui","status":"publish","type":"post","link":"https:\/\/analyse.optim.biz\/?p=172377","title":{"rendered":"Traian B\u0103sescu, despre demisia lui Victor Ponta de ziua sa: A\u0219a a fost destinul lui"},"content":{"rendered":"<div class=\"entry data-app-meta data-app-meta-article\" data-embed-base-url-canonical=\"https:\/\/www.digi24.ro\/embed\/stiri\/actualitate\/politica\/traian-basescu-despre-demisia-lui-victor-ponta-de-ziua-sa-asa-a-fost-destinul-lui-454310\">\n<p data-index=\"1\">\u201eN-a\u0219 face nicio leg\u0103tur\u0103, de\u0219i poate o chestiune de destin. A\u0219a a fost destinul lui\u201d, a spus Traian B\u0103sescu, la Digi24, r\u00e2z\u00e2nd.<\/p>\n<p data-index=\"2\">\u201eRevenind la lucruri reale. Victor Ponta a f\u0103cut ce-a trebuit chiar dac\u0103 a f\u0103cut-o prea t\u00e2rziu. Trebuia s\u0103 demisioneze c\u00e2nd a fost povestea cu plagiatul, la trimiterea \u00een instan\u021b\u0103, dar la strad\u0103 nu mai putea s\u0103 priveasc\u0103 cu non\u0219alan\u021b\u0103 \u0219i s\u0103 vin\u0103 o comisie s\u0103 spun\u0103 c\u0103 strada n-are dreptate. Strada are dreptate\u201d, a ad\u0103ugat fostul pre\u0219edinte, la Digi24.<\/p>\n<p data-index=\"3\">\u201eSchimbarea clasei politice se poate face odat\u0103 cu alegerile parlamentare, iar \u00een momentul de fa\u021b\u0103 nu cred c\u0103 avem condi\u021bii. Constitu\u021bia noastr\u0103 nu favorizeaz\u0103 aceast\u0103 solu\u021bie, deci schimbarea clasei politice la alegerile legislative din 2016. Clasa politic\u0103 trebuie s\u0103-\u0219i duc\u0103 onest mandatul p\u00e2n\u0103 la urm\u0103toarele alegeri\u201d, a spus fostul pre\u0219edinte.<\/p>\n<p data-index=\"4\">Despre noul Guvern, Traian B\u0103sescu consider\u0103 c\u0103 \u201enoul guvern ar trebui s\u0103 r\u0103spund\u0103 exigen\u021belor de corectitudine popula\u021biei\u201d.<\/p>\n<p data-index=\"5\">\u201eMi-e nu mi-a reu\u0219it \u00eentodeauna, poate reu\u0219e\u0219te domnul Iohannis. Dac\u0103 se respect\u0103 angajamentele publice, viitorul premier este C\u0103t\u0103lin Predoiu\u201d, a subliniat el.<\/p>\n<p data-index=\"6\">\u201eNu cred c\u0103 se poate face o \u021bint\u0103 anticorup\u021bie din C\u0103t\u0103lin Predoiu. N-a\u0219 putea spune c\u0103 e perfect, dar nu v\u0103d unde ar putea fi ag\u0103\u021bat din acest punct de vedere\u201d, a mai spus Traian B\u0103sescu.<\/p>\n<p data-index=\"7\">\u201eProblema corup\u021biei este o chestiune de mentalitate, DNA o s\u0103 continue anchetele, judec\u0103torii vor condamna, dar asta se poate limitat. Noi avem o problem\u0103 de mentalitate\u201d, a ad\u0103ugat fostul pre\u0219edinte.<\/p>\n<\/div>\n<p> Source URL: https:\/\/www.digi24.ro\/stiri\/actualitate\/politica\/traian-basescu-despre-demisia-lui-victor-ponta-de-ziua-sa-asa-a-fost-destinul-lui-454310<\/p>\n","protected":false},"excerpt":{"rendered":"<p>\u201eN-a\u0219 face nicio leg\u0103tur\u0103, de\u0219i poate o chestiune de destin. A\u0219a a fost destinul lui\u201d, a spus Traian B\u0103sescu, la Digi24, r\u00e2z\u00e2nd. \u201eRevenind la lucruri reale. Victor Ponta a f\u0103cut ce-a trebuit chiar dac\u0103 a f\u0103cut-o prea t\u00e2rziu. Trebuia s\u0103 demisioneze c\u00e2nd a fost povestea cu plagiatul, la trimiterea \u00een instan\u021b\u0103, dar la strad\u0103 nu [&hellip;]<\/p>\n","protected":false},"author":1,"featured_media":172378,"comment_status":"open","ping_status":"","sticky":false,"template":"","format":"standard","meta":{"footnotes":""},"categories":[2],"tags":[11],"class_list":["post-172377","post","type-post","status-publish","format-standard","has-post-thumbnail","hentry","category-politics","tag-digi24"],"_links":{"self":[{"href":"https:\/\/analyse.optim.biz\/index.php?rest_route=\/wp\/v2\/posts\/172377","targetHints":{"allow":["GET"]}}],"collection":[{"href":"https:\/\/analyse.optim.biz\/index.php?rest_route=\/wp\/v2\/posts"}],"about":[{"href":"https:\/\/analyse.optim.biz\/index.php?rest_route=\/wp\/v2\/types\/post"}],"author":[{"embeddable":true,"href":"https:\/\/analyse.optim.biz\/index.php?rest_route=\/wp\/v2\/users\/1"}],"replies":[{"embeddable":true,"href":"https:\/\/analyse.optim.biz\/index.php?rest_route=%2Fwp%2Fv2%2Fcomments&post=172377"}],"version-history":[{"count":0,"href":"https:\/\/analyse.optim.biz\/index.php?rest_route=\/wp\/v2\/posts\/172377\/revisions"}],"wp:featuredmedia":[{"embeddable":true,"href":"https:\/\/analyse.optim.biz\/index.php?rest_route=\/wp\/v2\/media\/172378"}],"wp:attachment":[{"href":"https:\/\/analyse.optim.biz\/index.php?rest_route=%2Fwp%2Fv2%2Fmedia&parent=172377"}],"wp:term":[{"taxonomy":"category","embeddable":true,"href":"https:\/\/analyse.optim.biz\/index.php?rest_route=%2Fwp%2Fv2%2Fcategories&post=172377"},{"taxonomy":"post_tag","embeddable":true,"href":"https:\/\/analyse.optim.biz\/index.php?rest_route=%2Fwp%2Fv2%2Ftags&post=172377"}],"curies":[{"name":"wp","href":"https:\/\/api.w.org\/{rel}","templated":true}]}}