{"id":1722161,"date":"2026-02-02T19:03:56","date_gmt":"2026-02-02T16:03:56","guid":{"rendered":"https:\/\/analyse.optim.biz\/?p=1722161"},"modified":"2026-02-02T19:03:56","modified_gmt":"2026-02-02T16:03:56","slug":"ong-italianas-calculan-que-un-millar-de-migrantes-han-muerto-en-naufragios-durante-el-temporal-harry","status":"publish","type":"post","link":"https:\/\/analyse.optim.biz\/?p=1722161","title":{"rendered":"ONG italianas calculan que un millar de migrantes han muerto en naufragios durante el temporal \u2018Harry\u2019"},"content":{"rendered":"<article id=\"main-content\" class=\"a _g _g-lg _g-o\">\n<header class=\"a_e _g _g-xs\">\n<div class=\"a_e_txt _df\">\n<div class=\"a_k _df\"><a class=\"a_k_n\" href=\"https:\/\/elpais.com\/noticias\/inmigracion\/\">Inmigraci\u00f3n<\/a><\/div>\n<h1 class=\"a_t\">ONG italianas calculan que un millar de migrantes han muerto en naufragios durante el temporal \u2018Harry\u2019 <\/h1>\n<p class=\"a_st\">Los datos recabados indican que hubo una oleada \u201can\u00f3mala\u201d de salidas desde T\u00fanez, pese al mal tiempo: zarparon 29 embarcaciones y solo se salvaron dos. La guardia costera admite al menos 380 desaparecidos<\/p>\n<\/div>\n<div class=\"a_e_m\">\n<figure class=\"a_m a_m-h \"><span class=\"a_m_w _db\"><img fetchpriority=\"high\" decoding=\"async\" alt=\"Migrantes\" class=\"_re  a_m-h\" height=\"233\" width=\"414\" src=\"https:\/\/analyse.optim.biz\/wp-content\/uploads\/2026\/02\/yk7m5rvpgjdltbazw7l44gfcge-1.jpg\" loading=\"eager\" title=\"yk7m5rvpgjdltbazw7l44gfcge-1\"><\/span><figcaption class=\"a_m_p\" aria-hidden=\"true\"><span>Un hombre cae al agua desde una patera en el Mediterr\u00e1neo, en 2024.<\/span><span class=\"a_m_m\">Juan Medina (REUTERS)<\/span><\/figcaption><\/figure>\n<\/div>\n<\/header>\n<div class=\"a_md _g _g-xs \">\n<figure class=\"a_md_i a_m-h c_m--nf\"><span class=\"a_m_w _db\"><img decoding=\"async\" alt=\"\u00cd\u00f1igo Dom\u00ednguez\" class=\"_re lazyload a_m-h\" height=\"100\" width=\"100\" src=\"https:\/\/analyse.optim.biz\/wp-content\/uploads\/2026\/02\/https3a2f2fauthor-service-images-prod-us-east-1-publishing-aws_-arc_-pub2fprisa2fc92761c2-3376-4806-a52e-d7a9a5c2033d.jpg\" loading=\"lazy\" title=\"https3a2f2fauthor-service-images-prod-us-east-1-publishing-aws_-arc_-pub2fprisa2fc92761c2-3376-4806-a52e-d7a9a5c2033d\"><\/span><\/figure>\n<div class=\"a_md_txt\">\n<div class=\"a_md_a\" data-dtm-region=\"articulo_firma\"><a href=\"https:\/\/elpais.com\/autor\/inigo-dominguez-gabina\/#?rel=author_top\" title=\"Ver todas las noticias de \u00cd\u00f1igo Dom\u00ednguez\" class=\"a_md_a_n\">\u00cd\u00f1igo Dom\u00ednguez<\/a><\/div>\n<div class=\"a_md_f\"><span>Roma &#8211; <a href=\"https:\/\/elpais.com\/hemeroteca\/2026-02-02\/\" data-date=\"2026-02-02T20:03:56+01:00\"><time data-date=\"2026-02-02T20:03:56+01:00\" datetime=\"2026-02-02T20:03:56+01:00\" id=\"article_date_p\">02 feb 2026 &#8211; 20:03<abbr title=\"Central European Time\">CET<\/abbr><\/time><\/a><\/span><\/div>\n<div class=\"w_rs\" data-dtm-region=\"articulo_botonera-social\">\n<div class=\"w_rs_i\"><a class=\"_btn hidden\" href=\"\/\/send?text=ONG%20italianas%20calculan%20que%20un%20millar%20de%20migrantes%20han%20muerto%20en%20naufragios%20durante%20el%20temporal%20%E2%80%98Harry%E2%80%99%20%0D%0A%0D%0Ahttps%3A%2F%2Felpais.com%2Finternacional%2F2026-02-02%2Fong-italianas-calculan-que-un-millar-de-migrantes-han-muerto-en-naufragios-durante-el-temporal-harry.html%3Fssm=whatsapp_CC\" data-action=\"share\/whatsapp\/share\" data-param-description=\"ONG italianas calculan que un millar de migrantes han muerto en naufragios durante el temporal \u2018Harry\u2019 \" data-param-href=\"https:\/\/elpais.com\/internacional\/2026-02-02\/ong-italianas-calculan-que-un-millar-de-migrantes-han-muerto-en-naufragios-durante-el-temporal-harry.html\" data-param-text=\"ONG italianas calculan que un millar de migrantes han muerto en naufragios durante el temporal \u2018Harry\u2019  https:\/\/elpais.com\/internacional\/2026-02-02\/ong-italianas-calculan-que-un-millar-de-migrantes-han-muerto-en-naufragios-durante-el-temporal-harry.html\" data-param-url=\"https:\/\/elpais.com\/internacional\/2026-02-02\/ong-italianas-calculan-que-un-millar-de-migrantes-han-muerto-en-naufragios-durante-el-temporal-harry.html\" target=\"_blank\" rel=\"noopener noreferrer\" data-share-track-dtm=\"whatsapp\" id=\"btn_share_whatsapp_851\"><span class=\"_sr\">Compartir en Whatsapp<\/span><\/a><\/div>\n<div class=\"w_rs_i\"><a class=\"_btn \" href=\"https:\/\/www.facebook.com\/dialog\/share?display=popup&amp;app_id=94039431626&amp;href=https%3A%2F%2Felpais.com%2Finternacional%2F2026-02-02%2Fong-italianas-calculan-que-un-millar-de-migrantes-han-muerto-en-naufragios-durante-el-temporal-harry.html%3Fssm=FB_CC&amp;quote=ONG%20italianas%20calculan%20que%20un%20millar%20de%20migrantes%20han%20muerto%20en%20naufragios%20durante%20el%20temporal%20%E2%80%98Harry%E2%80%99%20\" data-param-app_id=\"94039431626\" data-param-description=\"ONG italianas calculan que un millar de migrantes han muerto en naufragios durante el temporal \u2018Harry\u2019 \" data-param-href=\"https:\/\/elpais.com\/internacional\/2026-02-02\/ong-italianas-calculan-que-un-millar-de-migrantes-han-muerto-en-naufragios-durante-el-temporal-harry.html\" data-param-text=\"ONG italianas calculan que un millar de migrantes han muerto en naufragios durante el temporal \u2018Harry\u2019 \" data-param-url=\"https:\/\/elpais.com\/internacional\/2026-02-02\/ong-italianas-calculan-que-un-millar-de-migrantes-han-muerto-en-naufragios-durante-el-temporal-harry.html\" target=\"_blank\" rel=\"noopener noreferrer\" data-share-track-dtm=\"facebook\" id=\"btn_share_facebook_851\"><span class=\"_sr\">Compartir en Facebook<\/span><\/a><\/div>\n<div class=\"w_rs_i\"><a class=\"_btn \" href=\"https:\/\/twitter.com\/intent\/tweet?url=https%3A%2F%2Felpais.com%2Finternacional%2F2026-02-02%2Fong-italianas-calculan-que-un-millar-de-migrantes-han-muerto-en-naufragios-durante-el-temporal-harry.html%3Fssm=TW_CC&amp;text=ONG%20italianas%20calculan%20que%20un%20millar%20de%20migrantes%20han%20muerto%20en%20naufragios%20durante%20el%20temporal%20%E2%80%98Harry%E2%80%99%20&amp;via=el_pais&amp;lang=es\" data-param-description=\"ONG italianas calculan que un millar de migrantes han muerto en naufragios durante el temporal \u2018Harry\u2019 \" data-param-href=\"https:\/\/elpais.com\/internacional\/2026-02-02\/ong-italianas-calculan-que-un-millar-de-migrantes-han-muerto-en-naufragios-durante-el-temporal-harry.html\" data-param-text=\"ONG italianas calculan que un millar de migrantes han muerto en naufragios durante el temporal \u2018Harry\u2019  via @el_pais\" data-param-url=\"https:\/\/elpais.com\/internacional\/2026-02-02\/ong-italianas-calculan-que-un-millar-de-migrantes-han-muerto-en-naufragios-durante-el-temporal-harry.html\" target=\"_blank\" rel=\"noopener noreferrer\" data-share-track-dtm=\"twitter\" id=\"btn_share_twitter_851\"><span class=\"_sr\">Compartir en Twitter<\/span><\/a><\/div>\n<div class=\"w_rs_i\"><a class=\"_btn \" href=\"https:\/\/bsky.app\/intent\/compose?text=https%3A%2F%2Felpais.com%2Finternacional%2F2026-02-02%2Fong-italianas-calculan-que-un-millar-de-migrantes-han-muerto-en-naufragios-durante-el-temporal-harry.html%3Fssm=bsky_CC\" data-param-description=\"ONG italianas calculan que un millar de migrantes han muerto en naufragios durante el temporal \u2018Harry\u2019 \" data-param-href=\"https:\/\/elpais.com\/internacional\/2026-02-02\/ong-italianas-calculan-que-un-millar-de-migrantes-han-muerto-en-naufragios-durante-el-temporal-harry.html\" data-param-text=\"ONG italianas calculan que un millar de migrantes han muerto en naufragios durante el temporal \u2018Harry\u2019 \" data-param-url=\"https:\/\/elpais.com\/internacional\/2026-02-02\/ong-italianas-calculan-que-un-millar-de-migrantes-han-muerto-en-naufragios-durante-el-temporal-harry.html\" target=\"_blank\" rel=\"noopener noreferrer\" data-share-track-dtm=\"bluesky\" id=\"btn_share_bluesky_851\"><span class=\"_sr\">Compartir en Bluesky<\/span><\/a><\/div>\n<div class=\"w_rs_i\"><a class=\"_btn \" href=\"https:\/\/www.linkedin.com\/sharing\/share-offsite\/?url=https%3A%2F%2Felpais.com%2Finternacional%2F2026-02-02%2Fong-italianas-calculan-que-un-millar-de-migrantes-han-muerto-en-naufragios-durante-el-temporal-harry.html%3Fssm=LK_CC\" data-param-description=\"ONG italianas calculan que un millar de migrantes han muerto en naufragios durante el temporal \u2018Harry\u2019 \" data-param-href=\"https:\/\/elpais.com\/internacional\/2026-02-02\/ong-italianas-calculan-que-un-millar-de-migrantes-han-muerto-en-naufragios-durante-el-temporal-harry.html\" data-param-text=\"ONG italianas calculan que un millar de migrantes han muerto en naufragios durante el temporal \u2018Harry\u2019 \" data-param-url=\"https:\/\/elpais.com\/internacional\/2026-02-02\/ong-italianas-calculan-que-un-millar-de-migrantes-han-muerto-en-naufragios-durante-el-temporal-harry.html\" target=\"_blank\" rel=\"noopener noreferrer\" data-share-track-dtm=\"linkedin\" id=\"btn_share_linkedin_851\"><span class=\"_sr\">Compartir en Linkedin<\/span><\/a><\/div>\n<div class=\"w_rs_i\"><a class=\"_btn rs_l\" href=\"https:\/\/elpais.com\/internacional\/2026-02-02\/ong-italianas-calculan-que-un-millar-de-migrantes-han-muerto-en-naufragios-durante-el-temporal-harry.html#?prm=copy_link\" data-share-track-dtm=\"copiar_url\" id=\"btn_share_link_97\"><span class=\"_sr\">Copiar enlace<\/span><\/a><\/div>\n<div class=\"w_rs_i\"><a class=\"_btn rs_c\" href=\"https:\/\/elpais.com\/internacional\/2026-02-02\/ong-italianas-calculan-que-un-millar-de-migrantes-han-muerto-en-naufragios-durante-el-temporal-harry.html#comments_container\" aria-expanded=\"false\" aria-controls=\"me-c\" data-share-track-dtm=\"eskup\" id=\"btn_share_comments_97\"><span class=\"_sr\">Ir a los comentarios<\/span><\/a><\/div>\n<\/div>\n<\/div>\n<\/div>\n<div class=\"a_c clearfix\" data-dtm-region=\"articulo_cuerpo\">\n<p class>Cerca de mil migrantes muertos es la estimaci\u00f3n que toma forma en el terrible balance de otra tragedia de <a href=\"https:\/\/elpais.com\/internacional\/2025-06-30\/italia-redobla-su-ofensiva-contra-las-ong-de-rescate-de-migrantes-juicios-espionaje-y-una-vuelta-al-mundo-en-viajes-absurdos.html\" target=\"_self\" rel title=\"https:\/\/elpais.com\/internacional\/2025-06-30\/italia-redobla-su-ofensiva-contra-las-ong-de-rescate-de-migrantes-juicios-espionaje-y-una-vuelta-al-mundo-en-viajes-absurdos.html\">naufragios en el mar Mediterr\u00e1neo<\/a>, cuyo alcance solo se empieza comprender ahora. De confirmarse, ser\u00eda una de las mayores cat\u00e1strofes humanitarias en esta ruta migratoria en los \u00faltimos a\u00f1os. Basta pensar que <a href=\"https:\/\/elpais.com\/internacional\/2025-11-13\/las-muertes-de-migrantes-en-el-mediterraneo-este-ano-superan-las-1500-mientras-crece-la-criminalizacion-de-las-ong-de-rescate.html\" target=\"_self\" rel title=\"https:\/\/elpais.com\/internacional\/2025-11-13\/las-muertes-de-migrantes-en-el-mediterraneo-este-ano-superan-las-1500-mientras-crece-la-criminalizacion-de-las-ong-de-rescate.html\">en todo 2025 la Organizaci\u00f3n Internacional de las Migraciones (OIM) calcula que han muerto 1.500 personas<\/a>, y en este caso se habla de un millar en unos pocos d\u00edas. \u201cSe est\u00e1 delineando la mayor tragedia de los \u00faltimos a\u00f1os en las rutas del Mediterr\u00e1neo central y los gobiernos de Italia y Malta no mueven un dedo\u201d, ha denunciado la presidenta de la ONG italiana Mediterranea Saving Humans, Laura Marmorale. <\/p>\n<p class>Un millar de desaparecidos es el dato que emerge de las estimaciones de la ONG italiana Refugees in Libya, refrendados tambi\u00e9n por Mediterranea, tras recabar informaci\u00f3n de las embarcaciones que zarparon de Sfax, en las costas de T\u00fanez, en los peores d\u00edas del temporal <i>Harry<\/i>, que azot\u00f3 el sur de Italia entre el 19 y el 21 de enero. Caus\u00f3 olas de siete metros y vientos de 54 nudos, y en Cerde\u00f1a, Sicilia y Calabria dej\u00f3 un rastro de destrucci\u00f3n, pero en el litoral magreb\u00ed partieron numerosos botes a pesar de todo.<\/p>\n<p class>La guardia costera italiana admite al menos 380 fallecidos, considerando que registr\u00f3 ocho embarcaciones que se hicieron a la mar en la costa de Sfax entre el 14 y el 21 de enero y nunca llegaron a su destino. Pero seg\u00fan la investigaci\u00f3n de Refugees in Libya, fueron muchas m\u00e1s. Se\u00f1ala que en esos d\u00edas partieron un total de 29, y solo dos llegaron a tierra: una pudo regresar a T\u00fanez al darse la vuelta ante las condiciones del mar, y solo una lleg\u00f3 milagrosamente a la italiana de Lampedusa. El resto ha desaparecido. <\/p>\n<p class>\u201cHay que tener en cuenta que por la direcci\u00f3n del viento esos d\u00edas y la posici\u00f3n de Sfax, desde all\u00ed el mar parec\u00eda en calma\u201d, se\u00f1ala Beppe Caccia, <a href=\"https:\/\/elpais.com\/internacional\/2025-11-09\/meloni-sigue-pagando-a-libia-por-hacer-el-trabajo-sucio-contra-la-inmigracion.html\" target=\"_self\" rel title=\"https:\/\/elpais.com\/internacional\/2025-11-09\/meloni-sigue-pagando-a-libia-por-hacer-el-trabajo-sucio-contra-la-inmigracion.html\">uno de los responsables de Mediterranea Saving Humans<\/a>, en conversaci\u00f3n con EL PA\u00cdS. Esto puede explicar por qu\u00e9 todas esas personas se embarcaron sin temor, pero no la raz\u00f3n por la que se les empuj\u00f3 a zarpar. \u201cEs un n\u00famero de salidas totalmente an\u00f3malo, porque no part\u00edan tantas embarcaciones de all\u00ed desde el oto\u00f1o de 2023, hay que entender qu\u00e9 ha pasado en T\u00fanez\u2033, subraya Caccia. <\/p>\n<p class>Lo cierto es que el n\u00famero de llegadas de migrantes irregulares por mar a Italia desde T\u00fanez ha ca\u00eddo dr\u00e1sticamente desde que <a href=\"https:\/\/elpais.com\/internacional\/2025-12-10\/el-regimen-de-tunez-choca-con-la-ue-y-se-ve-amenazado-por-los-sindicatos-tras-encarcelar-a-la-oposicion.html\" target=\"_self\" rel title=\"https:\/\/elpais.com\/internacional\/2025-12-10\/el-regimen-de-tunez-choca-con-la-ue-y-se-ve-amenazado-por-los-sindicatos-tras-encarcelar-a-la-oposicion.html\">el r\u00e9gimen autoritario tunecino de Kais Said<\/a> firm\u00f3 un pacto con Italia y la UE en septiembre de 2023 <a href=\"https:\/\/elpais.com\/internacional\/2025-10-15\/linchamientos-deportaciones-y-hambre-el-pacto-con-la-ue-convierte-tunez-en-un-lugar-inhabitable-para-los-migrantes.html\" target=\"_self\" rel title=\"https:\/\/elpais.com\/internacional\/2025-10-15\/linchamientos-deportaciones-y-hambre-el-pacto-con-la-ue-convierte-tunez-en-un-lugar-inhabitable-para-los-migrantes.html\">para obtener financiaci\u00f3n a cambio de frenar las salidas<\/a>. A finales de 2025, el 89% de las llegadas a Italia hab\u00edan sido desde Libia.<\/p>\n<div class=\"raw_html\">\n<div>\n<div>\n  <iframe loading=\"lazy\" src=\"https:\/\/www.facebook.com\/plugins\/video.php?height=476&amp;href=https%3A%2F%2Fwww.facebook.com%2Freel%2F864119369728342%2F&amp;show_text=false&amp;width=267&amp;t=0\" width=\"267\" height=\"476\" scrolling=\"no\" frameborder allowfullscreen=\"true\" allow=\"autoplay; clipboard-write; encrypted-media; picture-in-picture; web-share\"><\/iframe><\/p>\n<div>\n    V\u00eddeo difundido por Refugees in Libya del rescate de un n\u00e1ufrago de Sierra Leona por el buque &#8216;Star&#8217;, en enero.\n  <\/div>\n<\/div>\n<\/div>\n<\/div>\n<p class>Sin embargo, de repente a finales de enero partieron 29 botes en el peor momento de los \u00faltimos a\u00f1os. La sospecha es que las autoridades tunecinas, conocidas por sus campa\u00f1as xen\u00f3fobas y violaciones de derechos humanos en el trato a extranjeros, pretendieran desalojar los numerosos asentamientos de inmigrantes subsaharianos acampados en torno a Sfax. \u201cLos testimonios recopilados en comunidades en T\u00fanez presentan un panorama alarmante. Afirman que, desde el 15 de enero, ante la creciente presi\u00f3n del ej\u00e9rcito tunecino, con redadas y la destrucci\u00f3n de campamentos informales en los olivares de los alrededores de Sfax, y una relajaci\u00f3n de los controles en las playas, comenzaron a partir embarcaciones\u201d, se\u00f1ala este lunes un comunicado de Mediterranea.<\/p>\n<p class>Refugees in Libya ha detallado sus c\u00e1lculos para obtener la cifra del millar de desaparecidos. Asegura que a partir del 15 de enero, \u201cmuchas embarcaciones zarparon desde diferentes puntos alrededor de Sfax, incluidas las zonas localmente conocidas como los kil\u00f3metros 19, 21, 25, 27, 30, 31, 33, 35 y 38\u201d. Han ayudado a obtener la informaci\u00f3n personas que se quedaron en tierra porque en ese momento no ten\u00edan el dinero que les ped\u00edan, y familiares de las que partieron y no han vuelto a tener noticias suyas.<\/p>\n<p class>En concreto, la organizaci\u00f3n se\u00f1ala que \u201cun solo traficante, conocido localmente como Mohamed <i>Mauritania<\/i>, impuls\u00f3 cinco salidas, cada una con entre 50 y 55 personas a bordo\u201d. Otras diez embarcaciones zarparon desde los kil\u00f3metros 19 al 21. Y siete desde el kil\u00f3metro 30, una fue la que consigui\u00f3 llegar a Italia. Entre los kil\u00f3metros 33 y 38, otras siete, entre ellas la que pudo regresar a tierra.<\/p>\n<p class>Otra confirmaci\u00f3n ha llegado del rescate que efectu\u00f3 el pasado 23 de enero el buque mercante <i>Star, <\/i>que salv\u00f3 a un n\u00e1ufrago de Sierra Leona, Ramadan Konte, \u00fanico superviviente del hundimiento de una barca en la que viajaban 47 personas. Llevaba 24 horas en el agua, flotaba en el mar en medio de la tormenta, agarrado a un resto de madera de la nave y, rodeado de cuerpos sin vida. Esta embarcaci\u00f3n no estaba en la contabilidad oficial, y es una de las siete que partieron del kil\u00f3metro 30.<\/p>\n<p class>\u201cEl testimonio de Konte es importante no solo por lo que revela sobre un naufragio, sino por lo que confirma sobre el patr\u00f3n general: las embarcaciones que zarpaban de Sfax durante este per\u00edodo se encontraban en condiciones letales con escasas o nulas posibilidades de supervivencia y sin presencia de personal de rescate proactivo\u201d, se\u00f1ala la ONG. Adem\u00e1s, las autoridades maltesas han recuperado decenas de cad\u00e1veres en el mismo per\u00edodo. <\/p>\n<p class>La organizaci\u00f3n admite que su informaci\u00f3n \u201csigue siendo fragmentada y contradictoria, no por negligencia, sino porque no existe un sistema central que registre las salidas, p\u00e9rdidas o recuperaciones\u201d. A\u00f1ade que otras organizaciones ofrecen otras estimaciones, pero en cualquier caso concluye: \u201cEstas discrepancias no se anulan entre s\u00ed, apuntan a una misma realidad: la magnitud supera lo que se reconoce oficialmente\u201d.<\/p>\n<\/div>\n<div id=\"me-dis\" class=\"me _pf\">\n<div class=\"me_bg\">\n<div class=\"me-dis _pa _df\">\n<div class=\"me-dis_c\">\n<h2 class=\"me-dis_t\">Tu suscripci\u00f3n se est\u00e1 usando en otro dispositivo<\/h2>\n<p>\u00bfQuieres a\u00f1adir otro usuario a tu suscripci\u00f3n?<\/p>\n<div class=\"me-dis_l\"><a href=\"https:\/\/elpais.com\/suscripciones\/premium\/upgrade\/?utm_source=autopromo&amp;utm_medium=interno&amp;utm_campaign=YYYY_MM_capping_upgrade\" id=\"capping-upgrade\" class=\"btn\">A\u00f1adir usuario<\/a><a href=\"https:\/\/elpais.com\/internacional\/2026-02-02\/ong-italianas-calculan-que-un-millar-de-migrantes-han-muerto-en-naufragios-durante-el-temporal-harry.html\" id=\"capping-continue\" class=\"btn btn-b\">Continuar leyendo aqu\u00ed<\/a><\/div>\n<p>Si contin\u00faas leyendo en este dispositivo, no se podr\u00e1 leer en el otro.<\/p>\n<p class=\"lk\"><a href=\"https:\/\/elpais.com\/internacional\/2026-02-02\/ong-italianas-calculan-que-un-millar-de-migrantes-han-muerto-en-naufragios-durante-el-temporal-harry.html\" id=\"capping-show-more-button\">\u00bfPor qu\u00e9 est\u00e1s viendo esto?<\/a><\/p>\n<p><span class=\"arrow\" id=\"capping-arrow\">Flecha<\/span><\/p>\n<div class=\"me-dis_d\">\n<div class=\"me-dis_d_t\">\n<h2 class=\"enc\">Tu suscripci\u00f3n se est\u00e1 usando en otro dispositivo y solo puedes acceder a EL PA\u00cdS desde un dispositivo a la vez.<\/h2>\n<div class=\"tx\">\n<p>Si quieres compartir tu cuenta, cambia tu suscripci\u00f3n a la modalidad Premium, as\u00ed podr\u00e1s a\u00f1adir otro usuario. Cada uno acceder\u00e1 con su propia cuenta de email, lo que os permitir\u00e1 personalizar vuestra experiencia en EL PA\u00cdS.<\/p>\n<p>\u00bfTienes una suscripci\u00f3n de empresa? Accede <a target=\"_blank\" rel=\"noreferrer\" href=\"https:\/\/elpais.com\/suscripciones\/premium\/upgrade\/\">aqu\u00ed<\/a> para contratar m\u00e1s cuentas.<\/p>\n<p>En el caso de no saber qui\u00e9n est\u00e1 usando tu cuenta, te recomendamos cambiar tu contrase\u00f1a <a target=\"_blank\" rel=\"noreferrer\" href=\"https:\/\/elpais.com\/subscriptions\/#\/forgot-password\">aqu\u00ed.<\/a><\/p>\n<p>Si decides continuar compartiendo tu cuenta, este mensaje se mostrar\u00e1 en tu dispositivo y en el de la otra persona que est\u00e1 usando tu cuenta de forma indefinida, afectando a tu experiencia de lectura. Puedes <a target=\"_blank\" rel=\"noreferrer\" href=\"https:\/\/elpais.com\/suscripciones\/condiciones-generales-servicios\/\">consultar aqu\u00ed los t\u00e9rminos y condiciones de la suscripci\u00f3n digital.<\/a><\/p>\n<\/div>\n<\/div>\n<\/div>\n<\/div>\n<\/div>\n<\/div>\n<\/div>\n<aside class=\"w w-sea\">\n<h2 class=\"w_t\">Sobre la firma<\/h2>\n<div class=\"w_b\">\n<div class=\"_g _g-xs\">\n<figure class=\"w-sea_f a_m-h c_m--nf\"><span class=\"a_m_w _db\"><img decoding=\"async\" alt=\"\u00cd\u00f1igo Dom\u00ednguez\" class=\"_re lazyload a_m-h\" height=\"100\" width=\"100\" src=\"https:\/\/analyse.optim.biz\/wp-content\/uploads\/2026\/02\/https3a2f2fauthor-service-images-prod-us-east-1-publishing-aws_-arc_-pub2fprisa2fc92761c2-3376-4806-a52e-d7a9a5c2033d.jpg\" loading=\"lazy\" title=\"https3a2f2fauthor-service-images-prod-us-east-1-publishing-aws_-arc_-pub2fprisa2fc92761c2-3376-4806-a52e-d7a9a5c2033d\"><\/span><\/figure>\n<div class=\"w-sea_txt\">\n<div class=\"_df\">\n<div class=\"w-sea_txt_na\"><a href=\"https:\/\/elpais.com\/autor\/inigo-dominguez-gabina\/\" rel=\"autor_bottom\">\u00cd\u00f1igo Dom\u00ednguez<\/a><\/div>\n<\/div>\n<div class=\"w-sea_txt_da _dn\">Corresponsal en Roma desde 2024. Antes lo fue de 2001 a 2015, a\u00f1o en que se traslad\u00f3 a Madrid y comenz\u00f3 a trabajar en EL PA\u00cdS. Es autor de cuatro libros sobre la mafia, viajes y reportajes.<\/div>\n<\/div>\n<\/div>\n<\/div>\n<\/aside>\n<aside class=\"w w-fid\">\n<div class=\"w_b\">\n<div class=\"w-fid_t\"><a href=\"https:\/\/plus.elpais.com\/newsletters\/lnp\/1\/334\/#?prm=not_newsletters_internacional\">Recibe el bolet\u00edn de Internacional<\/a><\/div>\n<div class=\"w-fid_s\">\n<div class=\"w_rs\">\n<div class=\"w_rs_i\"><a class=\"_btn\" href=\"https:\/\/www.facebook.com\/elpais\" rel=\"nofollow\"><span class=\"_sr\">Internacional El Pa\u00eds en Facebook<\/span><\/a><\/div>\n<div class=\"w_rs_i\"><a class=\"_btn\" href=\"https:\/\/www.instagram.com\/el_pais\/\" rel=\"nofollow\"><span class=\"_sr\">Internacional El Pa\u00eds en Instagram<\/span><\/a><\/div>\n<div class=\"w_rs_i\"><a class=\"_btn\" href=\"https:\/\/twitter.com\/el_pais\" rel=\"nofollow\"><span class=\"_sr\">Internacional El Pa\u00eds en Twitter<\/span><\/a><\/div>\n<\/div>\n<\/div>\n<\/div>\n<\/aside>\n<aside class=\"a_com w w-com _df\"><a class=\"a_com_l\" href=\"https:\/\/elpais.com\/info\/normas-de-participacion\/\">Normas \u203a<\/a><\/aside>\n<div class=\"me _pf\" id=\"me-c\">\n<div class=\"me_bg\">\n<div class=\"me-c _pa\" id=\"comments_container\" data-dtm-region=\"articulo_comentarios\">\n<div class=\"me_f me_f-os me_cc\"><a href=\"https:\/\/plus.elpais.com\/perfil\/actividad\/\">Mis comentarios<\/a><a href=\"https:\/\/elpais.com\/info\/normas-de-participacion\/\">Normas<\/a><\/div>\n<div class=\"me_f me_f-ns\"><span class=\"me_f_txt _db\">Rellena tu <b>nombre y apellido<\/b> para comentar<\/span><a href=\"https:\/\/plus.elpais.com\/autorization.html\/?prod=COM&amp;backURL=https%3A%2F%2Felpais.com%2Finternacional%2F2026-02-02%2Fong-italianas-calculan-que-un-millar-de-migrantes-han-muerto-en-naufragios-durante-el-temporal-harry.html\" class=\"btn btn-2\">completar datos<\/a><\/div>\n<div class=\"me_f\" id=\"comments_msg\"><a class=\"btn btn-2\" href=\"https:\/\/elpais.com\/suscripciones\/#\/campaign?prod=SUSDIGCRART&amp;o=COM&amp;prm=suscrip_articulo_comentarios_el-pais&amp;backURL=https%3A%2F%2Felpais.com%2Finternacional%2F2026-02-02%2Fong-italianas-calculan-que-un-millar-de-migrantes-han-muerto-en-naufragios-durante-el-temporal-harry.html\" id=\"comments_subscribe_link\" data-link-am=\"https:\/\/elpais.com\/suscripciones\/america\/#\/campaign?prod=SUSDIGCRARTAM&amp;o=COMAM&amp;prm=suscrip_articulo_comentarios_el-pais-america&amp;backURL=https%3A%2F%2Felpais.com%2Finternacional%2F2026-02-02%2Fong-italianas-calculan-que-un-millar-de-migrantes-han-muerto-en-naufragios-durante-el-temporal-harry.html\" data-link-mx=\"https:\/\/elpais.com\/suscripciones\/america\/#\/campaign?prod=SUSDIGMX&amp;o=COMMX&amp;prm=suscrip_articulo_comentarios_el-pais-mexico&amp;backURL=https%3A%2F%2Felpais.com%2Finternacional%2F2026-02-02%2Fong-italianas-calculan-que-un-millar-de-migrantes-han-muerto-en-naufragios-durante-el-temporal-harry.html\" data-link-co=\"https:\/\/elpais.com\/suscripciones\/america\/#\/campaign?prod=SUSDIGCOL&amp;o=COMCOL&amp;prm=suscrip_articulo_comentarios_el-pais_colombia&amp;backURL=https%3A%2F%2Felpais.com%2Finternacional%2F2026-02-02%2Fong-italianas-calculan-que-un-millar-de-migrantes-han-muerto-en-naufragios-durante-el-temporal-harry.html\" data-link-ar=\"https:\/\/elpais.com\/suscripciones\/america\/#\/campaign?prod=SUSDIGCRARTAR&amp;o=COMAR&amp;backURL=https%3A%2F%2Felpais.com%2Finternacional%2F2026-02-02%2Fong-italianas-calculan-que-un-millar-de-migrantes-han-muerto-en-naufragios-durante-el-temporal-harry.html\" data-link-cl=\"https:\/\/elpais.com\/suscripciones\/america\/#\/campaign?prod=SUSDIGCHILE&amp;o=COMCHILE&amp;backURL=https%3A%2F%2Felpais.com%2Finternacional%2F2026-02-02%2Fong-italianas-calculan-que-un-millar-de-migrantes-han-muerto-en-naufragios-durante-el-temporal-harry.html\" data-link-us=\"https:\/\/elpais.com\/suscripciones\/america\/#\/campaign?prod=SUSDIGCRARTEUCAN&amp;o=COMUS&amp;prm=suscrip_articulo_comentarios_el-pais_eucan&amp;backURL=https%3A%2F%2Felpais.com%2Finternacional%2F2026-02-02%2Fong-italianas-calculan-que-un-millar-de-migrantes-han-muerto-en-naufragios-durante-el-temporal-harry.html\">Suscr\u00edbete en El Pa\u00eds para participar<\/a><a class=\"btn btn-3\" href=\"https:\/\/elpais.com\/subscriptions\/#\/sign-in?prod=REG&amp;o=COM&amp;prm=login_articulo_comentarios_el-pais&amp;backURL=https%3A%2F%2Felpais.com%2Finternacional%2F2026-02-02%2Fong-italianas-calculan-que-un-millar-de-migrantes-han-muerto-en-naufragios-durante-el-temporal-harry.html\" id=\"comments_login_link\" data-link-am=\"https:\/\/elpais.com\/subscriptions\/#\/sign-in?prod=REG&amp;o=COM&amp;prm=login_articulo_comentarios_el-pais-america&amp;backURL=https%3A%2F%2Felpais.com%2Finternacional%2F2026-02-02%2Fong-italianas-calculan-que-un-millar-de-migrantes-han-muerto-en-naufragios-durante-el-temporal-harry.html\" data-link-mx=\"https:\/\/elpais.com\/subscriptions\/#\/sign-in?prod=REG&amp;o=COM&amp;prm=login_articulo_comentarios_el-pais-mexico&amp;backURL=https%3A%2F%2Felpais.com%2Finternacional%2F2026-02-02%2Fong-italianas-calculan-que-un-millar-de-migrantes-han-muerto-en-naufragios-durante-el-temporal-harry.html\" data-link-co=\"https:\/\/elpais.com\/subscriptions\/#\/sign-in?prod=REG&amp;o=COM&amp;backURL=https%3A%2F%2Felpais.com%2Finternacional%2F2026-02-02%2Fong-italianas-calculan-que-un-millar-de-migrantes-han-muerto-en-naufragios-durante-el-temporal-harry.html\" data-link-ar=\"https:\/\/elpais.com\/subscriptions\/#\/sign-in?prod=REG&amp;o=COM&amp;backURL=https%3A%2F%2Felpais.com%2Finternacional%2F2026-02-02%2Fong-italianas-calculan-que-un-millar-de-migrantes-han-muerto-en-naufragios-durante-el-temporal-harry.html\" data-link-cl=\"https:\/\/elpais.com\/subscriptions\/#\/sign-in?prod=REG&amp;o=COM&amp;backURL=https%3A%2F%2Felpais.com%2Finternacional%2F2026-02-02%2Fong-italianas-calculan-que-un-millar-de-migrantes-han-muerto-en-naufragios-durante-el-temporal-harry.html\" data-link-us=\"https:\/\/elpais.com\/subscriptions\/#\/sign-in?prod=REG&amp;o=COM&amp;backURL=https%3A%2F%2Felpais.com%2Finternacional%2F2026-02-02%2Fong-italianas-calculan-que-un-millar-de-migrantes-han-muerto-en-naufragios-durante-el-temporal-harry.html\">Ya tengo una suscripci\u00f3n<\/a><\/div>\n<p>Please enable JavaScript to view the &lt;a href=&#8221;https:\/\/disqus.com\/?ref_noscript&#8221; rel=&#8221;nofollow&#8221;&gt; comments powered by Disqus.&lt;\/a&gt;<\/p><\/div>\n<\/div>\n<\/div>\n<aside class=\"w w-rel\" data-dtm-region=\"articulo_mas-informacion\">\n<h2 class=\"w_t\">M\u00e1s informaci\u00f3n<\/h2>\n<ul class=\"w_b _ls\">\n<li class=\"_g _g-xs w-rel_n\">\n<div class=\" a_m-h c_m--nf\"><span class=\"_db _pr\"><img decoding=\"async\" class=\"_re lazyload a_m-h\" height=\"311\" width=\"414\" src=\"https:\/\/analyse.optim.biz\/wp-content\/uploads\/2026\/02\/vzvfcfgrpnb2jlg44xtm4txoei.jpg\" loading=\"lazy\" title=\"vzvfcfgrpnb2jlg44xtm4txoei\"><\/span><\/div>\n<div class=\"nt\">\n<h3 class=\"nt_t\"><a href=\"https:\/\/elpais.com\/internacional\/2025-11-09\/meloni-sigue-pagando-a-libia-por-hacer-el-trabajo-sucio-contra-la-inmigracion.html#?rel=mas\">Meloni sigue pagando a Libia por hacer el trabajo sucio contra la inmigraci\u00f3n<\/a><\/h3>\n<div class=\"nt_a\"><a href=\"https:\/\/elpais.com\/autor\/inigo-dominguez-gabina\/\" title=\"Ver todas las noticias de \u00cd\u00f1igo Dom\u00ednguez\">\u00cd\u00f1igo Dom\u00ednguez<\/a> | Roma<\/div>\n<\/div>\n<\/li>\n<li class=\"_g _g-xs w-rel_n\">\n<div class=\" a_m-h c_m--nf\"><span class=\"_db _pr\"><img decoding=\"async\" class=\"_re lazyload a_m-h\" height=\"311\" width=\"414\" src=\"https:\/\/analyse.optim.biz\/wp-content\/uploads\/2026\/02\/wvzqjvhb7zjord67vjly3nkhke.jpg\" loading=\"lazy\" title=\"wvzqjvhb7zjord67vjly3nkhke\"><\/span><\/div>\n<div class=\"nt\">\n<h3 class=\"nt_t\"><a href=\"https:\/\/elpais.com\/internacional\/2025-12-17\/los-cambios-sobre-migracion-en-la-ue-envalentonan-a-meloni-para-retomar-las-deportaciones-a-albania.html#?rel=mas\">Los cambios sobre migraci\u00f3n en la UE envalentonan a Meloni para retomar las deportaciones a Albania<\/a><\/h3>\n<div class=\"nt_a\"><a href=\"https:\/\/elpais.com\/autor\/inigo-dominguez-gabina\/\" title=\"Ver todas las noticias de \u00cd\u00f1igo Dom\u00ednguez\">\u00cd\u00f1igo Dom\u00ednguez<\/a> | Roma<\/div>\n<\/div>\n<\/li>\n<\/ul>\n<\/aside>\n<section class=\"w w-ae\" data-dtm-region=\"articulo_archivado-en\">\n<h2 class=\"w_t\">Archivado En<\/h2>\n<div class=\"w_b\">\n<ul class=\"w_ul w_ul--mh _df _ls\">\n<li><a href=\"https:\/\/elpais.com\/noticias\/italia\/#?rel=arch\" rel=\"noopener noreferrer\">Italia<\/a><\/li>\n<li><a href=\"https:\/\/elpais.com\/noticias\/tunez\/#?rel=arch\" rel=\"noopener noreferrer\">T\u00fanez<\/a><\/li>\n<li><a href=\"https:\/\/elpais.com\/noticias\/mar-mediterraneo\/#?rel=arch\" rel=\"noopener noreferrer\">Mar Mediterr\u00e1neo<\/a><\/li>\n<li><a href=\"https:\/\/elpais.com\/noticias\/ong-organizaciones-no-gubernamentales\/#?rel=arch\" rel=\"noopener noreferrer\">ONG<\/a><\/li>\n<li><a href=\"https:\/\/elpais.com\/noticias\/salvamento-maritimo\/#?rel=arch\" rel=\"noopener noreferrer\">Salvamento mar\u00edtimo<\/a><\/li>\n<li><a href=\"https:\/\/elpais.com\/noticias\/inmigracion\/#?rel=arch\" rel=\"noopener noreferrer\">Inmigraci\u00f3n<\/a><\/li>\n<li><a href=\"https:\/\/elpais.com\/noticias\/inmigracion-irregular\/#?rel=arch\" rel=\"noopener noreferrer\">Inmigraci\u00f3n irregular<\/a><\/li>\n<li><a href=\"https:\/\/elpais.com\/noticias\/naufragios\/#?rel=arch\" rel=\"noopener noreferrer\">Naufragios<\/a><\/li>\n<\/ul>\n<\/div>\n<\/section>\n<aside class=\"a_tp _df\">\n<div class=\"a_tp_txt\"><span class=\"a_tp_t\">Se adhiere a los criterios de<\/span><\/p>\n<figure class=\"a_m a_m-h c_m--nf\"><a class=\"a_tp_i _dib\" href=\"https:\/\/elpais.com\/estaticos\/que-es-the-trust-project\/\" target=\"_blank\" rel=\"noopener noreferrer nofollow\"><img decoding=\"async\" alt=\"The Trust Project\" class=\" lazyload a_m-h\" height=\"20\" width=\"117\" src=\"https:\/\/analyse.optim.biz\/wp-content\/uploads\/2026\/02\/the-trust-project-67.svg\" loading=\"lazy\" title=\"the-trust-project-67\"><\/a><\/figure>\n<p><a class=\"a_tp_mi\" href=\"https:\/\/elpais.com\/estaticos\/codigo-etico\/\" target=\"_blank\" rel=\"noopener noreferrer nofollow\">M\u00e1s informaci\u00f3n<\/a><\/div>\n<div class=\"a_tp_si\">Si est\u00e1 interesado en licenciar este contenido, pinche <a class=\"a_tp_si_l\" href=\"https:\/\/profesional.elpais.com\/soluciones-sindicacion\/?utm_medium=interno&amp;utm_source=crosslinking&amp;utm_campaign=sindicacion_ep_pie_articulos\" target=\"_blank\" rel=\"noopener noreferrer nofollow\">aqu\u00ed<\/a><\/div>\n<\/aside>\n<div class=\"a_o _pr\" data-dtm-region=\"articulo_right-rail\">\n<div id=\"elpais_gpt-MPU1\" data-adtype=\"MPU\" class=\"ad ad-mpu\"><span class=\"_dn\">_<\/span><\/div>\n<section class=\"w w-sc b_col\" data-dtm-region=\"articulo_ultimas-noticias\">\n<header class=\"w_h b_col_h\">\n<h3 class=\"w_t\"><a href=\"https:\/\/elpais.com\/ultimas-noticias\/\" rel=\"story-card-ultimas-noticias\">\u00daltimas noticias<\/a><\/h3>\n<\/header>\n<div class=\"w_b\">\n<article class=\"c  c--m-n   \" data-word=\"0\">\n<header class=\"c_h\"><time datetime=\"2026-02-03T01:05:00+01:00\" class=\"c_da\">01:05<\/time><\/p>\n<h2 class=\"c_t \"><a href=\"https:\/\/elpais.com\/ciencia\/2026-02-03\/un-implante-en-el-cerebro-permite-recuperar-la-vision-a-un-hombre-ciego-por-una-lesion-en-el-nervio-optico.html\">Un implante en el cerebro permite recuperar la visi\u00f3n a un hombre ciego por una lesi\u00f3n en el nervio \u00f3ptico<\/a><\/h2>\n<\/header>\n<\/article>\n<article class=\"c  c--m-n   \" data-word=\"0\">\n<header class=\"c_h\"><time datetime=\"2026-02-03T01:04:42+01:00\" class=\"c_da\">01:04<\/time><\/p>\n<h2 class=\"c_t \"><a href=\"https:\/\/elpais.com\/chile\/2026-02-03\/kast-inicia-su-primera-gira-a-europa-como-presidente-electo-y-se-reunira-con-orban-y-meloni.html\">Kast inicia su primera gira a Europa como presidente electo y se reunir\u00e1 con Orb\u00e1n y Meloni <\/a><\/h2>\n<\/header>\n<\/article>\n<article class=\"c  c--m-n   \" data-word=\"0\">\n<header class=\"c_h\"><time datetime=\"2026-02-03T00:31:27+01:00\" class=\"c_da\">00:31<\/time><\/p>\n<h2 class=\"c_t \"><a href=\"https:\/\/elpais.com\/america\/2026-02-02\/delcy-rodriguez-nombra-ministra-a-la-hija-de-diosdado-cabello-que-gana-poder-en-venezuela.html\">Delcy Rodr\u00edguez nombra ministra a la hija de Diosdado Cabello, que gana poder en Venezuela<\/a><\/h2>\n<\/header>\n<\/article>\n<article class=\"c  c--m-n   \" data-word=\"0\">\n<header class=\"c_h\"><time datetime=\"2026-02-03T00:28:32+01:00\" class=\"c_da\">00:28<\/time><\/p>\n<h2 class=\"c_t \"><a href=\"https:\/\/elpais.com\/us\/migracion\/2026-02-02\/noem-anuncia-que-todos-los-agentes-federales-de-inmigracion-en-minneapolis-llevaran-camaras-corporales.html\">Noem anuncia que todos los agentes federales de inmigraci\u00f3n en Minneapolis llevar\u00e1n c\u00e1maras corporales <\/a><\/h2>\n<\/header>\n<\/article>\n<\/div>\n<\/section>\n<aside class=\"w w-lmv\" data-dtm-region=\"articulo_lom\">\n<h2 class=\"w_t\"><a href=\"https:\/\/elpais.com\/lo-mas-visto\/\">Lo m\u00e1s visto<\/a><\/h2>\n<div class=\"w_b\">\n<ol class=\"_ls\">\n<li><a href=\"https:\/\/elpais.com\/clima-y-medio-ambiente\/2026-02-01\/deconstruccion-de-la-costa-asi-se-esta-quitando-ya-hormigon-para-dar-mas-espacio-a-las-playas-frente-a-los-temporales.html#?rel=lom\">Deconstrucci\u00f3n de la costa: as\u00ed se est\u00e1 quitando ya hormig\u00f3n para dar m\u00e1s espacio a las playas frente a los temporales<\/a><\/li>\n<li><a href=\"https:\/\/elpais.com\/sociedad\/2026-02-02\/espana-tarda-casi-un-ano-en-publicar-las-causas-de-muerte-un-plazo-que-lastra-la-vigilancia-sanitaria.html#?rel=lom\">Espa\u00f1a tarda casi un a\u00f1o en publicar las causas de muerte, un plazo que lastra la vigilancia sanitaria<\/a><\/li>\n<li><a href=\"https:\/\/elpais.com\/smoda\/moda\/2026-02-01\/los-mejores-looks-de-la-alfombra-roja-de-los-grammy-2026.html#?rel=lom\">Los \u2018looks\u2019 de la alfombra roja de los Grammy 2026: de las transparencias de Karol G a las plumas de Lady Gaga <\/a><\/li>\n<li><a href=\"https:\/\/elpais.com\/espana\/2026-02-02\/feijoo-sobre-la-dimision-de-mazon-se-da-cuenta-de-que-cuando-la-gente-no-te-da-la-razon-lo-mas-honesto-es-irte.html#?rel=lom\">Feij\u00f3o, sobre la dimisi\u00f3n de Maz\u00f3n: \u201cSe da cuenta de que, cuando la gente no te da la raz\u00f3n, lo m\u00e1s honesto es irte\u201d<\/a><\/li>\n<li><a href=\"https:\/\/elpais.com\/internacional\/2026-02-02\/un-frances-de-24-anos-se-presenta-en-el-hospital-con-un-obus-de-la-i-guerra-mundial-en-el-recto.html#?rel=lom\">Un franc\u00e9s de 24 a\u00f1os se presenta en el hospital con un ob\u00fas de la I Guerra Mundial en el recto<\/a><\/li>\n<\/ol>\n<\/div>\n<\/aside>\n<\/div>\n<\/article>\n<article class=\"c  c--m-n   \" data-word=\"0\">\n<header class=\"c_h\"><time datetime=\"2026-02-03T01:05:00+01:00\" class=\"c_da\">01:05<\/time><\/p>\n<h2 class=\"c_t \"><a href=\"https:\/\/elpais.com\/ciencia\/2026-02-03\/un-implante-en-el-cerebro-permite-recuperar-la-vision-a-un-hombre-ciego-por-una-lesion-en-el-nervio-optico.html\">Un implante en el cerebro permite recuperar la visi\u00f3n a un hombre ciego por una lesi\u00f3n en el nervio \u00f3ptico<\/a><\/h2>\n<\/header>\n<\/article>\n<article class=\"c  c--m-n   \" data-word=\"0\">\n<header class=\"c_h\"><time datetime=\"2026-02-03T01:04:42+01:00\" class=\"c_da\">01:04<\/time><\/p>\n<h2 class=\"c_t \"><a href=\"https:\/\/elpais.com\/chile\/2026-02-03\/kast-inicia-su-primera-gira-a-europa-como-presidente-electo-y-se-reunira-con-orban-y-meloni.html\">Kast inicia su primera gira a Europa como presidente electo y se reunir\u00e1 con Orb\u00e1n y Meloni <\/a><\/h2>\n<\/header>\n<\/article>\n<article class=\"c  c--m-n   \" data-word=\"0\">\n<header class=\"c_h\"><time datetime=\"2026-02-03T00:31:27+01:00\" class=\"c_da\">00:31<\/time><\/p>\n<h2 class=\"c_t \"><a href=\"https:\/\/elpais.com\/america\/2026-02-02\/delcy-rodriguez-nombra-ministra-a-la-hija-de-diosdado-cabello-que-gana-poder-en-venezuela.html\">Delcy Rodr\u00edguez nombra ministra a la hija de Diosdado Cabello, que gana poder en Venezuela<\/a><\/h2>\n<\/header>\n<\/article>\n<article class=\"c  c--m-n   \" data-word=\"0\">\n<header class=\"c_h\"><time datetime=\"2026-02-03T00:28:32+01:00\" class=\"c_da\">00:28<\/time><\/p>\n<h2 class=\"c_t \"><a href=\"https:\/\/elpais.com\/us\/migracion\/2026-02-02\/noem-anuncia-que-todos-los-agentes-federales-de-inmigracion-en-minneapolis-llevaran-camaras-corporales.html\">Noem anuncia que todos los agentes federales de inmigraci\u00f3n en Minneapolis llevar\u00e1n c\u00e1maras corporales <\/a><\/h2>\n<\/header>\n<\/article>\n<p> Source URL: https:\/\/elpais.com\/internacional\/2026-02-02\/ong-italianas-calculan-que-un-millar-de-migrantes-han-muerto-en-naufragios-durante-el-temporal-harry.html<\/p>\n","protected":false},"excerpt":{"rendered":"<p>Inmigraci\u00f3n ONG italianas calculan que un millar de migrantes han muerto en naufragios durante el temporal \u2018Harry\u2019 Los datos recabados indican que hubo una oleada \u201can\u00f3mala\u201d de salidas desde T\u00fanez, pese al mal tiempo: zarparon 29 embarcaciones y solo se salvaron dos. La guardia costera admite al menos 380 desaparecidos Un hombre cae al agua [&hellip;]<\/p>\n","protected":false},"author":1,"featured_media":1722162,"comment_status":"open","ping_status":"","sticky":false,"template":"","format":"standard","meta":{"footnotes":""},"categories":[88],"tags":[226,92],"class_list":["post-1722161","post","type-post","status-publish","format-standard","has-post-thumbnail","hentry","category-spain","tag-crawlmanager","tag-elpais-com"],"_links":{"self":[{"href":"https:\/\/analyse.optim.biz\/index.php?rest_route=\/wp\/v2\/posts\/1722161","targetHints":{"allow":["GET"]}}],"collection":[{"href":"https:\/\/analyse.optim.biz\/index.php?rest_route=\/wp\/v2\/posts"}],"about":[{"href":"https:\/\/analyse.optim.biz\/index.php?rest_route=\/wp\/v2\/types\/post"}],"author":[{"embeddable":true,"href":"https:\/\/analyse.optim.biz\/index.php?rest_route=\/wp\/v2\/users\/1"}],"replies":[{"embeddable":true,"href":"https:\/\/analyse.optim.biz\/index.php?rest_route=%2Fwp%2Fv2%2Fcomments&post=1722161"}],"version-history":[{"count":0,"href":"https:\/\/analyse.optim.biz\/index.php?rest_route=\/wp\/v2\/posts\/1722161\/revisions"}],"wp:featuredmedia":[{"embeddable":true,"href":"https:\/\/analyse.optim.biz\/index.php?rest_route=\/wp\/v2\/media\/1722162"}],"wp:attachment":[{"href":"https:\/\/analyse.optim.biz\/index.php?rest_route=%2Fwp%2Fv2%2Fmedia&parent=1722161"}],"wp:term":[{"taxonomy":"category","embeddable":true,"href":"https:\/\/analyse.optim.biz\/index.php?rest_route=%2Fwp%2Fv2%2Fcategories&post=1722161"},{"taxonomy":"post_tag","embeddable":true,"href":"https:\/\/analyse.optim.biz\/index.php?rest_route=%2Fwp%2Fv2%2Ftags&post=1722161"}],"curies":[{"name":"wp","href":"https:\/\/api.w.org\/{rel}","templated":true}]}}