{"id":172180,"date":"2015-11-05T22:24:03","date_gmt":"2015-11-05T19:24:03","guid":{"rendered":"https:\/\/analyse.optim.biz\/?p=172180"},"modified":"2015-11-05T22:24:03","modified_gmt":"2015-11-05T19:24:03","slug":"marko-bela-unii-politicieni-nu-pot-fi-reformati-si-nu-avem-nevoie-de-ei","status":"publish","type":"post","link":"https:\/\/analyse.optim.biz\/?p=172180","title":{"rendered":"Marko Bela: Unii politicieni nu pot fi reforma\u021bi \u0219i nu avem nevoie de ei"},"content":{"rendered":"<div class=\"entry data-app-meta data-app-meta-article\" data-embed-base-url-canonical=\"https:\/\/www.digi24.ro\/embed\/stiri\/actualitate\/politica\/marko-bela-unii-politicieni-nu-pot-fi-reformati-si-nu-avem-nevoie-de-ei-454880\">\n<p data-index=\"1\"><img decoding=\"async\" src=\"https:\/\/analyse.optim.biz\/wp-content\/uploads\/2024\/09\/yxnopte4odvhywfimgizzwflytzmyjewy2ezody2ntnkm2rl-thumb_.jpg\" data-skip-htmlfix=\"1\" title=\"yxnopte4odvhywfimgizzwflytzmyjewy2ezody2ntnkm2rl-thumb_\"><\/p>\n<p data-index=\"2\">\u201eDac\u0103 partidele politice, dac\u0103 politicienii, care sunt \u00een acest moment sau care vin dup\u0103 alegerile urm\u0103toare, vor avea o ofert\u0103 credibil\u0103, atunci aceast\u0103 ofert\u0103 ar fi r\u0103spunsul cel mai adecvat la nemul\u021bumirile opiniei publice. Foarte mul\u021bi \u0219i-au pierdut credibilitatea. Unii politicieni nu pot fi reforma\u021bi \u0219i nu avem nevoie de ei, dar Parlamentul da, trebuie reformat, sistemul \u00een continuare trebuie s\u0103 fie viabil. Eu \u00een continuare cred \u00een democra\u021bie, cred \u00een sistemul parlamentar, dar v\u0103 m\u0103rturisesc c\u0103 \u0219i eu \u00eensumi sunt dezam\u0103git \u00een ceea ce prive\u0219te activitatea multora din clasa politic\u0103 \u0219i actualul Parlament, din acest punct de vedere, este mult mai defectuos dec\u00e2t parlamentele pe care le-am avut \u00een anii &#8217;90 sau la \u00eenceputul anilor 2000. Din acest punct de vedere avem ce corecta\u201d, a afirmat Marko Bela.<\/p>\n<p data-index=\"3\">Fostul lider al UDMR a subliniat c\u0103 democra\u021bia parlamentar\u0103 nu este un sistem perfect, dar c\u0103 deocamdat\u0103 nimeni nu a reu\u0219it s\u0103 inventeze ceva mai viabil sau ceva mai acceptabil. Acesta a spus c\u0103 este \u00eengrijorat cu privire la ceea ce se \u00eent\u00e2mpl\u0103, fiindc\u0103 nemul\u021bumirile fa\u021b\u0103 de clasa politic\u0103 \u201esunt justificate, au un temei real \u0219i se refer\u0103 la lipsa de programe\u201d.<\/p>\n<p data-index=\"4\">\u201eNu exist\u0103 o ofert\u0103 a partidelor privind sistemul de s\u0103n\u0103tate, \u00eenv\u0103\u021b\u0103m\u00e2nt, infrastructur\u0103, administra\u021bie \u0219i da, din acest punct de vedere s-a f\u0103cut o gre\u0219eal\u0103 enorm\u0103 atunci c\u00e2nd am schimbat sistemul electoral \u0219i sistemul uninominal s-a dovedit a fi mult mai deficitar dec\u00e2t sistemul anterior, pe liste. \u0218i e foarte bine c\u0103 totu\u0219i ceva ce s-a reu\u0219it cel pu\u021bin prin schimbarea legii electorale\u201d, a mai afirmat Marko Bela.<\/p>\n<\/div>\n<p> Source URL: https:\/\/www.digi24.ro\/stiri\/actualitate\/politica\/marko-bela-unii-politicieni-nu-pot-fi-reformati-si-nu-avem-nevoie-de-ei-454880<\/p>\n","protected":false},"excerpt":{"rendered":"<p>\u201eDac\u0103 partidele politice, dac\u0103 politicienii, care sunt \u00een acest moment sau care vin dup\u0103 alegerile urm\u0103toare, vor avea o ofert\u0103 credibil\u0103, atunci aceast\u0103 ofert\u0103 ar fi r\u0103spunsul cel mai adecvat la nemul\u021bumirile opiniei publice. Foarte mul\u021bi \u0219i-au pierdut credibilitatea. Unii politicieni nu pot fi reforma\u021bi \u0219i nu avem nevoie de ei, dar Parlamentul da, trebuie [&hellip;]<\/p>\n","protected":false},"author":1,"featured_media":172181,"comment_status":"open","ping_status":"","sticky":false,"template":"","format":"standard","meta":{"footnotes":""},"categories":[2],"tags":[11],"class_list":["post-172180","post","type-post","status-publish","format-standard","has-post-thumbnail","hentry","category-politics","tag-digi24"],"_links":{"self":[{"href":"https:\/\/analyse.optim.biz\/index.php?rest_route=\/wp\/v2\/posts\/172180","targetHints":{"allow":["GET"]}}],"collection":[{"href":"https:\/\/analyse.optim.biz\/index.php?rest_route=\/wp\/v2\/posts"}],"about":[{"href":"https:\/\/analyse.optim.biz\/index.php?rest_route=\/wp\/v2\/types\/post"}],"author":[{"embeddable":true,"href":"https:\/\/analyse.optim.biz\/index.php?rest_route=\/wp\/v2\/users\/1"}],"replies":[{"embeddable":true,"href":"https:\/\/analyse.optim.biz\/index.php?rest_route=%2Fwp%2Fv2%2Fcomments&post=172180"}],"version-history":[{"count":0,"href":"https:\/\/analyse.optim.biz\/index.php?rest_route=\/wp\/v2\/posts\/172180\/revisions"}],"wp:featuredmedia":[{"embeddable":true,"href":"https:\/\/analyse.optim.biz\/index.php?rest_route=\/wp\/v2\/media\/172181"}],"wp:attachment":[{"href":"https:\/\/analyse.optim.biz\/index.php?rest_route=%2Fwp%2Fv2%2Fmedia&parent=172180"}],"wp:term":[{"taxonomy":"category","embeddable":true,"href":"https:\/\/analyse.optim.biz\/index.php?rest_route=%2Fwp%2Fv2%2Fcategories&post=172180"},{"taxonomy":"post_tag","embeddable":true,"href":"https:\/\/analyse.optim.biz\/index.php?rest_route=%2Fwp%2Fv2%2Ftags&post=172180"}],"curies":[{"name":"wp","href":"https:\/\/api.w.org\/{rel}","templated":true}]}}