{"id":172166,"date":"2015-11-05T23:21:06","date_gmt":"2015-11-05T20:21:06","guid":{"rendered":"https:\/\/analyse.optim.biz\/?p=172166"},"modified":"2015-11-05T23:21:06","modified_gmt":"2015-11-05T20:21:06","slug":"prima-zi-de-consultari-la-cotroceni-psd-vrea-prioritati-si-apoi-oameni-in-timp-ce-pnl-vrea-alegeri-anticipate","status":"publish","type":"post","link":"https:\/\/analyse.optim.biz\/?p=172166","title":{"rendered":"Prima zi de consult\u0103ri la Cotroceni. PSD vrea priorit\u0103\u021bi \u0219i apoi oameni, \u00een timp ce PNL vrea alegeri anticipate"},"content":{"rendered":"<div class=\"entry data-app-meta data-app-meta-article\" data-embed-base-url-canonical=\"https:\/\/www.digi24.ro\/embed\/stiri\/actualitate\/politica\/prima-zi-de-consultari-la-cotroceni-psd-vrea-prioritati-si-apoi-oameni-in-timp-ce-pnl-vrea-alegeri-anticipate-454892\">\n<p data-index=\"1\">Klaus Iohannis: Am decis s\u0103 consult, \u00een premier\u0103, un nou actor: societatea civil\u0103. Voi convoca pentru vineri un grup care reprezint\u0103 societatea civil\u0103 \u0219i ceea ce nume\u0219te strada.<\/p>\n<p data-index=\"2\"><img decoding=\"async\" src=\"https:\/\/analyse.optim.biz\/wp-content\/uploads\/2024\/09\/zgnkmzu4ndq3ngewm2nlzwviztfkodgwndg5zdeyza-thumb_.jpg\" data-skip-htmlfix=\"1\" title=\"zgnkmzu4ndq3ngewm2nlzwviztfkodgwndg5zdeyza-thumb_\"><\/p>\n<p data-index=\"3\">Alina Gorghiu: Propunerea cu care PNL a venit a fost de dizolvare a Parlamentului \u0219i de organizare de alegeri anticipate.<\/p>\n<p data-index=\"4\">Vasile Blaga: Pre\u0219edintele a spus c\u0103 este solu\u021bia cea mai rezonabil\u0103 \u00een momentul de fa\u021b\u0103.<\/p>\n<p data-index=\"5\"><img decoding=\"async\" src=\"https:\/\/analyse.optim.biz\/wp-content\/uploads\/2024\/09\/zgi2mmy1yzc5nzuxnmeyzgm3owy0mjmwmde3ndhjzq-thumb_.jpg\" data-skip-htmlfix=\"1\" title=\"zgi2mmy1yzc5nzuxnmeyzgm3owy0mjmwmde3ndhjzq-thumb_\"><\/p>\n<p data-index=\"6\">Liviu Dragnea: Am considerat c\u0103 nu este eficient ca ast\u0103zi s\u0103 vorbim despre o persoan\u0103 care s\u0103 ocupe func\u021bia de prim-ministru.<\/p>\n<p data-index=\"7\"><img decoding=\"async\" src=\"https:\/\/analyse.optim.biz\/wp-content\/uploads\/2024\/09\/odixytg5mwjlzwyxyjk3y2e2zjg3ntnlnziymwywyzc-thumb_.jpg\" data-skip-htmlfix=\"1\" title=\"odixytg5mwjlzwyxyjk3y2e2zjg3ntnlnziymwywyzc-thumb_\"><\/p>\n<p data-index=\"8\">Kelemen Hunor: Sus\u021binem alegeri anticipate \u0219i dorim o solu\u021bie pentru declan\u0219area unor alegeri anticipate.<\/p>\n<h3>Citi\u021bi \u0219i:<\/h3>\n<h3><a href=\"https:\/\/www.digi24.ro\/Stiri\/Digi24\/Actualitate\/Stiri\/MANIFESTATII+PROTESTE+5+NOIEMBRIE+2015\" target=\"_blank\" data-skip-linkfix=\"1\" rel=\"noopener\">17.000 de manifestan\u021bi \u00een Bucure\u0219ti \u0219i \u00een \u021bar\u0103, \u00een a treia zi de proteste<\/a><\/h3>\n<h3><a href=\"https:\/\/www.digi24.ro\/Stiri\/Digi24\/Actualitate\/Stiri\/Klaus+Iohannis+Astept+pana+la+ora+24+00+propunerile+de+reprezent\" target=\"_blank\" data-skip-linkfix=\"1\" rel=\"noopener\">Klaus Iohannis: A\u0219tept pe mail, p\u00e2n\u0103 la ora 24:00, propunerile de reprezentan\u021bi ai societ\u0103\u021bii civile pentru consult\u0103ri la Cotroceni<\/a><\/h3>\n<\/div>\n<p> Source URL: https:\/\/www.digi24.ro\/stiri\/actualitate\/politica\/prima-zi-de-consultari-la-cotroceni-psd-vrea-prioritati-si-apoi-oameni-in-timp-ce-pnl-vrea-alegeri-anticipate-454892<\/p>\n","protected":false},"excerpt":{"rendered":"<p>Klaus Iohannis: Am decis s\u0103 consult, \u00een premier\u0103, un nou actor: societatea civil\u0103. Voi convoca pentru vineri un grup care reprezint\u0103 societatea civil\u0103 \u0219i ceea ce nume\u0219te strada. Alina Gorghiu: Propunerea cu care PNL a venit a fost de dizolvare a Parlamentului \u0219i de organizare de alegeri anticipate. Vasile Blaga: Pre\u0219edintele a spus c\u0103 este [&hellip;]<\/p>\n","protected":false},"author":1,"featured_media":172167,"comment_status":"open","ping_status":"","sticky":false,"template":"","format":"standard","meta":{"footnotes":""},"categories":[2],"tags":[11],"class_list":["post-172166","post","type-post","status-publish","format-standard","has-post-thumbnail","hentry","category-politics","tag-digi24"],"_links":{"self":[{"href":"https:\/\/analyse.optim.biz\/index.php?rest_route=\/wp\/v2\/posts\/172166","targetHints":{"allow":["GET"]}}],"collection":[{"href":"https:\/\/analyse.optim.biz\/index.php?rest_route=\/wp\/v2\/posts"}],"about":[{"href":"https:\/\/analyse.optim.biz\/index.php?rest_route=\/wp\/v2\/types\/post"}],"author":[{"embeddable":true,"href":"https:\/\/analyse.optim.biz\/index.php?rest_route=\/wp\/v2\/users\/1"}],"replies":[{"embeddable":true,"href":"https:\/\/analyse.optim.biz\/index.php?rest_route=%2Fwp%2Fv2%2Fcomments&post=172166"}],"version-history":[{"count":0,"href":"https:\/\/analyse.optim.biz\/index.php?rest_route=\/wp\/v2\/posts\/172166\/revisions"}],"wp:featuredmedia":[{"embeddable":true,"href":"https:\/\/analyse.optim.biz\/index.php?rest_route=\/wp\/v2\/media\/172167"}],"wp:attachment":[{"href":"https:\/\/analyse.optim.biz\/index.php?rest_route=%2Fwp%2Fv2%2Fmedia&parent=172166"}],"wp:term":[{"taxonomy":"category","embeddable":true,"href":"https:\/\/analyse.optim.biz\/index.php?rest_route=%2Fwp%2Fv2%2Fcategories&post=172166"},{"taxonomy":"post_tag","embeddable":true,"href":"https:\/\/analyse.optim.biz\/index.php?rest_route=%2Fwp%2Fv2%2Ftags&post=172166"}],"curies":[{"name":"wp","href":"https:\/\/api.w.org\/{rel}","templated":true}]}}