{"id":171994,"date":"2015-11-10T10:03:46","date_gmt":"2015-11-10T07:03:46","guid":{"rendered":"https:\/\/analyse.optim.biz\/?p=171994"},"modified":"2015-11-10T10:03:46","modified_gmt":"2015-11-10T07:03:46","slug":"politicienii-despre-cum-au-resimtit-tragedia-din-colectiv-nu-e-crima-e-genocid-e-inimaginabil-sa-ai-50-de-morti-40-si-ceva-de-morti","status":"publish","type":"post","link":"https:\/\/analyse.optim.biz\/?p=171994","title":{"rendered":"Politicienii, despre cum au resim\u0163it tragedia din Colectiv: Nu e crim\u0103, e genocid. E inimaginabil s\u0103 ai 50 de mor\u0163i, 40 \u015fi ceva de mor\u0163i"},"content":{"rendered":"<div class=\"entry data-app-meta data-app-meta-article\" data-embed-base-url-canonical=\"https:\/\/www.digi24.ro\/embed\/stiri\/actualitate\/politica\/politicienii-despre-cum-au-resimtit-tragedia-din-colectiv-nu-e-crima-e-genocid-e-inimaginabil-sa-ai-50-de-morti-40-si-ceva-de-morti-456155\">\n<p data-index=\"1\"><strong><br \/><\/strong><\/p>\n<p data-index=\"2\"><strong>Mirel Talo\u015f, deputat ALDE:<\/strong> Este \u00eengrozitor, este un lucru pe care trebuie s\u0103 ni-l asum\u0103m to\u0163i pentru c\u0103 ce s-a \u00eent\u00e2mplat e pentru c\u0103 statul nu func\u0163ioneaz\u0103 bine \u015fi DNA arat\u0103 \u00een \u015fir ce anume nu a func\u0163ionat bine pentru c\u0103 s-a ajuns la aceast\u0103 situa\u0163ie.<\/p>\n<p data-index=\"3\"><strong>Adrian Marius Dobre, secretar de stat la Ministerul Muncii, membru PSD:<\/strong> Personal tragic, am un prieten foarte bun al c\u0103rui copil a fost r\u0103nit \u00een acel club. Mi-a cerut ajutorul acum dou\u0103 zile, \u00een mod evident, ca orice prieten am a\u015fteptat o zi pentru a cere date, am sunat azi \u00eenapoi s\u0103 vedem despre ce e vorba, cu ce pot ajuta &#8211; \u015fi mi-a zis c\u0103 nu mai e nevoie pentru c\u0103 copilul a intrat \u00een moarte clinic\u0103. Este tragic. Este o pozi\u0163ie ingrat\u0103, cred c\u0103 nimic nu e mai cumplit dec\u00e2t s\u0103-\u0163i vezi copilul murind. Au fost doar trei zile de doliu na\u0163ional, eu mi-am permis s\u0103 port \u00een fiecare zi negru, pentru c\u0103 e doliu \u00een fiecare zi. Sigur a scos la iveal\u0103 aceast\u0103 tragedie foarte multe nereguli, dar factura e mult prea mare, ne arat\u0103 foarte multe lucruri rele, produce un declick, toate aceste mi\u015fc\u0103ri de strad\u0103 au produs un declick, factura e pl\u0103tit\u0103 nedrept de cei care au murit \u015fi familiile lor. Statul prin institu\u0163iile sale trebuie s\u0103 fac\u0103 dreptate.<\/p>\n<p data-index=\"4\"><strong>Ionut Stroe, deputat, purt\u0103tor de cuv\u00e2nt al PNL:<\/strong> Adev\u0103rata dreptate nu se g\u0103se\u015fte \u00een r\u0103spunderea juridic\u0103 sau penal\u0103 a unora. Eu nu sunt mul\u0163umit cu acest lucru, nici societatea. Un r\u0103spuns adecvat se g\u0103se\u015fte \u00een reformarea profund\u0103 a decizionalului, problema se g\u0103se\u015fte \u00een ansamblul ei. C\u00e2te cluburi nu func\u0163ionau f\u0103r\u0103 acele norme?! <strong>Este inimaginabil s\u0103 ai 50 de mor\u0163i, Doamne fereste 40 \u015fi ceva de mor\u0163i,<\/strong> sper s\u0103 se opreasc\u0103 aici cifra.<\/p>\n<p data-index=\"5\">M-a cutremurat, nu m\u0103 g\u0103seam nici \u00een \u0163ar\u0103, reac\u0163ia celor de acolo a fost mult peste a\u015ftept\u0103rile mele, to\u0163i au venit s\u0103 m\u0103 \u00eentrebe, CNN , BBC \u015fi Euronews transmiteau to\u0163i \u00een direct. Este un lucru mai mult dec\u00e2t un accident.<\/p>\n<p data-index=\"6\"><strong>Adrian Marius Dobre: E genocid. Sunt 40 \u015fi ceva de oameni.<\/strong> Nu e crim\u0103, e genocid.<\/p>\n<p data-index=\"7\"><strong>Mirel Talo\u015f:<\/strong> \u00cen administra\u0163ia local\u0103 va fi mai mult\u0103 seriozitate. Sunt convins.<\/p>\n<p data-index=\"8\"><strong>Adrian Marius Dobre:<\/strong> Seriozitatea va exista at\u00e2t timp c\u00e2t vom respecta regulile.<\/p>\n<p data-index=\"9\">\n<\/div>\n<p> Source URL: https:\/\/www.digi24.ro\/stiri\/actualitate\/politica\/politicienii-despre-cum-au-resimtit-tragedia-din-colectiv-nu-e-crima-e-genocid-e-inimaginabil-sa-ai-50-de-morti-40-si-ceva-de-morti-456155<\/p>\n","protected":false},"excerpt":{"rendered":"<p>Mirel Talo\u015f, deputat ALDE: Este \u00eengrozitor, este un lucru pe care trebuie s\u0103 ni-l asum\u0103m to\u0163i pentru c\u0103 ce s-a \u00eent\u00e2mplat e pentru c\u0103 statul nu func\u0163ioneaz\u0103 bine \u015fi DNA arat\u0103 \u00een \u015fir ce anume nu a func\u0163ionat bine pentru c\u0103 s-a ajuns la aceast\u0103 situa\u0163ie. Adrian Marius Dobre, secretar de stat la Ministerul Muncii, [&hellip;]<\/p>\n","protected":false},"author":1,"featured_media":171995,"comment_status":"open","ping_status":"","sticky":false,"template":"","format":"standard","meta":{"footnotes":""},"categories":[2],"tags":[11],"class_list":["post-171994","post","type-post","status-publish","format-standard","has-post-thumbnail","hentry","category-politics","tag-digi24"],"_links":{"self":[{"href":"https:\/\/analyse.optim.biz\/index.php?rest_route=\/wp\/v2\/posts\/171994","targetHints":{"allow":["GET"]}}],"collection":[{"href":"https:\/\/analyse.optim.biz\/index.php?rest_route=\/wp\/v2\/posts"}],"about":[{"href":"https:\/\/analyse.optim.biz\/index.php?rest_route=\/wp\/v2\/types\/post"}],"author":[{"embeddable":true,"href":"https:\/\/analyse.optim.biz\/index.php?rest_route=\/wp\/v2\/users\/1"}],"replies":[{"embeddable":true,"href":"https:\/\/analyse.optim.biz\/index.php?rest_route=%2Fwp%2Fv2%2Fcomments&post=171994"}],"version-history":[{"count":0,"href":"https:\/\/analyse.optim.biz\/index.php?rest_route=\/wp\/v2\/posts\/171994\/revisions"}],"wp:featuredmedia":[{"embeddable":true,"href":"https:\/\/analyse.optim.biz\/index.php?rest_route=\/wp\/v2\/media\/171995"}],"wp:attachment":[{"href":"https:\/\/analyse.optim.biz\/index.php?rest_route=%2Fwp%2Fv2%2Fmedia&parent=171994"}],"wp:term":[{"taxonomy":"category","embeddable":true,"href":"https:\/\/analyse.optim.biz\/index.php?rest_route=%2Fwp%2Fv2%2Fcategories&post=171994"},{"taxonomy":"post_tag","embeddable":true,"href":"https:\/\/analyse.optim.biz\/index.php?rest_route=%2Fwp%2Fv2%2Ftags&post=171994"}],"curies":[{"name":"wp","href":"https:\/\/api.w.org\/{rel}","templated":true}]}}