{"id":171812,"date":"2015-11-05T15:36:04","date_gmt":"2015-11-05T12:36:04","guid":{"rendered":"https:\/\/analyse.optim.biz\/?p=171812"},"modified":"2015-11-05T15:36:04","modified_gmt":"2015-11-05T12:36:04","slug":"consultarile-de-la-cotroceni-privind-formarea-unui-nou-guvern-au-inceput-psd-primul-partid-de-pe-lista","status":"publish","type":"post","link":"https:\/\/analyse.optim.biz\/?p=171812","title":{"rendered":"Consult\u0103rile de la Cotroceni privind formarea unui nou Guvern au \u00eenceput. PSD, primul partid de pe list\u0103"},"content":{"rendered":"<div class=\"entry data-app-meta data-app-meta-article\" data-embed-base-url-canonical=\"https:\/\/www.digi24.ro\/embed\/stiri\/actualitate\/politica\/consultarile-de-la-cotroceni-privind-formarea-unui-nou-guvern-au-inceput-psd-primul-partid-de-pe-lista-454771\">\n<p data-index=\"1\"><strong>Actualizare 17.00<\/strong><\/p>\n<p data-index=\"2\">\u201eNoi suntem pentru a veni \u00een acest scop necesar de \u00eemprosp\u0103tare, s\u0103 nu spun de schimbare, a clasei politice. Aceast\u0103 opera\u021biune este posibil\u0103 dac\u0103 schimb\u0103m Parlamentul\u201d, a declarat pre\u0219edintele de onoare al PNL, Mircea Ionescu Quintus, \u00eenainte de a <a href=\"https:\/\/www.digi24.ro\/Stiri\/Digi24\/Actualitate\/Politica\/Mircea+Ionescu+Quintus+Cat+timp+in+Parlament+vor+fi+jumatate+com\" target=\"_blank\" data-skip-linkfix=\"1\" rel=\"noopener\">consult\u0103rile liberalilor cu pre\u0219edintele Klaus Iohannis.<\/a><\/p>\n<p data-index=\"3\">\u00a0<strong><span>Actualizare 16.00.<\/span><\/strong><\/p>\n<p data-index=\"4\">\u201eOnora\u0163i membri ai delega\u0163iei PSD, bine a\u0163i venit la aceste consult\u0103ri. Am convocat o rund\u0103 de consult\u0103ri fiindc\u0103 am dorit s\u0103 cunosc opiniile, solu\u0163iile \u015fi conceptele cu care vin partidele \u00een aceast\u0103 \u00eencercare de a g\u0103si o solu\u0163ie bun\u0103 pentru un nou guvern \u015fi, pentru \u00eenceput, da\u0163i-mi voie s\u0103 spun c\u0103 este mult mai mult dec\u00e2t o simpl\u0103 schimbare de guvern. Eu cred c\u0103 vorbim de o schimbare de paradigm\u0103 \u00een politica rom\u00e2neasc\u0103 \u015fi cred c\u0103 e bine s\u0103 g\u0103sim cele mai bune solu\u0163ii\u201d, a spus Klaus Iohannis la \u00eenceputul consult\u0103rilor.<\/p>\n<p data-index=\"5\">Din delega\u021bie fac parte pre\u0219edintele PSD, Liviu Dragnea, \u0219i pre\u0219edintele executiv, Valeriu Zgonea, dar \u0219i vicepre\u0219edin\u021bii Ecaterina Andronescu \u0219i Georgian Pop.<\/p>\n<p data-index=\"6\"><em>Declara\u021biile lui Liviu Dragnea<\/em><\/p>\n<p data-index=\"7\">\u201e<span><strong>Vreau s\u0103 plec\u0103m nu de la a nominaliza o persoan\u0103 care s\u0103 bat\u0103 la u\u0219a unui partid \u0219i s\u0103 st\u0103m to\u021bi cu emo\u021bii. Vreau s\u0103 facem acest pachet de obiective politice care s\u0103 fie baza r\u0103spunsului principal la marile \u00eentreb\u0103ri din societate.<\/strong> (&#8230;) Din c\u00e2te am v\u0103zut, pre\u0219edintele nu respinge aceast\u0103 propunere. A\u0219tept\u0103m primele concluzii ale pre\u0219edintelui. Am \u00een\u021beles de la pre\u0219edinte c\u0103 nu vrea s\u0103 ia o decizie pripit\u0103\u201d, a declarat Liviu Dragnea la finalul consult\u0103rilor.<\/span><\/p>\n<p data-index=\"8\">\u201e<span>Anul 2016 este anul \u00een care vom construi o nou\u0103 genera\u021bie de lideri. Vom ie\u0219i \u00een fa\u021ba cet\u0103\u021benilor cu oameni care au trecut de ni\u0219te criterii de conduit\u0103 \u0219i integritate foarte bune. (&#8230;) Prezen\u021ba la Putere sau la Opozi\u021bie este mai pu\u021bin important\u0103 acum\u201d, a mai spus Liviu Dragnea.\u00a0<\/span><\/p>\n<hr>\n<p data-index=\"9\">Social democra\u021bii ar vrea s\u0103 r\u0103m\u00e2n\u0103 \u00een continuarea la guvernare, iar Liviu Dragnea a anun\u0163at \u00eenc\u0103 de ieri c\u0103 are un nume de premier, pe care <span>\u00ee<\/span>ns<span>\u0103<\/span> nu l-a dezv<span>\u0103<\/span>luit.<\/p>\n<p data-index=\"10\">Liberalii, cei care vor ajunge urmatorii la <span>C<\/span>otroceni, insist<span>\u0103<\/span> pe varianta alegerilor anticipate, iar liderii UDMR, care vor merge la ora 18.<span>00<\/span> la <span>consult\u0103ri<\/span>, sunt deschi<span>\u0219<\/span>i la orice variant<span>\u0103<\/span>.<\/p>\n<h3>Programul consult\u0103rilor va fi urm\u0103torul:<\/h3>\n<p data-index=\"11\"><strong><span>Joi, 5 noiembrie 2015:<\/span><\/strong><\/p>\n<p data-index=\"12\">\u2022 <span>Ora 15.00 &#8211; Partidul Social Democrat (PSD);<\/span><\/p>\n<p data-index=\"13\">\u2022 <span>Ora 17.00 &#8211; Partidul Na\u0163ional Liberal (PNL);<\/span><\/p>\n<p data-index=\"14\">\u2022 <span>Ora 18.00 &#8211; Uniunea Democrat\u0103 a Maghiarilor din Rom\u00e2nia (UDMR);<\/span><\/p>\n<p data-index=\"15\">\u2022 <span>Ora 19.00 &#8211; Grupul parlamentar al minorit\u0103\u0163ilor na\u0163ionale.<\/span><\/p>\n<p data-index=\"16\"><strong>Vineri, 6 noiembrie 2015:<\/strong><\/p>\n<p data-index=\"17\">\u2022 <span>Ora 11.30 &#8211; Uniunea Na\u0163ional\u0103 pentru Progresul Rom\u00e2niei (UNPR);<\/span><\/p>\n<p data-index=\"18\">\u2022 <span>Ora 12.30 &#8211; Alian\u021ba Liberalilor \u0219i Democra\u021bilor (ALDE).<\/span><\/p>\n<\/div>\n<p> Source URL: https:\/\/www.digi24.ro\/stiri\/actualitate\/politica\/consultarile-de-la-cotroceni-privind-formarea-unui-nou-guvern-au-inceput-psd-primul-partid-de-pe-lista-454771<\/p>\n","protected":false},"excerpt":{"rendered":"<p>Actualizare 17.00 \u201eNoi suntem pentru a veni \u00een acest scop necesar de \u00eemprosp\u0103tare, s\u0103 nu spun de schimbare, a clasei politice. Aceast\u0103 opera\u021biune este posibil\u0103 dac\u0103 schimb\u0103m Parlamentul\u201d, a declarat pre\u0219edintele de onoare al PNL, Mircea Ionescu Quintus, \u00eenainte de a consult\u0103rile liberalilor cu pre\u0219edintele Klaus Iohannis. \u00a0Actualizare 16.00. \u201eOnora\u0163i membri ai delega\u0163iei PSD, bine [&hellip;]<\/p>\n","protected":false},"author":1,"featured_media":171813,"comment_status":"open","ping_status":"","sticky":false,"template":"","format":"standard","meta":{"footnotes":""},"categories":[2],"tags":[11],"class_list":["post-171812","post","type-post","status-publish","format-standard","has-post-thumbnail","hentry","category-politics","tag-digi24"],"_links":{"self":[{"href":"https:\/\/analyse.optim.biz\/index.php?rest_route=\/wp\/v2\/posts\/171812","targetHints":{"allow":["GET"]}}],"collection":[{"href":"https:\/\/analyse.optim.biz\/index.php?rest_route=\/wp\/v2\/posts"}],"about":[{"href":"https:\/\/analyse.optim.biz\/index.php?rest_route=\/wp\/v2\/types\/post"}],"author":[{"embeddable":true,"href":"https:\/\/analyse.optim.biz\/index.php?rest_route=\/wp\/v2\/users\/1"}],"replies":[{"embeddable":true,"href":"https:\/\/analyse.optim.biz\/index.php?rest_route=%2Fwp%2Fv2%2Fcomments&post=171812"}],"version-history":[{"count":0,"href":"https:\/\/analyse.optim.biz\/index.php?rest_route=\/wp\/v2\/posts\/171812\/revisions"}],"wp:featuredmedia":[{"embeddable":true,"href":"https:\/\/analyse.optim.biz\/index.php?rest_route=\/wp\/v2\/media\/171813"}],"wp:attachment":[{"href":"https:\/\/analyse.optim.biz\/index.php?rest_route=%2Fwp%2Fv2%2Fmedia&parent=171812"}],"wp:term":[{"taxonomy":"category","embeddable":true,"href":"https:\/\/analyse.optim.biz\/index.php?rest_route=%2Fwp%2Fv2%2Fcategories&post=171812"},{"taxonomy":"post_tag","embeddable":true,"href":"https:\/\/analyse.optim.biz\/index.php?rest_route=%2Fwp%2Fv2%2Ftags&post=171812"}],"curies":[{"name":"wp","href":"https:\/\/api.w.org\/{rel}","templated":true}]}}