{"id":171809,"date":"2015-11-05T16:08:14","date_gmt":"2015-11-05T13:08:14","guid":{"rendered":"https:\/\/analyse.optim.biz\/?p=171809"},"modified":"2015-11-05T16:08:14","modified_gmt":"2015-11-05T13:08:14","slug":"traian-basescu-implicarea-societatii-civile-si-a-reprezentantilor-strazii-in-consultarile-privind-noul-premier-este-neconstitutionala","status":"publish","type":"post","link":"https:\/\/analyse.optim.biz\/?p=171809","title":{"rendered":"Traian B\u0103sescu: Implicarea societ\u0103\u021bii civile \u0219i a reprezentan\u021bilor str\u0103zii \u00een consult\u0103rile privind noul premier este neconstitu\u021bional\u0103"},"content":{"rendered":"<div class=\"entry data-app-meta data-app-meta-article\" data-embed-base-url-canonical=\"https:\/\/www.digi24.ro\/embed\/stiri\/actualitate\/politica\/traian-basescu-implicarea-societatii-civile-si-a-reprezentantilor-strazii-in-consultarile-privind-noul-premier-este-neconstitutionala-454778\">\n<p data-index=\"1\"><img decoding=\"async\" src=\"https:\/\/analyse.optim.biz\/wp-content\/uploads\/2024\/09\/ownhmmziyte2yta2mdm0zdgxotblodcxyjnkymm-thumb_.jpg\" data-skip-htmlfix=\"1\" title=\"ownhmmziyte2yta2mdm0zdgxotblodcxyjnkymm-thumb_\">\u00a0<\/p>\n<p data-index=\"2\"><span><em><strong>Foto: Facebook<\/strong><\/em><\/span><\/p>\n<p data-index=\"3\">\u201e<strong>Pas cu pas, dar repede! (&#8230;) Consultarea cu partidele trebuia s\u0103 \u00eenceap\u0103 imediat dup\u0103 demisia premierului, iar \u00een diminea\u021ba zilei de ast\u0103zi, 5.11.2015, trebuia s\u0103 \u0219tim numele premierului desemnat.<\/strong><\/p>\n<div class=\"fb-post\">\n<div class=\"fb-xfbml-parse-ignore\">\n<blockquote cite=\"https:\/\/www.facebook.com\/PresedinteleTraianBasescu\/posts\/1144857115527838\">\n<p data-index=\"5\">Pas cu pas, dar REPEDE !Societatea este extrem de tensionat\u0103 \u0219i are \u0219i de ce:- plasat\u0103 violent \u00een super produc\u021bia&#8230;<\/p>\n<p>Posted by <a href=\"https:\/\/www.facebook.com\/PresedinteleTraianBasescu\/\" data-skip-linkfix=\"1\">Traian B\u0103sescu<\/a> on\u00a0<a href=\"https:\/\/www.facebook.com\/PresedinteleTraianBasescu\/posts\/1144857115527838\" data-skip-linkfix=\"1\">Thursday, November 5, 2015<\/a><\/p><\/blockquote>\n<\/div>\n<\/div>\n<p data-index=\"6\">Pentru ce \u00eenc\u0103 o sear\u0103 cu zeci de mii de oameni pe str\u0103zi \u00een c\u0103utarea certitudinii? Oamenii ace\u0219tia vor de la pre\u0219edintele lor o solu\u021bie bun\u0103 \u0219i asumat\u0103 de cel care constitu\u021bional are decizia \u00een m\u00e2n\u0103.<\/p>\n<p data-index=\"7\">Cui folose\u0219te prelungirea incertitudinii asupra numelui viitorului premier?<\/p>\n<p data-index=\"8\">Dac\u0103 nu s-au putut face consult\u0103rile cu partidele \u00een timpul nop\u021bii trecute, ele trebuie \u00eencheiate azi \u0219i nu m\u00e2ine, iar numele premierului desemnat anun\u021bat \u00een aceast\u0103 sear\u0103.<\/p>\n<p data-index=\"9\">Altfel se risc\u0103 evolu\u021bii greu de controlat. Este vital ca Rom\u00e2nia s\u0103 aib\u0103 imediat guvern \u00een deplin\u0103 capacitate de exerci\u021biu \u0219i nu prelungit\u0103 via\u021ba unui guvern interimar. De acord c\u0103 lucrurile trebuie f\u0103cute pas cu pas, dar uneori pa\u0219ii trebuie f\u0103cu\u021bi foarte repede\u201d, a subliniat fostul pre\u0219edinte.<\/p>\n<p data-index=\"10\">Traian B\u0103sescu apreciaz\u0103 c\u0103 implicarea societ\u0103\u021bii civile \u0219i a reprezentan\u021bilor str\u0103zii \u00een consult\u0103rile privind noul premier este nu numai neconstitu\u021bional\u0103, dar este \u0219i o fug\u0103 de asumare, \u201eo tergiversare p\u0103guboas\u0103\u201d \u0219i un precedent greu de calificat.<\/p>\n<p data-index=\"11\">\u201e<strong>Pentru astfel de \u00eent\u00e2lniri \u00ee\u021bi po\u021bi g\u0103si timp cu alte ocazii, pentru c\u0103 a\u0219a nu vom \u0219ti dac\u0103 noul premier este solu\u021bia dat\u0103 de pre\u0219edinte, de partide, de strad\u0103 sau de societatea civil\u0103. La formarea Guvernului trebuie rigoare nem\u021beasc\u0103 \u0219i aplicat corect art.103 alin.1 din Constitu\u021bia Rom\u00e2niei<\/strong>\u201d, a sus\u021binut B\u0103sescu.<\/p>\n<p data-index=\"12\">\u00cen opinia sa, societatea este extrem de tensionat\u0103 din multiple cauze: a fost plasat\u0103 \u201e<strong>violent \u00een super produc\u021bia corup\u021biei generalizate<\/strong>\u201d; clas\u0103 politic\u0103 este generalizat stigmatizat\u0103; salariile au fost m\u0103rite doar pentru demnitari \u0219i anumite categorii de bugetari; poli\u021bistul Bogdan Gigin\u0103 \u0219i-a pierdut via\u021ba din cauza \u201egrandomaniei unui \u00eenalt demnitar\u201d; drama de la clubul Colectiv a fost \u201ecauzat\u0103 \u00een mod egal de patroni \u0219i de indolen\u021ba institu\u021biilor statului\u201d.<\/p>\n<p data-index=\"13\">B\u0103sescu a remarcat \u0219i alte motive de tensiune la nivelul societ\u0103\u021bii rom\u00e2ne: protestele a zeci de mii de rom\u00e2ni; pe alocuri, Biserica Ortodox\u0103 este \u201epus\u0103 sub semnul \u00eentreb\u0103rii\u201d; criz\u0103 politic\u0103 generat\u0103 de demisia premierului; apelul \u201edemagogic\u201d al PNL pentru alegeri anticipate ce \u201enu poate avea ca efect dec\u00e2t ad\u00e2ncirea \u0219i prelungirea crizei politice\u201d.<\/p>\n<p data-index=\"14\">Potrivit acestuia, un \u201evecin mare \u0219i agresiv\u201d la R\u0103s\u0103rit \u201e\u00ee\u0219i freac\u0103 m\u00e2inile la perspectiva destabiliz\u0103rii \u021b\u0103rii\u201d, dup\u0103 ce a reu\u0219it acest lucru cu Ucraina \u0219i R.Moldova.<\/p>\n<p data-index=\"15\">\u201e<strong>\u00cen aceste condi\u021bii, prelungirea crizei politice generate de \u00eent\u00e2rzierea desemn\u0103rii unui nou premier este extrem de riscant\u0103 \u0219i pentru securitatea na\u021bional\u0103 \u0219i pentru evolu\u021biile economice ale \u021b\u0103rii<\/strong>\u201d, a conchis fostul pre\u0219edinte.<\/p>\n<\/div>\n<p> Source URL: https:\/\/www.digi24.ro\/stiri\/actualitate\/politica\/traian-basescu-implicarea-societatii-civile-si-a-reprezentantilor-strazii-in-consultarile-privind-noul-premier-este-neconstitutionala-454778<\/p>\n","protected":false},"excerpt":{"rendered":"<p>\u00a0 Foto: Facebook \u201ePas cu pas, dar repede! (&#8230;) Consultarea cu partidele trebuia s\u0103 \u00eenceap\u0103 imediat dup\u0103 demisia premierului, iar \u00een diminea\u021ba zilei de ast\u0103zi, 5.11.2015, trebuia s\u0103 \u0219tim numele premierului desemnat. Pas cu pas, dar REPEDE !Societatea este extrem de tensionat\u0103 \u0219i are \u0219i de ce:- plasat\u0103 violent \u00een super produc\u021bia&#8230; Posted by Traian [&hellip;]<\/p>\n","protected":false},"author":1,"featured_media":171810,"comment_status":"open","ping_status":"","sticky":false,"template":"","format":"standard","meta":{"footnotes":""},"categories":[2],"tags":[11],"class_list":["post-171809","post","type-post","status-publish","format-standard","has-post-thumbnail","hentry","category-politics","tag-digi24"],"_links":{"self":[{"href":"https:\/\/analyse.optim.biz\/index.php?rest_route=\/wp\/v2\/posts\/171809","targetHints":{"allow":["GET"]}}],"collection":[{"href":"https:\/\/analyse.optim.biz\/index.php?rest_route=\/wp\/v2\/posts"}],"about":[{"href":"https:\/\/analyse.optim.biz\/index.php?rest_route=\/wp\/v2\/types\/post"}],"author":[{"embeddable":true,"href":"https:\/\/analyse.optim.biz\/index.php?rest_route=\/wp\/v2\/users\/1"}],"replies":[{"embeddable":true,"href":"https:\/\/analyse.optim.biz\/index.php?rest_route=%2Fwp%2Fv2%2Fcomments&post=171809"}],"version-history":[{"count":0,"href":"https:\/\/analyse.optim.biz\/index.php?rest_route=\/wp\/v2\/posts\/171809\/revisions"}],"wp:featuredmedia":[{"embeddable":true,"href":"https:\/\/analyse.optim.biz\/index.php?rest_route=\/wp\/v2\/media\/171810"}],"wp:attachment":[{"href":"https:\/\/analyse.optim.biz\/index.php?rest_route=%2Fwp%2Fv2%2Fmedia&parent=171809"}],"wp:term":[{"taxonomy":"category","embeddable":true,"href":"https:\/\/analyse.optim.biz\/index.php?rest_route=%2Fwp%2Fv2%2Fcategories&post=171809"},{"taxonomy":"post_tag","embeddable":true,"href":"https:\/\/analyse.optim.biz\/index.php?rest_route=%2Fwp%2Fv2%2Ftags&post=171809"}],"curies":[{"name":"wp","href":"https:\/\/api.w.org\/{rel}","templated":true}]}}