{"id":171759,"date":"2015-11-13T22:37:14","date_gmt":"2015-11-13T19:37:14","guid":{"rendered":"https:\/\/analyse.optim.biz\/?p=171759"},"modified":"2015-11-13T22:37:14","modified_gmt":"2015-11-13T19:37:14","slug":"intalnire-emil-boc-traian-basescu-la-cluj-napoca-primarul-municipiului-spune-ca-nu-au-discutat-politica","status":"publish","type":"post","link":"https:\/\/analyse.optim.biz\/?p=171759","title":{"rendered":"\u00cent\u00e2lnire Emil Boc &#8211; Traian B\u0103sescu, la Cluj-Napoca. Primarul municipiului spune c\u0103 nu au discutat politic\u0103"},"content":{"rendered":"<div class=\"entry data-app-meta data-app-meta-article\" data-embed-base-url-canonical=\"https:\/\/www.digi24.ro\/embed\/stiri\/actualitate\/politica\/intalnire-emil-boc-traian-basescu-la-cluj-napoca-primarul-municipiului-spune-ca-nu-au-discutat-politica-457470\">\n<p data-index=\"1\"><img decoding=\"async\" src=\"https:\/\/analyse.optim.biz\/wp-content\/uploads\/2024\/09\/agfzad1hm2y0zjk2ognknwq0mjk3mda3yjq1mzjmmwfmmjk4mq-thumb_.jpg\" data-skip-htmlfix=\"1\" title=\"agfzad1hm2y0zjk2ognknwq0mjk3mda3yjq1mzjmmwfmmjk4mq-thumb_\"><\/p>\n<p data-index=\"2\"><strong>\u201eAm venit s\u0103 \u00eel salut pe fostul pre\u0219edinte al Rom\u00e2niei \u0219i pe fostul partener din activitatea guvernamental\u0103. Am discutat aspecte din via\u021ba noastr\u0103 politic\u0103 pe care am avut-o \u00een trecut \u0219i, \u00een calitate de primar, i-am urat bun venit \u00een Cluj-Napoca fostului pre\u0219edinte al Rom\u00e2niei. (&#8230;) Nu am f\u0103cut politic\u0103, politic\u0103 fac al\u021bii. Nu am discutat niciun fel de aspect legat de Mi\u0219carea Popular\u0103, de PNL, au fost subiecte excluse din dezbatere. A fost o re\u00eent\u00e2lnire a doi oameni care au fost la un moment dat \u00een fruntea unor institu\u021bii fundamentale ale statului rom\u00e2n \u0219i, \u00een primul r\u00e2nd, a doi oameni care se cunosc de aproape 20 de ani\u201d<\/strong>, a r\u0103spuns Emil Boc \u00eentreb\u0103rilor jurnali\u0219tilor.<\/p>\n<p data-index=\"3\">\u00cent\u00e2lnirea dintre Traian B\u0103sescu \u0219i Emil Boc a durat mai mult de o or\u0103.<\/p>\n<p data-index=\"4\">Pre\u0219edintele Mi\u0219c\u0103rii Populare (MP), Traian B\u0103sescu, \u0219i primarul Clujului, Emil Boc (PNL) s-au \u00eent\u00e2lnit, vineri sear\u0103, la Hotelul Opera Plaza din Cluj-Napoca, dup\u0103 ce Traian B\u0103sescu s-a cazat la hotelul respectiv, \u00een vederea unor \u00eent\u00e2lniri pe care le are, s\u00e2mb\u0103t\u0103, la Cluj, cu membri ai forma\u021biunii pe care o conduce. La intrarea \u00een hotel, Emil Boc a refuzat s\u0103 fac\u0103 vreo declara\u021bie, dup\u0103 ce anterior Traian B\u0103sescu le-a r\u0103spuns jurnali\u0219tilor c\u0103 nu are fixat\u0103 vreo \u00eent\u00e2lnire cu Emil Boc. De asemenea, Traian B\u0103sescu a negat faptul c\u0103 ar \u00eencerca s\u0103-l conving\u0103 pe Emil Boc s\u0103 intre \u00een MP.<\/p>\n<p data-index=\"5\">Mi\u0219carea Popular\u0103 are programat\u0103, s\u00e2mb\u0103t\u0103, de la ora 10:00, o reuniune a Consiliului Executiv Na\u021bional al organiza\u021biei de tineret, urmat\u0103, de la ora 12:00, de Colegiul Na\u021bional\u00a0al Mi\u0219c\u0103rii Populare, iar de la ora 15:00, o \u00eent\u00e2lnire organizatoric\u0103 zonal\u0103.<\/p>\n<\/div>\n<p> Source URL: https:\/\/www.digi24.ro\/stiri\/actualitate\/politica\/intalnire-emil-boc-traian-basescu-la-cluj-napoca-primarul-municipiului-spune-ca-nu-au-discutat-politica-457470<\/p>\n","protected":false},"excerpt":{"rendered":"<p>\u201eAm venit s\u0103 \u00eel salut pe fostul pre\u0219edinte al Rom\u00e2niei \u0219i pe fostul partener din activitatea guvernamental\u0103. Am discutat aspecte din via\u021ba noastr\u0103 politic\u0103 pe care am avut-o \u00een trecut \u0219i, \u00een calitate de primar, i-am urat bun venit \u00een Cluj-Napoca fostului pre\u0219edinte al Rom\u00e2niei. (&#8230;) Nu am f\u0103cut politic\u0103, politic\u0103 fac al\u021bii. Nu am [&hellip;]<\/p>\n","protected":false},"author":1,"featured_media":171760,"comment_status":"open","ping_status":"","sticky":false,"template":"","format":"standard","meta":{"footnotes":""},"categories":[2],"tags":[11],"class_list":["post-171759","post","type-post","status-publish","format-standard","has-post-thumbnail","hentry","category-politics","tag-digi24"],"_links":{"self":[{"href":"https:\/\/analyse.optim.biz\/index.php?rest_route=\/wp\/v2\/posts\/171759","targetHints":{"allow":["GET"]}}],"collection":[{"href":"https:\/\/analyse.optim.biz\/index.php?rest_route=\/wp\/v2\/posts"}],"about":[{"href":"https:\/\/analyse.optim.biz\/index.php?rest_route=\/wp\/v2\/types\/post"}],"author":[{"embeddable":true,"href":"https:\/\/analyse.optim.biz\/index.php?rest_route=\/wp\/v2\/users\/1"}],"replies":[{"embeddable":true,"href":"https:\/\/analyse.optim.biz\/index.php?rest_route=%2Fwp%2Fv2%2Fcomments&post=171759"}],"version-history":[{"count":0,"href":"https:\/\/analyse.optim.biz\/index.php?rest_route=\/wp\/v2\/posts\/171759\/revisions"}],"wp:featuredmedia":[{"embeddable":true,"href":"https:\/\/analyse.optim.biz\/index.php?rest_route=\/wp\/v2\/media\/171760"}],"wp:attachment":[{"href":"https:\/\/analyse.optim.biz\/index.php?rest_route=%2Fwp%2Fv2%2Fmedia&parent=171759"}],"wp:term":[{"taxonomy":"category","embeddable":true,"href":"https:\/\/analyse.optim.biz\/index.php?rest_route=%2Fwp%2Fv2%2Fcategories&post=171759"},{"taxonomy":"post_tag","embeddable":true,"href":"https:\/\/analyse.optim.biz\/index.php?rest_route=%2Fwp%2Fv2%2Ftags&post=171759"}],"curies":[{"name":"wp","href":"https:\/\/api.w.org\/{rel}","templated":true}]}}