{"id":171757,"date":"2015-11-14T00:56:01","date_gmt":"2015-11-13T21:56:01","guid":{"rendered":"https:\/\/analyse.optim.biz\/?p=171757"},"modified":"2015-11-14T00:56:01","modified_gmt":"2015-11-13T21:56:01","slug":"atacuri-la-paris-reactia-presedintelui-romaniei-si-a-altor-politicieni","status":"publish","type":"post","link":"https:\/\/analyse.optim.biz\/?p=171757","title":{"rendered":"Atacuri la Paris. Reac\u021bia pre\u0219edintelui Rom\u00e2niei \u0219i a altor politicieni"},"content":{"rendered":"<div class=\"entry data-app-meta data-app-meta-article\" data-embed-base-url-canonical=\"https:\/\/www.digi24.ro\/embed\/stiri\/actualitate\/politica\/atacuri-la-paris-reactia-presedintelui-romaniei-si-a-altor-politicieni-457507\">\n<p data-index=\"1\"><strong>Actualizare 1:35.<\/strong> Reac\u021bia pre\u0219edintelui Rom\u00e2niei.<\/p>\n<div class=\"fb-post\">\n<div class=\"fb-xfbml-parse-ignore\">\n<blockquote cite=\"https:\/\/www.facebook.com\/klausiohannis\/posts\/921180164635902\">\n<p data-index=\"3\">Am primit cu durere \u0219i consternare \u0219tirea privind atacurile teroriste s\u00e2ngeroase care au avut loc la Paris \u0219i au \u00ee&#8230;<\/p>\n<p>Posted by <a href=\"https:\/\/www.facebook.com\/klausiohannis\/\" data-skip-linkfix=\"1\">Klaus Iohannis<\/a> on\u00a0<a href=\"https:\/\/www.facebook.com\/klausiohannis\/posts\/921180164635902\" data-skip-linkfix=\"1\">Friday, November 13, 2015<\/a><\/p><\/blockquote>\n<\/div>\n<\/div>\n<div class=\"fb-post\">\n<div class=\"fb-xfbml-parse-ignore\">\n<blockquote cite=\"https:\/\/www.facebook.com\/victor.ponta\/posts\/1051063144933572\">\n<p data-index=\"5\">Regret profund si sunt socat de tragedia ( cu repetitie din pacate) de la Paris! Anul 2015 a inceput si se termina in&#8230;<\/p>\n<p>Posted by <a href=\"https:\/\/www.facebook.com\/victor.ponta\/\" data-skip-linkfix=\"1\">Victor Ponta<\/a> on\u00a0<a href=\"https:\/\/www.facebook.com\/victor.ponta\/posts\/1051063144933572\" data-skip-linkfix=\"1\">Friday, November 13, 2015<\/a><\/p><\/blockquote>\n<\/div>\n<\/div>\n<p data-index=\"6\"><strong><br \/><\/strong><\/p>\n<p data-index=\"7\"><strong>Actualizare 1:08.<\/strong> Fostul premier Victor Ponta a transmis un mesaj despre atacurile din Paris.<\/p>\n<hr>\n<div class=\"fb-post\">\n<div class=\"fb-xfbml-parse-ignore\">\n<blockquote cite=\"https:\/\/www.facebook.com\/PresedinteleTraianBasescu\/posts\/1148879401792276\">\n<p data-index=\"9\">Drag\u0103 Stat Rom\u00e2n,Te rog din suflet, oric\u00eet te-ar presa politrucii europeni, a c\u0103ror demagogie o cunosc bine, nu accepta&#8230;<\/p>\n<p>Posted by <a href=\"https:\/\/www.facebook.com\/PresedinteleTraianBasescu\/\" data-skip-linkfix=\"1\">Traian B\u0103sescu<\/a> on\u00a0<a href=\"https:\/\/www.facebook.com\/PresedinteleTraianBasescu\/posts\/1148879401792276\" data-skip-linkfix=\"1\">Friday, November 13, 2015<\/a><\/p><\/blockquote>\n<\/div>\n<\/div>\n<p data-index=\"10\">\u201e<span>Drag\u0103 Stat Rom\u00e2n,<\/span><\/p>\n<p data-index=\"11\">Te rog din suflet, oric\u00eet te-ar presa politrucii europeni, a c\u0103ror demagogie o cunosc bine, nu accepta cote de refugia\u0163i musulmani.<\/p>\n<p data-index=\"12\">Cota zero este solu\u0163ia corect\u0103.<\/p>\n<p data-index=\"13\">Trebuie s\u0103 fim solidari cu statele UE la m\u0103suri inteligente, dar nu putem accepta solu\u0163ii nerealiste.<\/p>\n<p data-index=\"14\">Dac\u0103 vrem o solu\u0163ie realist\u0103, \u00eenchiderea frontierelor UE \u015fi expulzarea migran\u0163ilor este solu\u0163ia corect\u0103.<\/p>\n<p data-index=\"15\">Dumnezeu s\u0103-i odihneasc\u0103 pe cei uci\u015fi la Paris. V\u0103 rog nu m\u0103 considera\u0163i un antieuropean, ci doar un rom\u00e2n care \u00een\u0163elege bine \u015fi ce spune \u015fi ce se \u00eent\u00e2mpl\u0103.\u201d<\/p>\n<\/div>\n<p> Source URL: https:\/\/www.digi24.ro\/stiri\/actualitate\/politica\/atacuri-la-paris-reactia-presedintelui-romaniei-si-a-altor-politicieni-457507<\/p>\n","protected":false},"excerpt":{"rendered":"<p>Actualizare 1:35. Reac\u021bia pre\u0219edintelui Rom\u00e2niei. Am primit cu durere \u0219i consternare \u0219tirea privind atacurile teroriste s\u00e2ngeroase care au avut loc la Paris \u0219i au \u00ee&#8230; Posted by Klaus Iohannis on\u00a0Friday, November 13, 2015 Regret profund si sunt socat de tragedia ( cu repetitie din pacate) de la Paris! Anul 2015 a inceput si se termina [&hellip;]<\/p>\n","protected":false},"author":1,"featured_media":171758,"comment_status":"open","ping_status":"","sticky":false,"template":"","format":"standard","meta":{"footnotes":""},"categories":[2],"tags":[11],"class_list":["post-171757","post","type-post","status-publish","format-standard","has-post-thumbnail","hentry","category-politics","tag-digi24"],"_links":{"self":[{"href":"https:\/\/analyse.optim.biz\/index.php?rest_route=\/wp\/v2\/posts\/171757","targetHints":{"allow":["GET"]}}],"collection":[{"href":"https:\/\/analyse.optim.biz\/index.php?rest_route=\/wp\/v2\/posts"}],"about":[{"href":"https:\/\/analyse.optim.biz\/index.php?rest_route=\/wp\/v2\/types\/post"}],"author":[{"embeddable":true,"href":"https:\/\/analyse.optim.biz\/index.php?rest_route=\/wp\/v2\/users\/1"}],"replies":[{"embeddable":true,"href":"https:\/\/analyse.optim.biz\/index.php?rest_route=%2Fwp%2Fv2%2Fcomments&post=171757"}],"version-history":[{"count":0,"href":"https:\/\/analyse.optim.biz\/index.php?rest_route=\/wp\/v2\/posts\/171757\/revisions"}],"wp:featuredmedia":[{"embeddable":true,"href":"https:\/\/analyse.optim.biz\/index.php?rest_route=\/wp\/v2\/media\/171758"}],"wp:attachment":[{"href":"https:\/\/analyse.optim.biz\/index.php?rest_route=%2Fwp%2Fv2%2Fmedia&parent=171757"}],"wp:term":[{"taxonomy":"category","embeddable":true,"href":"https:\/\/analyse.optim.biz\/index.php?rest_route=%2Fwp%2Fv2%2Fcategories&post=171757"},{"taxonomy":"post_tag","embeddable":true,"href":"https:\/\/analyse.optim.biz\/index.php?rest_route=%2Fwp%2Fv2%2Ftags&post=171757"}],"curies":[{"name":"wp","href":"https:\/\/api.w.org\/{rel}","templated":true}]}}