{"id":171658,"date":"2015-11-15T20:45:09","date_gmt":"2015-11-15T17:45:09","guid":{"rendered":"https:\/\/analyse.optim.biz\/?p=171658"},"modified":"2015-11-15T20:45:09","modified_gmt":"2015-11-15T17:45:09","slug":"ministrul-sanatatii-inlocuit-la-sase-ore-dupa-ce-fusese-desemnat-de-dacian-ciolos","status":"publish","type":"post","link":"https:\/\/analyse.optim.biz\/?p=171658","title":{"rendered":"Ministrul S\u0103n\u0103t\u0103\u021bii, \u00eenlocuit la \u0219ase ore dup\u0103 ce fusese desemnat de Dacian Ciolo\u0219"},"content":{"rendered":"<div class=\"entry data-app-meta data-app-meta-article\" data-embed-base-url-canonical=\"https:\/\/www.digi24.ro\/embed\/stiri\/actualitate\/politica\/ministrul-sanatatii-inlocuit-la-sase-ore-dupa-ce-fusese-desemnat-de-dacian-ciolos-457851\">\n<p data-index=\"1\">Decizia a fost luat\u0103 \u00een timpul primei \u00eent\u00e2lniri dintre Dacian Ciolo\u0219 \u0219i membrii Cabinetului s\u0103u. Asta pentru c\u0103 \u00een spa\u021biul public au ap\u0103rut imagini \u00een care ministrul propus la S\u0103n\u0103tate, Andrei Baciu, ap\u0103rea \u00een ipostaze indecente. Aceste imagini au st\u00e2rnit un val de reac\u021bii care ar fi putut s\u0103 \u0219tirbeasc\u0103 din credibilitatea noului Cabinet.<\/p>\n<p data-index=\"2\">Prin urmare, Dacian Ciolo\u0219 a decis s\u0103 \u00eel retrag\u0103 pe Andrei Baciu.<\/p>\n<h4><span>Andrei Baciu<\/span><\/h4>\n<p data-index=\"3\">&#8211; 29 de ani<\/p>\n<p data-index=\"4\">&#8211; medic rezident Chirurgie Toracic\u0103<\/p>\n<p data-index=\"5\">&#8211; membru al Asocia\u0163iei Europene de Chirurgie Cardiac\u0103 \u015fi Toracic\u0103<\/p>\n<p data-index=\"6\">&#8211; pre\u015fedintele Asocia\u0163iei Rom\u00e2no-Francez\u0103 de Chirurgie Cardiac\u0103 Pediatric\u0103<\/p>\n<p data-index=\"7\"><strong>Nominalizarea pentru Ministerul S\u0103n\u0103t\u0103\u021bii trimis\u0103 Parlamentului \u00een aceast\u0103 sear\u0103 de c\u0103tre prim-ministrul desemnat Dacian Ciolo\u0219 este conferen\u021biarul universitar doctor Patriciu Achima\u0219-Cadariu, \u00een prezent director al Institutului Oncologic Cluj-Napoca<\/strong>, informeaz\u0103 un comunicat de pres\u0103 al Guvernului.\u00a0<\/p>\n<h4><a href=\"https:\/\/www.digi24.ro\/Stiri\/Digi24\/Actualitate\/Politica\/Cine+sunt+ministrii+propusi+de+Dacian+Ciolos+pentru+noul+guvern\" target=\"_blank\" data-skip-linkfix=\"1\" rel=\"noopener\"><span>Cine sunt mini\u0219trii propu\u0219i de Dacian Ciolo\u0219 pentru noul guvern<\/span><\/a><\/h4>\n<\/div>\n<p> Source URL: https:\/\/www.digi24.ro\/stiri\/actualitate\/politica\/ministrul-sanatatii-inlocuit-la-sase-ore-dupa-ce-fusese-desemnat-de-dacian-ciolos-457851<\/p>\n","protected":false},"excerpt":{"rendered":"<p>Decizia a fost luat\u0103 \u00een timpul primei \u00eent\u00e2lniri dintre Dacian Ciolo\u0219 \u0219i membrii Cabinetului s\u0103u. Asta pentru c\u0103 \u00een spa\u021biul public au ap\u0103rut imagini \u00een care ministrul propus la S\u0103n\u0103tate, Andrei Baciu, ap\u0103rea \u00een ipostaze indecente. Aceste imagini au st\u00e2rnit un val de reac\u021bii care ar fi putut s\u0103 \u0219tirbeasc\u0103 din credibilitatea noului Cabinet. Prin [&hellip;]<\/p>\n","protected":false},"author":1,"featured_media":171659,"comment_status":"open","ping_status":"","sticky":false,"template":"","format":"standard","meta":{"footnotes":""},"categories":[2],"tags":[11],"class_list":["post-171658","post","type-post","status-publish","format-standard","has-post-thumbnail","hentry","category-politics","tag-digi24"],"_links":{"self":[{"href":"https:\/\/analyse.optim.biz\/index.php?rest_route=\/wp\/v2\/posts\/171658","targetHints":{"allow":["GET"]}}],"collection":[{"href":"https:\/\/analyse.optim.biz\/index.php?rest_route=\/wp\/v2\/posts"}],"about":[{"href":"https:\/\/analyse.optim.biz\/index.php?rest_route=\/wp\/v2\/types\/post"}],"author":[{"embeddable":true,"href":"https:\/\/analyse.optim.biz\/index.php?rest_route=\/wp\/v2\/users\/1"}],"replies":[{"embeddable":true,"href":"https:\/\/analyse.optim.biz\/index.php?rest_route=%2Fwp%2Fv2%2Fcomments&post=171658"}],"version-history":[{"count":0,"href":"https:\/\/analyse.optim.biz\/index.php?rest_route=\/wp\/v2\/posts\/171658\/revisions"}],"wp:featuredmedia":[{"embeddable":true,"href":"https:\/\/analyse.optim.biz\/index.php?rest_route=\/wp\/v2\/media\/171659"}],"wp:attachment":[{"href":"https:\/\/analyse.optim.biz\/index.php?rest_route=%2Fwp%2Fv2%2Fmedia&parent=171658"}],"wp:term":[{"taxonomy":"category","embeddable":true,"href":"https:\/\/analyse.optim.biz\/index.php?rest_route=%2Fwp%2Fv2%2Fcategories&post=171658"},{"taxonomy":"post_tag","embeddable":true,"href":"https:\/\/analyse.optim.biz\/index.php?rest_route=%2Fwp%2Fv2%2Ftags&post=171658"}],"curies":[{"name":"wp","href":"https:\/\/api.w.org\/{rel}","templated":true}]}}