{"id":171633,"date":"2015-11-16T00:32:09","date_gmt":"2015-11-15T21:32:09","guid":{"rendered":"https:\/\/analyse.optim.biz\/?p=171633"},"modified":"2015-11-16T00:32:09","modified_gmt":"2015-11-15T21:32:09","slug":"traian-basescu-demisia-lui-ponta-a-fost-artificiala-dragnea-il-tot-impingea-la-vale","status":"publish","type":"post","link":"https:\/\/analyse.optim.biz\/?p=171633","title":{"rendered":"Traian B\u0103sescu: Demisia lui Ponta a fost artificial\u0103, Dragnea \u00eel tot \u00eempingea la vale"},"content":{"rendered":"<div class=\"entry data-app-meta data-app-meta-article\" data-embed-base-url-canonical=\"https:\/\/www.digi24.ro\/embed\/stiri\/actualitate\/politica\/traian-basescu-demisia-lui-ponta-a-fost-artificiala-dragnea-il-tot-impingea-la-vale-457883\">\n<p data-index=\"1\"><img decoding=\"async\" src=\"https:\/\/analyse.optim.biz\/wp-content\/uploads\/2024\/09\/otgwodvizmm5m2m1mzhmyzjhzdzhogvlotnlyzc-thumb_.jpg\" data-skip-htmlfix=\"1\" title=\"otgwodvizmm5m2m1mzhmyzjhzdzhogvlotnlyzc-thumb_\"><\/p>\n<p data-index=\"2\">\u201eA fost foarte artificial\u0103 (demisia lui Victor Ponta &#8211; n.r.). Spre exemplu, care a fost responsabilitatea premierului \u00een dezastrul, \u00een tragedia de la Colectiv? Eu v\u0103 asigur c\u0103 a fost egal\u0103 cu a pre\u0219edintelui, nu avea responsabilit\u0103\u021bi directe. (&#8230;). \u0218i pre\u0219edintele, \u0219i premierul r\u0103spund de siguran\u021ba cet\u0103\u021benilor. Unde e vina lui Ponta, trebuia s\u0103 controleze el? Deci ceva a sc\u00e2r\u021b\u00e2it aici, \u0219i de asta spun, Dragnea \u00eel tot \u00eempingea la vale, a fost momentul de tensiune, nici Oprea nu a vrut s\u0103-l ajute, s\u0103-\u0219i asume\u201d, a declarat B\u0103sescu.<\/p>\n<p data-index=\"3\">\u00cen opinia fostului pre\u0219edinte, Liviu Dragnea \u0219tia deja, la momentul retragerii lui Ponta, c\u0103 \u00een func\u021bia de premier va fi desemnat Dacian Ciolo\u0219.<\/p>\n<p data-index=\"4\">\u201eFaptul c\u0103 nu s-a dus cu un nume de prim-ministru la prima \u00eent\u00e2lnire cu pre\u0219edintele Iohannis mie \u00eemi arat\u0103 c\u0103 jocurile erau f\u0103cute, \u0219tiind c\u0103 Ciolo\u0219 era de mult\u0103 vreme o solu\u021bie. Deci, practic, Dragnea \u0219i-a negociat partidul\u201d, a afirmat Traian B\u0103sescu.<\/p>\n<\/div>\n<p> Source URL: https:\/\/www.digi24.ro\/stiri\/actualitate\/politica\/traian-basescu-demisia-lui-ponta-a-fost-artificiala-dragnea-il-tot-impingea-la-vale-457883<\/p>\n","protected":false},"excerpt":{"rendered":"<p>\u201eA fost foarte artificial\u0103 (demisia lui Victor Ponta &#8211; n.r.). Spre exemplu, care a fost responsabilitatea premierului \u00een dezastrul, \u00een tragedia de la Colectiv? Eu v\u0103 asigur c\u0103 a fost egal\u0103 cu a pre\u0219edintelui, nu avea responsabilit\u0103\u021bi directe. (&#8230;). \u0218i pre\u0219edintele, \u0219i premierul r\u0103spund de siguran\u021ba cet\u0103\u021benilor. Unde e vina lui Ponta, trebuia s\u0103 controleze [&hellip;]<\/p>\n","protected":false},"author":1,"featured_media":171634,"comment_status":"open","ping_status":"","sticky":false,"template":"","format":"standard","meta":{"footnotes":""},"categories":[2],"tags":[11],"class_list":["post-171633","post","type-post","status-publish","format-standard","has-post-thumbnail","hentry","category-politics","tag-digi24"],"_links":{"self":[{"href":"https:\/\/analyse.optim.biz\/index.php?rest_route=\/wp\/v2\/posts\/171633","targetHints":{"allow":["GET"]}}],"collection":[{"href":"https:\/\/analyse.optim.biz\/index.php?rest_route=\/wp\/v2\/posts"}],"about":[{"href":"https:\/\/analyse.optim.biz\/index.php?rest_route=\/wp\/v2\/types\/post"}],"author":[{"embeddable":true,"href":"https:\/\/analyse.optim.biz\/index.php?rest_route=\/wp\/v2\/users\/1"}],"replies":[{"embeddable":true,"href":"https:\/\/analyse.optim.biz\/index.php?rest_route=%2Fwp%2Fv2%2Fcomments&post=171633"}],"version-history":[{"count":0,"href":"https:\/\/analyse.optim.biz\/index.php?rest_route=\/wp\/v2\/posts\/171633\/revisions"}],"wp:featuredmedia":[{"embeddable":true,"href":"https:\/\/analyse.optim.biz\/index.php?rest_route=\/wp\/v2\/media\/171634"}],"wp:attachment":[{"href":"https:\/\/analyse.optim.biz\/index.php?rest_route=%2Fwp%2Fv2%2Fmedia&parent=171633"}],"wp:term":[{"taxonomy":"category","embeddable":true,"href":"https:\/\/analyse.optim.biz\/index.php?rest_route=%2Fwp%2Fv2%2Fcategories&post=171633"},{"taxonomy":"post_tag","embeddable":true,"href":"https:\/\/analyse.optim.biz\/index.php?rest_route=%2Fwp%2Fv2%2Ftags&post=171633"}],"curies":[{"name":"wp","href":"https:\/\/api.w.org\/{rel}","templated":true}]}}