{"id":171622,"date":"2015-11-16T07:42:05","date_gmt":"2015-11-16T04:42:05","guid":{"rendered":"https:\/\/analyse.optim.biz\/?p=171622"},"modified":"2015-11-16T07:42:05","modified_gmt":"2015-11-16T04:42:05","slug":"bilantul-presedintelui-klaus-iohannis-la-un-an-de-mandat","status":"publish","type":"post","link":"https:\/\/analyse.optim.biz\/?p=171622","title":{"rendered":"Bilan\u021bul pre\u0219edintelui Klaus Iohannis la un an de mandat"},"content":{"rendered":"<div class=\"entry data-app-meta data-app-meta-article\" data-embed-base-url-canonical=\"https:\/\/www.digi24.ro\/embed\/stiri\/actualitate\/politica\/bilantul-presedintelui-klaus-iohannis-la-un-an-de-mandat-457894\">\n<p data-index=\"1\">Klaus Iohannis: <em>Dragi rom\u00e2ni, cu peste 6,2 milioane de voturi m-a\u021bi ales pre\u015fedinte al Rom\u00e2niei. V\u0103 mul\u0163umesc. Trebuie s\u0103 ne apuc\u0103m de treab\u0103. <\/em><\/p>\n<p data-index=\"2\">A doua zi dup\u0103 ce a fost ales pre\u015fedintele al Rom\u00e2niei, Klaus Iohannis cerea Parlamentului s\u0103 aprobe toate cererile pe care le prime\u015fte din partea procurorilor. Iar liderii partidelor politice se declarau de acord.<\/p>\n<p data-index=\"3\">Victor Ponta: fost pre\u015fedinte PSD: <span><em>Grupurile PSD vor vota pentru orice fel de solicit\u0103ri care \u0163in de imunitate.<\/em><\/span><\/p>\n<p data-index=\"4\">Dup\u0103 dou\u0103 luni ale\u015fii au uitat de promisiune. Pentru mai multe cereri de ridicare a imunit\u0103\u0163ii votul a fost negativ, inclusiv cea care \u00eel viza pe Victor Ponta. Pre\u015fedintele a taxat acest lucru \u00een primul s\u0103u bilan\u0163, la o sut\u0103 de zile de la alegere.<\/p>\n<p data-index=\"5\">Klaus Iohannis, pre\u015fedintele Rom\u00e2niei: <span><em>Cea mai mare restan\u0163\u0103 r\u0103m\u00e2ne modul \u00een care Parlamentul continu\u0103 s\u0103 trateze cererile Justi\u021biei. <\/em><\/span><\/p>\n<p data-index=\"6\">Un alt proiect preziden\u0163ial, revizuirea Constitu\u0163iei, a fost \u015fi el dat uit\u0103rii. Pre\u015fedintele a reu\u015fit \u00eens\u0103 dup\u0103 mai multe runde de consult\u0103ri s\u0103 conving\u0103 partidele s\u0103 adopte noi legi electorale. Primarii vor fi ale\u015fi dintr-un singur tur de scrutin, iar uninominalul la alegerile parlamentare a fost \u00eenlocuit cu scrutinul propor\u0163ional, pe liste. O alt\u0103 promisiune a pre\u015fedintelui, legea a votului prin coresponden\u0163\u0103 a trecut de Parlament \u00eentr-o form\u0103 care ar urma s\u0103 se aplice doar pentru alegerile parlamentare de anul viitor. Mai mult, a fost contestat\u0103 \u015fi la Curtea Constitu\u0163ional\u0103. \u00cen decurs de un an, Klaus Iohannis a refuzat s\u0103 promulge mai multe proiecte importante precum legea care acord\u0103 pensii speciale ale\u015filor sau o prim\u0103 variant\u0103 a Codului Fiscal.<\/p>\n<p data-index=\"7\">Klaus Iohannis, pre\u015fedintele Rom\u00e2niei: <em>Nu promulg legi care \u00eencalc\u0103 principii constitu\u0163ionale sau care au lacune juridice.<\/em><\/p>\n<p data-index=\"8\">Disputa cea mai aprins\u0103 a st\u00e2rnit-o respingerea Codului Silvic. Premierul a sugerat c\u0103 pre\u015fedintele ar ap\u0103ra interesele unei firme str\u0103ine.<\/p>\n<p data-index=\"9\">Victor Ponta, premierul Rom\u00e2niei: <span><em>Impresia mea personal\u0103 este c\u0103 pre\u0219edintele a retrimis legea la Parlament pe baza unor informa\u0163ii pe care le-a primit de la ni\u015fte binevoitori pe care \u00eei vede\u0163i lupt\u00e2ndu-se cu din\u0163ii pentru interesele Schweighofer.<\/em><\/span><\/p>\n<p data-index=\"10\">Klaus Iohannis, pre\u015fedintele Rom\u00e2niei: <em>Primul ministru va r\u0103spunde pentru aceste afirma\u0163ii.<\/em><\/p>\n<p data-index=\"11\">Ruptura dintre pre\u015fedinte \u015fi premier p\u0103rea definitiv\u0103 \u00een luna iunie, c\u00e2nd DNA a \u00eenceput urm\u0103rirea penal\u0103 a lui Victor Ponta, pentru fapte pe care le-ar fi s\u0103v\u00e2r\u015fit pe vremea c\u00e2nd era avocat. \u015eeful statului nu avea \u00eens\u0103 p\u00e2rghii pentru a-l \u00eenl\u0103tura din func\u0163ie pe \u015feful Guvernului.<\/p>\n<p data-index=\"12\">Klaus Iohannis, pre\u015fedintele Rom\u00e2niei: <span><em>Solicit demisia premierului Victor Ponta.<\/em><\/span><\/p>\n<p data-index=\"13\">Victor Ponta, prim-ministrul Rom\u00e2niei: <span><em>S\u0103 fim mai pu\u0163in ipocri\u0163i.<\/em><\/span><\/p>\n<p data-index=\"14\">Demisia lui Victor Ponta a venit abia la \u00eenceputul lunii noiembrie, dup\u0103 ce a fost cerut\u0103 de zeci de mii de rom\u00e2ni ie\u015fi\u0163i \u00een strad\u0103 \u00een urma tragediei de la clubul Colectiv. La un an dup\u0103 ce a fost ales, Klaus Iohannis a fost pentru prima dat\u0103 \u00een situa\u0163ia de a desemna un premier.<\/p>\n<p data-index=\"15\">Klaus Iohannis, pre\u015fedintele Rom\u00e2niei:<span><em> \u00cel desemnez pentru func\u0163ia de prim-ministru al Rom\u00e2niei pe domnul Dacian Ciolo\u015f.<\/em><\/span><\/p>\n<\/div>\n<p> Source URL: https:\/\/www.digi24.ro\/stiri\/actualitate\/politica\/bilantul-presedintelui-klaus-iohannis-la-un-an-de-mandat-457894<\/p>\n","protected":false},"excerpt":{"rendered":"<p>Klaus Iohannis: Dragi rom\u00e2ni, cu peste 6,2 milioane de voturi m-a\u021bi ales pre\u015fedinte al Rom\u00e2niei. V\u0103 mul\u0163umesc. Trebuie s\u0103 ne apuc\u0103m de treab\u0103. A doua zi dup\u0103 ce a fost ales pre\u015fedintele al Rom\u00e2niei, Klaus Iohannis cerea Parlamentului s\u0103 aprobe toate cererile pe care le prime\u015fte din partea procurorilor. Iar liderii partidelor politice se declarau [&hellip;]<\/p>\n","protected":false},"author":1,"featured_media":171623,"comment_status":"open","ping_status":"","sticky":false,"template":"","format":"standard","meta":{"footnotes":""},"categories":[2],"tags":[11],"class_list":["post-171622","post","type-post","status-publish","format-standard","has-post-thumbnail","hentry","category-politics","tag-digi24"],"_links":{"self":[{"href":"https:\/\/analyse.optim.biz\/index.php?rest_route=\/wp\/v2\/posts\/171622","targetHints":{"allow":["GET"]}}],"collection":[{"href":"https:\/\/analyse.optim.biz\/index.php?rest_route=\/wp\/v2\/posts"}],"about":[{"href":"https:\/\/analyse.optim.biz\/index.php?rest_route=\/wp\/v2\/types\/post"}],"author":[{"embeddable":true,"href":"https:\/\/analyse.optim.biz\/index.php?rest_route=\/wp\/v2\/users\/1"}],"replies":[{"embeddable":true,"href":"https:\/\/analyse.optim.biz\/index.php?rest_route=%2Fwp%2Fv2%2Fcomments&post=171622"}],"version-history":[{"count":0,"href":"https:\/\/analyse.optim.biz\/index.php?rest_route=\/wp\/v2\/posts\/171622\/revisions"}],"wp:featuredmedia":[{"embeddable":true,"href":"https:\/\/analyse.optim.biz\/index.php?rest_route=\/wp\/v2\/media\/171623"}],"wp:attachment":[{"href":"https:\/\/analyse.optim.biz\/index.php?rest_route=%2Fwp%2Fv2%2Fmedia&parent=171622"}],"wp:term":[{"taxonomy":"category","embeddable":true,"href":"https:\/\/analyse.optim.biz\/index.php?rest_route=%2Fwp%2Fv2%2Fcategories&post=171622"},{"taxonomy":"post_tag","embeddable":true,"href":"https:\/\/analyse.optim.biz\/index.php?rest_route=%2Fwp%2Fv2%2Ftags&post=171622"}],"curies":[{"name":"wp","href":"https:\/\/api.w.org\/{rel}","templated":true}]}}