{"id":171560,"date":"2015-11-16T17:12:21","date_gmt":"2015-11-16T14:12:21","guid":{"rendered":"https:\/\/analyse.optim.biz\/?p=171560"},"modified":"2015-11-16T17:12:21","modified_gmt":"2015-11-16T14:12:21","slug":"liviu-dragnea-a-cerut-inlocuirea-lui-andrei-baciu-desemnat-initial-pentru-portofoliul-sanatatii","status":"publish","type":"post","link":"https:\/\/analyse.optim.biz\/?p=171560","title":{"rendered":"Liviu Dragnea a cerut \u00eenlocuirea lui Andrei Baciu, desemnat ini\u021bial pentru portofoliul S\u0103n\u0103t\u0103\u021bii"},"content":{"rendered":"<div class=\"entry data-app-meta data-app-meta-article\" data-embed-base-url-canonical=\"https:\/\/www.digi24.ro\/embed\/stiri\/actualitate\/politica\/liviu-dragnea-a-cerut-inlocuirea-lui-andrei-baciu-desemnat-initial-pentru-portofoliul-sanatatii-458111\">\n<p data-index=\"1\">Dacian Ciolo\u0219, premier desemnat: \u201eSunt ni\u0219te lucruri pe care d\u00e2nsul nu mi le-a spus. Aceste lucruri care au fost semnalate \u00een media sunt, pentru mine, foarte sensibile \u0219i nu vreau, \u00een niciun fel, s\u0103 p\u0103tez imaginea \u0219i integritatea acestui guvern. Mi-am asumat propunerea \u0219i \u00eemi asum \u0219i decizia de a-l scoate de pe list\u0103.<\/p>\n<p data-index=\"2\">Reporter: \u201eDar a\u0163i aflat c\u0103 este rezident \u00eenainte sau dup\u0103 ce l-a\u0163i propus?\u201d <\/p>\n<p data-index=\"3\">Dacian Ciolo\u0219: \u201eDup\u0103\u201d.<\/p>\n<p data-index=\"4\">Liviu Dragnea, pre\u015fedintele PSD: \u201eAsear\u0103, dup\u0103 ce am terminat conferin\u021ba de pres\u0103, colegii mi-au ar\u0103tat informa\u021biile legate de acel personaj. L-am sunat pe domnul Ciolo\u0219 imediat, spun\u00e2nd c\u0103 PSD nu poate lua \u00een calcul votul pozitiv la \u00eenvestitura guvernului dac\u0103 acel domn r\u0103m\u00e2ne. Nu cred c\u0103 un domn la 27 de ani \u0219i care nu avea nici reziden\u021biatul luat ar fi putut gestiona acest sistem foarte important. Fiecare se machiaz\u0103 \u0219i se rujeaz\u0103 cum crede de cuviin\u021b\u0103, dar dac\u0103 e \u00een lumea lui. C\u00e2nd vrei s\u0103 fie \u00eentr-o func\u021bie public\u0103 nu po\u021bi s\u0103 faci asta. Fug bolnavii din spitale\u201d.<\/p>\n<\/div>\n<p> Source URL: https:\/\/www.digi24.ro\/stiri\/actualitate\/politica\/liviu-dragnea-a-cerut-inlocuirea-lui-andrei-baciu-desemnat-initial-pentru-portofoliul-sanatatii-458111<\/p>\n","protected":false},"excerpt":{"rendered":"<p>Dacian Ciolo\u0219, premier desemnat: \u201eSunt ni\u0219te lucruri pe care d\u00e2nsul nu mi le-a spus. Aceste lucruri care au fost semnalate \u00een media sunt, pentru mine, foarte sensibile \u0219i nu vreau, \u00een niciun fel, s\u0103 p\u0103tez imaginea \u0219i integritatea acestui guvern. Mi-am asumat propunerea \u0219i \u00eemi asum \u0219i decizia de a-l scoate de pe list\u0103. Reporter: [&hellip;]<\/p>\n","protected":false},"author":1,"featured_media":171561,"comment_status":"open","ping_status":"","sticky":false,"template":"","format":"standard","meta":{"footnotes":""},"categories":[2],"tags":[11],"class_list":["post-171560","post","type-post","status-publish","format-standard","has-post-thumbnail","hentry","category-politics","tag-digi24"],"_links":{"self":[{"href":"https:\/\/analyse.optim.biz\/index.php?rest_route=\/wp\/v2\/posts\/171560","targetHints":{"allow":["GET"]}}],"collection":[{"href":"https:\/\/analyse.optim.biz\/index.php?rest_route=\/wp\/v2\/posts"}],"about":[{"href":"https:\/\/analyse.optim.biz\/index.php?rest_route=\/wp\/v2\/types\/post"}],"author":[{"embeddable":true,"href":"https:\/\/analyse.optim.biz\/index.php?rest_route=\/wp\/v2\/users\/1"}],"replies":[{"embeddable":true,"href":"https:\/\/analyse.optim.biz\/index.php?rest_route=%2Fwp%2Fv2%2Fcomments&post=171560"}],"version-history":[{"count":0,"href":"https:\/\/analyse.optim.biz\/index.php?rest_route=\/wp\/v2\/posts\/171560\/revisions"}],"wp:featuredmedia":[{"embeddable":true,"href":"https:\/\/analyse.optim.biz\/index.php?rest_route=\/wp\/v2\/media\/171561"}],"wp:attachment":[{"href":"https:\/\/analyse.optim.biz\/index.php?rest_route=%2Fwp%2Fv2%2Fmedia&parent=171560"}],"wp:term":[{"taxonomy":"category","embeddable":true,"href":"https:\/\/analyse.optim.biz\/index.php?rest_route=%2Fwp%2Fv2%2Fcategories&post=171560"},{"taxonomy":"post_tag","embeddable":true,"href":"https:\/\/analyse.optim.biz\/index.php?rest_route=%2Fwp%2Fv2%2Ftags&post=171560"}],"curies":[{"name":"wp","href":"https:\/\/api.w.org\/{rel}","templated":true}]}}