{"id":171463,"date":"2015-11-17T17:41:30","date_gmt":"2015-11-17T14:41:30","guid":{"rendered":"https:\/\/analyse.optim.biz\/?p=171463"},"modified":"2015-11-17T17:41:30","modified_gmt":"2015-11-17T14:41:30","slug":"ambasadorul-sua-la-bucuresti-despre-noul-guvern-o-tranzitie-politica-importanta","status":"publish","type":"post","link":"https:\/\/analyse.optim.biz\/?p=171463","title":{"rendered":"Ambasadorul SUA la Bucure\u0219ti, despre noul guvern: O tranzi\u0163ie politic\u0103 important\u0103"},"content":{"rendered":"<div class=\"entry data-app-meta data-app-meta-article\" data-embed-base-url-canonical=\"https:\/\/www.digi24.ro\/embed\/stiri\/actualitate\/politica\/ambasadorul-sua-la-bucuresti-despre-noul-guvern-o-tranzitie-politica-importanta-458528\">\n<p data-index=\"1\">\u201e<span>Personal, sunt ner\u0103bd\u0103tor s\u0103 colaborez c\u00e2t mai str\u00e2ns cu dumnealui \u015fi cu Guvernul dumnealui pentru progresul intereselor reciproce dintre Rom\u00e2nia \u015fi Statele Unite. Nu am avut ocazia c\u0103 evalu\u0103m to\u0163i membrii echipei sale. Dar am avut ocazia s\u0103 lucr\u0103m cu unii dintre ei\u201d, a spus ambasadorul Hans Klemm.<\/span><\/p>\n<\/div>\n<p> Source URL: https:\/\/www.digi24.ro\/stiri\/actualitate\/politica\/ambasadorul-sua-la-bucuresti-despre-noul-guvern-o-tranzitie-politica-importanta-458528<\/p>\n","protected":false},"excerpt":{"rendered":"<p>\u201ePersonal, sunt ner\u0103bd\u0103tor s\u0103 colaborez c\u00e2t mai str\u00e2ns cu dumnealui \u015fi cu Guvernul dumnealui pentru progresul intereselor reciproce dintre Rom\u00e2nia \u015fi Statele Unite. Nu am avut ocazia c\u0103 evalu\u0103m to\u0163i membrii echipei sale. Dar am avut ocazia s\u0103 lucr\u0103m cu unii dintre ei\u201d, a spus ambasadorul Hans Klemm. Source URL: https:\/\/www.digi24.ro\/stiri\/actualitate\/politica\/ambasadorul-sua-la-bucuresti-despre-noul-guvern-o-tranzitie-politica-importanta-458528<\/p>\n","protected":false},"author":1,"featured_media":171464,"comment_status":"open","ping_status":"","sticky":false,"template":"","format":"standard","meta":{"footnotes":""},"categories":[2],"tags":[11],"class_list":["post-171463","post","type-post","status-publish","format-standard","has-post-thumbnail","hentry","category-politics","tag-digi24"],"_links":{"self":[{"href":"https:\/\/analyse.optim.biz\/index.php?rest_route=\/wp\/v2\/posts\/171463","targetHints":{"allow":["GET"]}}],"collection":[{"href":"https:\/\/analyse.optim.biz\/index.php?rest_route=\/wp\/v2\/posts"}],"about":[{"href":"https:\/\/analyse.optim.biz\/index.php?rest_route=\/wp\/v2\/types\/post"}],"author":[{"embeddable":true,"href":"https:\/\/analyse.optim.biz\/index.php?rest_route=\/wp\/v2\/users\/1"}],"replies":[{"embeddable":true,"href":"https:\/\/analyse.optim.biz\/index.php?rest_route=%2Fwp%2Fv2%2Fcomments&post=171463"}],"version-history":[{"count":0,"href":"https:\/\/analyse.optim.biz\/index.php?rest_route=\/wp\/v2\/posts\/171463\/revisions"}],"wp:featuredmedia":[{"embeddable":true,"href":"https:\/\/analyse.optim.biz\/index.php?rest_route=\/wp\/v2\/media\/171464"}],"wp:attachment":[{"href":"https:\/\/analyse.optim.biz\/index.php?rest_route=%2Fwp%2Fv2%2Fmedia&parent=171463"}],"wp:term":[{"taxonomy":"category","embeddable":true,"href":"https:\/\/analyse.optim.biz\/index.php?rest_route=%2Fwp%2Fv2%2Fcategories&post=171463"},{"taxonomy":"post_tag","embeddable":true,"href":"https:\/\/analyse.optim.biz\/index.php?rest_route=%2Fwp%2Fv2%2Ftags&post=171463"}],"curies":[{"name":"wp","href":"https:\/\/api.w.org\/{rel}","templated":true}]}}