{"id":171452,"date":"2015-11-17T18:13:06","date_gmt":"2015-11-17T15:13:06","guid":{"rendered":"https:\/\/analyse.optim.biz\/?p=171452"},"modified":"2015-11-17T18:13:06","modified_gmt":"2015-11-17T15:13:06","slug":"conditiile-in-care-psd-si-pnl-sustin-cabinetul-condus-de-ciolos","status":"publish","type":"post","link":"https:\/\/analyse.optim.biz\/?p=171452","title":{"rendered":"Condi\u0163iile \u00een care PSD \u015fi PNL sus\u0163in Cabinetul condus de Ciolo\u015f"},"content":{"rendered":"<div class=\"entry data-app-meta data-app-meta-article\" data-embed-base-url-canonical=\"https:\/\/www.digi24.ro\/embed\/stiri\/actualitate\/politica\/conditiile-in-care-psd-si-pnl-sustin-cabinetul-condus-de-ciolos-458549\">\n<p data-index=\"1\"><strong><br \/><\/strong><\/p>\n<p data-index=\"2\"><strong>Liviu Dragnea:<\/strong> \u201eDepinde de dumneavoastr\u0103 dac\u0103 vom fi sau nu parteneri sau adversari \u00een Parlament, <span>dar votul nostru nu va fi un cec \u00een alb, vom sus\u0163ine guvernul Ciolo\u015f c\u00e2t timp avem convingerea c\u0103 \u00ee\u015fi vor desf\u0103\u015fura activitatea \u00een mandatul agreat\u201d.<\/span><\/p>\n<p data-index=\"3\"><strong>Alina Gorghiu:<\/strong> \u201eMarele c\u00e2\u015ftig al acestei schimb\u0103ri de guvern e c\u0103 PSD nu mai de\u0163ine fr\u00e2iele guvernului. Vom vota noul guvern pentru c\u0103 avem \u00eencredere c\u0103 e o formul\u0103 bun\u0103 \u015fi o solu\u0163ie pentru ie\u015firea din aceast\u0103 criz\u0103 politic\u0103. Domnule prim-ministru, ve\u0163i avea \u00een PNL un partener loial \u00een toate m\u0103surile bune pe care le ve\u0163i lua, dar ve\u0163i avea \u015fi o voce critic\u0103 \u015fi sincer\u0103 atunci c\u00e2nd vom considera c\u0103 trebuie spuse adev\u0103ruri mai pu\u0163in favorabile cabinetului dumneavoastr\u0103\u201d.<\/p>\n<p data-index=\"4\">C\u0103lin Popescu T\u0103riceanu: \u201e\u00cemi vine s\u0103 spun tot felul de r\u0103ut\u0103\u0163i. Nu-mi r\u0103m\u00e2ne dec\u00e2t s\u0103 constat c\u0103 PSD r\u0103m\u00e2ne la putere. Domnule prim-ministru desemnat, trebuie s\u0103 mai \u015fti\u0163i c\u0103 persoana dumneavoastr\u0103 \u00eempreun\u0103 cu reputa\u0163ia \u015fi prestigiul de care v\u0103 bucura\u0163i \u015fi pe care le-a\u0163i c\u00e2\u015ftigat pe merit este poate f\u0103r\u0103 voia \u015fi \u015ftiin\u0163a dumneavoastr\u0103 parte a unui plan elaborat \u00een urm\u0103 cu un an care \u015fi-a propus s\u0103 \u00eenl\u0103ture cu orice pre\u0163 un guvern ales democratic. S\u0103 recunoa\u015ftem cu luciditate, a\u015fa cum se prezint\u0103 ast\u0103zi \u00een fa\u0163a Parlamentului, tehnocra\u0163ia ucide democra\u0163ia. Grupul parlamentar ALDE nu va vota cabinetul Ciolo\u015f\u201d.<\/p>\n<p data-index=\"5\"><strong>Kelemen Hunor:<\/strong> \u201eUDMR va vota pentru instalarea guvernului condus de Dacian Ciolo\u015f \u015fi suntem con\u015ftien\u0163i c\u0103 \u00eentr-un an nu se pot \u00eenf\u0103ptui minuni\u201d.<\/p>\n<p data-index=\"6\"><strong>Varujan Pambuccian<\/strong>: \u201e\u00cel v<span>om vota pentru c\u0103 acolo unde noi am dat dovada unei iresponsabilit\u0103\u0163i pe care nu am s\u0103 o \u00een\u0163eleg omul \u0103sta a dat dovad\u0103 de responsabilitate\u201d.<\/span><\/p>\n<p data-index=\"7\"><strong>Mihaela Stoica:<\/strong> \u201eParlamentarii PMP vor vota \u00eempotriva acestui guvern tehnocrat\u201d.<\/p>\n<\/div>\n<p> Source URL: https:\/\/www.digi24.ro\/stiri\/actualitate\/politica\/conditiile-in-care-psd-si-pnl-sustin-cabinetul-condus-de-ciolos-458549<\/p>\n","protected":false},"excerpt":{"rendered":"<p>Liviu Dragnea: \u201eDepinde de dumneavoastr\u0103 dac\u0103 vom fi sau nu parteneri sau adversari \u00een Parlament, dar votul nostru nu va fi un cec \u00een alb, vom sus\u0163ine guvernul Ciolo\u015f c\u00e2t timp avem convingerea c\u0103 \u00ee\u015fi vor desf\u0103\u015fura activitatea \u00een mandatul agreat\u201d. Alina Gorghiu: \u201eMarele c\u00e2\u015ftig al acestei schimb\u0103ri de guvern e c\u0103 PSD nu mai [&hellip;]<\/p>\n","protected":false},"author":1,"featured_media":171453,"comment_status":"open","ping_status":"","sticky":false,"template":"","format":"standard","meta":{"footnotes":""},"categories":[2],"tags":[11],"class_list":["post-171452","post","type-post","status-publish","format-standard","has-post-thumbnail","hentry","category-politics","tag-digi24"],"_links":{"self":[{"href":"https:\/\/analyse.optim.biz\/index.php?rest_route=\/wp\/v2\/posts\/171452","targetHints":{"allow":["GET"]}}],"collection":[{"href":"https:\/\/analyse.optim.biz\/index.php?rest_route=\/wp\/v2\/posts"}],"about":[{"href":"https:\/\/analyse.optim.biz\/index.php?rest_route=\/wp\/v2\/types\/post"}],"author":[{"embeddable":true,"href":"https:\/\/analyse.optim.biz\/index.php?rest_route=\/wp\/v2\/users\/1"}],"replies":[{"embeddable":true,"href":"https:\/\/analyse.optim.biz\/index.php?rest_route=%2Fwp%2Fv2%2Fcomments&post=171452"}],"version-history":[{"count":0,"href":"https:\/\/analyse.optim.biz\/index.php?rest_route=\/wp\/v2\/posts\/171452\/revisions"}],"wp:featuredmedia":[{"embeddable":true,"href":"https:\/\/analyse.optim.biz\/index.php?rest_route=\/wp\/v2\/media\/171453"}],"wp:attachment":[{"href":"https:\/\/analyse.optim.biz\/index.php?rest_route=%2Fwp%2Fv2%2Fmedia&parent=171452"}],"wp:term":[{"taxonomy":"category","embeddable":true,"href":"https:\/\/analyse.optim.biz\/index.php?rest_route=%2Fwp%2Fv2%2Fcategories&post=171452"},{"taxonomy":"post_tag","embeddable":true,"href":"https:\/\/analyse.optim.biz\/index.php?rest_route=%2Fwp%2Fv2%2Ftags&post=171452"}],"curies":[{"name":"wp","href":"https:\/\/api.w.org\/{rel}","templated":true}]}}