{"id":171314,"date":"2015-11-21T17:17:38","date_gmt":"2015-11-21T14:17:38","guid":{"rendered":"https:\/\/analyse.optim.biz\/?p=171314"},"modified":"2015-11-21T17:17:38","modified_gmt":"2015-11-21T14:17:38","slug":"relatia-pnl-klaus-iohannis-scartaie","status":"publish","type":"post","link":"https:\/\/analyse.optim.biz\/?p=171314","title":{"rendered":"Rela\u0163ia PNL-Klaus Iohannis sc\u00e2r\u0163\u00e2ie"},"content":{"rendered":"<div class=\"entry data-app-meta data-app-meta-article\" data-embed-base-url-canonical=\"https:\/\/www.digi24.ro\/embed\/stiri\/actualitate\/politica\/relatia-pnl-klaus-iohannis-scartaie-459893\">\n<p data-index=\"1\"><span lang=\"en-US\">Diferen\u021bele de opinie dintre PNL \u015fi Klaus Iohannis au ap\u0103rut la scurt timp dup\u0103 protestele ce au urmat tragediei de la Colectiv. <\/span><\/p>\n<p data-index=\"2\"><strong><span>Alina Gorghiu, copre\u015fedinte PNL<\/span><\/strong><span lang=\"en-US\"><em> Propunerea cu care Partidul Na\u0163ional Liberal a venit este aceea de dizolvare a Parlamentului \u015fi de organizare a alegerilor anticipate<\/em>\u00a0<\/span><\/p>\n<p data-index=\"3\">\u00cen final, a ramas ca pre\u015fedintele. La scurt timp, Klaus Iohannis a numit un premier tehnocrat.<\/p>\n<p data-index=\"4\"><strong>C\u0103lin Popescu T\u0103riceanu, pre\u015fedinte ALDE<\/strong>: <em><span lang=\"en-US\">Nu-mi r<\/span><span>\u0103<\/span><span lang=\"en-US\">m<\/span><span>\u00e2<\/span><span lang=\"en-US\">ne dec<\/span><span>\u00e2<\/span><span lang=\"en-US\">t s<\/span><span>\u0103<\/span><span lang=\"en-US\"> constat c<\/span><span>\u0103\u00a0<\/span><span>PSD<\/span><span lang=\"en-US\"> r<\/span><span>\u0103<\/span><span lang=\"en-US\">m<\/span><span>\u00e2<\/span><span lang=\"en-US\">ne la putere <\/span><span>\u015f<\/span><span lang=\"en-US\">i <\/span><span>PNL,<\/span><span lang=\"en-US\"> prin vocea <\/span><span>doamnei<\/span><span lang=\"en-US\"> pre<\/span><span>\u015f<\/span><span lang=\"en-US\">edinte, <\/span><span>\u00ee\u015f<\/span><span lang=\"en-US\">i manifest<\/span><span>\u0103<\/span><span lang=\"en-US\"> inten<\/span><span>\u0163<\/span><span lang=\"en-US\">ia de a fi critic la adresa guvernului, adic<\/span><span>\u0103<\/span><span lang=\"en-US\"> s<\/span><span>\u0103<\/span><span lang=\"en-US\"> r<\/span><span>\u0103<\/span><span lang=\"en-US\">m<\/span><span>\u00e2<\/span><span lang=\"en-US\">n<\/span><span>\u0103<\/span><span>\u00ee<\/span><span lang=\"en-US\">n opozi<\/span><span>\u0163<\/span><span lang=\"en-US\">ie.<\/span><\/em><\/p>\n<p data-index=\"5\">Iar primele critici au venit imediat dup\u0103 \u00eenvestirea Cabinetului Dacian Ciolo\u015f. \u00centr-o postare pe Facebook, liberalul Ludovic Orban l-a criticat pe Klaus Iohannis c\u0103 nu a mers la ceremoniile de instalare a mini\u015ftrilor Educa\u0163iei, Culturii, Economiei sau Justi\u0163iei \u015fi a preferat s\u0103 mearg\u0103 la Interne \u015fi la MApN. &#8220;<em>Acestea sunt priorit\u0103\u0163ile mandatului s\u0103u. Nu mi-au pl\u0103cut uniformele din \u015fcoal\u0103, c\u00e2nd eram obliga\u0163i s\u0103 ne \u00eembr\u0103c\u0103m to\u0163i la fel. Nici pompa, fanfara, alinierea \u015fi etalarea demonstrativ\u0103 a for\u0163ei<\/em>.&#8221;<\/p>\n<p data-index=\"6\">\u00cen public, \u00eensa, liberalii nu mai sunt la fel de vehemen\u0163i.<\/p>\n<p data-index=\"7\"><strong>Ludovic Orban<\/strong>: <em>N<\/em><em><span lang=\"en-US\">u l-am criticat pe pre\u015fedinte. Post\u0103rile mele exprim\u0103 p\u0103reri personale, nu p\u0103reri politice.<\/span><\/em>\u00a0<\/p>\n<p data-index=\"8\"><strong>Alina Gorghiu, copre\u015fedinte PNL<\/strong>: <em><span lang=\"en-US\"> Teoria cu scandalul, cu ruptura dintre PNL <\/span><span>\u015f<\/span><span lang=\"en-US\">i Klaus Iohannis, cu te mai miri ce scandal sunt informa<\/span><span>\u0163<\/span><span lang=\"en-US\">ii false. <\/span><\/em><\/p>\n<\/div>\n<p> Source URL: https:\/\/www.digi24.ro\/stiri\/actualitate\/politica\/relatia-pnl-klaus-iohannis-scartaie-459893<\/p>\n","protected":false},"excerpt":{"rendered":"<p>Diferen\u021bele de opinie dintre PNL \u015fi Klaus Iohannis au ap\u0103rut la scurt timp dup\u0103 protestele ce au urmat tragediei de la Colectiv. Alina Gorghiu, copre\u015fedinte PNL Propunerea cu care Partidul Na\u0163ional Liberal a venit este aceea de dizolvare a Parlamentului \u015fi de organizare a alegerilor anticipate\u00a0 \u00cen final, a ramas ca pre\u015fedintele. La scurt timp, [&hellip;]<\/p>\n","protected":false},"author":1,"featured_media":171315,"comment_status":"open","ping_status":"","sticky":false,"template":"","format":"standard","meta":{"footnotes":""},"categories":[2],"tags":[11],"class_list":["post-171314","post","type-post","status-publish","format-standard","has-post-thumbnail","hentry","category-politics","tag-digi24"],"_links":{"self":[{"href":"https:\/\/analyse.optim.biz\/index.php?rest_route=\/wp\/v2\/posts\/171314","targetHints":{"allow":["GET"]}}],"collection":[{"href":"https:\/\/analyse.optim.biz\/index.php?rest_route=\/wp\/v2\/posts"}],"about":[{"href":"https:\/\/analyse.optim.biz\/index.php?rest_route=\/wp\/v2\/types\/post"}],"author":[{"embeddable":true,"href":"https:\/\/analyse.optim.biz\/index.php?rest_route=\/wp\/v2\/users\/1"}],"replies":[{"embeddable":true,"href":"https:\/\/analyse.optim.biz\/index.php?rest_route=%2Fwp%2Fv2%2Fcomments&post=171314"}],"version-history":[{"count":0,"href":"https:\/\/analyse.optim.biz\/index.php?rest_route=\/wp\/v2\/posts\/171314\/revisions"}],"wp:featuredmedia":[{"embeddable":true,"href":"https:\/\/analyse.optim.biz\/index.php?rest_route=\/wp\/v2\/media\/171315"}],"wp:attachment":[{"href":"https:\/\/analyse.optim.biz\/index.php?rest_route=%2Fwp%2Fv2%2Fmedia&parent=171314"}],"wp:term":[{"taxonomy":"category","embeddable":true,"href":"https:\/\/analyse.optim.biz\/index.php?rest_route=%2Fwp%2Fv2%2Fcategories&post=171314"},{"taxonomy":"post_tag","embeddable":true,"href":"https:\/\/analyse.optim.biz\/index.php?rest_route=%2Fwp%2Fv2%2Ftags&post=171314"}],"curies":[{"name":"wp","href":"https:\/\/api.w.org\/{rel}","templated":true}]}}