{"id":1712595,"date":"2026-01-31T04:30:01","date_gmt":"2026-01-31T01:30:01","guid":{"rendered":"https:\/\/analyse.optim.biz\/?p=1712595"},"modified":"2026-01-31T04:30:01","modified_gmt":"2026-01-31T01:30:01","slug":"la-escondida-senda-de-louis-couperin","status":"publish","type":"post","link":"https:\/\/analyse.optim.biz\/?p=1712595","title":{"rendered":"La escondida senda de Louis Couperin"},"content":{"rendered":"<article id=\"main-content\" class=\"a _g _g-lg _g-o\">\n<header class=\"a_e a_e-o _g _g-xs\">\n<div class=\"a_e_txt _df\">\n<div class=\"a_k _df\"><a class=\"a_k_n\" href=\"https:\/\/elpais.com\/noticias\/musica-clasica\/\">M\u00fasica cl\u00e1sica<\/a><\/p>\n<div class=\"a_k_tp _df\"><span class=\"a_k_tp_tip\">Cr\u00edtica<\/span><\/p>\n<div class=\"infb _df\">\n<div id=\"infb-tp\" class=\"_pa infb_txt\" hidden>G\u00e9nero de opini\u00f3n que describe, elogia o censura, en todo o en parte, una obra cultural o de entretenimiento. Siempre debe escribirla un experto en la materia<\/div>\n<\/div>\n<\/div>\n<\/div>\n<h1 class=\"a_t\">La escondida senda de Louis Couperin<\/h1>\n<p class=\"a_st\">El clavecinista Jean Rondeau bucea con mesura en la m\u00fasica del compositor franc\u00e9s, un territorio a\u00fan pr\u00e1cticamente ignoto para muchos aficionados<\/p>\n<\/div>\n<div class=\"a_e_m\">\n<figure class=\"a_m a_m-h \"><span class=\"a_m_w _db\"><img fetchpriority=\"high\" decoding=\"async\" class=\"_re  a_m-h\" height=\"276\" width=\"414\" src=\"https:\/\/analyse.optim.biz\/wp-content\/uploads\/2026\/02\/vduckdja4fepffvcfc4oplcxea-1.jpg\" loading=\"eager\" title=\"vduckdja4fepffvcfc4oplcxea-1\"><\/span><figcaption class=\"a_m_p\" aria-hidden=\"true\"><span>Jean Rondeau toca un recitales de \u00f3rgano con m\u00fasica de Louis Couperin en la Tuindorp Kerk de Utrecht, en septiembre pasado.<\/span><span class=\"a_m_m\">Foppe Schut<\/span><\/figcaption><\/figure>\n<\/div>\n<\/header>\n<div class=\"a_md _g _g-xs \">\n<figure class=\"a_md_i a_m-h c_m--nf\"><span class=\"a_m_w _db\"><img decoding=\"async\" alt=\"Luis Gago\" class=\"_re lazyload a_m-h\" height=\"100\" width=\"100\" src=\"https:\/\/analyse.optim.biz\/wp-content\/uploads\/2026\/02\/https3a2f2fs3-amazonaws-com2farc-authors2fprisa2f70160d9c-a9c2-43b8-bb02-02f3361aba8d.jpg\" loading=\"lazy\" title=\"https3a2f2fs3-amazonaws-com2farc-authors2fprisa2f70160d9c-a9c2-43b8-bb02-02f3361aba8d\"><\/span><\/figure>\n<div class=\"a_md_txt\">\n<div class=\"a_md_a\" data-dtm-region=\"articulo_firma\"><a href=\"https:\/\/elpais.com\/autor\/luis-gago\/#?rel=author_top\" title=\"Ver todas las noticias de Luis Gago\" class=\"a_md_a_n\">Luis Gago<\/a><\/div>\n<div class=\"a_md_f\"><span><a href=\"https:\/\/elpais.com\/hemeroteca\/2026-01-31\/\" data-date=\"2026-01-31T05:30:01+01:00\"><time data-date=\"2026-01-31T05:30:01+01:00\" datetime=\"2026-01-31T05:30:01+01:00\" id=\"article_date_p\">31 ene 2026 &#8211; 05:30<abbr title=\"Central European Time\">CET<\/abbr><\/time><\/a><\/span><\/div>\n<div class=\"w_rs\" data-dtm-region=\"articulo_botonera-social\">\n<div class=\"w_rs_i\"><a class=\"_btn hidden\" href=\"\/\/send?text=La%20escondida%20senda%20de%20Louis%20Couperin%0D%0A%0D%0Ahttps%3A%2F%2Felpais.com%2Fbabelia%2F2026-01-31%2Fla-escondida-senda-de-louis-couperin.html%3Fssm=whatsapp_CC\" data-action=\"share\/whatsapp\/share\" data-param-description=\"La escondida senda de Louis Couperin\" data-param-href=\"https:\/\/elpais.com\/babelia\/2026-01-31\/la-escondida-senda-de-louis-couperin.html\" data-param-text=\"La escondida senda de Louis Couperin https:\/\/elpais.com\/babelia\/2026-01-31\/la-escondida-senda-de-louis-couperin.html\" data-param-url=\"https:\/\/elpais.com\/babelia\/2026-01-31\/la-escondida-senda-de-louis-couperin.html\" target=\"_blank\" rel=\"noopener noreferrer\" data-share-track-dtm=\"whatsapp\" id=\"btn_share_whatsapp_96\"><span class=\"_sr\">Compartir en Whatsapp<\/span><\/a><\/div>\n<div class=\"w_rs_i\"><a class=\"_btn \" href=\"https:\/\/www.facebook.com\/dialog\/share?display=popup&amp;app_id=94039431626&amp;href=https%3A%2F%2Felpais.com%2Fbabelia%2F2026-01-31%2Fla-escondida-senda-de-louis-couperin.html%3Fssm=FB_CC&amp;quote=La%20escondida%20senda%20de%20Louis%20Couperin\" data-param-app_id=\"94039431626\" data-param-description=\"La escondida senda de Louis Couperin\" data-param-href=\"https:\/\/elpais.com\/babelia\/2026-01-31\/la-escondida-senda-de-louis-couperin.html\" data-param-text=\"La escondida senda de Louis Couperin\" data-param-url=\"https:\/\/elpais.com\/babelia\/2026-01-31\/la-escondida-senda-de-louis-couperin.html\" target=\"_blank\" rel=\"noopener noreferrer\" data-share-track-dtm=\"facebook\" id=\"btn_share_facebook_96\"><span class=\"_sr\">Compartir en Facebook<\/span><\/a><\/div>\n<div class=\"w_rs_i\"><a class=\"_btn \" href=\"https:\/\/twitter.com\/intent\/tweet?url=https%3A%2F%2Felpais.com%2Fbabelia%2F2026-01-31%2Fla-escondida-senda-de-louis-couperin.html%3Fssm=TW_CC&amp;text=La%20escondida%20senda%20de%20Louis%20Couperin&amp;via=el_pais&amp;lang=es\" data-param-description=\"La escondida senda de Louis Couperin\" data-param-href=\"https:\/\/elpais.com\/babelia\/2026-01-31\/la-escondida-senda-de-louis-couperin.html\" data-param-text=\"La escondida senda de Louis Couperin via @el_pais\" data-param-url=\"https:\/\/elpais.com\/babelia\/2026-01-31\/la-escondida-senda-de-louis-couperin.html\" target=\"_blank\" rel=\"noopener noreferrer\" data-share-track-dtm=\"twitter\" id=\"btn_share_twitter_96\"><span class=\"_sr\">Compartir en Twitter<\/span><\/a><\/div>\n<div class=\"w_rs_i\"><a class=\"_btn \" href=\"https:\/\/bsky.app\/intent\/compose?text=https%3A%2F%2Felpais.com%2Fbabelia%2F2026-01-31%2Fla-escondida-senda-de-louis-couperin.html%3Fssm=bsky_CC\" data-param-description=\"La escondida senda de Louis Couperin\" data-param-href=\"https:\/\/elpais.com\/babelia\/2026-01-31\/la-escondida-senda-de-louis-couperin.html\" data-param-text=\"La escondida senda de Louis Couperin\" data-param-url=\"https:\/\/elpais.com\/babelia\/2026-01-31\/la-escondida-senda-de-louis-couperin.html\" target=\"_blank\" rel=\"noopener noreferrer\" data-share-track-dtm=\"bluesky\" id=\"btn_share_bluesky_96\"><span class=\"_sr\">Compartir en Bluesky<\/span><\/a><\/div>\n<div class=\"w_rs_i\"><a class=\"_btn \" href=\"https:\/\/www.linkedin.com\/sharing\/share-offsite\/?url=https%3A%2F%2Felpais.com%2Fbabelia%2F2026-01-31%2Fla-escondida-senda-de-louis-couperin.html%3Fssm=LK_CC\" data-param-description=\"La escondida senda de Louis Couperin\" data-param-href=\"https:\/\/elpais.com\/babelia\/2026-01-31\/la-escondida-senda-de-louis-couperin.html\" data-param-text=\"La escondida senda de Louis Couperin\" data-param-url=\"https:\/\/elpais.com\/babelia\/2026-01-31\/la-escondida-senda-de-louis-couperin.html\" target=\"_blank\" rel=\"noopener noreferrer\" data-share-track-dtm=\"linkedin\" id=\"btn_share_linkedin_96\"><span class=\"_sr\">Compartir en Linkedin<\/span><\/a><\/div>\n<div class=\"w_rs_i\"><a class=\"_btn rs_l\" href=\"https:\/\/elpais.com\/babelia\/2026-01-31\/la-escondida-senda-de-louis-couperin.html#?prm=copy_link\" data-share-track-dtm=\"copiar_url\" id=\"btn_share_link_41\"><span class=\"_sr\">Copiar enlace<\/span><\/a><\/div>\n<div class=\"w_rs_i\"><a class=\"_btn rs_c\" href=\"https:\/\/elpais.com\/babelia\/2026-01-31\/la-escondida-senda-de-louis-couperin.html#comments_container\" aria-expanded=\"false\" aria-controls=\"me-c\" data-share-track-dtm=\"eskup\" id=\"btn_share_comments_41\"><span class=\"_sr\">Ir a los comentarios<\/span><\/a><\/div>\n<\/div>\n<\/div>\n<\/div>\n<div class=\"a_c clearfix\" data-dtm-region=\"articulo_cuerpo\">\n<p class>En el libro quinto del tercer volumen de su <i>Essai sur la musique ancienne et moderne <\/i>(1780), Jean-Benjamin de Laborde, tras un extenso recorrido por la Antig\u00fcedad y por la m\u00fasica italiana, dedica el octavo cap\u00edtulo a los compositores franceses. En la p\u00e1gina 408, escribe que \u201ctres hermanos, Louis, Fran\u00e7ois y Charles Couperin, nacidos en Chaume[s], una peque\u00f1a localidad de Brie, son los antepasados de aquellos de quienes vamos a hablar\u201d. Poco m\u00e1s adelante se refiere a Charles, el benjam\u00edn: \u201ctocaba el \u00f3rgano de manera superior, y muri\u00f3 en 1669, dejando un hijo de un a\u00f1o de edad, <i>Fran\u00e7ois Couperin<\/i>, apodado <i>el Grande<\/i> por su manera de tocar el \u00f3rgano y por su facilidad para componer piezas encantadoras, que son conocidas por todos\u201d. Tras detallar sus puestos y sus m\u00e9ritos, la saga contin\u00faa: \u201cMuri\u00f3 en 1733, a los sesenta y cinco a\u00f1os, dejando dos hijas que destacaban en el \u00f3rgano y el clave. La mayor se llamaba <i>Marie-Anne<\/i> y se hizo religiosa en la abad\u00eda de Maubuisson; la peque\u00f1a, llamada <i>Marguerite-Antoinette<\/i>, tuvo a su cargo el clave en la m\u00fasica de c\u00e1mara del Rey, un puesto que, hasta ella, hab\u00eda sido desempe\u00f1ado \u00fanicamente por hombres\u201d. A\u00fan queda espacio poco despu\u00e9s para su primo segundo, Armand-Louis Couperin, un nuevo compositor de m\u00e9rito. Curiosamente, otra importante estirpe de m\u00fasicos franceses coet\u00e1neos, <a href=\"https:\/\/elpais.com\/cultura\/2025-09-04\/el-grupo-espanol-cantoria-y-la-clavecinista-irene-roldan-vuelven-a-conquistar-al-publico-de-utrecht.html\" rel>los Forqueray<\/a>, eran tambi\u00e9n originarios de Chaumes-en-Brie.<\/p>\n<p class>Por aquel primer Louis mencionado, sin embargo, Laborde pasa casi de puntillas: \u201cfamoso por su destreza, obtuvo un puesto como organista del rey, y se cre\u00f3 para \u00e9l un puesto de violista. Muri\u00f3 hacia 1665 [<i>recte <\/i>1661], dejando manuscritas tres suites de piezas para clave muy apreciadas\u201d. Mucho tiempo despu\u00e9s, cuando Julien Tiersot public\u00f3 en 1926 <i>Les Couperin<\/i>, las cosas no hab\u00edan cambiado mucho. Tras una visita al \u201cpa\u00eds de los Couperin\u201d, la meseta de la Brie, al sureste de Par\u00eds, donde tambi\u00e9n se hallaba la famosa residencia campestre de <a href=\"https:\/\/elpais.com\/cultura\/2021-11-25\/pauline-viardot-vuelve-a-su-verdadero-hogar.html\" rel>Pauline Viardot<\/a> (en Vaudoy-en-Brie), Tiersot despacha a los \u201cprimeros Couperin\u201d en una veintena de p\u00e1ginas, mientras que se explaya en solitario sobre \u201c<i>Couperin le grand<\/i>\u201d a lo largo de casi un centenar. De su t\u00edo Louis cuenta los pocos datos entonces conocidos sobre su biograf\u00eda, como su temprana muerte a los 35 a\u00f1os (lo que lo hermana con Mozart), pero apenas dedica espacio a su m\u00fasica, a\u00fan tristemente arrumbada. Al contrario que Gustav Mahler, Louis Couperin no debi\u00f3 de escribir ni pronunciar nunca aquella frase autoprof\u00e9tica de \u201cMi tiempo llegar\u00e1\u201d, pero medio siglo despu\u00e9s de la publicaci\u00f3n del estudio pionero de Tiersot ver\u00eda la luz en Ginebra en 1977 un facs\u00edmil del llamado <a href=\"https:\/\/gallica.bnf.fr\/ark:\/12148\/btv1b550079835\/f1.item\" rel>Manuscrito Bauyn<\/a>, conservado en la Biblioteca Nacional de Francia, la fuente fundamental e insoslayable para poder acceder a buena parte de su m\u00fasica. La edici\u00f3n de referencia de sus obras para clave, a cargo del clavecinista brit\u00e1nico Davitt Moroney, se demorar\u00eda a\u00fan ocho a\u00f1os m\u00e1s y su propia grabaci\u00f3n para Harmonia Mundi despertar\u00eda el asombro de quienes, con los o\u00eddos bien abiertos, supieron percibir la grandeza de esta m\u00fasica, un tesoro semienterrado durante m\u00e1s de dos siglos. Las piezas para \u00f3rgano tardar\u00edan a\u00fan m\u00e1s en aflorar: Guy Oldham las public\u00f3 en 2003, d\u00e9cadas despu\u00e9s de dar con ellas por casualidad en un manuscrito que hab\u00eda comprado en Londres en 1957.<\/p>\n<p class>Con estos antecedentes, la integral que acaba de publicar el sello Erato, presagiada el pasado verano en siete conciertos monogr\u00e1ficos del <a href=\"https:\/\/elpais.com\/cultura\/2025-09-08\/el-festival-de-utrecht-reivindica-con-fuerza-la-musica-de-louis-couperin.html\" rel>Festival de Utrecht<\/a>, supone el culmen de esta accidentada resurrecci\u00f3n. Contiene seis discos m\u00e1s que la de Davitt Moroney y trasciende con mucho las selecciones \u2014m\u00e1s o menos extensas\u2014 de otros clavecinistas que han sucumbido a la grandeza de Louis Couperin, como <a href=\"https:\/\/elpais.com\/cultura\/2012\/01\/18\/actualidad\/1326877777_550527.html\" rel>Gustav Leonhardt<\/a> (siempre a la cabeza), Christopher Hogwood, Blandine Verlet, Christophe Rousset, Trevor Pinnock, Skip Semp\u00e9 o Rinaldo Alessandrini. <\/p>\n<p class>Su art\u00edfice, Jean Rondeau, no s\u00f3lo agota todo el territorio conocido, sino que lo ampl\u00eda con m\u00fasica de sus contempor\u00e1neos, desde el descubridor y principal valedor del primer Couperin aut\u00e9nticamente \u201cgrande\u201d, Jacques Champion de Chambonni\u00e8res, hasta sus propios familiares u otros compositores cuyo estilo es inequ\u00edvocamente af\u00edn al suyo, como Johann Jakob Froberger, Jean Henry d\u2019Anglebert o Ennemond Gaultier, cuyo <i>Tombeau de M\u00e9zengeau <\/i>dispara la temperatura emocional en el primer disco y vuelve a sonar mediado el cuarto en una transcripci\u00f3n para viola da gamba y \u00f3rgano realizada y tocada por Robin Pharo, amigo y compa\u00f1ero de Rondeau en el <a href=\"https:\/\/elpais.com\/cultura\/2021-11-05\/bach-en-el-nombre-del-padre-y-del-hijo.html\" rel>cuarteto Nevermind<\/a>. Y es que aqu\u00ed se explora tambi\u00e9n c\u00f3mo pudo sonar su m\u00fasica interpretada por instrumentos de cuerda y de viento, o con voces, adem\u00e1s de no dolerle prendas de volver sobre una misma pieza, como sucede con una de las cimas del arte de Louis Couperin, su <i>Tombeau de Mr. de Blancrocher<\/i>, que suena hasta tres veces, dos al clave y una con el Ricercar Consort de Philippe Pierlot, o con su \u00fanica <i>Pavanne<\/i>, que escuchamos por cuadruplicado en diferentes discos, aunque nunca hay dos que suenen iguales.<\/p>\n<p class>Rondeau, por tanto, no s\u00f3lo interpreta esta integral enriquecida con compositores y colegas invitados, sino que tambi\u00e9n la comisar\u00eda, como una suerte de gran exposici\u00f3n sonora dispuesta en 10 salas (tantas como discos contiene el \u00e1lbum) en la que se presenta el fresco \u00edntimo de toda una \u00e9poca con un pintor central y donde se ha cuidado al mil\u00edmetro no s\u00f3lo su contenido, sino tambi\u00e9n el itinerario a lo largo del cual van contempl\u00e1ndose los cuadros, que uno imagina pintados por Georges de la Tour o \u2014traspasando levemente fronteras\u2014 Johannes Vermeer. Dado el aspecto erem\u00edtico \u2014o prof\u00e9tico\u2014 de Rondeau, su austeridad en el vestir, el mimo con que aborda los silencios y el indudable car\u00e1cter religioso de buena parte de la m\u00fasica organ\u00edstica, tambi\u00e9n podr\u00edan tenerse estas doce horas de m\u00fasica por una suerte de gu\u00eda espiritual (Louis Couperin y Miguel de Molinos fueron estrictos contempor\u00e1neos y nacieron con tan solo dos a\u00f1os de diferencia) que nos encamina hacia una escucha especialmente atenta, concentrada, recogida y, a poder ser, en penumbra. <\/p>\n<p class>Si los famosos <i>pr\u00e9ludes non mesur\u00e9s <\/i>(sin barras de comp\u00e1s y con largu\u00edsimas ligaduras que dibujan un ir y venir constante de delicadas e imprevisibles oleadas de notas) sit\u00faan a su int\u00e9rprete frente a un escenario de ins\u00f3lita libertad, las <i>chaconnes <\/i>y <i>passacailles <\/i>lo convierten en un fil\u00f3sofo del eterno retorno y los <i>tombeaux <\/i>\u2014que clausuran estrat\u00e9gicamente ocho de los diez discos\u2014 lo invitan a pronunciar un breve y sentido serm\u00f3n f\u00fanebre. Para quien quiera huir del ruido y el vocer\u00edo de ah\u00ed fuera durante doce venturosas horas, he aqu\u00ed la escondida senda.<\/p>\n<div class=\"a_fts\" data-dtm-region=\"articulo_sumarioenlaces-fototexto\">\n<section class=\"a_ft _g _g-md\">\n<figure class=\"a_ft_m a_m-h c_m--nf\"><span class=\"a_m_w _db\"><img decoding=\"async\" class=\"_re lazyload a_m-h\" height=\"414\" width=\"414\" src=\"https:\/\/analyse.optim.biz\/wp-content\/uploads\/2026\/02\/zi4xzlliebadljgmeptz74wfoq.jpg\" loading=\"lazy\" title=\"zi4xzlliebadljgmeptz74wfoq\"><\/span><\/figure>\n<div class=\"a_ft_txt\">\n<h2 class=\"a_ft_t\">Louis Couperin: The Complete Works<\/h2>\n<div>Jean Rondeau <br \/>Erato. 10 CD.<\/div>\n<\/div>\n<\/section>\n<\/div>\n<\/div>\n<div id=\"me-dis\" class=\"me _pf\">\n<div class=\"me_bg\">\n<div class=\"me-dis _pa _df\">\n<div class=\"me-dis_c\">\n<h2 class=\"me-dis_t\">Tu suscripci\u00f3n se est\u00e1 usando en otro dispositivo<\/h2>\n<p>\u00bfQuieres a\u00f1adir otro usuario a tu suscripci\u00f3n?<\/p>\n<div class=\"me-dis_l\"><a href=\"https:\/\/elpais.com\/suscripciones\/premium\/upgrade\/?utm_source=autopromo&amp;utm_medium=interno&amp;utm_campaign=YYYY_MM_capping_upgrade\" id=\"capping-upgrade\" class=\"btn\">A\u00f1adir usuario<\/a><a href=\"https:\/\/elpais.com\/babelia\/2026-01-31\/la-escondida-senda-de-louis-couperin.html\" id=\"capping-continue\" class=\"btn btn-b\">Continuar leyendo aqu\u00ed<\/a><\/div>\n<p>Si contin\u00faas leyendo en este dispositivo, no se podr\u00e1 leer en el otro.<\/p>\n<p class=\"lk\"><a href=\"https:\/\/elpais.com\/babelia\/2026-01-31\/la-escondida-senda-de-louis-couperin.html\" id=\"capping-show-more-button\">\u00bfPor qu\u00e9 est\u00e1s viendo esto?<\/a><\/p>\n<p><span class=\"arrow\" id=\"capping-arrow\">Flecha<\/span><\/p>\n<div class=\"me-dis_d\">\n<div class=\"me-dis_d_t\">\n<h2 class=\"enc\">Tu suscripci\u00f3n se est\u00e1 usando en otro dispositivo y solo puedes acceder a EL PA\u00cdS desde un dispositivo a la vez.<\/h2>\n<div class=\"tx\">\n<p>Si quieres compartir tu cuenta, cambia tu suscripci\u00f3n a la modalidad Premium, as\u00ed podr\u00e1s a\u00f1adir otro usuario. Cada uno acceder\u00e1 con su propia cuenta de email, lo que os permitir\u00e1 personalizar vuestra experiencia en EL PA\u00cdS.<\/p>\n<p>\u00bfTienes una suscripci\u00f3n de empresa? Accede <a target=\"_blank\" rel=\"noreferrer\" href=\"https:\/\/elpais.com\/suscripciones\/premium\/upgrade\/\">aqu\u00ed<\/a> para contratar m\u00e1s cuentas.<\/p>\n<p>En el caso de no saber qui\u00e9n est\u00e1 usando tu cuenta, te recomendamos cambiar tu contrase\u00f1a <a target=\"_blank\" rel=\"noreferrer\" href=\"https:\/\/elpais.com\/subscriptions\/#\/forgot-password\">aqu\u00ed.<\/a><\/p>\n<p>Si decides continuar compartiendo tu cuenta, este mensaje se mostrar\u00e1 en tu dispositivo y en el de la otra persona que est\u00e1 usando tu cuenta de forma indefinida, afectando a tu experiencia de lectura. Puedes <a target=\"_blank\" rel=\"noreferrer\" href=\"https:\/\/elpais.com\/suscripciones\/condiciones-generales-servicios\/\">consultar aqu\u00ed los t\u00e9rminos y condiciones de la suscripci\u00f3n digital.<\/a><\/p>\n<\/div>\n<\/div>\n<\/div>\n<\/div>\n<\/div>\n<\/div>\n<\/div>\n<aside class=\"w w-sea\">\n<h2 class=\"w_t\">Sobre la firma<\/h2>\n<div class=\"w_b\">\n<div class=\"_g _g-xs\">\n<figure class=\"w-sea_f a_m-h c_m--nf\"><span class=\"a_m_w _db\"><img decoding=\"async\" alt=\"Luis Gago\" class=\"_re lazyload a_m-h\" height=\"100\" width=\"100\" src=\"https:\/\/analyse.optim.biz\/wp-content\/uploads\/2026\/02\/https3a2f2fs3-amazonaws-com2farc-authors2fprisa2f70160d9c-a9c2-43b8-bb02-02f3361aba8d.jpg\" loading=\"lazy\" title=\"https3a2f2fs3-amazonaws-com2farc-authors2fprisa2f70160d9c-a9c2-43b8-bb02-02f3361aba8d\"><\/span><\/figure>\n<div class=\"w-sea_txt\">\n<div class=\"_df\">\n<div class=\"w-sea_txt_na\"><a href=\"https:\/\/elpais.com\/autor\/luis-gago\/\" rel=\"autor_bottom\">Luis Gago<\/a><\/div>\n<\/div>\n<div class=\"w-sea_txt_da _dn\">Luis Gago (Madrid, 1961) es cr\u00edtico de m\u00fasica cl\u00e1sica de EL PA\u00cdS. Con formaci\u00f3n jur\u00eddica y musical, se decant\u00f3 profesionalmente por la segunda. Adem\u00e1s de tocarla, escribe, traduce y habla sobre m\u00fasica, intentando entenderla y ayudar a entenderla. Sus cuatro bes son Bach, Beethoven, Brahms y Britten, pero le gusta recorrer y agotar todo el alfabeto.<\/div>\n<\/div>\n<\/div>\n<\/div>\n<\/aside>\n<aside class=\"w w-fid\">\n<div class=\"w_b\">\n<div class=\"w-fid_t\"><a href=\"https:\/\/plus.elpais.com\/newsletters\/lnp\/1\/254\/#?prm=not_newsletters_babelia\">Recibe el bolet\u00edn de Babelia<\/a><\/div>\n<div class=\"w-fid_s\">\n<div class=\"w_rs\">\n<div class=\"w_rs_i\"><a class=\"_btn\" href=\"https:\/\/www.facebook.com\/elpais\" rel=\"nofollow\"><span class=\"_sr\">Babelia El Pa\u00eds en Facebook<\/span><\/a><\/div>\n<div class=\"w_rs_i\"><a class=\"_btn\" href=\"https:\/\/www.instagram.com\/el_pais\/\" rel=\"nofollow\"><span class=\"_sr\">Babelia El Pa\u00eds en Instagram<\/span><\/a><\/div>\n<div class=\"w_rs_i\"><a class=\"_btn\" href=\"https:\/\/twitter.com\/el_pais\" rel=\"nofollow\"><span class=\"_sr\">Babelia El Pa\u00eds en Twitter<\/span><\/a><\/div>\n<\/div>\n<\/div>\n<\/div>\n<\/aside>\n<aside class=\"a_com w w-com _df\"><a class=\"a_com_l\" href=\"https:\/\/elpais.com\/info\/normas-de-participacion\/\">Normas \u203a<\/a><\/aside>\n<div class=\"me _pf\" id=\"me-c\">\n<div class=\"me_bg\">\n<div class=\"me-c _pa\" id=\"comments_container\" data-dtm-region=\"articulo_comentarios\">\n<div class=\"me_f me_f-os me_cc\"><a href=\"https:\/\/plus.elpais.com\/perfil\/actividad\/\">Mis comentarios<\/a><a href=\"https:\/\/elpais.com\/info\/normas-de-participacion\/\">Normas<\/a><\/div>\n<div class=\"me_f me_f-ns\"><span class=\"me_f_txt _db\">Rellena tu <b>nombre y apellido<\/b> para comentar<\/span><a href=\"https:\/\/plus.elpais.com\/autorization.html\/?prod=COM&amp;backURL=https%3A%2F%2Felpais.com%2Fbabelia%2F2026-01-31%2Fla-escondida-senda-de-louis-couperin.html%3Fssm%3DTW_CC\" class=\"btn btn-2\">completar datos<\/a><\/div>\n<div class=\"me_f\" id=\"comments_msg\"><a class=\"btn btn-2\" href=\"https:\/\/elpais.com\/suscripciones\/#\/campaign?prod=SUSDIGCRART&amp;o=COM&amp;prm=suscrip_articulo_comentarios_el-pais&amp;backURL=https%3A%2F%2Felpais.com%2Fbabelia%2F2026-01-31%2Fla-escondida-senda-de-louis-couperin.html%3Fssm%3DTW_CC\" id=\"comments_subscribe_link\" data-link-am=\"https:\/\/elpais.com\/suscripciones\/america\/#\/campaign?prod=SUSDIGCRARTAM&amp;o=COMAM&amp;prm=suscrip_articulo_comentarios_el-pais-america&amp;backURL=https%3A%2F%2Felpais.com%2Fbabelia%2F2026-01-31%2Fla-escondida-senda-de-louis-couperin.html%3Fssm%3DTW_CC\" data-link-mx=\"https:\/\/elpais.com\/suscripciones\/america\/#\/campaign?prod=SUSDIGMX&amp;o=COMMX&amp;prm=suscrip_articulo_comentarios_el-pais-mexico&amp;backURL=https%3A%2F%2Felpais.com%2Fbabelia%2F2026-01-31%2Fla-escondida-senda-de-louis-couperin.html%3Fssm%3DTW_CC\" data-link-co=\"https:\/\/elpais.com\/suscripciones\/america\/#\/campaign?prod=SUSDIGCOL&amp;o=COMCOL&amp;prm=suscrip_articulo_comentarios_el-pais_colombia&amp;backURL=https%3A%2F%2Felpais.com%2Fbabelia%2F2026-01-31%2Fla-escondida-senda-de-louis-couperin.html%3Fssm%3DTW_CC\" data-link-ar=\"https:\/\/elpais.com\/suscripciones\/america\/#\/campaign?prod=SUSDIGCRARTAR&amp;o=COMAR&amp;backURL=https%3A%2F%2Felpais.com%2Fbabelia%2F2026-01-31%2Fla-escondida-senda-de-louis-couperin.html%3Fssm%3DTW_CC\" data-link-cl=\"https:\/\/elpais.com\/suscripciones\/america\/#\/campaign?prod=SUSDIGCHILE&amp;o=COMCHILE&amp;backURL=https%3A%2F%2Felpais.com%2Fbabelia%2F2026-01-31%2Fla-escondida-senda-de-louis-couperin.html%3Fssm%3DTW_CC\" data-link-us=\"https:\/\/elpais.com\/suscripciones\/america\/#\/campaign?prod=SUSDIGCRARTEUCAN&amp;o=COMUS&amp;prm=suscrip_articulo_comentarios_el-pais_eucan&amp;backURL=https%3A%2F%2Felpais.com%2Fbabelia%2F2026-01-31%2Fla-escondida-senda-de-louis-couperin.html%3Fssm%3DTW_CC\">Suscr\u00edbete en El Pa\u00eds para participar<\/a><a class=\"btn btn-3\" href=\"https:\/\/elpais.com\/subscriptions\/#\/sign-in?prod=REG&amp;o=COM&amp;prm=login_articulo_comentarios_el-pais&amp;backURL=https%3A%2F%2Felpais.com%2Fbabelia%2F2026-01-31%2Fla-escondida-senda-de-louis-couperin.html%3Fssm%3DTW_CC\" id=\"comments_login_link\" data-link-am=\"https:\/\/elpais.com\/subscriptions\/#\/sign-in?prod=REG&amp;o=COM&amp;prm=login_articulo_comentarios_el-pais-america&amp;backURL=https%3A%2F%2Felpais.com%2Fbabelia%2F2026-01-31%2Fla-escondida-senda-de-louis-couperin.html%3Fssm%3DTW_CC\" data-link-mx=\"https:\/\/elpais.com\/subscriptions\/#\/sign-in?prod=REG&amp;o=COM&amp;prm=login_articulo_comentarios_el-pais-mexico&amp;backURL=https%3A%2F%2Felpais.com%2Fbabelia%2F2026-01-31%2Fla-escondida-senda-de-louis-couperin.html%3Fssm%3DTW_CC\" data-link-co=\"https:\/\/elpais.com\/subscriptions\/#\/sign-in?prod=REG&amp;o=COM&amp;backURL=https%3A%2F%2Felpais.com%2Fbabelia%2F2026-01-31%2Fla-escondida-senda-de-louis-couperin.html%3Fssm%3DTW_CC\" data-link-ar=\"https:\/\/elpais.com\/subscriptions\/#\/sign-in?prod=REG&amp;o=COM&amp;backURL=https%3A%2F%2Felpais.com%2Fbabelia%2F2026-01-31%2Fla-escondida-senda-de-louis-couperin.html%3Fssm%3DTW_CC\" data-link-cl=\"https:\/\/elpais.com\/subscriptions\/#\/sign-in?prod=REG&amp;o=COM&amp;backURL=https%3A%2F%2Felpais.com%2Fbabelia%2F2026-01-31%2Fla-escondida-senda-de-louis-couperin.html%3Fssm%3DTW_CC\" data-link-us=\"https:\/\/elpais.com\/subscriptions\/#\/sign-in?prod=REG&amp;o=COM&amp;backURL=https%3A%2F%2Felpais.com%2Fbabelia%2F2026-01-31%2Fla-escondida-senda-de-louis-couperin.html%3Fssm%3DTW_CC\">Ya tengo una suscripci\u00f3n<\/a><\/div>\n<p>Please enable JavaScript to view the &lt;a href=&#8221;https:\/\/disqus.com\/?ref_noscript&#8221; rel=&#8221;nofollow&#8221;&gt; comments powered by Disqus.&lt;\/a&gt;<\/p><\/div>\n<\/div>\n<\/div>\n<section class=\"w w-ae\" data-dtm-region=\"articulo_archivado-en\">\n<h2 class=\"w_t\">Archivado En<\/h2>\n<div class=\"w_b\">\n<ul class=\"w_ul w_ul--mh _df _ls\">\n<li><a href=\"https:\/\/elpais.com\/noticias\/cultura\/#?rel=arch\" rel=\"noopener noreferrer\">Cultura<\/a><\/li>\n<li><a href=\"https:\/\/elpais.com\/noticias\/musica\/#?rel=arch\" rel=\"noopener noreferrer\">M\u00fasica<\/a><\/li>\n<li><a href=\"https:\/\/elpais.com\/noticias\/musica-clasica\/#?rel=arch\" rel=\"noopener noreferrer\">M\u00fasica cl\u00e1sica<\/a><\/li>\n<li><a href=\"https:\/\/elpais.com\/noticias\/musicos\/#?rel=arch\" rel=\"noopener noreferrer\">M\u00fasicos<\/a><\/li>\n<li><a href=\"https:\/\/elpais.com\/noticias\/instrumentistas\/#?rel=arch\" rel=\"noopener noreferrer\">Instrumentistas<\/a><\/li>\n<li><a href=\"https:\/\/elpais.com\/noticias\/discos-musica\/#?rel=arch\" rel=\"noopener noreferrer\">Discos m\u00fasica<\/a><\/li>\n<li><a href=\"https:\/\/elpais.com\/noticias\/estilos-musicales\/#?rel=arch\" rel=\"noopener noreferrer\">Estilos musicales<\/a><\/li>\n<\/ul>\n<\/div>\n<\/section>\n<aside class=\"a_tp _df\">\n<div class=\"a_tp_txt\"><span class=\"a_tp_t\">Se adhiere a los criterios de<\/span><\/p>\n<figure class=\"a_m a_m-h c_m--nf\"><a class=\"a_tp_i _dib\" href=\"https:\/\/elpais.com\/estaticos\/que-es-the-trust-project\/\" target=\"_blank\" rel=\"noopener noreferrer nofollow\"><img decoding=\"async\" alt=\"The Trust Project\" class=\" lazyload a_m-h\" height=\"20\" width=\"117\" src=\"https:\/\/analyse.optim.biz\/wp-content\/uploads\/2026\/02\/the-trust-project-42.svg\" loading=\"lazy\" title=\"the-trust-project-42\"><\/a><\/figure>\n<p><a class=\"a_tp_mi\" href=\"https:\/\/elpais.com\/estaticos\/codigo-etico\/\" target=\"_blank\" rel=\"noopener noreferrer nofollow\">M\u00e1s informaci\u00f3n<\/a><\/div>\n<div class=\"a_tp_si\">Si est\u00e1 interesado en licenciar este contenido, pinche <a class=\"a_tp_si_l\" href=\"https:\/\/profesional.elpais.com\/soluciones-sindicacion\/?utm_medium=interno&amp;utm_source=crosslinking&amp;utm_campaign=sindicacion_ep_pie_articulos\" target=\"_blank\" rel=\"noopener noreferrer nofollow\">aqu\u00ed<\/a><\/div>\n<\/aside>\n<div class=\"a_o _pr\" data-dtm-region=\"articulo_right-rail\">\n<div id=\"elpais_gpt-MPU1\" data-adtype=\"MPU\" class=\"ad ad-mpu\"><span class=\"_dn\">_<\/span><\/div>\n<section class=\"w w-sc b_col\" data-dtm-region=\"articulo_ultimas-noticias\">\n<header class=\"w_h b_col_h\">\n<h3 class=\"w_t\"><a href=\"https:\/\/elpais.com\/ultimas-noticias\/\" rel=\"story-card-ultimas-noticias\">\u00daltimas noticias<\/a><\/h3>\n<\/header>\n<div class=\"w_b\">\n<article class=\"c  c--m-n   \" data-word=\"0\">\n<header class=\"c_h\"><time datetime=\"2026-02-02T06:35:43+01:00\" class=\"c_da\">06:35<\/time><\/p>\n<h2 class=\"c_t \"><a href=\"https:\/\/elpais.com\/america-colombia\/2026-02-02\/los-datos-sobre-narcotrafico-en-colombia-que-seran-clave-en-la-reunion-entre-petro-y-trump.html\">Los datos sobre narcotr\u00e1fico en Colombia que ser\u00e1n clave en la reuni\u00f3n entre Petro y Trump<\/a><\/h2>\n<\/header>\n<\/article>\n<article class=\"c  c--m-n   \" data-word=\"0\">\n<header class=\"c_h\"><time datetime=\"2026-02-02T06:35:20+01:00\" class=\"c_da\">06:35<\/time><\/p>\n<h2 class=\"c_t \"><a href=\"https:\/\/elpais.com\/cultura\/2026-02-02\/bad-bunny-rey-de-unos-grammy-2026-de-intenso-alegato-contra-trump-y-sus-politicas-migratorias.html\">Bad Bunny, rey de unos Grammy 2026 de intenso alegato contra Trump y sus pol\u00edticas migratorias <\/a><\/h2>\n<\/header>\n<\/article>\n<article class=\"c  c--m-n   \" data-word=\"0\">\n<header class=\"c_h\"><time datetime=\"2026-02-02T06:27:12+01:00\" class=\"c_da\">06:27<\/time><\/p>\n<h2 class=\"c_t \"><a href=\"https:\/\/elpais.com\/expres\/2026-02-02\/los-libros-mas-esperados-de-febrero.html\">Los libros m\u00e1s esperados de febrero <\/a><\/h2>\n<\/header>\n<\/article>\n<article class=\"c  c--m-n   \" data-word=\"0\">\n<header class=\"c_h\"><time datetime=\"2026-02-02T06:26:27+01:00\" class=\"c_da\">06:26<\/time><\/p>\n<h2 class=\"c_t \"><a href=\"https:\/\/elpais.com\/expres\/2026-02-02\/procrastinar-morderse-las-unas-y-otros-comportamientos-autodestructivos-que-surgen-de-un-pasado-de-supervivencia.html\">Procrastinar, morderse las u\u00f1as y otros comportamientos autodestructivos que se explican con la evoluci\u00f3n<\/a><\/h2>\n<\/header>\n<\/article>\n<\/div>\n<\/section>\n<aside class=\"w w-lmv\" data-dtm-region=\"articulo_lom\">\n<h2 class=\"w_t\"><a href=\"https:\/\/elpais.com\/lo-mas-visto\/\">Lo m\u00e1s visto<\/a><\/h2>\n<div class=\"w_b\">\n<ol class=\"_ls\">\n<li><a href=\"https:\/\/elpais.com\/deportes\/tenis\/2026-02-01\/carlos-alcaraz-novak-djokovic-en-directo-la-final-del-open-de-australia-en-vivo.html#?rel=lom\">As\u00ed te hemos contado la victoria de Carlos Alcaraz en el Open de Australia ante Novak Djokovic<\/a><\/li>\n<li><a href=\"https:\/\/elpais.com\/clima-y-medio-ambiente\/2026-02-01\/deconstruccion-de-la-costa-asi-se-esta-quitando-ya-hormigon-para-dar-mas-espacio-a-las-playas-frente-a-los-temporales.html#?rel=lom\">Deconstrucci\u00f3n de la costa: as\u00ed se est\u00e1 quitando ya hormig\u00f3n para dar m\u00e1s espacio a las playas frente a los temporales<\/a><\/li>\n<li><a href=\"https:\/\/elpais.com\/internacional\/2026-02-01\/cientos-de-mensajes-entre-epstein-y-la-princesa-mette-marit-de-noruega-ponen-a-la-casa-real-en-la-picota-paris-es-bueno-para-el-adulterio.html#?rel=lom\">Cientos de mensajes entre Epstein y la princesa Mette-Marit de Noruega ponen a la casa real en la picota: \u201cPar\u00eds es bueno para el adulterio\u201d<\/a><\/li>\n<li><a href=\"https:\/\/elpais.com\/deportes\/tenis\/2026-01-31\/john-mcenroe-alcaraz-sabe-perfectamente-quien-necesita-a-su-alrededor.html#?rel=lom\">John McEnroe: \u201cAlcaraz sabe perfectamente a qui\u00e9n necesita a su alrededor\u201d<\/a><\/li>\n<li><a href=\"https:\/\/elpais.com\/internacional\/2026-01-31\/unas-200-personas-mueren-sepultadas-tras-el-derrumbe-de-una-mina-de-coltan-en-congo.html#?rel=lom\">Unas 200 personas mueren sepultadas tras el derrumbe de una mina de colt\u00e1n en Congo<\/a><\/li>\n<\/ol>\n<\/div>\n<\/aside>\n<\/div>\n<\/article>\n<article class=\"c  c--m-n   \" data-word=\"0\">\n<header class=\"c_h\"><time datetime=\"2026-02-02T06:35:43+01:00\" class=\"c_da\">06:35<\/time><\/p>\n<h2 class=\"c_t \"><a href=\"https:\/\/elpais.com\/america-colombia\/2026-02-02\/los-datos-sobre-narcotrafico-en-colombia-que-seran-clave-en-la-reunion-entre-petro-y-trump.html\">Los datos sobre narcotr\u00e1fico en Colombia que ser\u00e1n clave en la reuni\u00f3n entre Petro y Trump<\/a><\/h2>\n<\/header>\n<\/article>\n<article class=\"c  c--m-n   \" data-word=\"0\">\n<header class=\"c_h\"><time datetime=\"2026-02-02T06:35:20+01:00\" class=\"c_da\">06:35<\/time><\/p>\n<h2 class=\"c_t \"><a href=\"https:\/\/elpais.com\/cultura\/2026-02-02\/bad-bunny-rey-de-unos-grammy-2026-de-intenso-alegato-contra-trump-y-sus-politicas-migratorias.html\">Bad Bunny, rey de unos Grammy 2026 de intenso alegato contra Trump y sus pol\u00edticas migratorias <\/a><\/h2>\n<\/header>\n<\/article>\n<article class=\"c  c--m-n   \" data-word=\"0\">\n<header class=\"c_h\"><time datetime=\"2026-02-02T06:27:12+01:00\" class=\"c_da\">06:27<\/time><\/p>\n<h2 class=\"c_t \"><a href=\"https:\/\/elpais.com\/expres\/2026-02-02\/los-libros-mas-esperados-de-febrero.html\">Los libros m\u00e1s esperados de febrero <\/a><\/h2>\n<\/header>\n<\/article>\n<article class=\"c  c--m-n   \" data-word=\"0\">\n<header class=\"c_h\"><time datetime=\"2026-02-02T06:26:27+01:00\" class=\"c_da\">06:26<\/time><\/p>\n<h2 class=\"c_t \"><a href=\"https:\/\/elpais.com\/expres\/2026-02-02\/procrastinar-morderse-las-unas-y-otros-comportamientos-autodestructivos-que-surgen-de-un-pasado-de-supervivencia.html\">Procrastinar, morderse las u\u00f1as y otros comportamientos autodestructivos que se explican con la evoluci\u00f3n<\/a><\/h2>\n<\/header>\n<\/article>\n<p> Source URL: https:\/\/elpais.com\/babelia\/2026-01-31\/la-escondida-senda-de-louis-couperin.html<\/p>\n","protected":false},"excerpt":{"rendered":"<p>M\u00fasica cl\u00e1sica Cr\u00edtica G\u00e9nero de opini\u00f3n que describe, elogia o censura, en todo o en parte, una obra cultural o de entretenimiento. Siempre debe escribirla un experto en la materia La escondida senda de Louis Couperin El clavecinista Jean Rondeau bucea con mesura en la m\u00fasica del compositor franc\u00e9s, un territorio a\u00fan pr\u00e1cticamente ignoto para [&hellip;]<\/p>\n","protected":false},"author":1,"featured_media":1712596,"comment_status":"open","ping_status":"","sticky":false,"template":"","format":"standard","meta":{"footnotes":""},"categories":[88],"tags":[226,92],"class_list":["post-1712595","post","type-post","status-publish","format-standard","has-post-thumbnail","hentry","category-spain","tag-crawlmanager","tag-elpais-com"],"_links":{"self":[{"href":"https:\/\/analyse.optim.biz\/index.php?rest_route=\/wp\/v2\/posts\/1712595","targetHints":{"allow":["GET"]}}],"collection":[{"href":"https:\/\/analyse.optim.biz\/index.php?rest_route=\/wp\/v2\/posts"}],"about":[{"href":"https:\/\/analyse.optim.biz\/index.php?rest_route=\/wp\/v2\/types\/post"}],"author":[{"embeddable":true,"href":"https:\/\/analyse.optim.biz\/index.php?rest_route=\/wp\/v2\/users\/1"}],"replies":[{"embeddable":true,"href":"https:\/\/analyse.optim.biz\/index.php?rest_route=%2Fwp%2Fv2%2Fcomments&post=1712595"}],"version-history":[{"count":0,"href":"https:\/\/analyse.optim.biz\/index.php?rest_route=\/wp\/v2\/posts\/1712595\/revisions"}],"wp:featuredmedia":[{"embeddable":true,"href":"https:\/\/analyse.optim.biz\/index.php?rest_route=\/wp\/v2\/media\/1712596"}],"wp:attachment":[{"href":"https:\/\/analyse.optim.biz\/index.php?rest_route=%2Fwp%2Fv2%2Fmedia&parent=1712595"}],"wp:term":[{"taxonomy":"category","embeddable":true,"href":"https:\/\/analyse.optim.biz\/index.php?rest_route=%2Fwp%2Fv2%2Fcategories&post=1712595"},{"taxonomy":"post_tag","embeddable":true,"href":"https:\/\/analyse.optim.biz\/index.php?rest_route=%2Fwp%2Fv2%2Ftags&post=1712595"}],"curies":[{"name":"wp","href":"https:\/\/api.w.org\/{rel}","templated":true}]}}