{"id":170941,"date":"2015-12-04T13:03:37","date_gmt":"2015-12-04T10:03:37","guid":{"rendered":"https:\/\/analyse.optim.biz\/?p=170941"},"modified":"2015-12-04T13:03:37","modified_gmt":"2015-12-04T10:03:37","slug":"klaus-iohannis-l-a-delegat-pe-dacian-ciolos-sa-participe-la-consiliul-european","status":"publish","type":"post","link":"https:\/\/analyse.optim.biz\/?p=170941","title":{"rendered":"Klaus Iohannis l-a delegat pe Dacian Ciolo\u0219 s\u0103 participe la Consiliul European"},"content":{"rendered":"<div class=\"entry data-app-meta data-app-meta-article\" data-embed-base-url-canonical=\"https:\/\/www.digi24.ro\/embed\/stiri\/actualitate\/politica\/klaus-iohannis-l-a-delegat-pe-dacian-ciolos-sa-participe-la-consiliul-european-464203\">\n<p data-index=\"1\">\u201ePre\u015fedintele Rom\u00e2niei, domnul Klaus Iohannis, l-a delegat pe Prim-ministrul Rom\u00e2niei, domnul Dacian Ciolo\u0219, s\u0103 participe la Reuniunea Consiliului European, care va avea loc la Bruxelles, \u00een perioada 17-18 decembrie a.c. \u00cen virtutea dispozi\u021biilor art. 80 alin. 1 din Constitu\u021bia Rom\u00e2niei \u0219i conform principiului cooper\u0103rii loiale dintre autorit\u0103\u021bile statului, a\u0219a cum acesta a fost interpretat \u0219i \u00een jurispruden\u021ba Cur\u021bii Constitu\u021bionale, Pre\u0219edintele Rom\u00e2niei poate delega \u00een mod expres Prim-ministrului atribu\u021bia particip\u0103rii la reuniunile Consiliului European\u201d, se arat\u0103 \u00eentr-un comunicat al Administra\u021biei Preziden\u021biale.<\/p>\n<p data-index=\"2\">Este pentru prima dat\u0103 \u00een ultimii ani c\u00e2nd un prim-ministru al Rom\u00e2niei particip\u0103 la \u00eent\u00e2lnirea \u0219efilor de stat \u0219i de guvern din Uniunea European\u0103.<\/p>\n<p data-index=\"3\">\u00cen mandatul de pre\u0219edinte al lui Traian B\u0103sescu, \u0219eful statului era cel care participa la Consiliul European, \u0219i nu fostul premier Victor Ponta. De altfel, disputa a fost tran\u0219at\u0103 \u0219i la Curtea Constitu\u021bional\u0103, \u00een favoarea pre\u0219edintelui.<\/p>\n<p data-index=\"4\">\u0218i actualul \u0219ef al statului a preferat s\u0103 mearg\u0103 el la Consiliul European, c\u00e2t timp a fost premier Victor Ponta. De altfel, Klaus Iohannis a spus clar c\u0103 nu vrea s\u0103-l desemneze pe Victor Ponta s\u0103 participe la acest summit.<\/p>\n<p data-index=\"5\">\u201ePrimul ministru nu particip\u0103 \u0219i nu va participa la consiliile europene. ACEST prim-ministru nu va participa NICIODAT\u0102 la Consiliul European\u201d, s<a href=\"https:\/\/www.digi24.ro\/Stiri\/Digi24\/Extern\/EXODUL\/KLAUS+IOHANNIS+CONSILIU+EUROPEAN+ROMANIA+CRITICATA\" target=\"_blank\" data-skip-linkfix=\"1\" rel=\"noopener\">punea Klaus Iohannis \u00een septembrie 2015.<\/a><\/p>\n<\/div>\n<p> Source URL: https:\/\/www.digi24.ro\/stiri\/actualitate\/politica\/klaus-iohannis-l-a-delegat-pe-dacian-ciolos-sa-participe-la-consiliul-european-464203<\/p>\n","protected":false},"excerpt":{"rendered":"<p>\u201ePre\u015fedintele Rom\u00e2niei, domnul Klaus Iohannis, l-a delegat pe Prim-ministrul Rom\u00e2niei, domnul Dacian Ciolo\u0219, s\u0103 participe la Reuniunea Consiliului European, care va avea loc la Bruxelles, \u00een perioada 17-18 decembrie a.c. \u00cen virtutea dispozi\u021biilor art. 80 alin. 1 din Constitu\u021bia Rom\u00e2niei \u0219i conform principiului cooper\u0103rii loiale dintre autorit\u0103\u021bile statului, a\u0219a cum acesta a fost interpretat \u0219i [&hellip;]<\/p>\n","protected":false},"author":1,"featured_media":170942,"comment_status":"open","ping_status":"","sticky":false,"template":"","format":"standard","meta":{"footnotes":""},"categories":[2],"tags":[11],"class_list":["post-170941","post","type-post","status-publish","format-standard","has-post-thumbnail","hentry","category-politics","tag-digi24"],"_links":{"self":[{"href":"https:\/\/analyse.optim.biz\/index.php?rest_route=\/wp\/v2\/posts\/170941","targetHints":{"allow":["GET"]}}],"collection":[{"href":"https:\/\/analyse.optim.biz\/index.php?rest_route=\/wp\/v2\/posts"}],"about":[{"href":"https:\/\/analyse.optim.biz\/index.php?rest_route=\/wp\/v2\/types\/post"}],"author":[{"embeddable":true,"href":"https:\/\/analyse.optim.biz\/index.php?rest_route=\/wp\/v2\/users\/1"}],"replies":[{"embeddable":true,"href":"https:\/\/analyse.optim.biz\/index.php?rest_route=%2Fwp%2Fv2%2Fcomments&post=170941"}],"version-history":[{"count":0,"href":"https:\/\/analyse.optim.biz\/index.php?rest_route=\/wp\/v2\/posts\/170941\/revisions"}],"wp:featuredmedia":[{"embeddable":true,"href":"https:\/\/analyse.optim.biz\/index.php?rest_route=\/wp\/v2\/media\/170942"}],"wp:attachment":[{"href":"https:\/\/analyse.optim.biz\/index.php?rest_route=%2Fwp%2Fv2%2Fmedia&parent=170941"}],"wp:term":[{"taxonomy":"category","embeddable":true,"href":"https:\/\/analyse.optim.biz\/index.php?rest_route=%2Fwp%2Fv2%2Fcategories&post=170941"},{"taxonomy":"post_tag","embeddable":true,"href":"https:\/\/analyse.optim.biz\/index.php?rest_route=%2Fwp%2Fv2%2Ftags&post=170941"}],"curies":[{"name":"wp","href":"https:\/\/api.w.org\/{rel}","templated":true}]}}