{"id":170935,"date":"2015-12-04T17:56:12","date_gmt":"2015-12-04T14:56:12","guid":{"rendered":"https:\/\/analyse.optim.biz\/?p=170935"},"modified":"2015-12-04T17:56:12","modified_gmt":"2015-12-04T14:56:12","slug":"catalin-predoiu-ar-putea-prelua-sefia-organizatiei-pnl-bucuresti","status":"publish","type":"post","link":"https:\/\/analyse.optim.biz\/?p=170935","title":{"rendered":"C\u0103t\u0103lin Predoiu ar putea prelua \u015fefia organiza\u0163iei PNL Bucure\u015fti"},"content":{"rendered":"<div class=\"entry data-app-meta data-app-meta-article\" data-embed-base-url-canonical=\"https:\/\/www.digi24.ro\/embed\/stiri\/actualitate\/politica\/catalin-predoiu-ar-putea-prelua-sefia-organizatiei-pnl-bucuresti-464365\">\n<p data-index=\"1\"><img decoding=\"async\" src=\"https:\/\/analyse.optim.biz\/wp-content\/uploads\/2024\/09\/cgcmdz04mdamagfzad03mwq5zgzkn2eynmjmyjhmmwy1nzy0zgqxytm1ytc5oq-thumb_.jpg\" data-skip-htmlfix=\"1\" title=\"cgcmdz04mdamagfzad03mwq5zgzkn2eynmjmyjhmmwy1nzy0zgqxytm1ytc5oq-thumb_\"><\/p>\n<p data-index=\"2\">Deocamdat\u0103, C\u0103t\u0103lin Predoiu nu a acceptat func\u0163ia. Colegii s\u0103i sus\u0163in c\u0103 actualul prim vicepre\u015fedinte se teme s\u0103 nu fie sacrificat, \u00een cazul unui e\u015fec al candida\u0163ilor liberali la prim\u0103ria general\u0103 \u015fi la cele de sector. <\/p>\n<p data-index=\"3\">Pe de alt\u0103 parte, Marian Petrache se va retrage din func\u0163ia de secretar general al vechiului PNL \u015fi ar putea fi desemnat vicepre\u015fedinte regional pentru zona Bucure\u015fti-Ilfov. <\/p>\n<p data-index=\"4\">Iar omologul s\u0103u de la PDL, Gheorghe Flutur ar putea deveni vicepre\u015fedinte regional peste trei-patru filiale jude\u0163ene din Moldova de Nord. \u00cen locul lor, secretar general al noului PNL ar putea fi primarul de Oradea, Ilie Bolojan.\u00a0<\/p>\n<\/div>\n<p> Source URL: https:\/\/www.digi24.ro\/stiri\/actualitate\/politica\/catalin-predoiu-ar-putea-prelua-sefia-organizatiei-pnl-bucuresti-464365<\/p>\n","protected":false},"excerpt":{"rendered":"<p>Deocamdat\u0103, C\u0103t\u0103lin Predoiu nu a acceptat func\u0163ia. Colegii s\u0103i sus\u0163in c\u0103 actualul prim vicepre\u015fedinte se teme s\u0103 nu fie sacrificat, \u00een cazul unui e\u015fec al candida\u0163ilor liberali la prim\u0103ria general\u0103 \u015fi la cele de sector. Pe de alt\u0103 parte, Marian Petrache se va retrage din func\u0163ia de secretar general al vechiului PNL \u015fi ar putea [&hellip;]<\/p>\n","protected":false},"author":1,"featured_media":170936,"comment_status":"open","ping_status":"","sticky":false,"template":"","format":"standard","meta":{"footnotes":""},"categories":[2],"tags":[11],"class_list":["post-170935","post","type-post","status-publish","format-standard","has-post-thumbnail","hentry","category-politics","tag-digi24"],"_links":{"self":[{"href":"https:\/\/analyse.optim.biz\/index.php?rest_route=\/wp\/v2\/posts\/170935","targetHints":{"allow":["GET"]}}],"collection":[{"href":"https:\/\/analyse.optim.biz\/index.php?rest_route=\/wp\/v2\/posts"}],"about":[{"href":"https:\/\/analyse.optim.biz\/index.php?rest_route=\/wp\/v2\/types\/post"}],"author":[{"embeddable":true,"href":"https:\/\/analyse.optim.biz\/index.php?rest_route=\/wp\/v2\/users\/1"}],"replies":[{"embeddable":true,"href":"https:\/\/analyse.optim.biz\/index.php?rest_route=%2Fwp%2Fv2%2Fcomments&post=170935"}],"version-history":[{"count":0,"href":"https:\/\/analyse.optim.biz\/index.php?rest_route=\/wp\/v2\/posts\/170935\/revisions"}],"wp:featuredmedia":[{"embeddable":true,"href":"https:\/\/analyse.optim.biz\/index.php?rest_route=\/wp\/v2\/media\/170936"}],"wp:attachment":[{"href":"https:\/\/analyse.optim.biz\/index.php?rest_route=%2Fwp%2Fv2%2Fmedia&parent=170935"}],"wp:term":[{"taxonomy":"category","embeddable":true,"href":"https:\/\/analyse.optim.biz\/index.php?rest_route=%2Fwp%2Fv2%2Fcategories&post=170935"},{"taxonomy":"post_tag","embeddable":true,"href":"https:\/\/analyse.optim.biz\/index.php?rest_route=%2Fwp%2Fv2%2Ftags&post=170935"}],"curies":[{"name":"wp","href":"https:\/\/api.w.org\/{rel}","templated":true}]}}