{"id":170662,"date":"2015-12-09T14:23:34","date_gmt":"2015-12-09T11:23:34","guid":{"rendered":"https:\/\/analyse.optim.biz\/?p=170662"},"modified":"2015-12-09T14:23:34","modified_gmt":"2015-12-09T11:23:34","slug":"averea-premierului-dacian-ciolos","status":"publish","type":"post","link":"https:\/\/analyse.optim.biz\/?p=170662","title":{"rendered":"Averea premierului Dacian Ciolo\u0219"},"content":{"rendered":"<div class=\"entry data-app-meta data-app-meta-article\" data-embed-base-url-canonical=\"https:\/\/www.digi24.ro\/embed\/stiri\/actualitate\/politica\/averea-premierului-dacian-ciolos-465876\">\n<p data-index=\"1\">\u00cen\u00a0<a href=\"http:\/\/gov.ro\/fisiere\/ministri_fisiere\/DECLARATIE-DE-AVERE-DC.pdf\" target=\"_blank\" data-skip-linkfix=\"1\" rel=\"noopener\">declara\u021bia de avere<\/a>\u00a0publicat\u0103 pe site-ul Guvernului, prim-ministrul are un teren intravilan de 10.000 mp \u00een localitatea M\u0103ri\u0219el, jude\u021bul Cluj, achizi\u021bionat \u00een 2009.<\/p>\n<p data-index=\"2\">El a cump\u0103rat, \u00eempreun\u0103 cu so\u021bia, \u00een 2015, un apartament de 144,63 mp \u00een Bucure\u0219ti \u0219i are o cas\u0103 de vacan\u021b\u0103 de 92 mp, \u00een construc\u021bie, \u00een localitatea M\u0103ri\u0219el, iar din 2002 are o cas\u0103 de locuit de 92 mp \u00een Capital\u0103.<\/p>\n<p data-index=\"3\">Premierul nu are autoturism, v\u00e2nz\u00e2nd, \u00een noiembrie 2014, cu 12.500 de euro, un autoturism Nissan Quashqai c\u0103tre Dacia Service Cluj-Napoca.<\/p>\n<p data-index=\"4\">Ciolo\u0219 mai are conturi \u0219i depozite la b\u0103nci din Belgia \u0219i Fran\u021ba, de 60.789 euro, \u0219i un cont la BRD Bucure\u0219ti de 20.447 lei, deschise \u00eentre anii 1998 \u0219i 2009.<\/p>\n<p data-index=\"5\">Conform declara\u021biei de avere, prim-ministrul a acordat un \u00eemprumut personal de 48.300 euro lui Sorin Ciolo\u0219.<\/p>\n<p data-index=\"6\">Premierul a declarat \u0219i venituri de 132.400 euro din salariul pe 10 luni de la Comisia European\u0103, precum \u0219i o indemniza\u021bie tranzitorie de 16.084 euro pe dou\u0103 luni tot de la Comisia European\u0103.<\/p>\n<\/div>\n<p> Source URL: https:\/\/www.digi24.ro\/stiri\/actualitate\/politica\/averea-premierului-dacian-ciolos-465876<\/p>\n","protected":false},"excerpt":{"rendered":"<p>\u00cen\u00a0declara\u021bia de avere\u00a0publicat\u0103 pe site-ul Guvernului, prim-ministrul are un teren intravilan de 10.000 mp \u00een localitatea M\u0103ri\u0219el, jude\u021bul Cluj, achizi\u021bionat \u00een 2009. El a cump\u0103rat, \u00eempreun\u0103 cu so\u021bia, \u00een 2015, un apartament de 144,63 mp \u00een Bucure\u0219ti \u0219i are o cas\u0103 de vacan\u021b\u0103 de 92 mp, \u00een construc\u021bie, \u00een localitatea M\u0103ri\u0219el, iar din 2002 are [&hellip;]<\/p>\n","protected":false},"author":1,"featured_media":170663,"comment_status":"open","ping_status":"","sticky":false,"template":"","format":"standard","meta":{"footnotes":""},"categories":[2],"tags":[11],"class_list":["post-170662","post","type-post","status-publish","format-standard","has-post-thumbnail","hentry","category-politics","tag-digi24"],"_links":{"self":[{"href":"https:\/\/analyse.optim.biz\/index.php?rest_route=\/wp\/v2\/posts\/170662","targetHints":{"allow":["GET"]}}],"collection":[{"href":"https:\/\/analyse.optim.biz\/index.php?rest_route=\/wp\/v2\/posts"}],"about":[{"href":"https:\/\/analyse.optim.biz\/index.php?rest_route=\/wp\/v2\/types\/post"}],"author":[{"embeddable":true,"href":"https:\/\/analyse.optim.biz\/index.php?rest_route=\/wp\/v2\/users\/1"}],"replies":[{"embeddable":true,"href":"https:\/\/analyse.optim.biz\/index.php?rest_route=%2Fwp%2Fv2%2Fcomments&post=170662"}],"version-history":[{"count":0,"href":"https:\/\/analyse.optim.biz\/index.php?rest_route=\/wp\/v2\/posts\/170662\/revisions"}],"wp:featuredmedia":[{"embeddable":true,"href":"https:\/\/analyse.optim.biz\/index.php?rest_route=\/wp\/v2\/media\/170663"}],"wp:attachment":[{"href":"https:\/\/analyse.optim.biz\/index.php?rest_route=%2Fwp%2Fv2%2Fmedia&parent=170662"}],"wp:term":[{"taxonomy":"category","embeddable":true,"href":"https:\/\/analyse.optim.biz\/index.php?rest_route=%2Fwp%2Fv2%2Fcategories&post=170662"},{"taxonomy":"post_tag","embeddable":true,"href":"https:\/\/analyse.optim.biz\/index.php?rest_route=%2Fwp%2Fv2%2Ftags&post=170662"}],"curies":[{"name":"wp","href":"https:\/\/api.w.org\/{rel}","templated":true}]}}