{"id":1706611,"date":"2026-02-01T17:43:46","date_gmt":"2026-02-01T14:43:46","guid":{"rendered":"https:\/\/analyse.optim.biz\/?p=1706611"},"modified":"2026-02-01T17:43:46","modified_gmt":"2026-02-01T14:43:46","slug":"el-betis-recupera-la-quinta-plaza-y-acaba-con-la-racha-del-valencia","status":"publish","type":"post","link":"https:\/\/analyse.optim.biz\/?p=1706611","title":{"rendered":"El Betis recupera la quinta plaza y acaba con la racha del Valencia"},"content":{"rendered":"<article id=\"main-content\" class=\"a _g _g-lg _g-o\">\n<div class=\"scr-hdr is-football\">\n<div class=\"ct\">\n<section data-state=\"SPORT_EVENT_STATE_FINISHED\" class=\"scr-hdr__scr is-postgame\">\n<div class=\"scr-hdr__team is-local\"><span class=\"scr-hdr__team__wr\"><img loading=\"lazy\" decoding=\"async\" title=\"Betis\" class=\"scr-hdr__team__logo\" src=\"https:\/\/analyse.optim.biz\/wp-content\/uploads\/2026\/02\/171-4.png\" width=\"70\" height=\"70\" data-error-image=\"https:\/\/static.prisa.com\/aside\/resizer\/resize\/img\/sports\/football\/teams\/default.png?width=160&amp;height=160\"><\/p>\n<div class=\"scr-hdr__team__name\"><span class=\"name-large\">Betis<\/span><abbr class=\"name-short\" title=\"Betis\">BET<\/abbr><\/div>\n<p><\/span><span class=\"scr-hdr__score\">2<\/span><\/p>\n<div class=\"scr-hdr__scorers\"><span>Chimy \u00c1vila 22&#8242; (p),<\/span><span>Fornals 87&#8242;<\/span><\/div>\n<\/div>\n<div class=\"scr-hdr__team is-visitor\"><span class=\"scr-hdr__team__wr\"><img loading=\"lazy\" decoding=\"async\" title=\"Valencia\" class=\"scr-hdr__team__logo\" src=\"https:\/\/analyse.optim.biz\/wp-content\/uploads\/2026\/02\/17-2.png\" width=\"70\" height=\"70\" data-error-image=\"https:\/\/static.prisa.com\/aside\/resizer\/resize\/img\/sports\/football\/teams\/default.png?width=160&amp;height=160\"><\/p>\n<div class=\"scr-hdr__team__name\"><span class=\"name-large\">Valencia<\/span><abbr class=\"name-short\" title=\"Valencia\">VAL<\/abbr><\/div>\n<p><\/span><span class=\"scr-hdr__score\">1<\/span><\/p>\n<div class=\"scr-hdr__scorers\"><span>Luis Rioja 19&#8242;<\/span><\/div>\n<\/div>\n<div class=\"scr-hdr__info\">\n<div class=\"scr-hdr__status\"><span class=\"scr-hdr__status__txt\">Finalizado<\/span><\/div>\n<\/div>\n<\/section>\n<\/div>\n<nav class=\"sec-nav\">\n<div class=\"ct sec-nav__ct \">\n<ul class=\"sec-nav__li\">\n<li><a data-item=\"broadcast\" data-activa href=\"https:\/\/elpais.com\/deportes\/resultados\/futbol\/primera\/2025_2026\/directo\/regular-a-22-68644b7768d7e29\/\">DIRECTO<\/a><\/li>\n<li><a data-item=\"lineups\" data-activa href=\"https:\/\/elpais.com\/deportes\/resultados\/futbol\/primera\/2025_2026\/directo\/regular-a-22-68644b7768d7e29\/alineaciones\/\">ALINEACIONES<\/a><\/li>\n<li><a data-item=\"stats\" data-activa href=\"https:\/\/elpais.com\/deportes\/resultados\/futbol\/primera\/2025_2026\/directo\/regular-a-22-68644b7768d7e29\/estadisticas\/\">ESTAD\u00cdSTICAS<\/a><\/li>\n<li><a data-item=\"post-event\" class=\"is-selected\" data-activa href=\"https:\/\/elpais.com\/deportes\/futbol\/2026-02-01\/el-betis-recupera-la-quinta-plaza-y-acaba-con-la-racha-del-valencia.html\">CR\u00d3NICA<\/a><\/li>\n<\/ul>\n<\/div>\n<\/nav>\n<\/div>\n<header class=\"a_e _g _g-xs\">\n<div class=\"a_e_txt _df\">\n<div class=\"a_k _df\"><a class=\"a_k_n\" href=\"https:\/\/elpais.com\/noticias\/liga-espanola-de-futbol\/\">La Liga<\/a><\/div>\n<h1 class=\"a_t\">El Betis recupera la quinta plaza y acaba con la racha del Valencia<\/h1>\n<p class=\"a_st\">Un gol de Fornals en el minuto 88 le da el triunfo al conjunto andaluz, que supo aprovechar su momento y fue sostenido por un gran \u00c1lvaro Valles<\/p>\n<\/div>\n<div class=\"a_e_m\">\n<figure class=\"a_m a_m-h \"><span class=\"a_m_w _db\"><img fetchpriority=\"high\" decoding=\"async\" alt=\"Real Betis vs Valencia CF jornada 22 de La Liga\" class=\"_re  a_m-h\" height=\"277\" width=\"414\" src=\"https:\/\/analyse.optim.biz\/wp-content\/uploads\/2026\/02\/hqwasvhwl5lunpxg2d5zz5k2uq-1.jpg\" loading=\"eager\" title=\"hqwasvhwl5lunpxg2d5zz5k2uq-1\"><\/span><figcaption class=\"a_m_p\" aria-hidden=\"true\"><span>Pablo Fornals celebra el gol del triunfo del Betis ante el Valencia. <\/span><span class=\"a_m_m\">Jose Manuel Vidal (EFE)<\/span><\/figcaption><\/figure>\n<\/div>\n<\/header>\n<div class=\"a_md _g _g-xs \">\n<figure class=\"a_md_i a_m-h c_m--nf\"><span class=\"a_m_w _db\"><img decoding=\"async\" alt=\"Rafael Pineda\" class=\"_re lazyload a_m-h\" height=\"100\" width=\"100\" src=\"https:\/\/analyse.optim.biz\/wp-content\/uploads\/2026\/02\/https3a2f2fauthor-service-images-prod-us-east-1-publishing-aws_-arc_-pub2fprisa2f31fd6082-772c-4f81-aa0f-b7ef53638cd4-1.jpg\" loading=\"lazy\" title=\"https3a2f2fauthor-service-images-prod-us-east-1-publishing-aws_-arc_-pub2fprisa2f31fd6082-772c-4f81-aa0f-b7ef53638cd4-1\"><\/span><\/figure>\n<div class=\"a_md_txt\">\n<div class=\"a_md_a\" data-dtm-region=\"articulo_firma\"><a href=\"https:\/\/elpais.com\/autor\/rafael-pineda\/#?rel=author_top\" title=\"Ver todas las noticias de Rafael Pineda\" class=\"a_md_a_n\">Rafael Pineda<\/a><\/div>\n<div class=\"a_md_f\"><span>Sevilla &#8211; <a href=\"https:\/\/elpais.com\/hemeroteca\/2026-02-01\/\" data-date=\"2026-02-01T18:43:46+01:00\"><time data-date=\"2026-02-01T18:43:46+01:00\" datetime=\"2026-02-01T18:43:46+01:00\" id=\"article_date_p\">01 feb 2026 &#8211; 18:43<\/time><\/a><\/span><span><time class=\"sg\" id=\"article_date_u\" data-date=\"2026-02-01T19:12:30+01:00\" datetime=\"2026-02-01T19:12:30+01:00\"><abbr id=\"act_abb\" title=\"actualizado\">Actualizado: <\/abbr>01 feb 2026 &#8211; 19:12<abbr title=\"Central European Time\">CET<\/abbr><\/time><\/span><\/div>\n<div class=\"w_rs\" data-dtm-region=\"articulo_botonera-social\">\n<div class=\"w_rs_i\"><a class=\"_btn hidden\" href=\"\/\/send?text=El%20Betis%20recupera%20la%20quinta%20plaza%20y%20acaba%20con%20la%20racha%20del%20Valencia%0D%0A%0D%0Ahttps%3A%2F%2Felpais.com%2Fdeportes%2Ffutbol%2F2026-02-01%2Fel-betis-recupera-la-quinta-plaza-y-acaba-con-la-racha-del-valencia.html%3Fssm=whatsapp_CC\" data-action=\"share\/whatsapp\/share\" data-param-description=\"El Betis recupera la quinta plaza y acaba con la racha del Valencia\" data-param-href=\"https:\/\/elpais.com\/deportes\/futbol\/2026-02-01\/el-betis-recupera-la-quinta-plaza-y-acaba-con-la-racha-del-valencia.html\" data-param-text=\"El Betis recupera la quinta plaza y acaba con la racha del Valencia https:\/\/elpais.com\/deportes\/futbol\/2026-02-01\/el-betis-recupera-la-quinta-plaza-y-acaba-con-la-racha-del-valencia.html\" data-param-url=\"https:\/\/elpais.com\/deportes\/futbol\/2026-02-01\/el-betis-recupera-la-quinta-plaza-y-acaba-con-la-racha-del-valencia.html\" target=\"_blank\" rel=\"noopener noreferrer\" data-share-track-dtm=\"whatsapp\" id=\"btn_share_whatsapp_323\"><span class=\"_sr\">Compartir en Whatsapp<\/span><\/a><\/div>\n<div class=\"w_rs_i\"><a class=\"_btn \" href=\"https:\/\/www.facebook.com\/dialog\/share?display=popup&amp;app_id=94039431626&amp;href=https%3A%2F%2Felpais.com%2Fdeportes%2Ffutbol%2F2026-02-01%2Fel-betis-recupera-la-quinta-plaza-y-acaba-con-la-racha-del-valencia.html%3Fssm=FB_CC&amp;quote=El%20Betis%20recupera%20la%20quinta%20plaza%20y%20acaba%20con%20la%20racha%20del%20Valencia\" data-param-app_id=\"94039431626\" data-param-description=\"El Betis recupera la quinta plaza y acaba con la racha del Valencia\" data-param-href=\"https:\/\/elpais.com\/deportes\/futbol\/2026-02-01\/el-betis-recupera-la-quinta-plaza-y-acaba-con-la-racha-del-valencia.html\" data-param-text=\"El Betis recupera la quinta plaza y acaba con la racha del Valencia\" data-param-url=\"https:\/\/elpais.com\/deportes\/futbol\/2026-02-01\/el-betis-recupera-la-quinta-plaza-y-acaba-con-la-racha-del-valencia.html\" target=\"_blank\" rel=\"noopener noreferrer\" data-share-track-dtm=\"facebook\" id=\"btn_share_facebook_323\"><span class=\"_sr\">Compartir en Facebook<\/span><\/a><\/div>\n<div class=\"w_rs_i\"><a class=\"_btn \" href=\"https:\/\/twitter.com\/intent\/tweet?url=https%3A%2F%2Felpais.com%2Fdeportes%2Ffutbol%2F2026-02-01%2Fel-betis-recupera-la-quinta-plaza-y-acaba-con-la-racha-del-valencia.html%3Fssm=TW_CC&amp;text=El%20Betis%20recupera%20la%20quinta%20plaza%20y%20acaba%20con%20la%20racha%20del%20Valencia&amp;via=el_pais&amp;lang=es\" data-param-description=\"El Betis recupera la quinta plaza y acaba con la racha del Valencia\" data-param-href=\"https:\/\/elpais.com\/deportes\/futbol\/2026-02-01\/el-betis-recupera-la-quinta-plaza-y-acaba-con-la-racha-del-valencia.html\" data-param-text=\"El Betis recupera la quinta plaza y acaba con la racha del Valencia via @el_pais\" data-param-url=\"https:\/\/elpais.com\/deportes\/futbol\/2026-02-01\/el-betis-recupera-la-quinta-plaza-y-acaba-con-la-racha-del-valencia.html\" target=\"_blank\" rel=\"noopener noreferrer\" data-share-track-dtm=\"twitter\" id=\"btn_share_twitter_323\"><span class=\"_sr\">Compartir en Twitter<\/span><\/a><\/div>\n<div class=\"w_rs_i\"><a class=\"_btn \" href=\"https:\/\/bsky.app\/intent\/compose?text=https%3A%2F%2Felpais.com%2Fdeportes%2Ffutbol%2F2026-02-01%2Fel-betis-recupera-la-quinta-plaza-y-acaba-con-la-racha-del-valencia.html%3Fssm=bsky_CC\" data-param-description=\"El Betis recupera la quinta plaza y acaba con la racha del Valencia\" data-param-href=\"https:\/\/elpais.com\/deportes\/futbol\/2026-02-01\/el-betis-recupera-la-quinta-plaza-y-acaba-con-la-racha-del-valencia.html\" data-param-text=\"El Betis recupera la quinta plaza y acaba con la racha del Valencia\" data-param-url=\"https:\/\/elpais.com\/deportes\/futbol\/2026-02-01\/el-betis-recupera-la-quinta-plaza-y-acaba-con-la-racha-del-valencia.html\" target=\"_blank\" rel=\"noopener noreferrer\" data-share-track-dtm=\"bluesky\" id=\"btn_share_bluesky_323\"><span class=\"_sr\">Compartir en Bluesky<\/span><\/a><\/div>\n<div class=\"w_rs_i\"><a class=\"_btn \" href=\"https:\/\/www.linkedin.com\/sharing\/share-offsite\/?url=https%3A%2F%2Felpais.com%2Fdeportes%2Ffutbol%2F2026-02-01%2Fel-betis-recupera-la-quinta-plaza-y-acaba-con-la-racha-del-valencia.html%3Fssm=LK_CC\" data-param-description=\"El Betis recupera la quinta plaza y acaba con la racha del Valencia\" data-param-href=\"https:\/\/elpais.com\/deportes\/futbol\/2026-02-01\/el-betis-recupera-la-quinta-plaza-y-acaba-con-la-racha-del-valencia.html\" data-param-text=\"El Betis recupera la quinta plaza y acaba con la racha del Valencia\" data-param-url=\"https:\/\/elpais.com\/deportes\/futbol\/2026-02-01\/el-betis-recupera-la-quinta-plaza-y-acaba-con-la-racha-del-valencia.html\" target=\"_blank\" rel=\"noopener noreferrer\" data-share-track-dtm=\"linkedin\" id=\"btn_share_linkedin_323\"><span class=\"_sr\">Compartir en Linkedin<\/span><\/a><\/div>\n<div class=\"w_rs_i\"><a class=\"_btn rs_l\" href=\"https:\/\/elpais.com\/deportes\/futbol\/2026-02-01\/el-betis-recupera-la-quinta-plaza-y-acaba-con-la-racha-del-valencia.html#?prm=copy_link\" data-share-track-dtm=\"copiar_url\" id=\"btn_share_link_73\"><span class=\"_sr\">Copiar enlace<\/span><\/a><\/div>\n<div class=\"w_rs_i\"><a class=\"_btn rs_c\" href=\"https:\/\/elpais.com\/deportes\/futbol\/2026-02-01\/el-betis-recupera-la-quinta-plaza-y-acaba-con-la-racha-del-valencia.html#comments_container\" aria-expanded=\"false\" aria-controls=\"me-c\" data-share-track-dtm=\"eskup\" id=\"btn_share_comments_73\"><span class=\"_sr\">Ir a los comentarios<\/span><\/a><\/div>\n<\/div>\n<\/div>\n<\/div>\n<div class=\"a_c clearfix\" data-dtm-region=\"articulo_cuerpo\">\n<p class>Dos tiros a puerta y dos goles del Betis. El Valencia, mejor durante muchas fases del partido, demostr\u00f3 por qu\u00e9 se encuentra en esa situaci\u00f3n tan delicada, a dos puntos del descenso. Los de Carlos Corber\u00e1n dominaron mucho, pero no remataron a un rival que estaba fundido. Tampoco sus jugadores entendieron el tramo final. Permitieron una gran carrera de Deossa por la banda ante el despiste de Santamar\u00eda. El colombiano, todo fe, centr\u00f3 al \u00e1rea y Fornals logr\u00f3 el segundo. El Valencia se qued\u00f3 con cara de tonto y <a href=\"https:\/\/elpais.com\/deportes\/futbol\/2026-01-29\/la-calidad-de-antony-mete-al-betis-entre-los-ocho-primeros.html\" target=\"_self\" rel title=\"https:\/\/elpais.com\/deportes\/futbol\/2026-01-29\/la-calidad-de-antony-mete-al-betis-entre-los-ocho-primeros.html\">este magn\u00edfico Betis<\/a> de Manuel Pellegrini recupera la quinta plaza mientras se lame las heridas en busca del decisivo partido de cuartos de final de la Copa ante el Atl\u00e9tico del pr\u00f3ximo jueves. El Betis, con problemas, con muchas bajas, algo fundido, sac\u00f3 recursos para ganar el partido. Tambi\u00e9n gan\u00f3 el jueves en la Liga Europa y se sostiene mientras sue\u00f1a con la Copa. Tiene mucho m\u00e9rito lo que est\u00e1 haciendo el grupo que dirige Pellegrini. El Valencia estuvo bien, pero le tocar\u00e1 seguir sufriendo. No entendi\u00f3 que el Betis estaba muy tocado y le falt\u00f3 energ\u00eda para ir a por el triunfo.<\/p>\n<div class=\"w-chr w-chr-f _df\">\n<div class=\"w-chr_t w-chr_t-h\">\n<div class=\"w-chr_n w_t\"><abbr class=\"w-chr_n_a\">BET<\/abbr><span class=\"w-chr_n_f _dn\">Betis<\/span><\/div>\n<div class=\"w-chr_d\">\n<div class=\"w-chr_cre\"><img decoding=\"async\" title=\"Betis\" loading=\"lazy\" src=\"https:\/\/analyse.optim.biz\/wp-content\/uploads\/2026\/02\/171-4.png\" width=\"80\" height=\"80\" data-error-image=\"https:\/\/static.prisa.com\/aside\/resizer\/resize\/img\/sports\/football\/teams\/default.png?width=160&amp;height=160\"><\/div>\n<div class=\"w-chr_s _df\"><span class=\"w-chr_s_n\">2<br \/>\n                            <\/span><\/div>\n<div class=\"w-chr_lu\"><span><br \/>\n                                                                                                                                                                                                                                                                                                                                                                                                                                                                                                                                                                                                                                                                                                                                                                                                                                                                                                                                                                                                                                                                                                                                                                                                                                                                                                                                                                                                                                                                                                                                                                                                                                                                                                                                                                                                                                                                                                                                                                                                                                                                                                                                                                                                                                                                                                                                                                                                                                                                                                                                                                                                                                                                                                                                                                                                                                                                                                                                                                                                                                                                                                                                                                        \u00c1lvaro Valles, Diego Llorente (Valent\u00edn G\u00f3mez, min. 90), Aitor Ruibal, Ricardo Rodr\u00edguez, Marc Bartra, Marc Roca, Antony (\u00c1ngel Ortiz, min. 90), Abde Ezzalzouli, Nelson Deossa, Sergi Altimira (Pablo Fornals, min. 45) y Chimy \u00c1vila (Pablo Garc\u00eda, min. 66)<br \/>\n            <\/span><\/div>\n<\/div>\n<\/div>\n<div class=\"w-chr_t w-chr_t-a\">\n<div class=\"w-chr_n w_t\"><abbr class=\"w-chr_n_a\">VAL<\/abbr><span class=\"w-chr_n_f _dn\">Valencia<\/span><\/div>\n<div class=\"w-chr_d _pr\">\n<div class=\"w-chr_s _df\"><span class=\"w-chr_s_n\">1<br \/>\n                            <\/span><\/div>\n<div class=\"w-chr_cre\"><img decoding=\"async\" title=\"Valencia\" loading=\"lazy\" src=\"https:\/\/analyse.optim.biz\/wp-content\/uploads\/2026\/02\/17-2.png\" width=\"80\" height=\"80\" data-error-image=\"https:\/\/static.prisa.com\/aside\/resizer\/resize\/img\/sports\/football\/teams\/default.png?width=160&amp;height=160\"><\/div>\n<div class=\"w-chr_lu\"><span><br \/>\n                                                                                                                                                                                                                                                                                                                                                                                                                                                                                                                                                                                                                                                                                                                                                                                                                                                                                                                                                                                                                                                                                                                                                                                                                                                                                                                                                                                                                                                                                                                                                                                                                                                                                                                                                                                                                                                                                                                                                                                                                                                                                                                                                                                                                                                                                                                                                                                                                                                                                                                                                                                                                                                                                                                                                                                                                                                                                                                                                                                                                                                                                                                                                                                                                                                    Stole Dimitrievski, Copete (C\u00e9sar T\u00e1rrega, min. 79), Dimitri Foulquier, Jos\u00e9 Gay\u00e0, Eray C\u00f6mert, Luis Rioja (Diego L\u00f3pez, min. 76), Pepelu (Baptiste Santamar\u00eda, min. 71), Arnaut Danjuma, Filip Ugrinic, Hugo Duro (Umar Sadiq, min. 70) y Lucas Beltr\u00e1n (Andr\u00e9 Almeida, min. 71)<br \/>\n            <\/span><\/div>\n<\/div>\n<\/div>\n<div class=\"w-chr_st\"><b>Goles<\/b><br \/>\n                                                                                                        0-1 min. 19: Luis Rioja.                                                                                 1-1 min. 22: Chimy \u00c1vila.                                                                                 2-1 min. 87: Fornals                    <\/div>\n<div class=\"w-chr_r\"><b>Arbitro<\/b> Jos\u00e9 Mar\u00eda S\u00e1nchez Mart\u00ednez<\/div>\n<div class=\"w-chr_cs\">\n<div class=\"_df\"><span class=\"w-chr_c w-chr_c-y\">Tarjetas amarillas<\/span><span><br \/>\n                                            Eray C\u00f6mert (min. 49),                                             Pepelu (min. 52),                                             Foulquier (min. 84),                                             C\u00e9sar T\u00e1rrega  (min. 96)                                        <\/span><\/div>\n<\/div>\n<\/div>\n<p class>Son muchas las batallas que afronta el Betis. Europa, Liga y los cuartos de Copa aparecen en el horizonte de un equipo que se sostiene como buenamente puede. Ante el Valencia, un rival muy vivo a pesar de estar peleando por el descenso, Pellegrini dio descanso <a href=\"https:\/\/elpais.com\/deportes\/futbol\/2025-11-30\/fornals-cambia-el-rumbo-de-derbi.html\" target=\"_self\" rel title=\"https:\/\/elpais.com\/deportes\/futbol\/2025-11-30\/fornals-cambia-el-rumbo-de-derbi.html\">a Fornals <\/a>pensando en el Atl\u00e9tico y recompuso a su equipo con Altimira en el centro del campo y Deossa en la mediapunta. Las ocho bajas pesaban como una losa en este Betis que depende mucho de Antony. Corber\u00e1n hizo un buen planteamiento. Carg\u00f3 las tintas en la banda derecha del Betis, <a href=\"https:\/\/elpais.com\/deportes\/futbol\/2026-01-29\/la-calidad-de-antony-mete-al-betis-entre-los-ocho-primeros.html\" target=\"_self\" rel title=\"https:\/\/elpais.com\/deportes\/futbol\/2026-01-29\/la-calidad-de-antony-mete-al-betis-entre-los-ocho-primeros.html\">donde Antony no defiende<\/a>, y llev\u00f3 la iniciativa del partido. Si bien es cierto que todo pudo cambiar los seis minutos, cuando Abde fall\u00f3 un gol claro bajo palos, tambi\u00e9n lo fue que el Valencia mereci\u00f3 m\u00e1s. <\/p>\n<p class>A los 11 minutos hubo penalti de Ruibal a Danjuma. Valles, que regresaba a la porter\u00eda por Pau L\u00f3pez, realiz\u00f3 un parad\u00f3n en el lanzamiento de Pepelu. Pero dominaba el Valencia, con Ugrinic y Danjuma entonados, bien colocado en defensa. Tanto, que Rioja, de coraz\u00f3n verdiblanco, remat\u00f3 a la red despu\u00e9s de una buena dejada de Beltr\u00e1n. Estuvo mal la defensa del Betis, como inocente fue Copete al pisar en el \u00e1rea a Ruibal. <a href=\"https:\/\/elpais.com\/deportes\/futbol\/2026-01-14\/avila-rescata-al-betis-ante-un-elche-que-dio-mucha-guerra.html\" target=\"_self\" rel title=\"https:\/\/elpais.com\/deportes\/futbol\/2026-01-14\/avila-rescata-al-betis-ante-un-elche-que-dio-mucha-guerra.html\">El Chimy \u00c1vila <\/a>empat\u00f3 de penalti y los siguientes minutos del primer tiempo fueron pasando entre la inoperancia del Betis ante un Valencia bien plantado. Y todo eso ali\u00f1ado con el mal arbitraje de S\u00e1nchez Mart\u00ednez. Un \u00e1rbitro de total garant\u00edas, pero que no tuvo su mejor d\u00eda en La Cartuja. En el Betis, muy espeso, Roca, Altimira y Abde apenas combinaron. El Betis echaba de menos a Fornals. <\/p>\n<p class>El propio Fornals entr\u00f3 en la segunda parte, reservado ante tanto partido seguido en un cargado calendario. El Valencia tuvo una gran ocasi\u00f3n en el minuto 49, pero entre Bartra y el meta Valles, que cuaj\u00f3 un partidazo, salvaron el 1-2. El Valencia se mostraba superior, pero le falt\u00f3 valent\u00eda y la confianza propias del equipo que est\u00e1 arriba para ir a por el triunfo. El Betis no llegaba a la meta rival, perdido en la intrascendencia del pase al pie, tan previsible como in\u00fatil. <a href=\"https:\/\/elpais.com\/deportes\/2023-03-04\/abde-el-aguijon-de-osasuna-va-a-ser-uno-de-los-mejores-extremos-de-europa.html\" target=\"_self\" rel title=\"https:\/\/elpais.com\/deportes\/2023-03-04\/abde-el-aguijon-de-osasuna-va-a-ser-uno-de-los-mejores-extremos-de-europa.html\">Del marasmo le salv\u00f3 Abde<\/a>, quien hizo un jugad\u00f3n despu\u00e9s de un gran pase de Roca. El bal\u00f3n fue al lateral de la red tras dejar en el suelo a C\u00f6mert. Pero la acci\u00f3n definitiva lleg\u00f3 en el minuto 88. Con el Valencia jugando en campo contrario, Deossa realiz\u00f3 un enorme cambio de ritmo en la banda derecha. Nadie le hizo falta y su centro al \u00e1rea fue anotado en gol por Fornals, con algo de suerte tras un rebote. <\/p>\n<p class>Estall\u00f3 La Cartuja y el Betis sostuvo el 2-1. Mucho m\u00e9rito para un equipo plagado de bajas, hu\u00e9rfano de futbolistas como Lo Celso, Amrabat o Isco, que se sostiene gracias al trabajo de Pellegrini y sus futbolistas. Y ante el Valencia, por la falta de contundencia de un rival que fue incapaz de amarrar, al menos, un empate que ten\u00eda en su mano. <\/p>\n<p class>\u201cFornals ha dado un paso adelante y ya lo conoc\u00eda de su etapa en el West Ham. Su gol ha servido para ganar un partido en el que nos ha faltado creatividad. Estoy muy contento con el esfuerzo de mis jugadores\u201d, aclar\u00f3 Manuel Pellegrini. \u201cEl partido lo encaramos muy bien y era al final de empate. Se decant\u00f3 en una acci\u00f3n puntual que no supimos defender\u201d, indic\u00f3, por su parte, Carlos Corber\u00e1n, el t\u00e9cnico del Valencia. <\/p>\n<div class=\"ev-unit\">\n<div class=\"ev-main\">\n<div class=\"ev-text\">\n<div class=\"ev-fw-wr\"><span class=\"stat-tl ev-fw-tl\">Clasificaci\u00f3n<\/span><\/p>\n<div class=\"ev-mw-wr-col\">\n<table class=\"tbl\">\n<thead>\n<tr>\n<th>Clasificaci\u00f3n<\/th>\n<th scope=\"col\"><abbr title=\"Puntos\">PT<\/abbr><\/th>\n<th scope=\"col\"><abbr title=\"Partidos Jugados\">PJ<\/abbr><\/th>\n<th scope=\"col\"><abbr title=\"Partidos Ganados\">PG<\/abbr><\/th>\n<th scope=\"col\"><abbr title=\"Partidos Empatados\">PE<\/abbr><\/th>\n<th scope=\"col\"><abbr title=\"Partidos Perdidos\">PP<\/abbr><\/th>\n<\/tr>\n<\/thead>\n<tbody>\n<tr>\n<td><span class=\"tbl-row-num\">3<\/span><\/p>\n<div class=\"in-team\"><img decoding=\"async\" title=\"Atl\u00e9tico\" loading=\"lazy\" class=\"in-team-logo\" src=\"https:\/\/analyse.optim.biz\/wp-content\/uploads\/2026\/02\/42-4.png\" width=\"30\" height=\"30\" data-error-image=\"https:\/\/static.prisa.com\/aside\/resizer\/resize\/img\/sports\/football\/teams\/default.png?width=160&amp;height=160\"><span class=\"in-team-name\">ATM<\/span><\/div>\n<\/td>\n<td><strong>45<\/strong><\/td>\n<td>22<\/td>\n<td>13<\/td>\n<td>6<\/td>\n<td>3<\/td>\n<\/tr>\n<tr>\n<td><span class=\"tbl-row-num\">4<\/span><\/p>\n<div class=\"in-team\"><img decoding=\"async\" title=\"Villarreal\" loading=\"lazy\" class=\"in-team-logo\" src=\"https:\/\/analyse.optim.biz\/wp-content\/uploads\/2026\/02\/19-4.png\" width=\"30\" height=\"30\" data-error-image=\"https:\/\/static.prisa.com\/aside\/resizer\/resize\/img\/sports\/football\/teams\/default.png?width=160&amp;height=160\"><span class=\"in-team-name\">VLL<\/span><\/div>\n<\/td>\n<td><strong>42<\/strong><\/td>\n<td>21<\/td>\n<td>13<\/td>\n<td>3<\/td>\n<td>5<\/td>\n<\/tr>\n<tr class=\"tbl-row-hl\">\n<td><span class=\"tbl-row-num\">5<\/span><\/p>\n<div class=\"in-team\"><img decoding=\"async\" title=\"Betis\" loading=\"lazy\" class=\"in-team-logo\" src=\"https:\/\/analyse.optim.biz\/wp-content\/uploads\/2026\/02\/171-4.png\" width=\"30\" height=\"30\" data-error-image=\"https:\/\/static.prisa.com\/aside\/resizer\/resize\/img\/sports\/football\/teams\/default.png?width=160&amp;height=160\"><span class=\"in-team-name\">BET<\/span><\/div>\n<\/td>\n<td><strong>35<\/strong><\/td>\n<td>22<\/td>\n<td>9<\/td>\n<td>8<\/td>\n<td>5<\/td>\n<\/tr>\n<tr>\n<td><span class=\"tbl-row-num\">6<\/span><\/p>\n<div class=\"in-team\"><img decoding=\"async\" title=\"Espanyol\" loading=\"lazy\" class=\"in-team-logo\" src=\"https:\/\/analyse.optim.biz\/wp-content\/uploads\/2026\/02\/8-3.png\" width=\"30\" height=\"30\" data-error-image=\"https:\/\/static.prisa.com\/aside\/resizer\/resize\/img\/sports\/football\/teams\/default.png?width=160&amp;height=160\"><span class=\"in-team-name\">ESP<\/span><\/div>\n<\/td>\n<td><strong>34<\/strong><\/td>\n<td>22<\/td>\n<td>10<\/td>\n<td>4<\/td>\n<td>8<\/td>\n<\/tr>\n<tr>\n<td><span class=\"tbl-row-num\">7<\/span><\/p>\n<div class=\"in-team\"><img decoding=\"async\" title=\"Celta\" loading=\"lazy\" class=\"in-team-logo\" src=\"https:\/\/analyse.optim.biz\/wp-content\/uploads\/2026\/02\/6-3.png\" width=\"30\" height=\"30\" data-error-image=\"https:\/\/static.prisa.com\/aside\/resizer\/resize\/img\/sports\/football\/teams\/default.png?width=160&amp;height=160\"><span class=\"in-team-name\">CEL<\/span><\/div>\n<\/td>\n<td><strong>33<\/strong><\/td>\n<td>22<\/td>\n<td>8<\/td>\n<td>9<\/td>\n<td>5<\/td>\n<\/tr>\n<\/tbody>\n<\/table>\n<\/div>\n<div class=\"ev-mw-wr-col\">\n<table class=\"tbl\">\n<thead>\n<tr>\n<th>Clasificaci\u00f3n<\/th>\n<th scope=\"col\"><abbr title=\"Puntos\">PT<\/abbr><\/th>\n<th scope=\"col\"><abbr title=\"Partidos Jugados\">PJ<\/abbr><\/th>\n<th scope=\"col\"><abbr title=\"Partidos Ganados\">PG<\/abbr><\/th>\n<th scope=\"col\"><abbr title=\"Partidos Empatados\">PE<\/abbr><\/th>\n<th scope=\"col\"><abbr title=\"Partidos Perdidos\">PP<\/abbr><\/th>\n<\/tr>\n<\/thead>\n<tbody>\n<tr>\n<td><span class=\"tbl-row-num\">13<\/span><\/p>\n<div class=\"in-team\"><img decoding=\"async\" title=\"Elche\" loading=\"lazy\" class=\"in-team-logo\" src=\"https:\/\/analyse.optim.biz\/wp-content\/uploads\/2026\/02\/121-6.png\" width=\"30\" height=\"30\" data-error-image=\"https:\/\/static.prisa.com\/aside\/resizer\/resize\/img\/sports\/football\/teams\/default.png?width=160&amp;height=160\"><span class=\"in-team-name\">ELC<\/span><\/div>\n<\/td>\n<td><strong>24<\/strong><\/td>\n<td>22<\/td>\n<td>5<\/td>\n<td>9<\/td>\n<td>8<\/td>\n<\/tr>\n<tr>\n<td><span class=\"tbl-row-num\">14<\/span><\/p>\n<div class=\"in-team\"><img decoding=\"async\" title=\"Sevilla\" loading=\"lazy\" class=\"in-team-logo\" src=\"https:\/\/analyse.optim.biz\/wp-content\/uploads\/2026\/02\/53-2.png\" width=\"30\" height=\"30\" data-error-image=\"https:\/\/static.prisa.com\/aside\/resizer\/resize\/img\/sports\/football\/teams\/default.png?width=160&amp;height=160\"><span class=\"in-team-name\">SEV<\/span><\/div>\n<\/td>\n<td><strong>24<\/strong><\/td>\n<td>21<\/td>\n<td>7<\/td>\n<td>3<\/td>\n<td>11<\/td>\n<\/tr>\n<tr class=\"tbl-row-hl\">\n<td><span class=\"tbl-row-num\">15<\/span><\/p>\n<div class=\"in-team\"><img decoding=\"async\" title=\"Valencia\" loading=\"lazy\" class=\"in-team-logo\" src=\"https:\/\/analyse.optim.biz\/wp-content\/uploads\/2026\/02\/17-2.png\" width=\"30\" height=\"30\" data-error-image=\"https:\/\/static.prisa.com\/aside\/resizer\/resize\/img\/sports\/football\/teams\/default.png?width=160&amp;height=160\"><span class=\"in-team-name\">VAL<\/span><\/div>\n<\/td>\n<td><strong>23<\/strong><\/td>\n<td>22<\/td>\n<td>5<\/td>\n<td>8<\/td>\n<td>9<\/td>\n<\/tr>\n<tr>\n<td><span class=\"tbl-row-num\">16<\/span><\/p>\n<div class=\"in-team\"><img decoding=\"async\" title=\"Getafe\" loading=\"lazy\" class=\"in-team-logo\" src=\"https:\/\/analyse.optim.biz\/wp-content\/uploads\/2026\/02\/172-2.png\" width=\"30\" height=\"30\" data-error-image=\"https:\/\/static.prisa.com\/aside\/resizer\/resize\/img\/sports\/football\/teams\/default.png?width=160&amp;height=160\"><span class=\"in-team-name\">GET<\/span><\/div>\n<\/td>\n<td><strong>23<\/strong><\/td>\n<td>22<\/td>\n<td>6<\/td>\n<td>5<\/td>\n<td>11<\/td>\n<\/tr>\n<tr>\n<td><span class=\"tbl-row-num\">17<\/span><\/p>\n<div class=\"in-team\"><img decoding=\"async\" title=\"Rayo\" loading=\"lazy\" class=\"in-team-logo\" src=\"https:\/\/analyse.optim.biz\/wp-content\/uploads\/2026\/02\/2-2.png\" width=\"30\" height=\"30\" data-error-image=\"https:\/\/static.prisa.com\/aside\/resizer\/resize\/img\/sports\/football\/teams\/default.png?width=160&amp;height=160\"><span class=\"in-team-name\">RAY<\/span><\/div>\n<\/td>\n<td><strong>22<\/strong><\/td>\n<td>22<\/td>\n<td>5<\/td>\n<td>7<\/td>\n<td>10<\/td>\n<\/tr>\n<\/tbody>\n<\/table>\n<\/div>\n<\/div>\n<\/div>\n<\/div>\n<\/div>\n<\/div>\n<div id=\"me-dis\" class=\"me _pf\">\n<div class=\"me_bg\">\n<div class=\"me-dis _pa _df\">\n<div class=\"me-dis_c\">\n<h2 class=\"me-dis_t\">Tu suscripci\u00f3n se est\u00e1 usando en otro dispositivo<\/h2>\n<p>\u00bfQuieres a\u00f1adir otro usuario a tu suscripci\u00f3n?<\/p>\n<div class=\"me-dis_l\"><a href=\"https:\/\/elpais.com\/suscripciones\/premium\/upgrade\/?utm_source=autopromo&amp;utm_medium=interno&amp;utm_campaign=YYYY_MM_capping_upgrade\" id=\"capping-upgrade\" class=\"btn\">A\u00f1adir usuario<\/a><a href=\"https:\/\/elpais.com\/deportes\/futbol\/2026-02-01\/el-betis-recupera-la-quinta-plaza-y-acaba-con-la-racha-del-valencia.html\" id=\"capping-continue\" class=\"btn btn-b\">Continuar leyendo aqu\u00ed<\/a><\/div>\n<p>Si contin\u00faas leyendo en este dispositivo, no se podr\u00e1 leer en el otro.<\/p>\n<p class=\"lk\"><a href=\"https:\/\/elpais.com\/deportes\/futbol\/2026-02-01\/el-betis-recupera-la-quinta-plaza-y-acaba-con-la-racha-del-valencia.html\" id=\"capping-show-more-button\">\u00bfPor qu\u00e9 est\u00e1s viendo esto?<\/a><\/p>\n<p><span class=\"arrow\" id=\"capping-arrow\">Flecha<\/span><\/p>\n<div class=\"me-dis_d\">\n<div class=\"me-dis_d_t\">\n<h2 class=\"enc\">Tu suscripci\u00f3n se est\u00e1 usando en otro dispositivo y solo puedes acceder a EL PA\u00cdS desde un dispositivo a la vez.<\/h2>\n<div class=\"tx\">\n<p>Si quieres compartir tu cuenta, cambia tu suscripci\u00f3n a la modalidad Premium, as\u00ed podr\u00e1s a\u00f1adir otro usuario. Cada uno acceder\u00e1 con su propia cuenta de email, lo que os permitir\u00e1 personalizar vuestra experiencia en EL PA\u00cdS.<\/p>\n<p>\u00bfTienes una suscripci\u00f3n de empresa? Accede <a target=\"_blank\" rel=\"noreferrer\" href=\"https:\/\/elpais.com\/suscripciones\/premium\/upgrade\/\">aqu\u00ed<\/a> para contratar m\u00e1s cuentas.<\/p>\n<p>En el caso de no saber qui\u00e9n est\u00e1 usando tu cuenta, te recomendamos cambiar tu contrase\u00f1a <a target=\"_blank\" rel=\"noreferrer\" href=\"https:\/\/elpais.com\/subscriptions\/#\/forgot-password\">aqu\u00ed.<\/a><\/p>\n<p>Si decides continuar compartiendo tu cuenta, este mensaje se mostrar\u00e1 en tu dispositivo y en el de la otra persona que est\u00e1 usando tu cuenta de forma indefinida, afectando a tu experiencia de lectura. Puedes <a target=\"_blank\" rel=\"noreferrer\" href=\"https:\/\/elpais.com\/suscripciones\/condiciones-generales-servicios\/\">consultar aqu\u00ed los t\u00e9rminos y condiciones de la suscripci\u00f3n digital.<\/a><\/p>\n<\/div>\n<\/div>\n<\/div>\n<\/div>\n<\/div>\n<\/div>\n<\/div>\n<aside class=\"w w-sea\">\n<h2 class=\"w_t\">Sobre la firma<\/h2>\n<div class=\"w_b\">\n<div class=\"_g _g-xs\">\n<figure class=\"w-sea_f a_m-h c_m--nf\"><span class=\"a_m_w _db\"><img decoding=\"async\" alt=\"Rafael Pineda\" class=\"_re lazyload a_m-h\" height=\"100\" width=\"100\" src=\"https:\/\/analyse.optim.biz\/wp-content\/uploads\/2026\/02\/https3a2f2fauthor-service-images-prod-us-east-1-publishing-aws_-arc_-pub2fprisa2f31fd6082-772c-4f81-aa0f-b7ef53638cd4-1.jpg\" loading=\"lazy\" title=\"https3a2f2fauthor-service-images-prod-us-east-1-publishing-aws_-arc_-pub2fprisa2f31fd6082-772c-4f81-aa0f-b7ef53638cd4-1\"><\/span><\/figure>\n<div class=\"w-sea_txt\">\n<div class=\"_df\">\n<div class=\"w-sea_txt_na\"><a href=\"https:\/\/elpais.com\/autor\/rafael-pineda\/\" rel=\"autor_bottom\">Rafael Pineda<\/a><\/div>\n<\/div>\n<div class=\"w-sea_txt_da _dn\">En EL PA\u00cdS desde 2009 en la secci\u00f3n de Deportes como redactor. Licenciado en Periodismo en la primera promoci\u00f3n de la Facultad de Sevilla (1989-1994). 31 a\u00f1os analizando la actualidad deportiva desde 1994 en &#8216;El Correo de Andaluc\u00eda&#8217; hasta 2009 y luego en EL PA\u00cdS. Informando en ocho Mundiales de F\u00fatbol y ocho Eurocopas.<\/div>\n<\/div>\n<\/div>\n<\/div>\n<\/aside>\n<aside class=\"w w-fid\">\n<div class=\"w_b\">\n<div class=\"w-fid_t\"><a href=\"https:\/\/plus.elpais.com\/newsletters\/lnp\/1\/349\/#?prm=not_newsletters_deportes\">Recibe el bolet\u00edn de Deportes<\/a><\/div>\n<div class=\"w-fid_s\">\n<div class=\"w_rs\">\n<div class=\"w_rs_i\"><a class=\"_btn\" href=\"https:\/\/www.facebook.com\/elpais\" rel=\"nofollow\"><span class=\"_sr\">Deportes El Pa\u00eds en Facebook<\/span><\/a><\/div>\n<div class=\"w_rs_i\"><a class=\"_btn\" href=\"https:\/\/www.instagram.com\/el_pais\/\" rel=\"nofollow\"><span class=\"_sr\">Deportes El Pa\u00eds en Instagram<\/span><\/a><\/div>\n<div class=\"w_rs_i\"><a class=\"_btn\" href=\"https:\/\/twitter.com\/elpais_deportes\" rel=\"nofollow\"><span class=\"_sr\">Deportes El Pa\u00eds en Twitter<\/span><\/a><\/div>\n<\/div>\n<\/div>\n<\/div>\n<\/aside>\n<aside class=\"a_com w w-com _df\"><a class=\"a_com_l\" href=\"https:\/\/elpais.com\/info\/normas-de-participacion\/\">Normas \u203a<\/a><\/aside>\n<div class=\"me _pf\" id=\"me-c\">\n<div class=\"me_bg\">\n<div class=\"me-c _pa\" id=\"comments_container\" data-dtm-region=\"articulo_comentarios\">\n<div class=\"me_f me_f-os me_cc\"><a href=\"https:\/\/plus.elpais.com\/perfil\/actividad\/\">Mis comentarios<\/a><a href=\"https:\/\/elpais.com\/info\/normas-de-participacion\/\">Normas<\/a><\/div>\n<div class=\"me_f me_f-ns\"><span class=\"me_f_txt _db\">Rellena tu <b>nombre y apellido<\/b> para comentar<\/span><a href=\"https:\/\/plus.elpais.com\/autorization.html\/?prod=COM&amp;backURL=https%3A%2F%2Felpais.com%2Fdeportes%2Ffutbol%2F2026-02-01%2Fel-betis-recupera-la-quinta-plaza-y-acaba-con-la-racha-del-valencia.html\" class=\"btn btn-2\">completar datos<\/a><\/div>\n<div class=\"me_f\" id=\"comments_msg\"><a class=\"btn btn-2\" href=\"https:\/\/elpais.com\/suscripciones\/#\/campaign?prod=SUSDIGCRART&amp;o=COM&amp;prm=suscrip_articulo_comentarios_el-pais&amp;backURL=https%3A%2F%2Felpais.com%2Fdeportes%2Ffutbol%2F2026-02-01%2Fel-betis-recupera-la-quinta-plaza-y-acaba-con-la-racha-del-valencia.html\" id=\"comments_subscribe_link\" data-link-am=\"https:\/\/elpais.com\/suscripciones\/america\/#\/campaign?prod=SUSDIGCRARTAM&amp;o=COMAM&amp;prm=suscrip_articulo_comentarios_el-pais-america&amp;backURL=https%3A%2F%2Felpais.com%2Fdeportes%2Ffutbol%2F2026-02-01%2Fel-betis-recupera-la-quinta-plaza-y-acaba-con-la-racha-del-valencia.html\" data-link-mx=\"https:\/\/elpais.com\/suscripciones\/america\/#\/campaign?prod=SUSDIGMX&amp;o=COMMX&amp;prm=suscrip_articulo_comentarios_el-pais-mexico&amp;backURL=https%3A%2F%2Felpais.com%2Fdeportes%2Ffutbol%2F2026-02-01%2Fel-betis-recupera-la-quinta-plaza-y-acaba-con-la-racha-del-valencia.html\" data-link-co=\"https:\/\/elpais.com\/suscripciones\/america\/#\/campaign?prod=SUSDIGCOL&amp;o=COMCOL&amp;prm=suscrip_articulo_comentarios_el-pais_colombia&amp;backURL=https%3A%2F%2Felpais.com%2Fdeportes%2Ffutbol%2F2026-02-01%2Fel-betis-recupera-la-quinta-plaza-y-acaba-con-la-racha-del-valencia.html\" data-link-ar=\"https:\/\/elpais.com\/suscripciones\/america\/#\/campaign?prod=SUSDIGCRARTAR&amp;o=COMAR&amp;backURL=https%3A%2F%2Felpais.com%2Fdeportes%2Ffutbol%2F2026-02-01%2Fel-betis-recupera-la-quinta-plaza-y-acaba-con-la-racha-del-valencia.html\" data-link-cl=\"https:\/\/elpais.com\/suscripciones\/america\/#\/campaign?prod=SUSDIGCHILE&amp;o=COMCHILE&amp;backURL=https%3A%2F%2Felpais.com%2Fdeportes%2Ffutbol%2F2026-02-01%2Fel-betis-recupera-la-quinta-plaza-y-acaba-con-la-racha-del-valencia.html\" data-link-us=\"https:\/\/elpais.com\/suscripciones\/america\/#\/campaign?prod=SUSDIGCRARTEUCAN&amp;o=COMUS&amp;prm=suscrip_articulo_comentarios_el-pais_eucan&amp;backURL=https%3A%2F%2Felpais.com%2Fdeportes%2Ffutbol%2F2026-02-01%2Fel-betis-recupera-la-quinta-plaza-y-acaba-con-la-racha-del-valencia.html\">Suscr\u00edbete en El Pa\u00eds para participar<\/a><a class=\"btn btn-3\" href=\"https:\/\/elpais.com\/subscriptions\/#\/sign-in?prod=REG&amp;o=COM&amp;prm=login_articulo_comentarios_el-pais&amp;backURL=https%3A%2F%2Felpais.com%2Fdeportes%2Ffutbol%2F2026-02-01%2Fel-betis-recupera-la-quinta-plaza-y-acaba-con-la-racha-del-valencia.html\" id=\"comments_login_link\" data-link-am=\"https:\/\/elpais.com\/subscriptions\/#\/sign-in?prod=REG&amp;o=COM&amp;prm=login_articulo_comentarios_el-pais-america&amp;backURL=https%3A%2F%2Felpais.com%2Fdeportes%2Ffutbol%2F2026-02-01%2Fel-betis-recupera-la-quinta-plaza-y-acaba-con-la-racha-del-valencia.html\" data-link-mx=\"https:\/\/elpais.com\/subscriptions\/#\/sign-in?prod=REG&amp;o=COM&amp;prm=login_articulo_comentarios_el-pais-mexico&amp;backURL=https%3A%2F%2Felpais.com%2Fdeportes%2Ffutbol%2F2026-02-01%2Fel-betis-recupera-la-quinta-plaza-y-acaba-con-la-racha-del-valencia.html\" data-link-co=\"https:\/\/elpais.com\/subscriptions\/#\/sign-in?prod=REG&amp;o=COM&amp;backURL=https%3A%2F%2Felpais.com%2Fdeportes%2Ffutbol%2F2026-02-01%2Fel-betis-recupera-la-quinta-plaza-y-acaba-con-la-racha-del-valencia.html\" data-link-ar=\"https:\/\/elpais.com\/subscriptions\/#\/sign-in?prod=REG&amp;o=COM&amp;backURL=https%3A%2F%2Felpais.com%2Fdeportes%2Ffutbol%2F2026-02-01%2Fel-betis-recupera-la-quinta-plaza-y-acaba-con-la-racha-del-valencia.html\" data-link-cl=\"https:\/\/elpais.com\/subscriptions\/#\/sign-in?prod=REG&amp;o=COM&amp;backURL=https%3A%2F%2Felpais.com%2Fdeportes%2Ffutbol%2F2026-02-01%2Fel-betis-recupera-la-quinta-plaza-y-acaba-con-la-racha-del-valencia.html\" data-link-us=\"https:\/\/elpais.com\/subscriptions\/#\/sign-in?prod=REG&amp;o=COM&amp;backURL=https%3A%2F%2Felpais.com%2Fdeportes%2Ffutbol%2F2026-02-01%2Fel-betis-recupera-la-quinta-plaza-y-acaba-con-la-racha-del-valencia.html\">Ya tengo una suscripci\u00f3n<\/a><\/div>\n<p>Please enable JavaScript to view the &lt;a href=&#8221;https:\/\/disqus.com\/?ref_noscript&#8221; rel=&#8221;nofollow&#8221;&gt; comments powered by Disqus.&lt;\/a&gt;<\/p><\/div>\n<\/div>\n<\/div>\n<aside class=\"w w-rel\" data-dtm-region=\"articulo_mas-informacion\">\n<h2 class=\"w_t\">M\u00e1s informaci\u00f3n<\/h2>\n<ul class=\"w_b _ls\">\n<li class=\"_g _g-xs w-rel_n\">\n<div class=\" a_m-h c_m--nf\"><span class=\"_db _pr\"><img decoding=\"async\" class=\"_re lazyload a_m-h\" height=\"311\" width=\"414\" src=\"https:\/\/analyse.optim.biz\/wp-content\/uploads\/2026\/02\/2ijtvnlgvjilxh2cemsdbfil6m-2.jpg\" loading=\"lazy\" title=\"2ijtvnlgvjilxh2cemsdbfil6m-2\"><\/span><\/div>\n<div class=\"nt\">\n<h3 class=\"nt_t\"><a href=\"https:\/\/elpais.com\/deportes\/futbol\/2026-01-31\/la-crisis-general-del-atletico-se-agudiza-con-un-empate-a-cero-y-un-mal-partido-ante-el-levante.html#?rel=mas\">La crisis general del Atl\u00e9tico se agudiza con un empate a cero y un mal partido ante el Levante <\/a><\/h3>\n<div class=\"nt_a\"><a href=\"https:\/\/elpais.com\/autor\/ladislao-javier-monino-garcia\/\" title=\"Ver todas las noticias de Ladislao J. Mo\u00f1ino\">Ladislao J. Mo\u00f1ino<\/a><\/div>\n<\/div>\n<\/li>\n<li class=\"_g _g-xs w-rel_n\">\n<div class=\" a_m-h c_m--nf\"><span class=\"_db _pr\"><img decoding=\"async\" class=\"_re lazyload a_m-h\" height=\"311\" width=\"414\" src=\"https:\/\/analyse.optim.biz\/wp-content\/uploads\/2026\/02\/oza2gunnnjkkdm4xm7dalwblqu.jpg\" loading=\"lazy\" title=\"oza2gunnnjkkdm4xm7dalwblqu\"><\/span><\/div>\n<div class=\"nt\">\n<h3 class=\"nt_t\"><a href=\"https:\/\/elpais.com\/deportes\/futbol\/2026-01-29\/la-calidad-de-antony-mete-al-betis-entre-los-ocho-primeros.html#?rel=mas\">La calidad de Antony mete al Betis entre los ocho primeros<\/a><\/h3>\n<div class=\"nt_a\"><a href=\"https:\/\/elpais.com\/autor\/rafael-pineda\/\" title=\"Ver todas las noticias de Rafael Pineda\">Rafael Pineda<\/a> | Sevilla<\/div>\n<\/div>\n<\/li>\n<\/ul>\n<\/aside>\n<section class=\"w w-ae\" data-dtm-region=\"articulo_archivado-en\">\n<h2 class=\"w_t\">Archivado En<\/h2>\n<div class=\"w_b\">\n<ul class=\"w_ul w_ul--mh _df _ls\">\n<li><a href=\"https:\/\/elpais.com\/noticias\/liga-espanola-de-futbol\/#?rel=arch\" rel=\"noopener noreferrer\">LaLiga EA Sports<\/a><\/li>\n<li><a href=\"https:\/\/elpais.com\/noticias\/real-betis\/#?rel=arch\" rel=\"noopener noreferrer\">Real Betis<\/a><\/li>\n<li><a href=\"https:\/\/elpais.com\/noticias\/futbol\/#?rel=arch\" rel=\"noopener noreferrer\">F\u00fatbol<\/a><\/li>\n<li><a href=\"https:\/\/elpais.com\/noticias\/valencia-cf\/#?rel=arch\" rel=\"noopener noreferrer\">Valencia CF<\/a><\/li>\n<li><a href=\"https:\/\/elpais.com\/noticias\/futbolistas\/#?rel=arch\" rel=\"noopener noreferrer\">Futbolistas<\/a><\/li>\n<li><a href=\"https:\/\/elpais.com\/noticias\/entrenadores\/#?rel=arch\" rel=\"noopener noreferrer\">Entrenadores<\/a><\/li>\n<li><a href=\"https:\/\/elpais.com\/noticias\/competiciones\/#?rel=arch\" rel=\"noopener noreferrer\">Competiciones<\/a><\/li>\n<li><a href=\"https:\/\/elpais.com\/noticias\/deportes\/#?rel=arch\" rel=\"noopener noreferrer\">Deportes<\/a><\/li>\n<li><a href=\"https:\/\/elpais.com\/noticias\/manuel-pellegrini\/#?rel=arch\" rel=\"noopener noreferrer\">Manuel Pellegrini<\/a><\/li>\n<li><a href=\"https:\/\/elpais.com\/noticias\/carlos-corberan-vallet\/#?rel=arch\" rel=\"noopener noreferrer\">Carlos Corber\u00e1n<\/a><\/li>\n<li><a href=\"https:\/\/elpais.com\/noticias\/pablo-fornals-malla\/#?rel=arch\" rel=\"noopener noreferrer\">Pablo Fornals<\/a><\/li>\n<li><a href=\"https:\/\/elpais.com\/noticias\/antony-matheus-dos-santos\/#?rel=arch\" rel=\"noopener noreferrer\">Antony<\/a><\/li>\n<li><a href=\"https:\/\/elpais.com\/noticias\/ezequiel-avila\/#?rel=arch\" rel=\"noopener noreferrer\">Ezequiel \u00c1vila<\/a><\/li>\n<li><a href=\"https:\/\/elpais.com\/noticias\/abdessamad-ezzalzouli\/#?rel=arch\" rel=\"noopener noreferrer\">Abde<\/a><\/li>\n<\/ul>\n<\/div>\n<\/section>\n<aside class=\"a_tp _df\">\n<div class=\"a_tp_txt\"><span class=\"a_tp_t\">Se adhiere a los criterios de<\/span><\/p>\n<figure class=\"a_m a_m-h c_m--nf\"><a class=\"a_tp_i _dib\" href=\"https:\/\/elpais.com\/estaticos\/que-es-the-trust-project\/\" target=\"_blank\" rel=\"noopener noreferrer nofollow\"><img decoding=\"async\" alt=\"The Trust Project\" class=\" lazyload a_m-h\" height=\"20\" width=\"117\" src=\"https:\/\/analyse.optim.biz\/wp-content\/uploads\/2026\/02\/the-trust-project-37.svg\" loading=\"lazy\" title=\"the-trust-project-37\"><\/a><\/figure>\n<p><a class=\"a_tp_mi\" href=\"https:\/\/elpais.com\/estaticos\/codigo-etico\/\" target=\"_blank\" rel=\"noopener noreferrer nofollow\">M\u00e1s informaci\u00f3n<\/a><\/div>\n<div class=\"a_tp_si\">Si est\u00e1 interesado en licenciar este contenido, pinche <a class=\"a_tp_si_l\" href=\"https:\/\/profesional.elpais.com\/soluciones-sindicacion\/?utm_medium=interno&amp;utm_source=crosslinking&amp;utm_campaign=sindicacion_ep_pie_articulos\" target=\"_blank\" rel=\"noopener noreferrer nofollow\">aqu\u00ed<\/a><\/div>\n<\/aside>\n<div class=\"a_o _pr\" data-dtm-region=\"articulo_right-rail\">\n<div id=\"elpais_gpt-MPU1\" data-adtype=\"MPU\" class=\"ad ad-mpu\"><span class=\"_dn\">_<\/span><\/div>\n<section class=\"w w-sc b_col\" data-dtm-region=\"articulo_ultimas-noticias\">\n<header class=\"w_h b_col_h\">\n<h3 class=\"w_t\"><a href=\"https:\/\/elpais.com\/ultimas-noticias\/\" rel=\"story-card-ultimas-noticias\">\u00daltimas noticias<\/a><\/h3>\n<\/header>\n<div class=\"w_b\">\n<article class=\"c  c--m-n   \" data-word=\"0\">\n<header class=\"c_h\"><time datetime=\"2026-02-02T04:20:13+01:00\" class=\"c_da\">04:20<\/time><\/p>\n<h2 class=\"c_t \"><a href=\"https:\/\/elpais.com\/america\/2026-02-02\/la-candidata-del-gobierno-arrasa-en-la-eleccion-presidencial-de-costa-rica.html\">Laura Fern\u00e1ndez, candidata del Gobierno, ser\u00e1 la pr\u00f3xima presidenta de Costa Rica tras arrasar en primera vuelta<\/a><\/h2>\n<\/header>\n<\/article>\n<article class=\"c  c--m-n   \" data-word=\"0\">\n<header class=\"c_h\"><time datetime=\"2026-02-02T03:23:22+01:00\" class=\"c_da\">03:23<\/time><\/p>\n<h2 class=\"c_t \"><a href=\"https:\/\/elpais.com\/mexico\/2026-02-02\/mexico-enviara-alimentos-como-ayuda-humanitaria-a-cuba.html\">M\u00e9xico enviar\u00e1 alimentos a Cuba como ayuda humanitaria <\/a><\/h2>\n<\/header>\n<\/article>\n<article class=\"c  c--m-n   \" data-word=\"0\">\n<header class=\"c_h\"><time datetime=\"2026-02-02T02:06:54+01:00\" class=\"c_da\">02:06<\/time><\/p>\n<h2 class=\"c_t \"><a href=\"https:\/\/elpais.com\/us\/2026-02-02\/trump-anuncia-el-cierre-durante-dos-anos-del-kennedy-center-para-su-reconstruccion-completa.html\">Trump anuncia el cierre durante dos a\u00f1os del Kennedy Center para su \u201creconstrucci\u00f3n completa\u201d<\/a><\/h2>\n<\/header>\n<\/article>\n<article class=\"c  c--m-n   \" data-word=\"0\">\n<header class=\"c_h\"><time datetime=\"2026-02-02T00:56:36+01:00\" class=\"c_da\">00:56<\/time><\/p>\n<h2 class=\"c_t \"><a href=\"https:\/\/elpais.com\/america\/2026-02-01\/la-jornada-electoral-de-costa-rica-en-imagenes.html\">La jornada electoral de Costa Rica, en im\u00e1genes<\/a><\/h2>\n<\/header>\n<\/article>\n<\/div>\n<\/section>\n<aside class=\"w w-lmv\" data-dtm-region=\"articulo_lom\">\n<h2 class=\"w_t\"><a href=\"https:\/\/elpais.com\/lo-mas-visto\/\">Lo m\u00e1s visto<\/a><\/h2>\n<div class=\"w_b\">\n<ol class=\"_ls\">\n<li><a href=\"https:\/\/elpais.com\/deportes\/tenis\/2026-02-01\/carlos-alcaraz-novak-djokovic-en-directo-la-final-del-open-de-australia-en-vivo.html#?rel=lom\">As\u00ed te hemos contado la victoria de Carlos Alcaraz en el Open de Australia ante Novak Djokovic<\/a><\/li>\n<li><a href=\"https:\/\/elpais.com\/clima-y-medio-ambiente\/2026-02-01\/deconstruccion-de-la-costa-asi-se-esta-quitando-ya-hormigon-para-dar-mas-espacio-a-las-playas-frente-a-los-temporales.html#?rel=lom\">Deconstrucci\u00f3n de la costa: as\u00ed se est\u00e1 quitando ya hormig\u00f3n para dar m\u00e1s espacio a las playas frente a los temporales<\/a><\/li>\n<li><a href=\"https:\/\/elpais.com\/internacional\/2026-02-01\/cientos-de-mensajes-entre-epstein-y-la-princesa-mette-marit-de-noruega-ponen-a-la-casa-real-en-la-picota-paris-es-bueno-para-el-adulterio.html#?rel=lom\">Cientos de mensajes entre Epstein y la princesa Mette-Marit de Noruega ponen a la casa real en la picota: \u201cPar\u00eds es bueno para el adulterio\u201d<\/a><\/li>\n<li><a href=\"https:\/\/elpais.com\/deportes\/tenis\/2026-01-31\/john-mcenroe-alcaraz-sabe-perfectamente-quien-necesita-a-su-alrededor.html#?rel=lom\">John McEnroe: \u201cAlcaraz sabe perfectamente a qui\u00e9n necesita a su alrededor\u201d<\/a><\/li>\n<li><a href=\"https:\/\/elpais.com\/internacional\/2026-01-31\/unas-200-personas-mueren-sepultadas-tras-el-derrumbe-de-una-mina-de-coltan-en-congo.html#?rel=lom\">Unas 200 personas mueren sepultadas tras el derrumbe de una mina de colt\u00e1n en Congo<\/a><\/li>\n<\/ol>\n<\/div>\n<\/aside>\n<\/div>\n<\/article>\n<article class=\"c  c--m-n   \" data-word=\"0\">\n<header class=\"c_h\"><time datetime=\"2026-02-02T04:20:13+01:00\" class=\"c_da\">04:20<\/time><\/p>\n<h2 class=\"c_t \"><a href=\"https:\/\/elpais.com\/america\/2026-02-02\/la-candidata-del-gobierno-arrasa-en-la-eleccion-presidencial-de-costa-rica.html\">Laura Fern\u00e1ndez, candidata del Gobierno, ser\u00e1 la pr\u00f3xima presidenta de Costa Rica tras arrasar en primera vuelta<\/a><\/h2>\n<\/header>\n<\/article>\n<article class=\"c  c--m-n   \" data-word=\"0\">\n<header class=\"c_h\"><time datetime=\"2026-02-02T03:23:22+01:00\" class=\"c_da\">03:23<\/time><\/p>\n<h2 class=\"c_t \"><a href=\"https:\/\/elpais.com\/mexico\/2026-02-02\/mexico-enviara-alimentos-como-ayuda-humanitaria-a-cuba.html\">M\u00e9xico enviar\u00e1 alimentos a Cuba como ayuda humanitaria <\/a><\/h2>\n<\/header>\n<\/article>\n<article class=\"c  c--m-n   \" data-word=\"0\">\n<header class=\"c_h\"><time datetime=\"2026-02-02T02:06:54+01:00\" class=\"c_da\">02:06<\/time><\/p>\n<h2 class=\"c_t \"><a href=\"https:\/\/elpais.com\/us\/2026-02-02\/trump-anuncia-el-cierre-durante-dos-anos-del-kennedy-center-para-su-reconstruccion-completa.html\">Trump anuncia el cierre durante dos a\u00f1os del Kennedy Center para su \u201creconstrucci\u00f3n completa\u201d<\/a><\/h2>\n<\/header>\n<\/article>\n<article class=\"c  c--m-n   \" data-word=\"0\">\n<header class=\"c_h\"><time datetime=\"2026-02-02T00:56:36+01:00\" class=\"c_da\">00:56<\/time><\/p>\n<h2 class=\"c_t \"><a href=\"https:\/\/elpais.com\/america\/2026-02-01\/la-jornada-electoral-de-costa-rica-en-imagenes.html\">La jornada electoral de Costa Rica, en im\u00e1genes<\/a><\/h2>\n<\/header>\n<\/article>\n<p> Source URL: https:\/\/elpais.com\/deportes\/futbol\/2026-02-01\/el-betis-recupera-la-quinta-plaza-y-acaba-con-la-racha-del-valencia.html<\/p>\n","protected":false},"excerpt":{"rendered":"<p>BetisBET 2 Chimy \u00c1vila 22&#8242; (p),Fornals 87&#8242; ValenciaVAL 1 Luis Rioja 19&#8242; Finalizado DIRECTO ALINEACIONES ESTAD\u00cdSTICAS CR\u00d3NICA La Liga El Betis recupera la quinta plaza y acaba con la racha del Valencia Un gol de Fornals en el minuto 88 le da el triunfo al conjunto andaluz, que supo aprovechar su momento y fue sostenido [&hellip;]<\/p>\n","protected":false},"author":1,"featured_media":1706612,"comment_status":"open","ping_status":"","sticky":false,"template":"","format":"standard","meta":{"footnotes":""},"categories":[88],"tags":[226,92],"class_list":["post-1706611","post","type-post","status-publish","format-standard","has-post-thumbnail","hentry","category-spain","tag-crawlmanager","tag-elpais-com"],"_links":{"self":[{"href":"https:\/\/analyse.optim.biz\/index.php?rest_route=\/wp\/v2\/posts\/1706611","targetHints":{"allow":["GET"]}}],"collection":[{"href":"https:\/\/analyse.optim.biz\/index.php?rest_route=\/wp\/v2\/posts"}],"about":[{"href":"https:\/\/analyse.optim.biz\/index.php?rest_route=\/wp\/v2\/types\/post"}],"author":[{"embeddable":true,"href":"https:\/\/analyse.optim.biz\/index.php?rest_route=\/wp\/v2\/users\/1"}],"replies":[{"embeddable":true,"href":"https:\/\/analyse.optim.biz\/index.php?rest_route=%2Fwp%2Fv2%2Fcomments&post=1706611"}],"version-history":[{"count":0,"href":"https:\/\/analyse.optim.biz\/index.php?rest_route=\/wp\/v2\/posts\/1706611\/revisions"}],"wp:featuredmedia":[{"embeddable":true,"href":"https:\/\/analyse.optim.biz\/index.php?rest_route=\/wp\/v2\/media\/1706612"}],"wp:attachment":[{"href":"https:\/\/analyse.optim.biz\/index.php?rest_route=%2Fwp%2Fv2%2Fmedia&parent=1706611"}],"wp:term":[{"taxonomy":"category","embeddable":true,"href":"https:\/\/analyse.optim.biz\/index.php?rest_route=%2Fwp%2Fv2%2Fcategories&post=1706611"},{"taxonomy":"post_tag","embeddable":true,"href":"https:\/\/analyse.optim.biz\/index.php?rest_route=%2Fwp%2Fv2%2Ftags&post=1706611"}],"curies":[{"name":"wp","href":"https:\/\/api.w.org\/{rel}","templated":true}]}}