{"id":1706564,"date":"2026-02-01T16:53:50","date_gmt":"2026-02-01T13:53:50","guid":{"rendered":"https:\/\/analyse.optim.biz\/?p=1706564"},"modified":"2026-02-01T16:53:50","modified_gmt":"2026-02-01T13:53:50","slug":"mathieu-van-der-poel-consigue-su-octavo-mundial-de-ciclocross-y-supera-los-siete-titulos-del-historico-eric-de-vlaeminck","status":"publish","type":"post","link":"https:\/\/analyse.optim.biz\/?p=1706564","title":{"rendered":"Mathieu van der Poel consigue su octavo mundial de ciclocross y supera los siete t\u00edtulos del hist\u00f3rico Eric de Vlaeminck"},"content":{"rendered":"<article id=\"main-content\" class=\"a _g _g-lg _g-o\">\n<header class=\"a_e _g _g-xs\">\n<div class=\"a_e_txt _df\">\n<div class=\"a_k _df\"><a class=\"a_k_n\" href=\"https:\/\/elpais.com\/noticias\/ciclocross\/\">Ciclocross<\/a><\/div>\n<h1 class=\"a_t\">Mathieu van der Poel consigue su octavo mundial de ciclocross y supera los siete t\u00edtulos del hist\u00f3rico Eric de Vlaeminck<\/h1>\n<p class=\"a_st\">El fenomenal neerland\u00e9s se convierte en el ciclista con m\u00e1s arco\u00edris sobre el barro con una faena de pura rutina<\/p>\n<\/div>\n<div class=\"a_e_m\">\n<figure class=\"a_m a_m-h \"><span class=\"a_m_w _db\"><img fetchpriority=\"high\" decoding=\"async\" alt=\"Mathieu Van der Poel\" class=\"_re  a_m-h\" height=\"299\" width=\"414\" src=\"https:\/\/analyse.optim.biz\/wp-content\/uploads\/2026\/02\/s63phzjmxnfobmka2akgjds2he-1.jpg\" loading=\"eager\" title=\"s63phzjmxnfobmka2akgjds2he-1\"><\/span><figcaption class=\"a_m_p\" aria-hidden=\"true\"><span>Van der Poel celebra la victoria que le otorga su octavo arco\u00edris.<\/span><span class=\"a_m_m\">Luc Claessen (Getty Images)<\/span><\/figcaption><\/figure>\n<\/div>\n<\/header>\n<div class=\"a_md _g _g-xs \">\n<figure class=\"a_md_i a_m-h c_m--nf\"><span class=\"a_m_w _db\"><img decoding=\"async\" alt=\"Carlos Arribas\" class=\"_re lazyload a_m-h\" height=\"100\" width=\"100\" src=\"https:\/\/analyse.optim.biz\/wp-content\/uploads\/2026\/02\/https3a2f2fs3-amazonaws-com2farc-authors2fprisa2fe3f9d365-91a0-4554-a5c4-70f3bf1ea029.jpg\" loading=\"lazy\" title=\"https3a2f2fs3-amazonaws-com2farc-authors2fprisa2fe3f9d365-91a0-4554-a5c4-70f3bf1ea029\"><\/span><\/figure>\n<div class=\"a_md_txt\">\n<div class=\"a_md_a\" data-dtm-region=\"articulo_firma\"><a href=\"https:\/\/elpais.com\/autor\/carlos-arribas\/#?rel=author_top\" title=\"Ver todas las noticias de Carlos Arribas\" class=\"a_md_a_n\">Carlos Arribas<\/a><\/div>\n<div class=\"a_md_f\"><span>Madrid &#8211; <a href=\"https:\/\/elpais.com\/hemeroteca\/2026-02-01\/\" data-date=\"2026-02-01T17:53:50+01:00\"><time data-date=\"2026-02-01T17:53:50+01:00\" datetime=\"2026-02-01T17:53:50+01:00\" id=\"article_date_p\">01 feb 2026 &#8211; 17:53<abbr title=\"Central European Time\">CET<\/abbr><\/time><\/a><\/span><\/div>\n<div class=\"w_rs\" data-dtm-region=\"articulo_botonera-social\">\n<div class=\"w_rs_i\"><a class=\"_btn hidden\" href=\"\/\/send?text=Mathieu%20van%20der%20Poel%20consigue%20su%20octavo%20mundial%20de%20ciclocross%20y%20supera%20los%20siete%20t%C3%ADtulos%20del%20hist%C3%B3rico%20Eric%20de%20Vlaeminck%0D%0A%0D%0Ahttps%3A%2F%2Felpais.com%2Fdeportes%2Fciclismo%2F2026-02-01%2Fmathieu-van-der-poel-consigue-su-octavo-mundial-de-ciclocross-y-supera-los-siete-titulos-del-historico-eric-de-vlaeminck.html%3Fssm=whatsapp_CC\" data-action=\"share\/whatsapp\/share\" data-param-description=\"Mathieu van der Poel consigue su octavo mundial de ciclocross y supera los siete t\u00edtulos del hist\u00f3rico Eric de Vlaeminck\" data-param-href=\"https:\/\/elpais.com\/deportes\/ciclismo\/2026-02-01\/mathieu-van-der-poel-consigue-su-octavo-mundial-de-ciclocross-y-supera-los-siete-titulos-del-historico-eric-de-vlaeminck.html\" data-param-text=\"Mathieu van der Poel consigue su octavo mundial de ciclocross y supera los siete t\u00edtulos del hist\u00f3rico Eric de Vlaeminck https:\/\/elpais.com\/deportes\/ciclismo\/2026-02-01\/mathieu-van-der-poel-consigue-su-octavo-mundial-de-ciclocross-y-supera-los-siete-titulos-del-historico-eric-de-vlaeminck.html\" data-param-url=\"https:\/\/elpais.com\/deportes\/ciclismo\/2026-02-01\/mathieu-van-der-poel-consigue-su-octavo-mundial-de-ciclocross-y-supera-los-siete-titulos-del-historico-eric-de-vlaeminck.html\" target=\"_blank\" rel=\"noopener noreferrer\" data-share-track-dtm=\"whatsapp\" id=\"btn_share_whatsapp_115\"><span class=\"_sr\">Compartir en Whatsapp<\/span><\/a><\/div>\n<div class=\"w_rs_i\"><a class=\"_btn \" href=\"https:\/\/www.facebook.com\/dialog\/share?display=popup&amp;app_id=94039431626&amp;href=https%3A%2F%2Felpais.com%2Fdeportes%2Fciclismo%2F2026-02-01%2Fmathieu-van-der-poel-consigue-su-octavo-mundial-de-ciclocross-y-supera-los-siete-titulos-del-historico-eric-de-vlaeminck.html%3Fssm=FB_CC&amp;quote=Mathieu%20van%20der%20Poel%20consigue%20su%20octavo%20mundial%20de%20ciclocross%20y%20supera%20los%20siete%20t%C3%ADtulos%20del%20hist%C3%B3rico%20Eric%20de%20Vlaeminck\" data-param-app_id=\"94039431626\" data-param-description=\"Mathieu van der Poel consigue su octavo mundial de ciclocross y supera los siete t\u00edtulos del hist\u00f3rico Eric de Vlaeminck\" data-param-href=\"https:\/\/elpais.com\/deportes\/ciclismo\/2026-02-01\/mathieu-van-der-poel-consigue-su-octavo-mundial-de-ciclocross-y-supera-los-siete-titulos-del-historico-eric-de-vlaeminck.html\" data-param-text=\"Mathieu van der Poel consigue su octavo mundial de ciclocross y supera los siete t\u00edtulos del hist\u00f3rico Eric de Vlaeminck\" data-param-url=\"https:\/\/elpais.com\/deportes\/ciclismo\/2026-02-01\/mathieu-van-der-poel-consigue-su-octavo-mundial-de-ciclocross-y-supera-los-siete-titulos-del-historico-eric-de-vlaeminck.html\" target=\"_blank\" rel=\"noopener noreferrer\" data-share-track-dtm=\"facebook\" id=\"btn_share_facebook_115\"><span class=\"_sr\">Compartir en Facebook<\/span><\/a><\/div>\n<div class=\"w_rs_i\"><a class=\"_btn \" href=\"https:\/\/twitter.com\/intent\/tweet?url=https%3A%2F%2Felpais.com%2Fdeportes%2Fciclismo%2F2026-02-01%2Fmathieu-van-der-poel-consigue-su-octavo-mundial-de-ciclocross-y-supera-los-siete-titulos-del-historico-eric-de-vlaeminck.html%3Fssm=TW_CC&amp;text=Mathieu%20van%20der%20Poel%20consigue%20su%20octavo%20mundial%20de%20ciclocross%20y%20supera%20los%20siete%20t%C3%ADtulos%20del%20hist%C3%B3rico%20Eric%20de%20Vlaeminck&amp;via=el_pais&amp;lang=es\" data-param-description=\"Mathieu van der Poel consigue su octavo mundial de ciclocross y supera los siete t\u00edtulos del hist\u00f3rico Eric de Vlaeminck\" data-param-href=\"https:\/\/elpais.com\/deportes\/ciclismo\/2026-02-01\/mathieu-van-der-poel-consigue-su-octavo-mundial-de-ciclocross-y-supera-los-siete-titulos-del-historico-eric-de-vlaeminck.html\" data-param-text=\"Mathieu van der Poel consigue su octavo mundial de ciclocross y supera los siete t\u00edtulos del hist\u00f3rico Eric de Vlaeminck via @el_pais\" data-param-url=\"https:\/\/elpais.com\/deportes\/ciclismo\/2026-02-01\/mathieu-van-der-poel-consigue-su-octavo-mundial-de-ciclocross-y-supera-los-siete-titulos-del-historico-eric-de-vlaeminck.html\" target=\"_blank\" rel=\"noopener noreferrer\" data-share-track-dtm=\"twitter\" id=\"btn_share_twitter_115\"><span class=\"_sr\">Compartir en Twitter<\/span><\/a><\/div>\n<div class=\"w_rs_i\"><a class=\"_btn \" href=\"https:\/\/bsky.app\/intent\/compose?text=https%3A%2F%2Felpais.com%2Fdeportes%2Fciclismo%2F2026-02-01%2Fmathieu-van-der-poel-consigue-su-octavo-mundial-de-ciclocross-y-supera-los-siete-titulos-del-historico-eric-de-vlaeminck.html%3Fssm=bsky_CC\" data-param-description=\"Mathieu van der Poel consigue su octavo mundial de ciclocross y supera los siete t\u00edtulos del hist\u00f3rico Eric de Vlaeminck\" data-param-href=\"https:\/\/elpais.com\/deportes\/ciclismo\/2026-02-01\/mathieu-van-der-poel-consigue-su-octavo-mundial-de-ciclocross-y-supera-los-siete-titulos-del-historico-eric-de-vlaeminck.html\" data-param-text=\"Mathieu van der Poel consigue su octavo mundial de ciclocross y supera los siete t\u00edtulos del hist\u00f3rico Eric de Vlaeminck\" data-param-url=\"https:\/\/elpais.com\/deportes\/ciclismo\/2026-02-01\/mathieu-van-der-poel-consigue-su-octavo-mundial-de-ciclocross-y-supera-los-siete-titulos-del-historico-eric-de-vlaeminck.html\" target=\"_blank\" rel=\"noopener noreferrer\" data-share-track-dtm=\"bluesky\" id=\"btn_share_bluesky_115\"><span class=\"_sr\">Compartir en Bluesky<\/span><\/a><\/div>\n<div class=\"w_rs_i\"><a class=\"_btn \" href=\"https:\/\/www.linkedin.com\/sharing\/share-offsite\/?url=https%3A%2F%2Felpais.com%2Fdeportes%2Fciclismo%2F2026-02-01%2Fmathieu-van-der-poel-consigue-su-octavo-mundial-de-ciclocross-y-supera-los-siete-titulos-del-historico-eric-de-vlaeminck.html%3Fssm=LK_CC\" data-param-description=\"Mathieu van der Poel consigue su octavo mundial de ciclocross y supera los siete t\u00edtulos del hist\u00f3rico Eric de Vlaeminck\" data-param-href=\"https:\/\/elpais.com\/deportes\/ciclismo\/2026-02-01\/mathieu-van-der-poel-consigue-su-octavo-mundial-de-ciclocross-y-supera-los-siete-titulos-del-historico-eric-de-vlaeminck.html\" data-param-text=\"Mathieu van der Poel consigue su octavo mundial de ciclocross y supera los siete t\u00edtulos del hist\u00f3rico Eric de Vlaeminck\" data-param-url=\"https:\/\/elpais.com\/deportes\/ciclismo\/2026-02-01\/mathieu-van-der-poel-consigue-su-octavo-mundial-de-ciclocross-y-supera-los-siete-titulos-del-historico-eric-de-vlaeminck.html\" target=\"_blank\" rel=\"noopener noreferrer\" data-share-track-dtm=\"linkedin\" id=\"btn_share_linkedin_115\"><span class=\"_sr\">Compartir en Linkedin<\/span><\/a><\/div>\n<div class=\"w_rs_i\"><a class=\"_btn rs_l\" href=\"https:\/\/elpais.com\/deportes\/ciclismo\/2026-02-01\/mathieu-van-der-poel-consigue-su-octavo-mundial-de-ciclocross-y-supera-los-siete-titulos-del-historico-eric-de-vlaeminck.html#?prm=copy_link\" data-share-track-dtm=\"copiar_url\" id=\"btn_share_link_34\"><span class=\"_sr\">Copiar enlace<\/span><\/a><\/div>\n<div class=\"w_rs_i\"><a class=\"_btn rs_c\" href=\"https:\/\/elpais.com\/deportes\/ciclismo\/2026-02-01\/mathieu-van-der-poel-consigue-su-octavo-mundial-de-ciclocross-y-supera-los-siete-titulos-del-historico-eric-de-vlaeminck.html#comments_container\" aria-expanded=\"false\" aria-controls=\"me-c\" data-share-track-dtm=\"eskup\" id=\"btn_share_comments_34\"><span class=\"_sr\">Ir a los comentarios<\/span><\/a><\/div>\n<\/div>\n<\/div>\n<\/div>\n<div class=\"a_c clearfix\" data-dtm-region=\"articulo_cuerpo\">\n<p class>Como el camarero del karaoke que despu\u00e9s de 25 a\u00f1os poniendo copas de madrugada tiene los o\u00eddos anestesiados a chillidos, gallos y chirridos, y ni siquiera pude disfrutar de las maravillas repentinas, tan ajeno est\u00e1 ya a la m\u00fasica, sordo al horror y a la belleza, indiferente, as\u00ed, quiz\u00e1s, los aficionados al ciclismo, tantos a\u00f1os malacostumbrados a los conciertos de los divos, tan magn\u00edficos y superiores siempre, que ya muchas veces solo despiertan aplausos aburridos y repetitivos. Sin emoci\u00f3n. Sin misterio. <a href=\"https:\/\/elpais.com\/deportes\/ciclismo\/2025-12-27\/remco-evenepoel-solo-quiero-intentar-volver-a-ser-el-mejor-y-trabajare-para-ello.html\" target=\"_self\" rel title=\"https:\/\/elpais.com\/deportes\/ciclismo\/2025-12-27\/remco-evenepoel-solo-quiero-intentar-volver-a-ser-el-mejor-y-trabajare-para-ello.html\">Cuando Remco Evenepoel, <\/a>en cualquier carrera, o <a href=\"https:\/\/elpais.com\/deportes\/ciclismo\/2025-12-13\/tadej-pogacar-vale-mas-la-primera-paris-roubaix-que-el-quinto-tour-de-francia.html\" target=\"_self\" rel title=\"https:\/\/elpais.com\/deportes\/ciclismo\/2025-12-13\/tadej-pogacar-vale-mas-la-primera-paris-roubaix-que-el-quinto-tour-de-francia.html\">Tadej Pogacar,<\/a> arrancan lejanos, el ataque m\u00e1s deseado por los aficionados hartos de tacticismos y miedos, la emoci\u00f3n que despiertan luce un segundo. Despu\u00e9s, ellos mismos la asesinan. En ese momento, a 100, a 50, a 30 kil\u00f3metros de la meta ya se sabe qu\u00e9 pasar\u00e1, y en el barro de Hulst y sus taludes, ciudad del sur de Holanda m\u00e1s cercana a la Amberes flamenca que a cualquier otra gran ciudad de los Pa\u00edses Bajos, sobre el tapiz de hojas rojas, desnudas las ramas de los \u00e1rboles, en un circuito dibujado laber\u00edntico en un parque hermoso con un laguito, <a href=\"https:\/\/elpais.com\/deportes\/ciclismo\/2024-01-21\/van-der-poel-dios-del-ciclocross-y-de-la-belleza-en-bicicleta-actua-en-benidorm.html\" target=\"_self\" rel title=\"https:\/\/elpais.com\/deportes\/ciclismo\/2024-01-21\/van-der-poel-dios-del-ciclocross-y-de-la-belleza-en-bicicleta-actua-en-benidorm.html\">cuando Mathieu van der Poel, <\/a>mediada la primera de las ocho vueltas de la carrera ya va primero, el \u00a1hala!, \u00a1qu\u00e9 b\u00e1rbaro!, se convierte r\u00e1pido en un \u00a1ufff!, no se caer\u00e1 o pinchar\u00e1 al menos para que el Mundial encuentre algo de suspense. No, no se cae. Por delante, una hora de exhibici\u00f3n de velocidad y prudencia. Buen cuidado tiene en no forzar ni su m\u00e1quina ni su bicicleta, hermoso, armonioso con el cuadro su cuerpo, lejos de \u00e9l la violencia de los esfuerzos exagerados, un centauro con manos como garras para agarrarse a las manetas del manillar y elevarse a veces sobre el barro, y hasta volar, y todo fluye. El resto fue c\u00e1lculo. Y sus calcetines blancos, sus botines blancos, de ni\u00f1o de primera comuni\u00f3n, terminan impolutos. <\/p>\n<div id=\"sum_twitter\" data-oembed-type=\"twitter\" class=\"a_em _df\">\n<blockquote class=\"twitter-tweet\" data-width=\"500\" data-dnt=\"true\">\n<p lang=\"es\" dir=\"ltr\">\ud83c\udd99 Para superar a Eric de Vlaeminck.<br \/>\ud83c\udfb1 Para sumar su octavo t\u00edtulo mundial.<br \/>\ud83d\udc10 EL MEJOR CICLOCROSSISTA DE LA HISTORIA.<\/p>\n<p>\ud83c\udf08 Mathieu van der Poel, gloria infinita en <a href=\"https:\/\/twitter.com\/hashtag\/Hulst2026?src=hash&amp;ref_src=twsrc%5Etfw\">#Hulst2026<\/a>.<br \/>\ud83c\uddea\ud83c\uddf8 <a href=\"https:\/\/twitter.com\/felipeorts15?ref_src=twsrc%5Etfw\">@felipeorts15<\/a>, s\u00e9ptimo.<\/p>\n<p>\ud83d\udcfa Lo viviste en Eurosport y <a href=\"https:\/\/twitter.com\/StreamMaxES?ref_src=twsrc%5Etfw\">@StreamMaxES<\/a>. <a href=\"https:\/\/t.co\/vC6BFphoN1\">pic.twitter.com\/vC6BFphoN1<\/a><\/p>\n<p>&mdash; Eurosport.es (@Eurosport_ES) <a href=\"https:\/\/twitter.com\/Eurosport_ES\/status\/2017979765840281919?ref_src=twsrc%5Etfw\">February 1, 2026<\/a><\/p><\/blockquote>\n<p><script async src=\"https:\/\/platform.twitter.com\/widgets.js\" charset=\"utf-8\"><\/script><\/p>\n<\/div>\n<p class>\u201cCreo que quiz\u00e1 el fin de semana pasado me sent\u00ed un poco m\u00e1s fuerte, pero este circuito era completamente diferente e intent\u00e9 gestionar la bicicleta, los neum\u00e1ticos, todo, lo mejor posible para asegurarme de que la mec\u00e1nica no arruinara la fiesta\u201d, dice para resumir la carrera con la que gan\u00f3 su octavo Mundial elite, el que m\u00e1s ha ganado en la historia, uno m\u00e1s que el mito de todos los mitos, el belga Eric de Vlaeminck, al que tanto talento y exageraci\u00f3n condujo a la locura. Todo lo contrario que el gestor Van der Poel, de 31 a\u00f1os, que gana reserv\u00e1ndose, evitando arriesgar, sorteando las ca\u00eddas, los patinazos en el barro, ahorrando energ\u00eda para trepar por taludes verticales y largas escalinatas m\u00e1s r\u00e1pido que ninguno, y ni siquiera salta con la bici los dos tablones de mitad del camino. \u201cHice lo que ten\u00eda que hacer y estoy muy contento de que todo saliera bien\u201d.<\/p>\n<p class>Desde que hace 11 a\u00f1os ganara su primera prueba de Copa del Mundo (y lleva ya 51 victorias, m\u00e1s que ninguno en la historia, una m\u00e1s que Sven Nys, el otro dios de los belgas, y padre de Thibau) y su primer Mundial absoluto, a los 20 a\u00f1os, a ninguno de los rivales del nieto m\u00e1s talentoso de Raymond Poulidor, empezando por su hermano mayor, David, continuando con el belga Wout van Aert, ausente en Hulst por lesi\u00f3n el \u00fanico que puede proclamar que le ha derrotado de vez en cuando, y le gan\u00f3 tres Mundiales seguidos, el \u00faltimo hace ocho a\u00f1os, le parece una derrota terminar segundo en las carreras en las que corra el astro neerland\u00e9s. Y la pelea por ser segundo, repetida 12 veces esta temporada en la Copa del Mundo, las 12 que corri\u00f3 y gan\u00f3 Van der Poel, siempre es lo \u00fanico emocionante. Es un duelo que a lo largo de los meses han librado repetidamente dos jovencitos, el belga Thibau Nys, de 23 a\u00f1os, una pulga de dinamita y determinaci\u00f3n, y el neerland\u00e9s Tibor del Grosso, de 22, un tallo de 1,90m, la altura de Van der Poel sin sus hombros ni deltoides, que ha sido ya dos veces campe\u00f3n del mundo sub 23. Ya por delante del resto, tras Van der Poel, desde la primera curva, ambos arriesgan, patinan, caen, sufren. Del Grosso (plata) le puede a Nys (bronce), y los de atr\u00e1s pelean por ser cuartos, y un espa\u00f1ol en la marea naranja y azul de belgas y holand\u00e9s, y un italiano. Se trata de Felip Orts, alicantino de La Vila-Joiosa, que sale mal, remonta, llega a ser cuarto y termina s\u00e9ptimo, no tan lejos, a un minuto de Van der Poel, como para no o\u00edr los aplausos de sus compatriotas a un \u00eddolo que celebra su victoria como Cristiano Ronaldo los goles. <\/p>\n<p class>De pie sobre los pedales, levantando los brazos, agarr\u00e1ndose las manos y baj\u00e1ndolos fuerte, aqu\u00ed estoy yo. \u201cLo ten\u00eda muy ensayado\u201d, dice Van der Poel, que se compr\u00f3 una casa en Cumbres del Sol, en Moraira (Alicante), donde entrena en invierno y juega al golf, y se entrena este a\u00f1o m\u00e1s que nunca no solo pensando en el ciclocross, sino, sobre todo, en Pogacar y en el Tour de Flandes, en c\u00f3mo conseguir que el esloveno no le vuelva a dejar esta primavera clavado <a href=\"https:\/\/elpais.com\/deportes\/ciclismo\/2025-03-28\/mensaje-de-van-der-poel-a-pogacar-te-espero-el-domingo-seis-en-el-viejo-kwaremont.html\" target=\"_self\" rel title=\"https:\/\/elpais.com\/deportes\/ciclismo\/2025-03-28\/mensaje-de-van-der-poel-a-pogacar-te-espero-el-domingo-seis-en-el-viejo-kwaremont.html\">en el muro del Viejo Kwaremont. <\/a>\u201cEn Espa\u00f1a, cuando entrenando llegamos a los pueblos, nos echamos sprints entre los del equipo e inventamos muchas celebraciones diferentes. El saludo de Ronaldo es uno de los m\u00e1s utilizados, as\u00ed que pens\u00e9 que era el momento adecuado para imitarlo\u201d. <\/p>\n<p class>La rutina de sus victorias no le aburre a Van der Poel \u2014\u201cs\u00ed, es muy especial\u201d, dice, sonrisa de oreja a oreja\u2014. \u201cCuando empec\u00e9 en el ciclismo, mi sue\u00f1o era convertirme alg\u00fan d\u00eda en campe\u00f3n del mundo en la categor\u00eda \u00e9lite. Y tener ahora el mayor n\u00famero de t\u00edtulos de todos los tiempos es incre\u00edble\u201d\u2014ni tampoco a los j\u00f3venes que le veneran, <a href=\"https:\/\/elpais.com\/deportes\/ciclismo\/2025-01-20\/llega-con-los-mejores-benjamin-noval-el-ultimisimo-crack-del-ciclismo-espanol.html\" target=\"_self\" rel title=\"https:\/\/elpais.com\/deportes\/ciclismo\/2025-01-20\/llega-con-los-mejores-benjamin-noval-el-ultimisimo-crack-del-ciclismo-espanol.html\">como al asturiano Benjam\u00edn Noval, de 17 a\u00f1os, <\/a>energ\u00eda, clase y determinaci\u00f3n, que quiere seguir su camino en el barro, en el asfalto y en el pav\u00e9s, y tres horas antes, en la prueba j\u00fanior, sale fatal, se ve taponado, pasa el 25\u00aa la primera vuelta, remonta y termina cuarto. <\/p>\n<\/div>\n<div id=\"me-dis\" class=\"me _pf\">\n<div class=\"me_bg\">\n<div class=\"me-dis _pa _df\">\n<div class=\"me-dis_c\">\n<h2 class=\"me-dis_t\">Tu suscripci\u00f3n se est\u00e1 usando en otro dispositivo<\/h2>\n<p>\u00bfQuieres a\u00f1adir otro usuario a tu suscripci\u00f3n?<\/p>\n<div class=\"me-dis_l\"><a href=\"https:\/\/elpais.com\/suscripciones\/premium\/upgrade\/?utm_source=autopromo&amp;utm_medium=interno&amp;utm_campaign=YYYY_MM_capping_upgrade\" id=\"capping-upgrade\" class=\"btn\">A\u00f1adir usuario<\/a><a href=\"https:\/\/elpais.com\/deportes\/ciclismo\/2026-02-01\/mathieu-van-der-poel-consigue-su-octavo-mundial-de-ciclocross-y-supera-los-siete-titulos-del-historico-eric-de-vlaeminck.html\" id=\"capping-continue\" class=\"btn btn-b\">Continuar leyendo aqu\u00ed<\/a><\/div>\n<p>Si contin\u00faas leyendo en este dispositivo, no se podr\u00e1 leer en el otro.<\/p>\n<p class=\"lk\"><a href=\"https:\/\/elpais.com\/deportes\/ciclismo\/2026-02-01\/mathieu-van-der-poel-consigue-su-octavo-mundial-de-ciclocross-y-supera-los-siete-titulos-del-historico-eric-de-vlaeminck.html\" id=\"capping-show-more-button\">\u00bfPor qu\u00e9 est\u00e1s viendo esto?<\/a><\/p>\n<p><span class=\"arrow\" id=\"capping-arrow\">Flecha<\/span><\/p>\n<div class=\"me-dis_d\">\n<div class=\"me-dis_d_t\">\n<h2 class=\"enc\">Tu suscripci\u00f3n se est\u00e1 usando en otro dispositivo y solo puedes acceder a EL PA\u00cdS desde un dispositivo a la vez.<\/h2>\n<div class=\"tx\">\n<p>Si quieres compartir tu cuenta, cambia tu suscripci\u00f3n a la modalidad Premium, as\u00ed podr\u00e1s a\u00f1adir otro usuario. Cada uno acceder\u00e1 con su propia cuenta de email, lo que os permitir\u00e1 personalizar vuestra experiencia en EL PA\u00cdS.<\/p>\n<p>\u00bfTienes una suscripci\u00f3n de empresa? Accede <a target=\"_blank\" rel=\"noreferrer\" href=\"https:\/\/elpais.com\/suscripciones\/premium\/upgrade\/\">aqu\u00ed<\/a> para contratar m\u00e1s cuentas.<\/p>\n<p>En el caso de no saber qui\u00e9n est\u00e1 usando tu cuenta, te recomendamos cambiar tu contrase\u00f1a <a target=\"_blank\" rel=\"noreferrer\" href=\"https:\/\/elpais.com\/subscriptions\/#\/forgot-password\">aqu\u00ed.<\/a><\/p>\n<p>Si decides continuar compartiendo tu cuenta, este mensaje se mostrar\u00e1 en tu dispositivo y en el de la otra persona que est\u00e1 usando tu cuenta de forma indefinida, afectando a tu experiencia de lectura. Puedes <a target=\"_blank\" rel=\"noreferrer\" href=\"https:\/\/elpais.com\/suscripciones\/condiciones-generales-servicios\/\">consultar aqu\u00ed los t\u00e9rminos y condiciones de la suscripci\u00f3n digital.<\/a><\/p>\n<\/div>\n<\/div>\n<\/div>\n<\/div>\n<\/div>\n<\/div>\n<\/div>\n<aside class=\"w w-sea\">\n<h2 class=\"w_t\">Sobre la firma<\/h2>\n<div class=\"w_b\">\n<div class=\"_g _g-xs\">\n<figure class=\"w-sea_f a_m-h c_m--nf\"><span class=\"a_m_w _db\"><img decoding=\"async\" alt=\"Carlos Arribas\" class=\"_re lazyload a_m-h\" height=\"100\" width=\"100\" src=\"https:\/\/analyse.optim.biz\/wp-content\/uploads\/2026\/02\/https3a2f2fs3-amazonaws-com2farc-authors2fprisa2fe3f9d365-91a0-4554-a5c4-70f3bf1ea029.jpg\" loading=\"lazy\" title=\"https3a2f2fs3-amazonaws-com2farc-authors2fprisa2fe3f9d365-91a0-4554-a5c4-70f3bf1ea029\"><\/span><\/figure>\n<div class=\"w-sea_txt\">\n<div class=\"_df\">\n<div class=\"w-sea_txt_na\"><a href=\"https:\/\/elpais.com\/autor\/carlos-arribas\/\" rel=\"autor_bottom\">Carlos Arribas<\/a><\/div>\n<div class=\"w_rs_i\"><a class=\"_btn \" href=\"https:\/\/twitter.com\/carlosarribas\" target=\"_blank\" rel=\"noopener noreferrer\"><span class=\"_sr\">Carlos Arribas &#8211; twitter<\/span><\/a><\/div>\n<\/div>\n<div class=\"w-sea_txt_da _dn\">Periodista de EL PA\u00cdS desde 1990. Cubre regularmente los Juegos Ol\u00edmpicos, las principales competiciones de ciclismo y atletismo y las noticias de dopaje.<\/div>\n<\/div>\n<\/div>\n<\/div>\n<\/aside>\n<aside class=\"w w-fid\">\n<div class=\"w_b\">\n<div class=\"w-fid_t\"><a href=\"https:\/\/plus.elpais.com\/newsletters\/lnp\/1\/349\">Recibe el bolet\u00edn de Deportes<\/a><\/div>\n<div class=\"w-fid_s\">\n<div class=\"w_rs\">\n<div class=\"w_rs_i\"><a class=\"_btn\" href=\"https:\/\/www.facebook.com\/elpais\" rel=\"nofollow\"><span class=\"_sr\">Deportes El Pa\u00eds en Facebook<\/span><\/a><\/div>\n<div class=\"w_rs_i\"><a class=\"_btn\" href=\"https:\/\/www.instagram.com\/el_pais\/\" rel=\"nofollow\"><span class=\"_sr\">Deportes El Pa\u00eds en Instagram<\/span><\/a><\/div>\n<div class=\"w_rs_i\"><a class=\"_btn\" href=\"https:\/\/twitter.com\/elpais_deportes\" rel=\"nofollow\"><span class=\"_sr\">Deportes El Pa\u00eds en Twitter<\/span><\/a><\/div>\n<\/div>\n<\/div>\n<\/div>\n<\/aside>\n<aside class=\"a_com w w-com _df\"><a class=\"a_com_l\" href=\"https:\/\/elpais.com\/info\/normas-de-participacion\/\">Normas \u203a<\/a><\/aside>\n<div class=\"me _pf\" id=\"me-c\">\n<div class=\"me_bg\">\n<div class=\"me-c _pa\" id=\"comments_container\" data-dtm-region=\"articulo_comentarios\">\n<div class=\"me_f me_f-os me_cc\"><a href=\"https:\/\/plus.elpais.com\/perfil\/actividad\/\">Mis comentarios<\/a><a href=\"https:\/\/elpais.com\/info\/normas-de-participacion\/\">Normas<\/a><\/div>\n<div class=\"me_f me_f-ns\"><span class=\"me_f_txt _db\">Rellena tu <b>nombre y apellido<\/b> para comentar<\/span><a href=\"https:\/\/plus.elpais.com\/autorization.html\/?prod=COM&amp;backURL=https%3A%2F%2Felpais.com%2Fdeportes%2Fciclismo%2F2026-02-01%2Fmathieu-van-der-poel-consigue-su-octavo-mundial-de-ciclocross-y-supera-los-siete-titulos-del-historico-eric-de-vlaeminck.html\" class=\"btn btn-2\">completar datos<\/a><\/div>\n<div class=\"me_f\" id=\"comments_msg\"><a class=\"btn btn-2\" href=\"https:\/\/elpais.com\/suscripciones\/#\/campaign?prod=SUSDIGCRART&amp;o=COM&amp;prm=suscrip_articulo_comentarios_el-pais&amp;backURL=https%3A%2F%2Felpais.com%2Fdeportes%2Fciclismo%2F2026-02-01%2Fmathieu-van-der-poel-consigue-su-octavo-mundial-de-ciclocross-y-supera-los-siete-titulos-del-historico-eric-de-vlaeminck.html\" id=\"comments_subscribe_link\" data-link-am=\"https:\/\/elpais.com\/suscripciones\/america\/#\/campaign?prod=SUSDIGCRARTAM&amp;o=COMAM&amp;prm=suscrip_articulo_comentarios_el-pais-america&amp;backURL=https%3A%2F%2Felpais.com%2Fdeportes%2Fciclismo%2F2026-02-01%2Fmathieu-van-der-poel-consigue-su-octavo-mundial-de-ciclocross-y-supera-los-siete-titulos-del-historico-eric-de-vlaeminck.html\" data-link-mx=\"https:\/\/elpais.com\/suscripciones\/america\/#\/campaign?prod=SUSDIGMX&amp;o=COMMX&amp;prm=suscrip_articulo_comentarios_el-pais-mexico&amp;backURL=https%3A%2F%2Felpais.com%2Fdeportes%2Fciclismo%2F2026-02-01%2Fmathieu-van-der-poel-consigue-su-octavo-mundial-de-ciclocross-y-supera-los-siete-titulos-del-historico-eric-de-vlaeminck.html\" data-link-co=\"https:\/\/elpais.com\/suscripciones\/america\/#\/campaign?prod=SUSDIGCOL&amp;o=COMCOL&amp;prm=suscrip_articulo_comentarios_el-pais_colombia&amp;backURL=https%3A%2F%2Felpais.com%2Fdeportes%2Fciclismo%2F2026-02-01%2Fmathieu-van-der-poel-consigue-su-octavo-mundial-de-ciclocross-y-supera-los-siete-titulos-del-historico-eric-de-vlaeminck.html\" data-link-ar=\"https:\/\/elpais.com\/suscripciones\/america\/#\/campaign?prod=SUSDIGCRARTAR&amp;o=COMAR&amp;backURL=https%3A%2F%2Felpais.com%2Fdeportes%2Fciclismo%2F2026-02-01%2Fmathieu-van-der-poel-consigue-su-octavo-mundial-de-ciclocross-y-supera-los-siete-titulos-del-historico-eric-de-vlaeminck.html\" data-link-cl=\"https:\/\/elpais.com\/suscripciones\/america\/#\/campaign?prod=SUSDIGCHILE&amp;o=COMCHILE&amp;backURL=https%3A%2F%2Felpais.com%2Fdeportes%2Fciclismo%2F2026-02-01%2Fmathieu-van-der-poel-consigue-su-octavo-mundial-de-ciclocross-y-supera-los-siete-titulos-del-historico-eric-de-vlaeminck.html\" data-link-us=\"https:\/\/elpais.com\/suscripciones\/america\/#\/campaign?prod=SUSDIGCRARTEUCAN&amp;o=COMUS&amp;prm=suscrip_articulo_comentarios_el-pais_eucan&amp;backURL=https%3A%2F%2Felpais.com%2Fdeportes%2Fciclismo%2F2026-02-01%2Fmathieu-van-der-poel-consigue-su-octavo-mundial-de-ciclocross-y-supera-los-siete-titulos-del-historico-eric-de-vlaeminck.html\">Suscr\u00edbete en El Pa\u00eds para participar<\/a><a class=\"btn btn-3\" href=\"https:\/\/elpais.com\/subscriptions\/#\/sign-in?prod=REG&amp;o=COM&amp;prm=login_articulo_comentarios_el-pais&amp;backURL=https%3A%2F%2Felpais.com%2Fdeportes%2Fciclismo%2F2026-02-01%2Fmathieu-van-der-poel-consigue-su-octavo-mundial-de-ciclocross-y-supera-los-siete-titulos-del-historico-eric-de-vlaeminck.html\" id=\"comments_login_link\" data-link-am=\"https:\/\/elpais.com\/subscriptions\/#\/sign-in?prod=REG&amp;o=COM&amp;prm=login_articulo_comentarios_el-pais-america&amp;backURL=https%3A%2F%2Felpais.com%2Fdeportes%2Fciclismo%2F2026-02-01%2Fmathieu-van-der-poel-consigue-su-octavo-mundial-de-ciclocross-y-supera-los-siete-titulos-del-historico-eric-de-vlaeminck.html\" data-link-mx=\"https:\/\/elpais.com\/subscriptions\/#\/sign-in?prod=REG&amp;o=COM&amp;prm=login_articulo_comentarios_el-pais-mexico&amp;backURL=https%3A%2F%2Felpais.com%2Fdeportes%2Fciclismo%2F2026-02-01%2Fmathieu-van-der-poel-consigue-su-octavo-mundial-de-ciclocross-y-supera-los-siete-titulos-del-historico-eric-de-vlaeminck.html\" data-link-co=\"https:\/\/elpais.com\/subscriptions\/#\/sign-in?prod=REG&amp;o=COM&amp;backURL=https%3A%2F%2Felpais.com%2Fdeportes%2Fciclismo%2F2026-02-01%2Fmathieu-van-der-poel-consigue-su-octavo-mundial-de-ciclocross-y-supera-los-siete-titulos-del-historico-eric-de-vlaeminck.html\" data-link-ar=\"https:\/\/elpais.com\/subscriptions\/#\/sign-in?prod=REG&amp;o=COM&amp;backURL=https%3A%2F%2Felpais.com%2Fdeportes%2Fciclismo%2F2026-02-01%2Fmathieu-van-der-poel-consigue-su-octavo-mundial-de-ciclocross-y-supera-los-siete-titulos-del-historico-eric-de-vlaeminck.html\" data-link-cl=\"https:\/\/elpais.com\/subscriptions\/#\/sign-in?prod=REG&amp;o=COM&amp;backURL=https%3A%2F%2Felpais.com%2Fdeportes%2Fciclismo%2F2026-02-01%2Fmathieu-van-der-poel-consigue-su-octavo-mundial-de-ciclocross-y-supera-los-siete-titulos-del-historico-eric-de-vlaeminck.html\" data-link-us=\"https:\/\/elpais.com\/subscriptions\/#\/sign-in?prod=REG&amp;o=COM&amp;backURL=https%3A%2F%2Felpais.com%2Fdeportes%2Fciclismo%2F2026-02-01%2Fmathieu-van-der-poel-consigue-su-octavo-mundial-de-ciclocross-y-supera-los-siete-titulos-del-historico-eric-de-vlaeminck.html\">Ya tengo una suscripci\u00f3n<\/a><\/div>\n<p>Please enable JavaScript to view the &lt;a href=&#8221;https:\/\/disqus.com\/?ref_noscript&#8221; rel=&#8221;nofollow&#8221;&gt; comments powered by Disqus.&lt;\/a&gt;<\/p><\/div>\n<\/div>\n<\/div>\n<aside class=\"w w-rel\" data-dtm-region=\"articulo_mas-informacion\">\n<h2 class=\"w_t\">M\u00e1s informaci\u00f3n<\/h2>\n<ul class=\"w_b _ls\">\n<li class=\"_g _g-xs w-rel_n\">\n<div class=\" a_m-h c_m--nf\"><span class=\"_db _pr\"><img decoding=\"async\" class=\"_re lazyload a_m-h\" height=\"311\" width=\"414\" src=\"https:\/\/analyse.optim.biz\/wp-content\/uploads\/2026\/02\/omjrv6beojkbbh3dntgheygfbq.jpg\" loading=\"lazy\" title=\"omjrv6beojkbbh3dntgheygfbq\"><\/span><\/div>\n<div class=\"nt\">\n<h3 class=\"nt_t\"><a href=\"https:\/\/elpais.com\/deportes\/ciclismo\/2026-01-30\/el-tour-de-francia-invita-al-caja-rural-a-disputar-la-proxima-edicion-que-parte-de-barcelona.html#?rel=mas\">El Tour de Francia invita al Caja Rural a disputar la pr\u00f3xima edici\u00f3n, que parte de Barcelona<\/a><\/h3>\n<div class=\"nt_a\"><a href=\"https:\/\/elpais.com\/autor\/carlos-arribas\/\" title=\"Ver todas las noticias de Carlos Arribas\">Carlos Arribas<\/a> | Madrid<\/div>\n<\/div>\n<\/li>\n<li class=\"_g _g-xs w-rel_n\">\n<div class=\" a_m-h c_m--nf\"><span class=\"_db _pr\"><img decoding=\"async\" class=\"_re lazyload a_m-h\" height=\"311\" width=\"414\" src=\"https:\/\/analyse.optim.biz\/wp-content\/uploads\/2026\/02\/sheyhf6bp5ozzll7nj2jsxqbje.jpg\" loading=\"lazy\" title=\"sheyhf6bp5ozzll7nj2jsxqbje\"><\/span><\/div>\n<div class=\"nt\">\n<h3 class=\"nt_t\"><a href=\"https:\/\/elpais.com\/deportes\/ciclismo\/2026-01-29\/el-movistar-tutea-a-remco-y-a-su-red-bull-en-la-contrarreloj-de-mallorca.html#?rel=mas\">El Movistar tutea a Remco y a su Red Bull en la contrarreloj de Mallorca<\/a><\/h3>\n<div class=\"nt_a\"><a href=\"https:\/\/elpais.com\/autor\/carlos-arribas\/\" title=\"Ver todas las noticias de Carlos Arribas\">Carlos Arribas<\/a> | Madrid<\/div>\n<\/div>\n<\/li>\n<\/ul>\n<\/aside>\n<section class=\"w w-ae\" data-dtm-region=\"articulo_archivado-en\">\n<h2 class=\"w_t\">Archivado En<\/h2>\n<div class=\"w_b\">\n<ul class=\"w_ul w_ul--mh _df _ls\">\n<li><a href=\"https:\/\/elpais.com\/noticias\/ciclismo\/#?rel=arch\" rel=\"noopener noreferrer\">Ciclismo<\/a><\/li>\n<li><a href=\"https:\/\/elpais.com\/noticias\/ciclistas\/#?rel=arch\" rel=\"noopener noreferrer\">Ciclistas<\/a><\/li>\n<li><a href=\"https:\/\/elpais.com\/noticias\/competiciones\/#?rel=arch\" rel=\"noopener noreferrer\">Competiciones<\/a><\/li>\n<li><a href=\"https:\/\/elpais.com\/noticias\/deportes\/#?rel=arch\" rel=\"noopener noreferrer\">Deportes<\/a><\/li>\n<li><a href=\"https:\/\/elpais.com\/noticias\/carreras-ciclistas\/#?rel=arch\" rel=\"noopener noreferrer\">Carreras ciclistas<\/a><\/li>\n<li><a href=\"https:\/\/elpais.com\/noticias\/ciclocross\/#?rel=arch\" rel=\"noopener noreferrer\">Ciclocross<\/a><\/li>\n<li><a href=\"https:\/\/elpais.com\/noticias\/mathieu-van-der-poel\/#?rel=arch\" rel=\"noopener noreferrer\">Mathieu Van der Poel<\/a><\/li>\n<li><a href=\"https:\/\/elpais.com\/noticias\/tadej-pogacar\/#?rel=arch\" rel=\"noopener noreferrer\">Poga\u010dar<\/a><\/li>\n<li><a href=\"https:\/\/elpais.com\/noticias\/benjamin-noval-gonzalez\/#?rel=arch\" rel=\"noopener noreferrer\">Benjam\u00edn Noval<\/a><\/li>\n<li><a href=\"https:\/\/elpais.com\/noticias\/felipe-orts-lloret\/#?rel=arch\" rel=\"noopener noreferrer\">Felipe Orts<\/a><\/li>\n<li><a href=\"https:\/\/elpais.com\/noticias\/thibau-nys\/#?rel=arch\" rel=\"noopener noreferrer\">Thibau Nys<\/a><\/li>\n<\/ul>\n<\/div>\n<\/section>\n<aside class=\"a_tp _df\">\n<div class=\"a_tp_txt\"><span class=\"a_tp_t\">Se adhiere a los criterios de<\/span><\/p>\n<figure class=\"a_m a_m-h c_m--nf\"><a class=\"a_tp_i _dib\" href=\"https:\/\/elpais.com\/estaticos\/que-es-the-trust-project\/\" target=\"_blank\" rel=\"noopener noreferrer nofollow\"><img decoding=\"async\" alt=\"The Trust Project\" class=\" lazyload a_m-h\" height=\"20\" width=\"117\" src=\"https:\/\/analyse.optim.biz\/wp-content\/uploads\/2026\/02\/the-trust-project-36.svg\" loading=\"lazy\" title=\"the-trust-project-36\"><\/a><\/figure>\n<p><a class=\"a_tp_mi\" href=\"https:\/\/elpais.com\/estaticos\/codigo-etico\/\" target=\"_blank\" rel=\"noopener noreferrer nofollow\">M\u00e1s informaci\u00f3n<\/a><\/div>\n<div class=\"a_tp_si\">Si est\u00e1 interesado en licenciar este contenido, pinche <a class=\"a_tp_si_l\" href=\"https:\/\/profesional.elpais.com\/soluciones-sindicacion\/?utm_medium=interno&amp;utm_source=crosslinking&amp;utm_campaign=sindicacion_ep_pie_articulos\" target=\"_blank\" rel=\"noopener noreferrer nofollow\">aqu\u00ed<\/a><\/div>\n<\/aside>\n<div class=\"a_o _pr\" data-dtm-region=\"articulo_right-rail\">\n<div id=\"elpais_gpt-MPU1\" data-adtype=\"MPU\" class=\"ad ad-mpu\"><span class=\"_dn\">_<\/span><\/div>\n<section class=\"w w-sc b_col\" data-dtm-region=\"articulo_ultimas-noticias\">\n<header class=\"w_h b_col_h\">\n<h3 class=\"w_t\"><a href=\"https:\/\/elpais.com\/ultimas-noticias\/\" rel=\"story-card-ultimas-noticias\">\u00daltimas noticias<\/a><\/h3>\n<\/header>\n<div class=\"w_b\">\n<article class=\"c  c--m-n   \" data-word=\"0\">\n<header class=\"c_h\"><time datetime=\"2026-02-02T03:23:22+01:00\" class=\"c_da\">03:23<\/time><\/p>\n<h2 class=\"c_t \"><a href=\"https:\/\/elpais.com\/mexico\/2026-02-02\/mexico-enviara-alimentos-como-ayuda-humanitaria-a-cuba.html\">M\u00e9xico enviar\u00e1 alimentos a Cuba como ayuda humanitaria <\/a><\/h2>\n<\/header>\n<\/article>\n<article class=\"c  c--m-n   \" data-word=\"0\">\n<header class=\"c_h\"><time datetime=\"2026-02-02T02:06:54+01:00\" class=\"c_da\">02:06<\/time><\/p>\n<h2 class=\"c_t \"><a href=\"https:\/\/elpais.com\/us\/2026-02-02\/trump-anuncia-el-cierre-durante-dos-anos-del-kennedy-center-para-su-reconstruccion-completa.html\">Trump anuncia el cierre durante dos a\u00f1os del Kennedy Center para su \u201creconstrucci\u00f3n completa\u201d<\/a><\/h2>\n<\/header>\n<\/article>\n<article class=\"c  c--m-n   \" data-word=\"0\">\n<header class=\"c_h\"><time datetime=\"2026-02-02T00:56:36+01:00\" class=\"c_da\">00:56<\/time><\/p>\n<h2 class=\"c_t \"><a href=\"https:\/\/elpais.com\/america\/2026-02-01\/la-jornada-electoral-de-costa-rica-en-imagenes.html\">La jornada electoral de Costa Rica, en im\u00e1genes<\/a><\/h2>\n<\/header>\n<\/article>\n<article class=\"c  c--m-n   \" data-word=\"0\">\n<header class=\"c_h\"><time datetime=\"2026-02-02T00:20:29+01:00\" class=\"c_da\">00:20<\/time><\/p>\n<h2 class=\"c_t \"><a href=\"https:\/\/elpais.com\/aniversario\/2026-02-01\/en-el-taller-de-la-opinion-de-juan-gabriel-vasquez-los-fanatismos-politicos-han-destruido-nuestra-realidad-comun.html\">En el taller de la opini\u00f3n de Juan Gabriel V\u00e1squez: \u201cLos fanatismos pol\u00edticos han destruido nuestra realidad com\u00fan\u201d<\/a><\/h2>\n<\/header>\n<\/article>\n<\/div>\n<\/section>\n<aside class=\"w w-lmv\" data-dtm-region=\"articulo_lom\">\n<h2 class=\"w_t\"><a href=\"https:\/\/elpais.com\/lo-mas-visto\/\">Lo m\u00e1s visto<\/a><\/h2>\n<div class=\"w_b\">\n<ol class=\"_ls\">\n<li><a href=\"https:\/\/elpais.com\/deportes\/tenis\/2026-02-01\/carlos-alcaraz-novak-djokovic-en-directo-la-final-del-open-de-australia-en-vivo.html#?rel=lom\">As\u00ed te hemos contado la victoria de Carlos Alcaraz en el Open de Australia ante Novak Djokovic<\/a><\/li>\n<li><a href=\"https:\/\/elpais.com\/clima-y-medio-ambiente\/2026-02-01\/deconstruccion-de-la-costa-asi-se-esta-quitando-ya-hormigon-para-dar-mas-espacio-a-las-playas-frente-a-los-temporales.html#?rel=lom\">Deconstrucci\u00f3n de la costa: as\u00ed se est\u00e1 quitando ya hormig\u00f3n para dar m\u00e1s espacio a las playas frente a los temporales<\/a><\/li>\n<li><a href=\"https:\/\/elpais.com\/internacional\/2026-02-01\/cientos-de-mensajes-entre-epstein-y-la-princesa-mette-marit-de-noruega-ponen-a-la-casa-real-en-la-picota-paris-es-bueno-para-el-adulterio.html#?rel=lom\">Cientos de mensajes entre Epstein y la princesa Mette-Marit de Noruega ponen a la casa real en la picota: \u201cPar\u00eds es bueno para el adulterio\u201d<\/a><\/li>\n<li><a href=\"https:\/\/elpais.com\/deportes\/tenis\/2026-01-31\/john-mcenroe-alcaraz-sabe-perfectamente-quien-necesita-a-su-alrededor.html#?rel=lom\">John McEnroe: \u201cAlcaraz sabe perfectamente a qui\u00e9n necesita a su alrededor\u201d<\/a><\/li>\n<li><a href=\"https:\/\/elpais.com\/espana\/2026-01-30\/el-pp-se-niega-a-retirar-la-medalla-de-oro-que-alcantarilla-concedio-a-franco-porque-no-exalta-la-dictadura.html#?rel=lom\">El PP se niega a retirar la Medalla de Oro que Alcantarilla concedi\u00f3 a Franco porque \u201cno exalta la dictadura\u201d<\/a><\/li>\n<\/ol>\n<\/div>\n<\/aside>\n<\/div>\n<\/article>\n<article class=\"c  c--m-n   \" data-word=\"0\">\n<header class=\"c_h\"><time datetime=\"2026-02-02T03:23:22+01:00\" class=\"c_da\">03:23<\/time><\/p>\n<h2 class=\"c_t \"><a href=\"https:\/\/elpais.com\/mexico\/2026-02-02\/mexico-enviara-alimentos-como-ayuda-humanitaria-a-cuba.html\">M\u00e9xico enviar\u00e1 alimentos a Cuba como ayuda humanitaria <\/a><\/h2>\n<\/header>\n<\/article>\n<article class=\"c  c--m-n   \" data-word=\"0\">\n<header class=\"c_h\"><time datetime=\"2026-02-02T02:06:54+01:00\" class=\"c_da\">02:06<\/time><\/p>\n<h2 class=\"c_t \"><a href=\"https:\/\/elpais.com\/us\/2026-02-02\/trump-anuncia-el-cierre-durante-dos-anos-del-kennedy-center-para-su-reconstruccion-completa.html\">Trump anuncia el cierre durante dos a\u00f1os del Kennedy Center para su \u201creconstrucci\u00f3n completa\u201d<\/a><\/h2>\n<\/header>\n<\/article>\n<article class=\"c  c--m-n   \" data-word=\"0\">\n<header class=\"c_h\"><time datetime=\"2026-02-02T00:56:36+01:00\" class=\"c_da\">00:56<\/time><\/p>\n<h2 class=\"c_t \"><a href=\"https:\/\/elpais.com\/america\/2026-02-01\/la-jornada-electoral-de-costa-rica-en-imagenes.html\">La jornada electoral de Costa Rica, en im\u00e1genes<\/a><\/h2>\n<\/header>\n<\/article>\n<article class=\"c  c--m-n   \" data-word=\"0\">\n<header class=\"c_h\"><time datetime=\"2026-02-02T00:20:29+01:00\" class=\"c_da\">00:20<\/time><\/p>\n<h2 class=\"c_t \"><a href=\"https:\/\/elpais.com\/aniversario\/2026-02-01\/en-el-taller-de-la-opinion-de-juan-gabriel-vasquez-los-fanatismos-politicos-han-destruido-nuestra-realidad-comun.html\">En el taller de la opini\u00f3n de Juan Gabriel V\u00e1squez: \u201cLos fanatismos pol\u00edticos han destruido nuestra realidad com\u00fan\u201d<\/a><\/h2>\n<\/header>\n<\/article>\n<p> Source URL: https:\/\/elpais.com\/deportes\/ciclismo\/2026-02-01\/mathieu-van-der-poel-consigue-su-octavo-mundial-de-ciclocross-y-supera-los-siete-titulos-del-historico-eric-de-vlaeminck.html<\/p>\n","protected":false},"excerpt":{"rendered":"<p>Ciclocross Mathieu van der Poel consigue su octavo mundial de ciclocross y supera los siete t\u00edtulos del hist\u00f3rico Eric de Vlaeminck El fenomenal neerland\u00e9s se convierte en el ciclista con m\u00e1s arco\u00edris sobre el barro con una faena de pura rutina Van der Poel celebra la victoria que le otorga su octavo arco\u00edris.Luc Claessen (Getty [&hellip;]<\/p>\n","protected":false},"author":1,"featured_media":1706565,"comment_status":"open","ping_status":"","sticky":false,"template":"","format":"standard","meta":{"footnotes":""},"categories":[88],"tags":[226,92],"class_list":["post-1706564","post","type-post","status-publish","format-standard","has-post-thumbnail","hentry","category-spain","tag-crawlmanager","tag-elpais-com"],"_links":{"self":[{"href":"https:\/\/analyse.optim.biz\/index.php?rest_route=\/wp\/v2\/posts\/1706564","targetHints":{"allow":["GET"]}}],"collection":[{"href":"https:\/\/analyse.optim.biz\/index.php?rest_route=\/wp\/v2\/posts"}],"about":[{"href":"https:\/\/analyse.optim.biz\/index.php?rest_route=\/wp\/v2\/types\/post"}],"author":[{"embeddable":true,"href":"https:\/\/analyse.optim.biz\/index.php?rest_route=\/wp\/v2\/users\/1"}],"replies":[{"embeddable":true,"href":"https:\/\/analyse.optim.biz\/index.php?rest_route=%2Fwp%2Fv2%2Fcomments&post=1706564"}],"version-history":[{"count":0,"href":"https:\/\/analyse.optim.biz\/index.php?rest_route=\/wp\/v2\/posts\/1706564\/revisions"}],"wp:featuredmedia":[{"embeddable":true,"href":"https:\/\/analyse.optim.biz\/index.php?rest_route=\/wp\/v2\/media\/1706565"}],"wp:attachment":[{"href":"https:\/\/analyse.optim.biz\/index.php?rest_route=%2Fwp%2Fv2%2Fmedia&parent=1706564"}],"wp:term":[{"taxonomy":"category","embeddable":true,"href":"https:\/\/analyse.optim.biz\/index.php?rest_route=%2Fwp%2Fv2%2Fcategories&post=1706564"},{"taxonomy":"post_tag","embeddable":true,"href":"https:\/\/analyse.optim.biz\/index.php?rest_route=%2Fwp%2Fv2%2Ftags&post=1706564"}],"curies":[{"name":"wp","href":"https:\/\/api.w.org\/{rel}","templated":true}]}}