{"id":170651,"date":"2015-12-09T14:26:49","date_gmt":"2015-12-09T11:26:49","guid":{"rendered":"https:\/\/analyse.optim.biz\/?p=170651"},"modified":"2015-12-09T14:26:49","modified_gmt":"2015-12-09T11:26:49","slug":"sanctiuni-mai-blande-pentru-incompatibili","status":"publish","type":"post","link":"https:\/\/analyse.optim.biz\/?p=170651","title":{"rendered":"Sanc\u021biuni mai bl\u00e2nde pentru incompatibili"},"content":{"rendered":"<div class=\"entry data-app-meta data-app-meta-article\" data-embed-base-url-canonical=\"https:\/\/www.digi24.ro\/embed\/stiri\/actualitate\/politica\/sanctiuni-mai-blande-pentru-incompatibili-465882\">\n<p data-index=\"1\">Un demnitar g\u0103sit vinovat de incompatibilitate sau conflict de interese de c\u0103tre o instan\u0163\u0103 de judecat\u0103 nu mai are dreptul s\u0103 ocupe <span>aceea\u0219i<\/span> func\u0163ie vreme de trei ani. <span>D<\/span>eci poate ocupa o alt<span>\u0103<\/span> func<span>\u021b<\/span>ie public<span>\u0103<\/span>.<\/p>\n<p data-index=\"2\">P\u00e2n\u0103 acum, legea prevedea c\u0103 cei afla\u0163i \u00een aceast\u0103 situa\u0163ie nu mai pot ocupa <span>nicio<\/span> func\u0163ie public\u0103 timp de trei ani de zile.<\/p>\n<p data-index=\"3\">Una dintre modific\u0103ri \u00eei apar\u0163ine senatorului ALDE Cristiana Anghel. Actele normative urmeaz\u0103 s\u0103 fie discutate \u015fi de senatori, care vor \u015fi da votul decisiv. \u00a0<\/p>\n<\/div>\n<p> Source URL: https:\/\/www.digi24.ro\/stiri\/actualitate\/politica\/sanctiuni-mai-blande-pentru-incompatibili-465882<\/p>\n","protected":false},"excerpt":{"rendered":"<p>Un demnitar g\u0103sit vinovat de incompatibilitate sau conflict de interese de c\u0103tre o instan\u0163\u0103 de judecat\u0103 nu mai are dreptul s\u0103 ocupe aceea\u0219i func\u0163ie vreme de trei ani. Deci poate ocupa o alt\u0103 func\u021bie public\u0103. P\u00e2n\u0103 acum, legea prevedea c\u0103 cei afla\u0163i \u00een aceast\u0103 situa\u0163ie nu mai pot ocupa nicio func\u0163ie public\u0103 timp de trei [&hellip;]<\/p>\n","protected":false},"author":1,"featured_media":170652,"comment_status":"open","ping_status":"","sticky":false,"template":"","format":"standard","meta":{"footnotes":""},"categories":[2],"tags":[11],"class_list":["post-170651","post","type-post","status-publish","format-standard","has-post-thumbnail","hentry","category-politics","tag-digi24"],"_links":{"self":[{"href":"https:\/\/analyse.optim.biz\/index.php?rest_route=\/wp\/v2\/posts\/170651","targetHints":{"allow":["GET"]}}],"collection":[{"href":"https:\/\/analyse.optim.biz\/index.php?rest_route=\/wp\/v2\/posts"}],"about":[{"href":"https:\/\/analyse.optim.biz\/index.php?rest_route=\/wp\/v2\/types\/post"}],"author":[{"embeddable":true,"href":"https:\/\/analyse.optim.biz\/index.php?rest_route=\/wp\/v2\/users\/1"}],"replies":[{"embeddable":true,"href":"https:\/\/analyse.optim.biz\/index.php?rest_route=%2Fwp%2Fv2%2Fcomments&post=170651"}],"version-history":[{"count":0,"href":"https:\/\/analyse.optim.biz\/index.php?rest_route=\/wp\/v2\/posts\/170651\/revisions"}],"wp:featuredmedia":[{"embeddable":true,"href":"https:\/\/analyse.optim.biz\/index.php?rest_route=\/wp\/v2\/media\/170652"}],"wp:attachment":[{"href":"https:\/\/analyse.optim.biz\/index.php?rest_route=%2Fwp%2Fv2%2Fmedia&parent=170651"}],"wp:term":[{"taxonomy":"category","embeddable":true,"href":"https:\/\/analyse.optim.biz\/index.php?rest_route=%2Fwp%2Fv2%2Fcategories&post=170651"},{"taxonomy":"post_tag","embeddable":true,"href":"https:\/\/analyse.optim.biz\/index.php?rest_route=%2Fwp%2Fv2%2Ftags&post=170651"}],"curies":[{"name":"wp","href":"https:\/\/api.w.org\/{rel}","templated":true}]}}