{"id":170191,"date":"2015-12-15T23:34:07","date_gmt":"2015-12-15T20:34:07","guid":{"rendered":"https:\/\/analyse.optim.biz\/?p=170191"},"modified":"2015-12-15T23:34:07","modified_gmt":"2015-12-15T20:34:07","slug":"a-gorghiu-psd-abuzeaza-in-continuare-de-functii-si-influenta-si-isi-voteaza-privilegii-subminand-increderea-in-parlament-si-in-puterea-legii","status":"publish","type":"post","link":"https:\/\/analyse.optim.biz\/?p=170191","title":{"rendered":"A.Gorghiu:\u00a0PSD abuzeaz\u0103 \u00een continuare de func\u021bii \u0219i influen\u021b\u0103 \u0219i \u00ee\u0219i voteaz\u0103 privilegii, submin\u00e2nd \u00eencrederea \u00een Parlament \u0219i \u00een puterea legii"},"content":{"rendered":"<div class=\"entry data-app-meta data-app-meta-article\" data-embed-base-url-canonical=\"https:\/\/www.digi24.ro\/embed\/stiri\/actualitate\/politica\/a-gorghiu-psd-abuzeaza-in-continuare-de-functii-si-influenta-si-isi-voteaza-privilegii-subminand-increderea-in-parlament-si-in-puterea-legii-467871\">\n<div class=\"fb-post\">\n<div class=\"fb-xfbml-parse-ignore\">\n<blockquote cite=\"https:\/\/www.facebook.com\/alinagorghiu\/posts\/1005043682894220:0\">\n<p data-index=\"2\">Parlamentarii PSD au votat pensiile speciale! \u00centr-o perioad\u0103 \u00een care cet\u0103\u021benii a\u0219teapt\u0103 o schimbare din partea&#8230;<\/p>\n<p>Posted by <a href=\"https:\/\/www.facebook.com\/alinagorghiu\/\" data-skip-linkfix=\"1\">Alina Gorghiu<\/a> on\u00a0<a href=\"https:\/\/www.facebook.com\/alinagorghiu\/posts\/1005043682894220:0\" data-skip-linkfix=\"1\">Tuesday, December 15, 2015<\/a><\/p><\/blockquote>\n<\/div>\n<\/div>\n<p data-index=\"3\">\u201e<strong>Parlamentarii PSD au votat pensiile speciale! \u00centr-o perioad\u0103 \u00een care cet\u0103\u021benii a\u0219teapt\u0103 o schimbare din partea partidelor politice, PSD abuzeaz\u0103 \u00een continuare de func\u021bii \u0219i influen\u021b\u0103 \u0219i \u00ee\u0219i voteaz\u0103 privilegii, submin\u00e2nd \u00eencrederea \u00een Parlament \u0219i \u00een puterea legii<\/strong>\u201d, a scris mar\u021bi seara pe Facebook Alina Gorghiu.<\/p>\n<p data-index=\"4\">Plenul Camerei Deputa\u021bilor \u0219i Senatului a adoptat, mar\u021bi, cererea de reexaminare a pre\u0219edintelui pe proiectul legii privind pensiile parlamentarilor. Proiectul, care este o modificare la Statutul deputa\u021bilor \u0219i senatorilor, prevede c\u0103 parlamentarii care \u00eendeplinesc condi\u021biile v\u00e2rstei standard de pensionare au dreptul, la \u00eencetarea mandatului, la indemniza\u021bie pentru limit\u0103 de v\u00e2rst\u0103, dac\u0103 nu sunt reale\u0219i pentru un nou mandat.<\/p>\n<p data-index=\"5\">Parlamentarii liberali nu au participat la votul pe acest proiect.<\/p>\n<h3>Citi\u021bi \u0219i: <a href=\"https:\/\/www.digi24.ro\/Stiri\/Digi24\/Actualitate\/Politica\/Parlamentarii+si-au+votat+pensii+mai+mari\" target=\"_blank\" data-skip-linkfix=\"1\" rel=\"noopener\"><strong>Parlamentarii \u0219i-au votat pensii mai mari<\/strong><\/a><\/h3>\n<\/div>\n<p> Source URL: https:\/\/www.digi24.ro\/stiri\/actualitate\/politica\/a-gorghiu-psd-abuzeaza-in-continuare-de-functii-si-influenta-si-isi-voteaza-privilegii-subminand-increderea-in-parlament-si-in-puterea-legii-467871<\/p>\n","protected":false},"excerpt":{"rendered":"<p>Parlamentarii PSD au votat pensiile speciale! \u00centr-o perioad\u0103 \u00een care cet\u0103\u021benii a\u0219teapt\u0103 o schimbare din partea&#8230; Posted by Alina Gorghiu on\u00a0Tuesday, December 15, 2015 \u201eParlamentarii PSD au votat pensiile speciale! \u00centr-o perioad\u0103 \u00een care cet\u0103\u021benii a\u0219teapt\u0103 o schimbare din partea partidelor politice, PSD abuzeaz\u0103 \u00een continuare de func\u021bii \u0219i influen\u021b\u0103 \u0219i \u00ee\u0219i voteaz\u0103 privilegii, submin\u00e2nd [&hellip;]<\/p>\n","protected":false},"author":1,"featured_media":170192,"comment_status":"open","ping_status":"","sticky":false,"template":"","format":"standard","meta":{"footnotes":""},"categories":[2],"tags":[11],"class_list":["post-170191","post","type-post","status-publish","format-standard","has-post-thumbnail","hentry","category-politics","tag-digi24"],"_links":{"self":[{"href":"https:\/\/analyse.optim.biz\/index.php?rest_route=\/wp\/v2\/posts\/170191","targetHints":{"allow":["GET"]}}],"collection":[{"href":"https:\/\/analyse.optim.biz\/index.php?rest_route=\/wp\/v2\/posts"}],"about":[{"href":"https:\/\/analyse.optim.biz\/index.php?rest_route=\/wp\/v2\/types\/post"}],"author":[{"embeddable":true,"href":"https:\/\/analyse.optim.biz\/index.php?rest_route=\/wp\/v2\/users\/1"}],"replies":[{"embeddable":true,"href":"https:\/\/analyse.optim.biz\/index.php?rest_route=%2Fwp%2Fv2%2Fcomments&post=170191"}],"version-history":[{"count":0,"href":"https:\/\/analyse.optim.biz\/index.php?rest_route=\/wp\/v2\/posts\/170191\/revisions"}],"wp:featuredmedia":[{"embeddable":true,"href":"https:\/\/analyse.optim.biz\/index.php?rest_route=\/wp\/v2\/media\/170192"}],"wp:attachment":[{"href":"https:\/\/analyse.optim.biz\/index.php?rest_route=%2Fwp%2Fv2%2Fmedia&parent=170191"}],"wp:term":[{"taxonomy":"category","embeddable":true,"href":"https:\/\/analyse.optim.biz\/index.php?rest_route=%2Fwp%2Fv2%2Fcategories&post=170191"},{"taxonomy":"post_tag","embeddable":true,"href":"https:\/\/analyse.optim.biz\/index.php?rest_route=%2Fwp%2Fv2%2Ftags&post=170191"}],"curies":[{"name":"wp","href":"https:\/\/api.w.org\/{rel}","templated":true}]}}