{"id":170169,"date":"2015-12-16T01:39:52","date_gmt":"2015-12-15T22:39:52","guid":{"rendered":"https:\/\/analyse.optim.biz\/?p=170169"},"modified":"2015-12-16T01:39:52","modified_gmt":"2015-12-15T22:39:52","slug":"pensii-speciale-si-pentru-alesii-locali-primarul-capitalei-ar-putea-primi-peste-6-000-de-lei","status":"publish","type":"post","link":"https:\/\/analyse.optim.biz\/?p=170169","title":{"rendered":"Pensii speciale \u0219i pentru ale\u0219ii locali. Primarul Capitalei ar putea primi peste 6.000 de lei"},"content":{"rendered":"<div class=\"entry data-app-meta data-app-meta-article\" data-embed-base-url-canonical=\"https:\/\/www.digi24.ro\/embed\/stiri\/actualitate\/politica\/pensii-speciale-si-pentru-alesii-locali-primarul-capitalei-ar-putea-primi-peste-6-000-de-lei-467879\">\n<p data-index=\"1\">Primarii, viceprimarii, pre\u015fedin\u0163ii \u015fi vicepre\u015fedin\u0163ii de Consilii Jude\u0163ene ar urma s\u0103 beneficieze de venituri suplimentare la b\u0103tr\u00e2ne\u0163e; iar sumele cresc \u00een func\u0163ie de num\u0103rul de mandate, exact ca \u00een cazul parlamentarilor.<\/p>\n<p data-index=\"2\">Primarul Capitalei, de exemplu, ar putea primi o pensie special\u0103 care trece de 6.000 de lei, dac\u0103 edilul a avut trei mandate. <\/p>\n<p data-index=\"3\">Nu beneficiaz\u0103 de prevederile legii cei condamna\u0163i pentru corup\u0163ie. <\/p>\n<p data-index=\"4\">Liberalul C\u0103t\u0103lin Boboc, pre\u015fedintele Comisiei juridice a Senatului, este hot\u0103r\u00e2t s\u0103 cear\u0103 plenului s\u0103 retrimit\u0103 legea la comisiile de specialitate, pentru c\u0103 sus\u0163ine el, \u00een actuala form\u0103, legea nu se poate aplica. \u00a0\u00a0<\/p>\n<p data-index=\"5\">Citi\u021bi \u0219i:<\/p>\n<h5><a href=\"https:\/\/www.digi24.ro\/Stiri\/Digi24\/Actualitate\/Politica\/Parlamentarii+si-au+votat+pensii+mai+mari\" target=\"_blank\" data-skip-linkfix=\"1\" rel=\"noopener\"><span>Parlamentarii \u0219i-au votat pensii mai mari<\/span><\/a><\/h5>\n<\/div>\n<p> Source URL: https:\/\/www.digi24.ro\/stiri\/actualitate\/politica\/pensii-speciale-si-pentru-alesii-locali-primarul-capitalei-ar-putea-primi-peste-6-000-de-lei-467879<\/p>\n","protected":false},"excerpt":{"rendered":"<p>Primarii, viceprimarii, pre\u015fedin\u0163ii \u015fi vicepre\u015fedin\u0163ii de Consilii Jude\u0163ene ar urma s\u0103 beneficieze de venituri suplimentare la b\u0103tr\u00e2ne\u0163e; iar sumele cresc \u00een func\u0163ie de num\u0103rul de mandate, exact ca \u00een cazul parlamentarilor. Primarul Capitalei, de exemplu, ar putea primi o pensie special\u0103 care trece de 6.000 de lei, dac\u0103 edilul a avut trei mandate. Nu beneficiaz\u0103 [&hellip;]<\/p>\n","protected":false},"author":1,"featured_media":170170,"comment_status":"open","ping_status":"","sticky":false,"template":"","format":"standard","meta":{"footnotes":""},"categories":[2],"tags":[11],"class_list":["post-170169","post","type-post","status-publish","format-standard","has-post-thumbnail","hentry","category-politics","tag-digi24"],"_links":{"self":[{"href":"https:\/\/analyse.optim.biz\/index.php?rest_route=\/wp\/v2\/posts\/170169","targetHints":{"allow":["GET"]}}],"collection":[{"href":"https:\/\/analyse.optim.biz\/index.php?rest_route=\/wp\/v2\/posts"}],"about":[{"href":"https:\/\/analyse.optim.biz\/index.php?rest_route=\/wp\/v2\/types\/post"}],"author":[{"embeddable":true,"href":"https:\/\/analyse.optim.biz\/index.php?rest_route=\/wp\/v2\/users\/1"}],"replies":[{"embeddable":true,"href":"https:\/\/analyse.optim.biz\/index.php?rest_route=%2Fwp%2Fv2%2Fcomments&post=170169"}],"version-history":[{"count":0,"href":"https:\/\/analyse.optim.biz\/index.php?rest_route=\/wp\/v2\/posts\/170169\/revisions"}],"wp:featuredmedia":[{"embeddable":true,"href":"https:\/\/analyse.optim.biz\/index.php?rest_route=\/wp\/v2\/media\/170170"}],"wp:attachment":[{"href":"https:\/\/analyse.optim.biz\/index.php?rest_route=%2Fwp%2Fv2%2Fmedia&parent=170169"}],"wp:term":[{"taxonomy":"category","embeddable":true,"href":"https:\/\/analyse.optim.biz\/index.php?rest_route=%2Fwp%2Fv2%2Fcategories&post=170169"},{"taxonomy":"post_tag","embeddable":true,"href":"https:\/\/analyse.optim.biz\/index.php?rest_route=%2Fwp%2Fv2%2Ftags&post=170169"}],"curies":[{"name":"wp","href":"https:\/\/api.w.org\/{rel}","templated":true}]}}