{"id":170155,"date":"2015-12-16T09:18:00","date_gmt":"2015-12-16T06:18:00","guid":{"rendered":"https:\/\/analyse.optim.biz\/?p=170155"},"modified":"2015-12-16T09:18:00","modified_gmt":"2015-12-16T06:18:00","slug":"klaus-iohannis-la-un-an-de-mandat-cea-mai-tragica-lectie-a-lui-2015-se-numeste-colectiv-concluzia-coruptia-ucide","status":"publish","type":"post","link":"https:\/\/analyse.optim.biz\/?p=170155","title":{"rendered":"Klaus Iohannis, la un an de mandat: Cea mai tragic\u0103 lec\u021bie a lui 2015 se nume\u0219te Colectiv. Concluzia &#8211; corup\u021bia ucide\u00a0"},"content":{"rendered":"<div class=\"entry data-app-meta data-app-meta-article\" data-embed-base-url-canonical=\"https:\/\/www.digi24.ro\/embed\/stiri\/actualitate\/politica\/klaus-iohannis-la-un-an-de-mandat-cea-mai-tragica-lectie-a-lui-2015-se-numeste-colectiv-concluzia-coruptia-ucide-467911\">\n<p data-index=\"1\"><strong><br \/><\/strong><\/p>\n<p data-index=\"2\"><strong>Principalele declara\u021bii ale lui Klaus Iohannis \u00een Parlament:<\/strong><\/p>\n<p data-index=\"3\">Am dorit ca 2015 s\u0103 fie anul rec\u00e2\u0219tig\u0103rii normalit\u0103\u021bii \u00een plan interior \u0219i \u00een plan exterior.\u00a0<\/p>\n<p data-index=\"4\">\u00cen plan intern, am dorit un alt mod de a face politic\u0103, f\u0103r\u0103 scandal \u0219i cu seriozitate. Am considerat c\u0103 acest lucru trebuie s\u0103 \u00eenceap\u0103 cu pre\u0219edintele, care s\u0103 fie un generator nu de tensiune, ci de energie. \u00cen ultimul an a devenit firesc s\u0103 avem consult\u0103ri.\u00a0<\/p>\n<p data-index=\"5\">Mul\u021bi s-au \u00eentrebat de ce nu r\u0103spund la atacuri cu aceea\u0219i moned\u0103. Sper c\u0103, onor\u00e2nd promisiunea de a face politic\u0103 altfel, am dat r\u0103spuns.\u00a0<\/p>\n<p data-index=\"6\">Anul 2015 a ar\u0103tat c\u0103 se poate s\u0103 avem acord larg pe subiecte de interes public.<\/p>\n<p data-index=\"7\">Bugetul pentru 2016 prevede o prim\u0103 etap\u0103 de cre\u0219tere. De o larg\u0103 majoritate s-a bucurat \u0219i Strategia Na\u021bional\u0103 de Ap\u0103rare.\u00a0<\/p>\n<p data-index=\"8\"><strong>Am tratat cu toat\u0103 responsabilitatea atributul promulg\u0103rii legilor, cu aten\u021bie la impactul fiec\u0103rei legi asupra oamenilor, economiei \u0219i a societ\u0103\u021bii \u00een ansamblul ei. M\u0103 bucur s\u0103 constat c\u0103 \u00een cazuri importante, cum este cazul Codului fiscal, actorii politici s-au aplecat cu mai mare aten\u021bie asupra legii.\u00a0<\/strong><\/p>\n<p data-index=\"9\">Legi importante au intrat \u00een aten\u021bia public\u0103 dup\u0103 adoptarea lor, chiar \u00eenainte de promulgare. Nu exist\u0103 subtitut pentru o dezbare premerg\u0103toare unei legi, iar asta este o responsabilitate de la care Parlamentul nu se poate deroba.\u00a0<\/p>\n<p data-index=\"10\">\u00cen anul 2015, rec\u00e2\u0219tigarea normalit\u0103\u021bii a \u00eensemnat \u0219i demersuri \u00een plan extern. M\u0103 refer la restabilirea prestigiului Rom\u00e2niei \u00een cadrul NATO. 2015 a fost un an \u00een care nu doar am confirmat, ci am ad\u00e2ncit op\u021biunile majore ale politicii noastre externe.\u00a0<\/p>\n<p data-index=\"11\">Am avut c\u00e2teva obiective clare: consolidarea \u0219i extinderea parteneriatului strategic cu SUA \u0219i \u00eent\u0103rirea parteneriatelor strategice cu state membre UE \u0219i NATO.\u00a0<\/p>\n<p data-index=\"12\">Rom\u00e2nia este o \u021bar\u0103 respectat\u0103 \u00een NATO \u0219i UE, care conteaz\u0103 \u00een ecua\u021bia geopolitic\u0103 \u0219i geostrategic\u0103 \u0219i care este gata s\u0103 \u00ee\u0219i asume responsabilit\u0103\u021bi.\u00a0<\/p>\n<p data-index=\"13\"><strong>Se cuvine s\u0103 ne uit\u0103m la lec\u021biile anului 2015 \u0219i la ce lipse\u0219te ca Rom\u00e2nia s\u0103 fie cu adev\u0103rat puternic\u0103 \u0219i prosper\u0103. Cea mai tragic\u0103 lec\u021bie se nume\u0219te Colectiv.<\/strong> Evenimentul care a \u00eendurerat o na\u021biune \u00eentreag\u0103 a scos la iveal\u0103 probleme perpetuate ani de zile. Sunt lucruri pe care nu trebuie s\u0103 le d\u0103m uit\u0103rii \u0219i concluzii care trebuie s\u0103 ne \u00eendemne s\u0103 ac\u021bion\u0103m. Corup\u021bia ucide.<\/p>\n<p data-index=\"14\"><strong>O a doua lec\u021bie este legea schimb\u0103rii. Nu vorbim despre o nevoie de moment, limitat\u0103 la o \u00eenlocuire de Guvern. Ci de o \u00eennoire care s\u0103 fie pe m\u0103sura a\u0219tept\u0103rilor \u0219i a nevoilor din societate. \u00centre clasa politic\u0103 \u0219i cet\u0103\u021beni nu are voie s\u0103 fie o pr\u0103pastie. Marea miz\u0103 a lui 2016 este rec\u0103p\u0103tarea \u00eencrederii \u00een politic\u0103.\u00a0<\/strong><\/p>\n<p data-index=\"15\">M\u0103 fac purt\u0103torul mesajului de \u00eennoire pe care \u00eel dau sub diverse forme concet\u0103\u021benii no\u0219tri. Dar greul acestei misiuni revine partidelor. \u00cennoirea \u00een materie de idei, practici \u0219i oameni este \u0219ansa de a men\u021bine stabilitatea sistemului politic. Cred \u00eentr-un sistem \u00een care dreapta \u0219i st\u00e2nga sunt reprezentate, \u00een care exist\u0103 spa\u021biu pentru participare \u0219i competi\u021bie, nu doresc o politic\u0103 \u00een care s\u0103 \u00ee\u0219i fac\u0103 loc extremismul, populismul \u0219i radicalismul.\u00a0<\/p>\n<p data-index=\"16\">\u00cemi doresc o cre\u0219tere economic\u0103 despre care s\u0103 nu vorbim doar \u00een materie de statistici, ci una care s\u0103 se reflecte \u00een nivelul de trai.<\/p>\n<p data-index=\"17\">A fost anul \u00een care pentru prima dat\u0103 \u00een Rom\u00e2nia s-a introdus votul prin coresponden\u021b\u0103, anul schimb\u0103rii Guvernului \u0219i al instal\u0103rii unui guvern de tehnocra\u021bi. Vreau s\u0103 se spun\u0103 c\u0103 a fost anul care a \u00eensemnat deschiderea c\u0103tre societate, anul schimb\u0103rii modului de a face politic\u0103. V\u0103 invit s\u0103 fim \u00eempreun\u0103 \u00een acest demers pentru a spori \u00eencrederea \u00een institu\u021biile statului.\u00a0<\/p>\n<p data-index=\"18\"><strong>Actualizare 10:55.<\/strong> Pre\u0219edintele Klaus Iohannis a ajuns la Parlament, pentru a \u021bine un discurs \u00een fa\u021ba plenului reunit.<\/p>\n<hr>\n<p data-index=\"19\">\u201eDragi rom\u00e2ni, cu peste 6,2 milioane de voturi m-ati ales pre\u015fedinte al Rom\u00e2niei. V\u0103 mul\u0163umesc. Trebuie s\u0103 ne apuc\u0103m de treab\u0103\u201d, spunea Klaus Iohannis a doua zi dup\u0103 al doilea tur de scrutin.<\/p>\n<p data-index=\"20\">Klaus Iohannis avea de onorat multe promisiuni din campania electoral\u0103: \u201eRog Parlamentul s\u0103 ia \u00een discu\u0163ie toate solicit\u0103rile venite din partea justi\u0163iei \u015fi s\u0103 le \u00eencuviin\u0163eze pe toate.\u201d<\/p>\n<p data-index=\"21\">Dup\u0103 dou\u0103 luni de la \u00eenvestirea pre\u015fedintelui, ale\u015fii au uitat de promisiunea de a vota \u00een favoarea cererilor Justi\u0163iei. Votul de ridicare a imunit\u0103\u0163ii a fost negativ pentru mai multe solicit\u0103ri. Printre ele, cea pentru Victor Ponta. Pre\u015fedintele a taxat acest lucru \u00een primul s\u0103u bilan\u0163, la o sut\u0103 de zile de la preluarea mandatului.<\/p>\n<p data-index=\"22\">\u201e<span>Cea mai mare restan\u0163\u0103 r\u0103m\u00e2ne modul \u00een care Parlamentul continu\u0103 s\u0103 trateze cererile Justi\u021biei\u201d, a declarat pre\u0219edintele.<\/span><\/p>\n<p data-index=\"23\">Un alt proiect preziden\u0163ial, revizuirea Constitu\u0163iei, a fost \u015fi el dat uit\u0103rii. Pre\u015fedintele a reu\u015fit \u00een schimb, dup\u0103 mai multe runde de consult\u0103ri, s\u0103 conving\u0103 partidele s\u0103 adopte noi legi electorale. Primarii vor fi ale\u015fi dintr-un singur tur de scrutin, iar uninominalul la alegerile parlamentare a fost \u00eenlocuit cu scrutinul propor\u0163ional, pe liste.<\/p>\n<p data-index=\"24\">Un alt angajament, legea votului prin coresponden\u0163\u0103, a trecut de Parlament \u00eentr-o form\u0103 mult diferit\u0103 fa\u0163\u0103 de ce a\u015ftept\u0103rile societ\u0103\u0163ii civile. Legea urmeaz\u0103 s\u0103 se aplice doar la alegerile parlamentare, nu \u015fi la celelalte scrutine. Pre\u015fedintele s-a mul\u0163umit cu at\u00e2t \u015fi a promulgat actul normativ. <\/p>\n<p data-index=\"25\">Au fost \u00eens\u0103 \u015fi multe situa\u0163ii \u00een care Klaus Iohannis a refuzat s\u0103 promulge mai multe proiecte importante. Printre ele, legea care acord\u0103 pensii speciale ale\u015filor sau o prim\u0103 variant\u0103 a Codului Fiscal.<\/p>\n<p data-index=\"26\">\u201e<span>Nu promulg legi care \u00eencalc\u0103 principii constitu\u0163ionale sau care au lacune juridice\u201d, a argumentat Klaus Iohannis.<\/span><\/p>\n<p data-index=\"27\">Pe l\u00e2ng\u0103 reformarea Parlamentului, pre\u015fedintele \u015fi-a dorit s\u0103 aib\u0103 \u00een premier\u0103 un partener de dialog. I-a cerut lui Victor Ponta de mai multe ori demisia, chiar dac\u0103, institu\u0163ional vorbind, rela\u0163ia dintre cei doi a fost mai bun\u0103 dec\u00e2t cea dintre fostul lider PSD \u015fi Traian B\u0103sescu.<\/p>\n<p data-index=\"28\">Din momentul \u00een care pe numele prim-ministrului a \u00eenceput urm\u0103rirea penal\u0103, Klaus Iohannis a fost tran\u015fant. <\/p>\n<p data-index=\"29\">Klaus Iohannis: \u201eSolicit demisia premierului Victor Ponta.\u201d<\/p>\n<p data-index=\"30\">Victor Ponta: \u201eS\u0103 fim mai pu\u0163in ipocri\u0163i.\u201d <\/p>\n<p data-index=\"31\">Demisia lui Victor Ponta a venit la \u00eenceputul lunii noiembrie. Klaus Iohannis a fost pentru prima dat\u0103 \u00een situa\u0163ia de a desemna un premier.<\/p>\n<p data-index=\"32\">\u00cenainte de luarea deciziei, pre\u015fedintele s-a consultat cu toate partidele \u015fi a chemat la discu\u0163ii societatea civil\u0103.<\/p>\n<p data-index=\"33\">Primele consult\u0103ri nu au dus la o decizie \u00een privin\u0163a premierului. \u00cenainte de a vorbi din nou cu politicienii, Klaus Iohannis a mers \u00een Pia\u0163a Universit\u0103\u0163ii. Cu \u015fapc\u0103 pe cap \u015fi flancat de agen\u0163ii Serviciului de Protec\u0163ie \u015fi Paz\u0103, \u015feful statului a p\u0103\u015fit timid printre demonstran\u0163i.<\/p>\n<p data-index=\"34\">\u015eeful statului a avut \u015fi contestatari \u00een pia\u0163\u0103. \u201eAjung imediat \u015fi la voi cu ru\u015fine\u201d, le-a spus pre\u0219edintelor celro care scandau \u201eRu\u0219ine!\u201d.<\/p>\n<p data-index=\"35\">\u00cen cea de-a dou\u0103 rund\u0103 de consult\u0103ri, social-democra\u0163ii au fost singurii care au propus un premier, pe Liviu Voinea. Pre\u015fedintele s-a folosit de prerogativele sale \u00eens\u0103 \u015fi a nominalizat el premierul.<\/p>\n<p data-index=\"36\">\u201e\u00cel desemnez pentru func\u0163ia de prim ministru al Rom\u00e2niei pe domnul Dacin Ciolo\u015f\u201d, a anun\u021bat Klaus Iohannis.<\/p>\n<p data-index=\"37\">1 decembrie l-a g\u0103sit pe Klaus Iohannis cu un guvern prieten instalat la Palatul Victoria. Atmosfera ap\u0103s\u0103toare generat\u0103 de tragedia din Colectiv \u015fi atentatele teroriste de la Paris l-au determinat \u00eens\u0103 pe seful statului s\u0103 dea un mesaj sobru na\u0163iunii \u015fi s\u0103 nu mai \u0163in\u0103 tradi\u0163ionala recep\u0163ie de seara, de la Palatul Cotroceni.<\/p>\n<p data-index=\"38\">Klaus Iohannis: \u201eDragi rom\u00e2ni, am ales anul acesta o celebrare mai pu\u021bin fastuoas\u0103 \u0219i mai mult ancorat\u0103 \u00een realitate.\u201d<\/p>\n<p data-index=\"39\">Pe plan extern, \u015feful statului a f\u0103cut mai multe vizite de stat strategice. A discutat cu to\u0163i oficialii de la Bruxelles, a mers la Paris \u015fi Berlin, unde a militat pentru aderarea Rom\u00e2niei la spa\u0163iul Schengen. Speran\u0163a sa era aderarea, cu grani\u0163ele aeriene \u015fi maritime, \u00eenc\u0103 de anul acesta. Francezii ne-au promis sprijin necondi\u0163ionat. Angela Merkel a fost ceva mai rezervat\u0103. P\u00e2n\u0103 la urm\u0103, Rom\u00e2nia nu a \u00eenregistrat mari progrese \u00een aceast\u0103 zon\u0103.<\/p>\n<p data-index=\"40\">\u015eeful statului a vizitat \u015fi Polonia, ca s\u0103 discute despre \u00eent\u0103rirea flancului estic \u00een fa\u0163a conflictelor dintre Rusia \u015fi Ucraina.<\/p>\n<p data-index=\"41\">Cea mai lung\u0103 vizit\u0103 a fost la lucr\u0103rile ONU de la New York, unde s-a v\u0103zut cu vicepre\u015fedintele SUA, Joe Biden. Nu a avut \u00eens\u0103 o \u00eentrevedere cu Barack Obama. Cei doi s-au v\u0103zut doar la recep\u0163ia oferit\u0103 de pre\u015fedintele Statelor Unite.<\/p>\n<p data-index=\"42\">Vizita \u00een Statele Unite s-a \u00eencheiat totu\u015fi cu un rezultat concret pentru Rom\u00e2nia: un ambasador la Bucure\u015fti. Vizita \u00een Polonia s-a soldat \u015fi ea cu un rezultat palpabil. Rom\u00e2nia a organizat, c\u00e2teva luni mai t\u00e2rziu, un summit regional NATO, la care au participat statele din Europa Central\u0103 \u015fi de Est.<\/p>\n<\/div>\n<p> Source URL: https:\/\/www.digi24.ro\/stiri\/actualitate\/politica\/klaus-iohannis-la-un-an-de-mandat-cea-mai-tragica-lectie-a-lui-2015-se-numeste-colectiv-concluzia-coruptia-ucide-467911<\/p>\n","protected":false},"excerpt":{"rendered":"<p>Principalele declara\u021bii ale lui Klaus Iohannis \u00een Parlament: Am dorit ca 2015 s\u0103 fie anul rec\u00e2\u0219tig\u0103rii normalit\u0103\u021bii \u00een plan interior \u0219i \u00een plan exterior.\u00a0 \u00cen plan intern, am dorit un alt mod de a face politic\u0103, f\u0103r\u0103 scandal \u0219i cu seriozitate. Am considerat c\u0103 acest lucru trebuie s\u0103 \u00eenceap\u0103 cu pre\u0219edintele, care s\u0103 fie un [&hellip;]<\/p>\n","protected":false},"author":1,"featured_media":170156,"comment_status":"open","ping_status":"","sticky":false,"template":"","format":"standard","meta":{"footnotes":""},"categories":[2],"tags":[11],"class_list":["post-170155","post","type-post","status-publish","format-standard","has-post-thumbnail","hentry","category-politics","tag-digi24"],"_links":{"self":[{"href":"https:\/\/analyse.optim.biz\/index.php?rest_route=\/wp\/v2\/posts\/170155","targetHints":{"allow":["GET"]}}],"collection":[{"href":"https:\/\/analyse.optim.biz\/index.php?rest_route=\/wp\/v2\/posts"}],"about":[{"href":"https:\/\/analyse.optim.biz\/index.php?rest_route=\/wp\/v2\/types\/post"}],"author":[{"embeddable":true,"href":"https:\/\/analyse.optim.biz\/index.php?rest_route=\/wp\/v2\/users\/1"}],"replies":[{"embeddable":true,"href":"https:\/\/analyse.optim.biz\/index.php?rest_route=%2Fwp%2Fv2%2Fcomments&post=170155"}],"version-history":[{"count":0,"href":"https:\/\/analyse.optim.biz\/index.php?rest_route=\/wp\/v2\/posts\/170155\/revisions"}],"wp:featuredmedia":[{"embeddable":true,"href":"https:\/\/analyse.optim.biz\/index.php?rest_route=\/wp\/v2\/media\/170156"}],"wp:attachment":[{"href":"https:\/\/analyse.optim.biz\/index.php?rest_route=%2Fwp%2Fv2%2Fmedia&parent=170155"}],"wp:term":[{"taxonomy":"category","embeddable":true,"href":"https:\/\/analyse.optim.biz\/index.php?rest_route=%2Fwp%2Fv2%2Fcategories&post=170155"},{"taxonomy":"post_tag","embeddable":true,"href":"https:\/\/analyse.optim.biz\/index.php?rest_route=%2Fwp%2Fv2%2Ftags&post=170155"}],"curies":[{"name":"wp","href":"https:\/\/api.w.org\/{rel}","templated":true}]}}