{"id":1700884,"date":"2026-02-01T04:30:01","date_gmt":"2026-02-01T01:30:01","guid":{"rendered":"https:\/\/analyse.optim.biz\/?p=1700884"},"modified":"2026-02-01T04:30:01","modified_gmt":"2026-02-01T01:30:01","slug":"canciller-historia-del-templo-del-heavy-al-que-silenciaron-con-un-muro-de-la-verguenza","status":"publish","type":"post","link":"https:\/\/analyse.optim.biz\/?p=1700884","title":{"rendered":"Canciller: historia del templo del heavy al que silenciaron con un muro de la verg\u00fcenza"},"content":{"rendered":"<article id=\"main-content\" class=\"a _g _g-lg _g-o\">\n<header class=\"a_e _g _g-xs\">\n<div class=\"a_e_txt _df\">\n<div class=\"a_k _df\"><a class=\"a_k_n\" href=\"https:\/\/elpais.com\/noticias\/salas-conciertos\/\">SALAS DE CONCIERTOS<\/a><\/div>\n<h1 class=\"a_t\">Canciller: historia del templo del heavy al que silenciaron con un muro de la verg\u00fcenza<\/h1>\n<p class=\"a_st\">El lugar de reuni\u00f3n de rockeros en los ochenta y noventa, que celebr\u00f3 conciertos hist\u00f3ricos, termin\u00f3 de la peor forma. Un documental cuenta ahora los pormenores de lo sucedido en la discoteca madrile\u00f1a <\/p>\n<\/div>\n<div class=\"a_e_m\">\n<figure class=\"a_m a_m-h \"><span class=\"a_m_w _db\"><img fetchpriority=\"high\" decoding=\"async\" class=\"_re  a_m-h\" height=\"280\" width=\"414\" src=\"https:\/\/analyse.optim.biz\/wp-content\/uploads\/2026\/02\/pqysglfaijckdge6quukkfawdm-1.jpg\" loading=\"eager\" title=\"pqysglfaijckdge6quukkfawdm-1\"><\/span><figcaption class=\"a_m_p\" aria-hidden=\"true\"><span>Barricada, actuando en Canciller el 8 de febrero de 1985 en la gira de presentaci\u00f3n del disco &#8216;Barrio conflictivo&#8217;. <\/span><span class=\"a_m_m\">Archivo Canciller\/Cedida<\/span><\/figcaption><\/figure>\n<\/div>\n<\/header>\n<div class=\"a_md _g _g-xs \">\n<figure class=\"a_md_i a_m-h c_m--nf\"><span class=\"a_m_w _db\"><img decoding=\"async\" alt=\"Carlos Marcos\" class=\"_re lazyload a_m-h\" height=\"100\" width=\"100\" src=\"https:\/\/analyse.optim.biz\/wp-content\/uploads\/2026\/02\/https3a2f2fs3-amazonaws-com2farc-authors2fprisa2f19d07a27-6efe-4aed-84da-92a8699499e7.jpg\" loading=\"lazy\" title=\"https3a2f2fs3-amazonaws-com2farc-authors2fprisa2f19d07a27-6efe-4aed-84da-92a8699499e7\"><\/span><\/figure>\n<div class=\"a_md_txt\">\n<div class=\"a_md_a\" data-dtm-region=\"articulo_firma\"><a href=\"https:\/\/elpais.com\/autor\/carlos-marcos\/#?rel=author_top\" title=\"Ver todas las noticias de Carlos Marcos\" class=\"a_md_a_n\">Carlos Marcos<\/a><\/div>\n<div class=\"a_md_f\"><span>Madrid &#8211; <a href=\"https:\/\/elpais.com\/hemeroteca\/2026-02-01\/\" data-date=\"2026-02-01T05:30:01+01:00\"><time data-date=\"2026-02-01T05:30:01+01:00\" datetime=\"2026-02-01T05:30:01+01:00\" id=\"article_date_p\">01 feb 2026 &#8211; 05:30<abbr title=\"Central European Time\">CET<\/abbr><\/time><\/a><\/span><\/div>\n<div class=\"w_rs\" data-dtm-region=\"articulo_botonera-social\">\n<div class=\"w_rs_i\"><a class=\"_btn hidden\" href=\"\/\/send?text=Canciller%3A%20historia%20del%20templo%20del%20heavy%20al%20que%20silenciaron%20con%20un%20muro%20de%20la%20verg%C3%BCenza%0D%0A%0D%0Ahttps%3A%2F%2Felpais.com%2Fcultura%2F2026-02-01%2Fcanciller-historia-del-templo-del-heavy-al-que-silenciaron-con-el-muro-de-la-verguenza.html%3Fssm=whatsapp_CC\" data-action=\"share\/whatsapp\/share\" data-param-description=\"Canciller: historia del templo del heavy al que silenciaron con un muro de la verg\u00fcenza\" data-param-href=\"https:\/\/elpais.com\/cultura\/2026-02-01\/canciller-historia-del-templo-del-heavy-al-que-silenciaron-con-el-muro-de-la-verguenza.html\" data-param-text=\"Canciller: historia del templo del heavy al que silenciaron con un muro de la verg\u00fcenza https:\/\/elpais.com\/cultura\/2026-02-01\/canciller-historia-del-templo-del-heavy-al-que-silenciaron-con-el-muro-de-la-verguenza.html\" data-param-url=\"https:\/\/elpais.com\/cultura\/2026-02-01\/canciller-historia-del-templo-del-heavy-al-que-silenciaron-con-el-muro-de-la-verguenza.html\" target=\"_blank\" rel=\"noopener noreferrer\" data-share-track-dtm=\"whatsapp\" id=\"btn_share_whatsapp_220\"><span class=\"_sr\">Compartir en Whatsapp<\/span><\/a><\/div>\n<div class=\"w_rs_i\"><a class=\"_btn \" href=\"https:\/\/www.facebook.com\/dialog\/share?display=popup&amp;app_id=94039431626&amp;href=https%3A%2F%2Felpais.com%2Fcultura%2F2026-02-01%2Fcanciller-historia-del-templo-del-heavy-al-que-silenciaron-con-el-muro-de-la-verguenza.html%3Fssm=FB_CC&amp;quote=Canciller%3A%20historia%20del%20templo%20del%20heavy%20al%20que%20silenciaron%20con%20un%20muro%20de%20la%20verg%C3%BCenza\" data-param-app_id=\"94039431626\" data-param-description=\"Canciller: historia del templo del heavy al que silenciaron con un muro de la verg\u00fcenza\" data-param-href=\"https:\/\/elpais.com\/cultura\/2026-02-01\/canciller-historia-del-templo-del-heavy-al-que-silenciaron-con-el-muro-de-la-verguenza.html\" data-param-text=\"Canciller: historia del templo del heavy al que silenciaron con un muro de la verg\u00fcenza\" data-param-url=\"https:\/\/elpais.com\/cultura\/2026-02-01\/canciller-historia-del-templo-del-heavy-al-que-silenciaron-con-el-muro-de-la-verguenza.html\" target=\"_blank\" rel=\"noopener noreferrer\" data-share-track-dtm=\"facebook\" id=\"btn_share_facebook_220\"><span class=\"_sr\">Compartir en Facebook<\/span><\/a><\/div>\n<div class=\"w_rs_i\"><a class=\"_btn \" href=\"https:\/\/twitter.com\/intent\/tweet?url=https%3A%2F%2Felpais.com%2Fcultura%2F2026-02-01%2Fcanciller-historia-del-templo-del-heavy-al-que-silenciaron-con-el-muro-de-la-verguenza.html%3Fssm=TW_CC&amp;text=Canciller%3A%20historia%20del%20templo%20del%20heavy%20al%20que%20silenciaron%20con%20un%20muro%20de%20la%20verg%C3%BCenza&amp;via=el_pais&amp;lang=es\" data-param-description=\"Canciller: historia del templo del heavy al que silenciaron con un muro de la verg\u00fcenza\" data-param-href=\"https:\/\/elpais.com\/cultura\/2026-02-01\/canciller-historia-del-templo-del-heavy-al-que-silenciaron-con-el-muro-de-la-verguenza.html\" data-param-text=\"Canciller: historia del templo del heavy al que silenciaron con un muro de la verg\u00fcenza via @el_pais\" data-param-url=\"https:\/\/elpais.com\/cultura\/2026-02-01\/canciller-historia-del-templo-del-heavy-al-que-silenciaron-con-el-muro-de-la-verguenza.html\" target=\"_blank\" rel=\"noopener noreferrer\" data-share-track-dtm=\"twitter\" id=\"btn_share_twitter_220\"><span class=\"_sr\">Compartir en Twitter<\/span><\/a><\/div>\n<div class=\"w_rs_i\"><a class=\"_btn \" href=\"https:\/\/bsky.app\/intent\/compose?text=https%3A%2F%2Felpais.com%2Fcultura%2F2026-02-01%2Fcanciller-historia-del-templo-del-heavy-al-que-silenciaron-con-el-muro-de-la-verguenza.html%3Fssm=bsky_CC\" data-param-description=\"Canciller: historia del templo del heavy al que silenciaron con un muro de la verg\u00fcenza\" data-param-href=\"https:\/\/elpais.com\/cultura\/2026-02-01\/canciller-historia-del-templo-del-heavy-al-que-silenciaron-con-el-muro-de-la-verguenza.html\" data-param-text=\"Canciller: historia del templo del heavy al que silenciaron con un muro de la verg\u00fcenza\" data-param-url=\"https:\/\/elpais.com\/cultura\/2026-02-01\/canciller-historia-del-templo-del-heavy-al-que-silenciaron-con-el-muro-de-la-verguenza.html\" target=\"_blank\" rel=\"noopener noreferrer\" data-share-track-dtm=\"bluesky\" id=\"btn_share_bluesky_220\"><span class=\"_sr\">Compartir en Bluesky<\/span><\/a><\/div>\n<div class=\"w_rs_i\"><a class=\"_btn \" href=\"https:\/\/www.linkedin.com\/sharing\/share-offsite\/?url=https%3A%2F%2Felpais.com%2Fcultura%2F2026-02-01%2Fcanciller-historia-del-templo-del-heavy-al-que-silenciaron-con-el-muro-de-la-verguenza.html%3Fssm=LK_CC\" data-param-description=\"Canciller: historia del templo del heavy al que silenciaron con un muro de la verg\u00fcenza\" data-param-href=\"https:\/\/elpais.com\/cultura\/2026-02-01\/canciller-historia-del-templo-del-heavy-al-que-silenciaron-con-el-muro-de-la-verguenza.html\" data-param-text=\"Canciller: historia del templo del heavy al que silenciaron con un muro de la verg\u00fcenza\" data-param-url=\"https:\/\/elpais.com\/cultura\/2026-02-01\/canciller-historia-del-templo-del-heavy-al-que-silenciaron-con-el-muro-de-la-verguenza.html\" target=\"_blank\" rel=\"noopener noreferrer\" data-share-track-dtm=\"linkedin\" id=\"btn_share_linkedin_220\"><span class=\"_sr\">Compartir en Linkedin<\/span><\/a><\/div>\n<div class=\"w_rs_i\"><a class=\"_btn rs_l\" href=\"https:\/\/elpais.com\/cultura\/2026-02-01\/canciller-historia-del-templo-del-heavy-al-que-silenciaron-con-el-muro-de-la-verguenza.html#?prm=copy_link\" data-share-track-dtm=\"copiar_url\" id=\"btn_share_link_20\"><span class=\"_sr\">Copiar enlace<\/span><\/a><\/div>\n<div class=\"w_rs_i\"><a class=\"_btn rs_c\" href=\"https:\/\/elpais.com\/cultura\/2026-02-01\/canciller-historia-del-templo-del-heavy-al-que-silenciaron-con-el-muro-de-la-verguenza.html#comments_container\" aria-expanded=\"false\" aria-controls=\"me-c\" data-share-track-dtm=\"eskup\" id=\"btn_share_comments_20\"><span class=\"_sr\">Ir a los comentarios<\/span><\/a><\/div>\n<\/div>\n<\/div>\n<\/div>\n<div class=\"a_c clearfix\" data-dtm-region=\"articulo_cuerpo\">\n<p class>El que lo vivi\u00f3 sabr\u00e1 de qu\u00e9 va el asunto: se descend\u00eda por unas escaleras y all\u00ed estaban una pantalla gigante proyectando un v\u00eddeo de Iron Maiden (por decir uno de los cl\u00e1sicos) <a href=\"https:\/\/www.youtube.com\/watch?v=X4bgXH3sJ2Q&amp;list=RDX4bgXH3sJ2Q&amp;start_radio=1\" target=\"_self\" rel title=\"https:\/\/www.youtube.com\/watch?v=X4bgXH3sJ2Q&amp;list=RDX4bgXH3sJ2Q&amp;start_radio=1\">interpretando <i>The Trooper<\/i><\/a> y cientos de heavies en la pista de baile zarandeando la melena con su guitarra imaginaria, dale que te pego, ejecutando punteos. Algunos mostraban una destreza que hoy triunfar\u00eda en la viralidad. Unas luces alucinantes y hasta humo elev\u00e1ndose por los laterales. La sala Canciller, el Canci, el Disney World de los rockeros. Se cog\u00eda la l\u00ednea 5 del metro madrile\u00f1o hasta El Carmen, una parada en un supermercado para aprovisionarse de litronas (envase de cristal) y, con el \u00faltimo sorbo, ya se acced\u00eda a la puerta, en Alcalde L\u00f3pez Casero, n\u00famero 15. Entrada: \u201c500 pesetas con pelotazo\u201d. Llegaban autobuses de muchas partes de Espa\u00f1a: rockeros atra\u00eddos por una discoteca que vivi\u00f3 en sus once a\u00f1os de existencia (de 1984 a 1995) 176 conciertos. Pero la fiesta acab\u00f3 mal. Una triple alianza se llev\u00f3 por delante Canciller: los vecinos del inmueble que resid\u00edan encima, un concejal de distrito cuyos gustos distaban mucho del rock y el cura de la parroquia de la zona. Una historia con mucho de la Espa\u00f1a de entonces, que se parece en algo a la de ahora, y con un indigno muro que figura entre los grandes disparates municipales de la capital. Un documental, <a href=\"https:\/\/www.youtube.com\/watch?v=HIsE1q131aM\" target=\"_self\" rel title=\"https:\/\/www.youtube.com\/watch?v=HIsE1q131aM\"><i>Canciller. El templo del rock<\/i><\/a><a href=\"https:\/\/www.instagram.com\/salacanciller\/\" target=\"_self\" rel title=\"https:\/\/www.instagram.com\/salacanciller\/\">(con pases regulares y coloquio al final de la proyecci\u00f3n),<\/a> cuenta ahora los pormenores de lo sucedido.<\/p>\n<p class>Juan Antonio Rodr\u00edguez, due\u00f1o de Canciller, tiene hoy 78 a\u00f1os. \u00c9l y su sobrino, S\u00f3crates P\u00e9rez, 65 a\u00f1os, gerente de la discoteca, atienden a EL PA\u00cdS en una peque\u00f1a oficina que todav\u00eda conservan en la c\u00e9ntrica calle Montera de Madrid. Ya est\u00e1n jubilados y utilizan este espacio para archivar el papeleo y los recuerdos de la \u00e9poca. En las paredes cuelgan carteles, fotos y muchas entradas de conciertos: Saxon, Nina Hagen, Black Crowes, Extremoduro, <a href=\"https:\/\/elpais.com\/cultura\/2024-02-25\/obus-gloria-declive-y-orgullo-del-ariete-del-heavy-espanol-que-reino-en-los-barrios.html\" target=\"_self\" rel title=\"https:\/\/elpais.com\/cultura\/2024-02-25\/obus-gloria-declive-y-orgullo-del-ariete-del-heavy-espanol-que-reino-en-los-barrios.html\">Ob\u00fas<\/a>, Ramones, Iron Maiden\u2026 Todos actuaron en Canciller.<\/p>\n<figure class=\"a_m a_m-h \"><span class=\"_db a_m_w _pr lb_btn\"><img decoding=\"async\" class=\"_re lazyload a_m-h\" height=\"276\" width=\"414\" src=\"https:\/\/analyse.optim.biz\/wp-content\/uploads\/2026\/02\/u4fkfbxdpjaflbct3y43746xlu.jpg\" loading=\"lazy\" title=\"u4fkfbxdpjaflbct3y43746xlu\"><\/span><figcaption class=\"a_m_p\" aria-hidden=\"true\"><span>S\u00f3crates P\u00e9rez, gerente de Canciller, y su t\u00edo, Juan Antonio Rodr\u00edguez, propietario de Canciller, posan en Madrid el pasado 12 de enero con el cartel del documental que cuenta la historia del local.<\/span><span class=\"a_m_m\">Pablo Monge<\/span><\/figcaption><\/figure>\n<p class>Han pasado 30 a\u00f1os desde la desaparici\u00f3n de la sala y Antonio (como le conoce todo el mundo a Juan Antonio) todav\u00eda se emociona cuando recuerda los episodios que llevaron al cierre del local: \u201cA los heavies los ten\u00edan marginados en las instituciones. No les hac\u00edan caso. Tampoco en los medios de comunicaci\u00f3n grandes. Y eso me herv\u00eda la sangre. Con los a\u00f1os, muchos de nuestros clientes han sido m\u00e9dicos, empresarios o jueces. Lo que pretend\u00edamos con Canciller era ofrecer al heavy un sitio con lo mejor, darle cari\u00f1o, las novedades en v\u00eddeos, un sonido en condiciones\u2026 Y tambi\u00e9n era un negocio, claro. Pero parece que esto no gust\u00f3 a alguna gente poderosa y nos persiguieron hasta destrozarnos\u201d. <\/p>\n<figure class=\"a_m a_m-h \"><span class=\"_db a_m_w _pr lb_btn\"><img decoding=\"async\" class=\"_re lazyload a_m-h\" height=\"275\" width=\"414\" src=\"https:\/\/analyse.optim.biz\/wp-content\/uploads\/2026\/02\/jhoan7ar6vgvvozmm3brwn47ha.jpg\" loading=\"lazy\" title=\"jhoan7ar6vgvvozmm3brwn47ha\"><\/span><figcaption class=\"a_m_p\" aria-hidden=\"true\"><span>Juan Antonio Rodr\u00edguez y S\u00f3crates P\u00e9rez, en 1985, con el cartel de la fiesta del primer aniversario de Canciller. <\/span><span class=\"a_m_m\">Cedida por Canciller<\/span><\/figcaption><\/figure>\n<p class>Vicente Mart\u00edn Ter\u00e1n ha dirigido el documental con una intenci\u00f3n: \u201cReivindicar la figura de Canciller, que qued\u00f3 olvidada frente a Rock-Ola. Canciller dur\u00f3 m\u00e1s del doble que Rock-Ola, ten\u00eda m\u00e1s capacidad [1.800 personas por las 700 del local de la Movida] y se celebraron conciertos m\u00e1s importantes. Canciller fue un referente cultural esencial en Espa\u00f1a no lo suficientemente valorado\u201d, cuenta por tel\u00e9fono. <\/p>\n<p class>Rodr\u00edguez todav\u00eda conserva el acento extreme\u00f1o (naci\u00f3 en Zalamea de la Serena, Badajoz) a pesar de llevar muchos a\u00f1os viviendo en Madrid. Sus padres, labradores, engendraron siete hijos. Rodr\u00edguez lleg\u00f3 a la capital con 16 a\u00f1os, a mediados de los sesenta.Comenz\u00f3 a trabajar de botones en el Banco Peninsular. \u201cEn el colegio no me interesaba jugar al f\u00fatbol como a todos los ni\u00f1os. Yo prefer\u00eda escuchar a Los Brincos, Los Canarios, Lone Star y <a href=\"https:\/\/elpais.com\/cultura\/2024-02-18\/la-extraordinaria-vida-de-mike-kennedy-voz-de-los-bravos-y-genuino-rebelde-hasta-hoy.html\" target=\"_self\" rel title=\"https:\/\/elpais.com\/cultura\/2024-02-18\/la-extraordinaria-vida-de-mike-kennedy-voz-de-los-bravos-y-genuino-rebelde-hasta-hoy.html\">sobre todo a Los Bravos.<\/a> Me enloquec\u00edan\u201d, cuenta y derrocha desde el primer momento un desparpajo y un don de gentes que forman parte de su \u00e9xito como empresario de locales de ocio nocturnos. Ya con 20 a\u00f1os y mientras conservaba su trabajo en el banco, se introdujo en el negocio de la m\u00fasica por el lado de las discotecas. Inaugur\u00f3 una en Loeches (al este de Madrid) llamada Lucky Star; con el dinero que consigui\u00f3 comenz\u00f3 a trabajar en Vic\u00e1lvaro (Madrid), donde viv\u00eda. Dirigi\u00f3 locales como Yedra, Tuc\u00e1n\u2026 Se lanz\u00f3 a organizar conciertos en esos clubes. Primero Manolo Otero, El Fary\u2026 Luego ya bandas de rock como Asfalto. <\/p>\n<figure class=\"a_m a_m-h \"><span class=\"_db a_m_w _pr lb_btn\"><img decoding=\"async\" class=\"_re lazyload a_m-h\" height=\"282\" width=\"414\" src=\"https:\/\/analyse.optim.biz\/wp-content\/uploads\/2026\/02\/wikoch5u3vccth35uen5jtd7f4.jpg\" loading=\"lazy\" title=\"wikoch5u3vccth35uen5jtd7f4\"><\/span><figcaption class=\"a_m_p\" aria-hidden=\"true\"><span>Carlos V\u00e1zquez &#8216;Tibu&#8217; y Salvador Dom\u00ednguez, en un concierto de Banzai en Canciller en marzo de 1987.  <\/span><span class=\"a_m_m\">Archivo Canciller\/Cedida<\/span><\/figcaption><\/figure>\n<p class>Hasta que se hizo con Barrab\u00e1s, discoteca que le traspas\u00f3 el torero <a href=\"https:\/\/elpais.com\/diario\/2011\/10\/25\/madrid\/1319541854_850215.html\" target=\"_self\" rel title=\"https:\/\/elpais.com\/diario\/2011\/10\/25\/madrid\/1319541854_850215.html\">Antonio Chenel <i>Anto\u00f1ete<\/i><\/a>. En Barrab\u00e1s comenz\u00f3 la andadura rockera de Rodr\u00edguez. Con Franco muerto, a finales de los setenta en cada barriada surg\u00edan bandas de rock. \u201cEntramos en <a href=\"https:\/\/elpais.com\/diario\/2009\/02\/22\/necrologicas\/1235257201_850215.html\" target=\"_self\" rel title=\"https:\/\/elpais.com\/diario\/2009\/02\/22\/necrologicas\/1235257201_850215.html\">contacto con Javier G\u00e1lvez, <i>manager<\/i> y promotor de conciertos.<\/a> \u00c9l fue fundamental para empezar a programar rock en Barrab\u00e1s\u201d, cuenta S\u00f3crates, que ya trabajaba con su t\u00edo. Actuar en Barrab\u00e1s se convirti\u00f3 en una aspiraci\u00f3n. Por all\u00ed pasaron Asfalto, Le\u00f1o, Cucharada, Mermelada, Bloque, Mezquita\u2026 Tambi\u00e9n Los Chichos, Los Chunguitos, Bord\u00f3n 4\u2026 \u201cA los heavies les encantaban las letras sobre marginalidad de las rumbas\u201d, cuentan. Pronto el aforo de Barrab\u00e1s (situada en el casco viejo de Vic\u00e1lvaro), de unos 1.200, se les qued\u00f3 peque\u00f1o. Necesitaban algo m\u00e1s amplio y m\u00e1s c\u00e9ntrico. Y apareci\u00f3 Canciller, con capacidad para 1.800 personas. <\/p>\n<p class>\u201cCuando lo cogimos llevaba varios a\u00f1os cerrado. Se llamaba Club Canciller y programaban bailes con orquestas, guateques. Nosotros lo adecentamos, pusimos las torres de luces, un equipo de sonido brutal\u2026 Ten\u00edamos claro que deb\u00eda ser algo espectacular. Nuestro objetivo era que la gente estuviese en la pista como en un concierto y mirando la pantalla de v\u00eddeo\u201d, cuenta S\u00f3crates P\u00e9rez. Compraron una antena parab\u00f3lica y grababan los v\u00eddeos de la MTV, que, por aquel entonces, (Canciller se inaugur\u00f3 el 22 de diciembre de 1984) bull\u00eda con el rock duro y el llamado <i>hair rock<\/i> (rock fuerte mel\u00f3dico interpretado por m\u00fasicos con la melena cardada: Bon Jovi, Europe, <a href=\"https:\/\/elpais.com\/elpais\/2019\/03\/21\/icon\/1553171317_781263.html\" target=\"_self\" rel title=\"https:\/\/elpais.com\/elpais\/2019\/03\/21\/icon\/1553171317_781263.html\">M\u00f6tley Cr\u00fce<\/a>). Canciller cristaliz\u00f3 en un club social especial, lugar de reuni\u00f3n de rockeros m\u00e1s all\u00e1 de los conciertos. \u201cNosotros hac\u00edamos m\u00e1s negocio con la discoteca que con los conciertos\u201d, apuntan los due\u00f1os. <\/p>\n<figure class=\"a_m a_m-h \"><span class=\"_db a_m_w _pr lb_btn\"><img decoding=\"async\" class=\"_re lazyload a_m-h\" height=\"229\" width=\"414\" src=\"https:\/\/analyse.optim.biz\/wp-content\/uploads\/2026\/02\/big5goh4h5bhpc5tbxygr3uhru.jpg\" loading=\"lazy\" title=\"big5goh4h5bhpc5tbxygr3uhru\"><\/span><figcaption class=\"a_m_p\" aria-hidden=\"true\"><span>Un &#8216;collage&#8217; con entradas de conciertos de Canciller. <\/span><\/figcaption><\/figure>\n<p class>Organizaban fiestas: la de carnaval, la del terror, la de San Isidro, la del cumplea\u00f1os del jefe (Antonio)\u2026 Cualquier cosa con tal de tener agitado el negocio. Despachaban hamburguesas, perritos, patatas fritas\u2026 Se jugaba al futbol\u00edn y a las m\u00e1quinas de pinball. All\u00ed se entraba a las 10 de la noche y se sal\u00eda, despu\u00e9s de una noche gloriosa de rock, a las 6 de la madrugada. Acud\u00edan j\u00f3venes del extrarradio de Madrid: Entrev\u00edas, Aluche, Carabanchel, San Blas, Vallecas&#8230; En el documental dejan su testimonio varias mujeres: \u201cQuise reflejar que, a pesar de la fama del heavy como un movimiento exclusivo de hombres, tambi\u00e9n hab\u00eda muchas aficionadas. Ellas me dijeron que nunca se hab\u00edan sentido ni inc\u00f3modas ni violentadas en Canciller. Al contrario. Alguna incluso explic\u00f3 que la incomodidad la hab\u00edan pasado en salas de pop o de pijos\u201d, cuenta el director. <\/p>\n<p class>Los due\u00f1os apuntan que eran estrictos con las drogas. Si ve\u00edan alg\u00fan indicio de trapicheo, actuaban y expulsaban a los implicados. \u201cEso s\u00ed, cuando hab\u00eda conciertos, en los camerinos ni entr\u00e1bamos. Ah\u00ed los m\u00fasicos hac\u00edan lo que quer\u00edan\u201d, apunta Antonio con una sonrisa. Trabajaban unas 60 personas, entre camareros, seguridad, gerencia, animadores\u2026 En un fin de semana pasaban 7.000 clientes. En el documental hablan miembros de Bar\u00f3n Rojo, Ob\u00fas, \u00d1u, Asfalto, Topo, Sangre Azul, Sobredosis, P\u00e1nzer\u2026 Todos apuntan las excelencias del lugar, \u201cel buen sonido\u201d y que no acud\u00edan solo a tocar, sino que se consideraban clientes. \u201cUna sala perfecta para tocar rock\u201d, se\u00f1ala Armando de Castro, guitarrista de Bar\u00f3n Rojo. All\u00ed se registraron discos en directo como <i>No hay ning\u00fan loco,<\/i> de \u00d1u, o <i>Mis amigos est\u00e1n vivos,<\/i> de Topo. <\/p>\n<figure class=\"a_m a_m-h \"><span class=\"_db a_m_w _pr lb_btn\"><img decoding=\"async\" class=\"_re lazyload a_m-h\" height=\"295\" width=\"414\" src=\"https:\/\/analyse.optim.biz\/wp-content\/uploads\/2026\/02\/hsyulhbbwfgzta3zkx7oy25wua.jpg\" loading=\"lazy\" title=\"hsyulhbbwfgzta3zkx7oy25wua\"><\/span><figcaption class=\"a_m_p\" aria-hidden=\"true\"><span>La puerta de Canciller, tapiada con un muro por orden municipal, en febrero de 1995. <\/span><span class=\"a_m_m\">Claudio Alvarez <\/span><\/figcaption><\/figure>\n<p class>Y, entonces, todo se vino abajo. Antonio: \u201cNo hab\u00eda ning\u00fan problema con el ruido, pero a los vecinos no les gustaban las pintas de los heavies. Se aliaron con el concejal del distrito de Ciudad Lineal [Jorge Barbadillo, del PP] y con el padre Ortal Benito, de la parroquia Virgen del Coro, pegada a Canciller. Y nos hundieron\u201d. Los vecinos se reun\u00edan en la iglesia para estudiar estrategias. El 6 de septiembre de 1993 se cerr\u00f3 la sala por orden municipal con una lista de deficiencias: ampliaci\u00f3n de enseres tales como una m\u00e1quina de hielo, m\u00e1quinas de juego e instalaci\u00f3n de sonido&#8230; Los due\u00f1os se defienden: \u201cNos buscaron las cosquillas. Las licencias de todas las discotecas de Madrid se hab\u00edan quedado obsoletas. Imag\u00ednate, en nuestra licencia pon\u00eda que la m\u00fasica deb\u00eda producirse por gramolas. Lo que hicieron fue aferrarse a lo que fuera para cerrarnos\u201d. <\/p>\n<p class>\u201cNo hab\u00eda ning\u00fan tipo de problema de ruido. B\u00e1sicamente, lo que molestaba eran las pintas de la gente\u201d, se\u00f1ala el director del documental. \u201cPara m\u00ed fue injusto el cierre y una faena, porque me quitaron un lugar de reuni\u00f3n donde se escuchaba buena m\u00fasica. Pero para mi madre y otras personas mayores que viv\u00edan en la zona result\u00f3 un alivio. Canciller se abri\u00f3 hace algo m\u00e1s de 40 a\u00f1os. Para los vecinos veteranos de la \u00e9poca, ver a pandas de chicos melenudos vestidos con cinturones de balas y con cazadoras estampadas con la imagen de Ozzy Osbourne demoniaco no era plato de buen gusto. Viv\u00edan un poco asustados\u201d. Una vecina del inmueble cuenta en 1994 a Telemadrid:\u201cTengo que decir a mis amigos que me acompa\u00f1en hasta mi piso porque tengo miedo de ir sola\u201d. <\/p>\n<figure class=\"a_m a_m-h \"><span class=\"_db a_m_w _pr lb_btn\"><img decoding=\"async\" class=\"_re lazyload a_m-h\" height=\"233\" width=\"414\" src=\"https:\/\/analyse.optim.biz\/wp-content\/uploads\/2026\/02\/idzvom5rlrbebbrxwnf7mjdhvy.jpg\" loading=\"lazy\" title=\"idzvom5rlrbebbrxwnf7mjdhvy\"><\/span><figcaption class=\"a_m_p\" aria-hidden=\"true\"><span>Iron Maiden, actuando en Canciller en marzo de 1993. <\/span><span class=\"a_m_m\">Manuel G\u00f3mez Sonseca\/Cedida<\/span><\/figcaption><\/figure>\n<p class>El hecho inaudito fue que, por orden municipal, se levant\u00f3 un muro de ladrillos que ocup\u00f3 toda la puerta. Los due\u00f1os recurrieron el cierre y el juez les dio la raz\u00f3n ateni\u00e9ndose al informe de los inspectores, que revisaron la sala a fondo y no vieron motivo para la clausura. Ya pod\u00edan abrir. El problema: la tapia. \u201cResulta que parte del muro estaba en suelo municipal, en la v\u00eda p\u00fablica. Era del Ayuntamiento, y tuvimos que iniciar otro contencioso. As\u00ed de maquiav\u00e9lico fue todo\u201d, apunta el gerente. El bloque de ladrillos estuvo tapando la entrada de Canciller 535 d\u00edas. Cuando se tir\u00f3, los heavies se llevaban ladrillos de recuerdo. <\/p>\n<p class>\u201cA los pocos d\u00edas de caer el muro, el concejal nos meti\u00f3 otra inspecci\u00f3n. Nos persegu\u00eda. Nos quer\u00eda cerrar otra vez, porque odiaba a los heavies\u201d, concede Rodr\u00edguez, que estuvo pagando 1.300.000 pesetas a fondo perdido (800.000 solo de alquiler del local) mientras Canciller permaneci\u00f3 clausurado. Aqu\u00ed se le saltan las l\u00e1grimas: \u201cUn secretario municipal me dijo: \u2018Antonio, deje ya de batallar, hay un pacto entre el concejal y los vecinos para cerrar la sala. No gaste m\u00e1s dinero y energ\u00edas, por su bien\u201d. Jorge Barbadillo, el concejal del PP de Ciudad Lineal, fue condenado en 2011 por malversaci\u00f3n de fondos p\u00fablicos en la gesti\u00f3n del Campo de las Naciones. La sentencia le conden\u00f3 a un a\u00f1o <a href=\"https:\/\/elpais.com\/elpais\/2011\/02\/15\/actualidad\/1297761432_850215.html\" target=\"_self\" rel title=\"https:\/\/elpais.com\/elpais\/2011\/02\/15\/actualidad\/1297761432_850215.html\">y seis meses de c\u00e1rcel y dos a\u00f1os de inhabilitaci\u00f3n para cargo p\u00fablico,<\/a> seg\u00fan inform\u00f3 EL PA\u00cdS. <\/p>\n<figure class=\"a_m a_m-v \"><span class=\"_db a_m_w\"><img decoding=\"async\" class=\"_re lazyload a_m-v\" height=\"590\" width=\"414\" src=\"https:\/\/analyse.optim.biz\/wp-content\/uploads\/2026\/02\/w27rjxutdrbkjeq7dul5mry444.jpg\" loading=\"lazy\" title=\"w27rjxutdrbkjeq7dul5mry444\"><\/span><figcaption class=\"a_m_p\" aria-hidden=\"true\"><span>Robe Iniesta, en la presentaci\u00f3n del primer disco de Extremoduro en Canciller, el 30 de marzo de 1990.<\/span><span class=\"a_m_m\">Manuel G\u00f3mez Sonseca\/Cedida<\/span><\/figcaption><\/figure>\n<p class>Despu\u00e9s de un a\u00f1o y medio con la discoteca cerrada, el p\u00fablico se hab\u00eda desacostumbrado y se desplaz\u00f3 a otras salas: Canciller perdi\u00f3 a mucha de su clientela. Coincidi\u00f3 con la decadencia del heavy en los noventa. \u201cEntre esas dos cosas y la persecuci\u00f3n del concejal, ya no tuve fuerzas. Me rend\u00ed y decidimos dejarlo. Morir\u00e9 con este dolor\u201d, apunta Antonio Rodr\u00edguez. Canciller cerr\u00f3 el 21 de mayo de 1995, despu\u00e9s de once a\u00f1os. Ya ten\u00edan en marcha Canciller II en el barrio de San Blas, un local que funcion\u00f3 a pleno rendimiento como recinto de conciertos, pero que no tuvo aquella magia del primer Canciller como centro de reuni\u00f3n de rockeros independientemente de los recitales. Esta secuela de Canciller cerr\u00f3 en 1998 con 166 conciertos celebrados.<\/p>\n<p class>Rodr\u00edguez nunca dej\u00f3 su trabajo en el banco: lleg\u00f3 a ser un alto directivo del BBV, hasta que se jubil\u00f3. Hoy recuerda c\u00f3mo en los ochenta sal\u00eda de la sucursal bancaria con la corbata y se la quitaba en el taxi camino de Canciller para no desentonar con los rockeros. Actualmente, aquel espacio de m\u00fasica en libertad que fue Canciller lo ocupa un supermercado. La parroquia sigue intacta. <\/p>\n<\/div>\n<div id=\"me-dis\" class=\"me _pf\">\n<div class=\"me_bg\">\n<div class=\"me-dis _pa _df\">\n<div class=\"me-dis_c\">\n<h2 class=\"me-dis_t\">Tu suscripci\u00f3n se est\u00e1 usando en otro dispositivo<\/h2>\n<p>\u00bfQuieres a\u00f1adir otro usuario a tu suscripci\u00f3n?<\/p>\n<div class=\"me-dis_l\"><a href=\"https:\/\/elpais.com\/suscripciones\/premium\/upgrade\/?utm_source=autopromo&amp;utm_medium=interno&amp;utm_campaign=YYYY_MM_capping_upgrade\" id=\"capping-upgrade\" class=\"btn\">A\u00f1adir usuario<\/a><a href=\"https:\/\/elpais.com\/cultura\/2026-02-01\/canciller-historia-del-templo-del-heavy-al-que-silenciaron-con-el-muro-de-la-verguenza.html\" id=\"capping-continue\" class=\"btn btn-b\">Continuar leyendo aqu\u00ed<\/a><\/div>\n<p>Si contin\u00faas leyendo en este dispositivo, no se podr\u00e1 leer en el otro.<\/p>\n<p class=\"lk\"><a href=\"https:\/\/elpais.com\/cultura\/2026-02-01\/canciller-historia-del-templo-del-heavy-al-que-silenciaron-con-el-muro-de-la-verguenza.html\" id=\"capping-show-more-button\">\u00bfPor qu\u00e9 est\u00e1s viendo esto?<\/a><\/p>\n<p><span class=\"arrow\" id=\"capping-arrow\">Flecha<\/span><\/p>\n<div class=\"me-dis_d\">\n<div class=\"me-dis_d_t\">\n<h2 class=\"enc\">Tu suscripci\u00f3n se est\u00e1 usando en otro dispositivo y solo puedes acceder a EL PA\u00cdS desde un dispositivo a la vez.<\/h2>\n<div class=\"tx\">\n<p>Si quieres compartir tu cuenta, cambia tu suscripci\u00f3n a la modalidad Premium, as\u00ed podr\u00e1s a\u00f1adir otro usuario. Cada uno acceder\u00e1 con su propia cuenta de email, lo que os permitir\u00e1 personalizar vuestra experiencia en EL PA\u00cdS.<\/p>\n<p>\u00bfTienes una suscripci\u00f3n de empresa? Accede <a target=\"_blank\" rel=\"noreferrer\" href=\"https:\/\/elpais.com\/suscripciones\/premium\/upgrade\/\">aqu\u00ed<\/a> para contratar m\u00e1s cuentas.<\/p>\n<p>En el caso de no saber qui\u00e9n est\u00e1 usando tu cuenta, te recomendamos cambiar tu contrase\u00f1a <a target=\"_blank\" rel=\"noreferrer\" href=\"https:\/\/elpais.com\/subscriptions\/#\/forgot-password\">aqu\u00ed.<\/a><\/p>\n<p>Si decides continuar compartiendo tu cuenta, este mensaje se mostrar\u00e1 en tu dispositivo y en el de la otra persona que est\u00e1 usando tu cuenta de forma indefinida, afectando a tu experiencia de lectura. Puedes <a target=\"_blank\" rel=\"noreferrer\" href=\"https:\/\/elpais.com\/suscripciones\/condiciones-generales-servicios\/\">consultar aqu\u00ed los t\u00e9rminos y condiciones de la suscripci\u00f3n digital.<\/a><\/p>\n<\/div>\n<\/div>\n<\/div>\n<\/div>\n<\/div>\n<\/div>\n<\/div>\n<aside class=\"w w-sea\">\n<h2 class=\"w_t\">Sobre la firma<\/h2>\n<div class=\"w_b\">\n<div class=\"_g _g-xs\">\n<figure class=\"w-sea_f a_m-h c_m--nf\"><span class=\"a_m_w _db\"><img decoding=\"async\" alt=\"Carlos Marcos\" class=\"_re lazyload a_m-h\" height=\"100\" width=\"100\" src=\"https:\/\/analyse.optim.biz\/wp-content\/uploads\/2026\/02\/https3a2f2fs3-amazonaws-com2farc-authors2fprisa2f19d07a27-6efe-4aed-84da-92a8699499e7.jpg\" loading=\"lazy\" title=\"https3a2f2fs3-amazonaws-com2farc-authors2fprisa2f19d07a27-6efe-4aed-84da-92a8699499e7\"><\/span><\/figure>\n<div class=\"w-sea_txt\">\n<div class=\"_df\">\n<div class=\"w-sea_txt_na\"><a href=\"https:\/\/elpais.com\/autor\/carlos-marcos\/\" rel=\"autor_bottom\">Carlos Marcos<\/a><\/div>\n<\/div>\n<div class=\"w-sea_txt_da _dn\">Redactor de Cultura especializado en m\u00fasica. Empez\u00f3 trabajando en Gu\u00eda del Ocio de Madrid y El Pa\u00eds de las Tentaciones. Redactor jefe de Rolling Stone y Revista 40, coordin\u00f3 cinco a\u00f1os la web de la revista ICON. Es licenciado en Periodismo por la Universidad Complutense de Madrid y M\u00e1ster de Periodismo de EL PA\u00cdS. Vive en Madrid.  <\/div>\n<\/div>\n<\/div>\n<\/div>\n<\/aside>\n<aside class=\"w w-fid\">\n<div class=\"w_b\">\n<div class=\"w-fid_t\"><a href=\"https:\/\/plus.elpais.com\/newsletters\/lnp\/1\/411\">Recibe la informaci\u00f3n y la agenda del mundo del arte en tu correo<\/a><\/div>\n<div class=\"w-fid_s\">\n<div class=\"w_rs\">\n<div class=\"w_rs_i\"><a class=\"_btn\" href=\"https:\/\/facebook.com\/elpais\" rel=\"nofollow\"><span class=\"_sr\">Cultura El Pa\u00eds en Facebook<\/span><\/a><\/div>\n<div class=\"w_rs_i\"><a class=\"_btn\" href=\"https:\/\/www.instagram.com\/el_pais\/\" rel=\"nofollow\"><span class=\"_sr\">Cultura El Pa\u00eds en Instagram<\/span><\/a><\/div>\n<div class=\"w_rs_i\"><a class=\"_btn\" href=\"https:\/\/twitter.com\/el_pais\" rel=\"nofollow\"><span class=\"_sr\">Cultura El Pa\u00eds en Twitter<\/span><\/a><\/div>\n<\/div>\n<\/div>\n<\/div>\n<\/aside>\n<aside class=\"a_com w w-com _df\"><a class=\"a_com_l\" href=\"https:\/\/elpais.com\/info\/normas-de-participacion\/\">Normas \u203a<\/a><\/aside>\n<div class=\"me _pf\" id=\"me-c\">\n<div class=\"me_bg\">\n<div class=\"me-c _pa\" id=\"comments_container\" data-dtm-region=\"articulo_comentarios\">\n<div class=\"me_f me_f-os me_cc\"><a href=\"https:\/\/plus.elpais.com\/perfil\/actividad\/\">Mis comentarios<\/a><a href=\"https:\/\/elpais.com\/info\/normas-de-participacion\/\">Normas<\/a><\/div>\n<div class=\"me_f me_f-ns\"><span class=\"me_f_txt _db\">Rellena tu <b>nombre y apellido<\/b> para comentar<\/span><a href=\"https:\/\/plus.elpais.com\/autorization.html\/?prod=COM&amp;backURL=https%3A%2F%2Felpais.com%2Fcultura%2F2026-02-01%2Fcanciller-historia-del-templo-del-heavy-al-que-silenciaron-con-el-muro-de-la-verguenza.html\" class=\"btn btn-2\">completar datos<\/a><\/div>\n<div class=\"me_f\" id=\"comments_msg\"><a class=\"btn btn-2\" href=\"https:\/\/elpais.com\/suscripciones\/#\/campaign?prod=SUSDIGCRART&amp;o=COM&amp;prm=suscrip_articulo_comentarios_el-pais&amp;backURL=https%3A%2F%2Felpais.com%2Fcultura%2F2026-02-01%2Fcanciller-historia-del-templo-del-heavy-al-que-silenciaron-con-el-muro-de-la-verguenza.html\" id=\"comments_subscribe_link\" data-link-am=\"https:\/\/elpais.com\/suscripciones\/america\/#\/campaign?prod=SUSDIGCRARTAM&amp;o=COMAM&amp;prm=suscrip_articulo_comentarios_el-pais-america&amp;backURL=https%3A%2F%2Felpais.com%2Fcultura%2F2026-02-01%2Fcanciller-historia-del-templo-del-heavy-al-que-silenciaron-con-el-muro-de-la-verguenza.html\" data-link-mx=\"https:\/\/elpais.com\/suscripciones\/america\/#\/campaign?prod=SUSDIGMX&amp;o=COMMX&amp;prm=suscrip_articulo_comentarios_el-pais-mexico&amp;backURL=https%3A%2F%2Felpais.com%2Fcultura%2F2026-02-01%2Fcanciller-historia-del-templo-del-heavy-al-que-silenciaron-con-el-muro-de-la-verguenza.html\" data-link-co=\"https:\/\/elpais.com\/suscripciones\/america\/#\/campaign?prod=SUSDIGCOL&amp;o=COMCOL&amp;prm=suscrip_articulo_comentarios_el-pais_colombia&amp;backURL=https%3A%2F%2Felpais.com%2Fcultura%2F2026-02-01%2Fcanciller-historia-del-templo-del-heavy-al-que-silenciaron-con-el-muro-de-la-verguenza.html\" data-link-ar=\"https:\/\/elpais.com\/suscripciones\/america\/#\/campaign?prod=SUSDIGCRARTAR&amp;o=COMAR&amp;backURL=https%3A%2F%2Felpais.com%2Fcultura%2F2026-02-01%2Fcanciller-historia-del-templo-del-heavy-al-que-silenciaron-con-el-muro-de-la-verguenza.html\" data-link-cl=\"https:\/\/elpais.com\/suscripciones\/america\/#\/campaign?prod=SUSDIGCHILE&amp;o=COMCHILE&amp;backURL=https%3A%2F%2Felpais.com%2Fcultura%2F2026-02-01%2Fcanciller-historia-del-templo-del-heavy-al-que-silenciaron-con-el-muro-de-la-verguenza.html\" data-link-us=\"https:\/\/elpais.com\/suscripciones\/america\/#\/campaign?prod=SUSDIGCRARTEUCAN&amp;o=COMUS&amp;prm=suscrip_articulo_comentarios_el-pais_eucan&amp;backURL=https%3A%2F%2Felpais.com%2Fcultura%2F2026-02-01%2Fcanciller-historia-del-templo-del-heavy-al-que-silenciaron-con-el-muro-de-la-verguenza.html\">Suscr\u00edbete en El Pa\u00eds para participar<\/a><a class=\"btn btn-3\" href=\"https:\/\/elpais.com\/subscriptions\/#\/sign-in?prod=REG&amp;o=COM&amp;prm=login_articulo_comentarios_el-pais&amp;backURL=https%3A%2F%2Felpais.com%2Fcultura%2F2026-02-01%2Fcanciller-historia-del-templo-del-heavy-al-que-silenciaron-con-el-muro-de-la-verguenza.html\" id=\"comments_login_link\" data-link-am=\"https:\/\/elpais.com\/subscriptions\/#\/sign-in?prod=REG&amp;o=COM&amp;prm=login_articulo_comentarios_el-pais-america&amp;backURL=https%3A%2F%2Felpais.com%2Fcultura%2F2026-02-01%2Fcanciller-historia-del-templo-del-heavy-al-que-silenciaron-con-el-muro-de-la-verguenza.html\" data-link-mx=\"https:\/\/elpais.com\/subscriptions\/#\/sign-in?prod=REG&amp;o=COM&amp;prm=login_articulo_comentarios_el-pais-mexico&amp;backURL=https%3A%2F%2Felpais.com%2Fcultura%2F2026-02-01%2Fcanciller-historia-del-templo-del-heavy-al-que-silenciaron-con-el-muro-de-la-verguenza.html\" data-link-co=\"https:\/\/elpais.com\/subscriptions\/#\/sign-in?prod=REG&amp;o=COM&amp;backURL=https%3A%2F%2Felpais.com%2Fcultura%2F2026-02-01%2Fcanciller-historia-del-templo-del-heavy-al-que-silenciaron-con-el-muro-de-la-verguenza.html\" data-link-ar=\"https:\/\/elpais.com\/subscriptions\/#\/sign-in?prod=REG&amp;o=COM&amp;backURL=https%3A%2F%2Felpais.com%2Fcultura%2F2026-02-01%2Fcanciller-historia-del-templo-del-heavy-al-que-silenciaron-con-el-muro-de-la-verguenza.html\" data-link-cl=\"https:\/\/elpais.com\/subscriptions\/#\/sign-in?prod=REG&amp;o=COM&amp;backURL=https%3A%2F%2Felpais.com%2Fcultura%2F2026-02-01%2Fcanciller-historia-del-templo-del-heavy-al-que-silenciaron-con-el-muro-de-la-verguenza.html\" data-link-us=\"https:\/\/elpais.com\/subscriptions\/#\/sign-in?prod=REG&amp;o=COM&amp;backURL=https%3A%2F%2Felpais.com%2Fcultura%2F2026-02-01%2Fcanciller-historia-del-templo-del-heavy-al-que-silenciaron-con-el-muro-de-la-verguenza.html\">Ya tengo una suscripci\u00f3n<\/a><\/div>\n<p>Please enable JavaScript to view the &lt;a href=&#8221;https:\/\/disqus.com\/?ref_noscript&#8221; rel=&#8221;nofollow&#8221;&gt; comments powered by Disqus.&lt;\/a&gt;<\/p><\/div>\n<\/div>\n<\/div>\n<aside class=\"w w-rel\" data-dtm-region=\"articulo_mas-informacion\">\n<h2 class=\"w_t\">M\u00e1s informaci\u00f3n<\/h2>\n<ul class=\"w_b _ls\">\n<li class=\"_g _g-xs w-rel_n\">\n<div class=\" a_m-h c_m--nf\"><span class=\"_db _pr\"><img decoding=\"async\" class=\"_re lazyload a_m-h\" height=\"311\" width=\"414\" src=\"https:\/\/analyse.optim.biz\/wp-content\/uploads\/2026\/02\/jsa2qxh4ejefpjxpqye7w6asye.jpg\" loading=\"lazy\" title=\"jsa2qxh4ejefpjxpqye7w6asye\"><\/span><\/div>\n<div class=\"nt\">\n<h3 class=\"nt_t\"><a href=\"https:\/\/elpais.com\/cultura\/2024-05-21\/asi-creo-tony-iommi-el-heavy-metal-con-black-sabbath-esa-es-la-pregunta-de-los-10-millones-de-dolares.html#?rel=mas\">As\u00ed cre\u00f3 Tony Iommi el heavy metal con Black Sabbath: \u201cEsa es la pregunta de los 10 millones de d\u00f3lares\u201d<\/a><\/h3>\n<div class=\"nt_a\"><a href=\"https:\/\/elpais.com\/autor\/carlos-marcos\/\" title=\"Ver todas las noticias de Carlos Marcos\">Carlos Marcos<\/a> | Madrid<\/div>\n<\/div>\n<\/li>\n<li class=\"_g _g-xs w-rel_n\">\n<div class=\" a_m-h c_m--nf\"><span class=\"_db _pr\"><img decoding=\"async\" class=\"_re lazyload a_m-h\" height=\"311\" width=\"414\" src=\"https:\/\/analyse.optim.biz\/wp-content\/uploads\/2026\/02\/6vkhb76rizbhxlxgjqqlrmpwmu.jpg\" loading=\"lazy\" title=\"6vkhb76rizbhxlxgjqqlrmpwmu\"><\/span><\/div>\n<div class=\"nt\">\n<h3 class=\"nt_t\"><a href=\"https:\/\/elpais.com\/cultura\/2020-11-14\/la-vida-fue-cruel-con-azucena-la-diosa-del-heavy-espanol.html#?rel=mas\">La vida fue cruel con Azucena, la diosa del \u2018heavy\u2019 espa\u00f1ol<\/a><\/h3>\n<div class=\"nt_a\"><a href=\"https:\/\/elpais.com\/autor\/carlos-marcos\/\" title=\"Ver todas las noticias de Carlos Marcos\">Carlos Marcos<\/a> | Madrid<\/div>\n<\/div>\n<\/li>\n<\/ul>\n<\/aside>\n<section class=\"w w-ae\" data-dtm-region=\"articulo_archivado-en\">\n<h2 class=\"w_t\">Archivado En<\/h2>\n<div class=\"w_b\">\n<ul class=\"w_ul w_ul--mh _df _ls\">\n<li><a href=\"https:\/\/elpais.com\/noticias\/salas-conciertos\/#?rel=arch\" rel=\"noopener noreferrer\">Salas conciertos<\/a><\/li>\n<li><a href=\"https:\/\/elpais.com\/noticias\/madrid\/#?rel=arch\" rel=\"noopener noreferrer\">Madrid<\/a><\/li>\n<li><a href=\"https:\/\/elpais.com\/noticias\/heavy-metal\/#?rel=arch\" rel=\"noopener noreferrer\">Heavy metal<\/a><\/li>\n<li><a href=\"https:\/\/elpais.com\/noticias\/rock\/#?rel=arch\" rel=\"noopener noreferrer\">Rock<\/a><\/li>\n<li><a href=\"https:\/\/elpais.com\/noticias\/baron-rojo\/#?rel=arch\" rel=\"noopener noreferrer\">Bar\u00f3n Rojo<\/a><\/li>\n<li><a href=\"https:\/\/elpais.com\/noticias\/rosendo\/#?rel=arch\" rel=\"noopener noreferrer\">Rosendo<\/a><\/li>\n<li><a href=\"https:\/\/elpais.com\/noticias\/iron-maiden\/#?rel=arch\" rel=\"noopener noreferrer\">Iron Maiden<\/a><\/li>\n<li><a href=\"https:\/\/elpais.com\/noticias\/obus\/#?rel=arch\" rel=\"noopener noreferrer\">Ob\u00fas<\/a><\/li>\n<li><a href=\"https:\/\/elpais.com\/noticias\/canciones\/#?rel=arch\" rel=\"noopener noreferrer\">Canciones<\/a><\/li>\n<li><a href=\"https:\/\/elpais.com\/noticias\/discos-musica\/#?rel=arch\" rel=\"noopener noreferrer\">Discos m\u00fasica<\/a><\/li>\n<li><a href=\"https:\/\/elpais.com\/noticias\/musica\/#?rel=arch\" rel=\"noopener noreferrer\">M\u00fasica<\/a><\/li>\n<li><a href=\"https:\/\/elpais.com\/noticias\/cultura\/#?rel=arch\" rel=\"noopener noreferrer\">Cultura<\/a><\/li>\n<\/ul>\n<\/div>\n<\/section>\n<aside class=\"a_tp _df\">\n<div class=\"a_tp_txt\"><span class=\"a_tp_t\">Se adhiere a los criterios de<\/span><\/p>\n<figure class=\"a_m a_m-h c_m--nf\"><a class=\"a_tp_i _dib\" href=\"https:\/\/elpais.com\/estaticos\/que-es-the-trust-project\/\" target=\"_blank\" rel=\"noopener noreferrer nofollow\"><img decoding=\"async\" alt=\"The Trust Project\" class=\" lazyload a_m-h\" height=\"20\" width=\"117\" src=\"https:\/\/analyse.optim.biz\/wp-content\/uploads\/2026\/02\/the-trust-project-24.svg\" loading=\"lazy\" title=\"the-trust-project-24\"><\/a><\/figure>\n<p><a class=\"a_tp_mi\" href=\"https:\/\/elpais.com\/estaticos\/codigo-etico\/\" target=\"_blank\" rel=\"noopener noreferrer nofollow\">M\u00e1s informaci\u00f3n<\/a><\/div>\n<div class=\"a_tp_si\">Si est\u00e1 interesado en licenciar este contenido, pinche <a class=\"a_tp_si_l\" href=\"https:\/\/profesional.elpais.com\/soluciones-sindicacion\/?utm_medium=interno&amp;utm_source=crosslinking&amp;utm_campaign=sindicacion_ep_pie_articulos\" target=\"_blank\" rel=\"noopener noreferrer nofollow\">aqu\u00ed<\/a><\/div>\n<\/aside>\n<div class=\"a_o _pr\" data-dtm-region=\"articulo_right-rail\">\n<div id=\"elpais_gpt-MPU1\" data-adtype=\"MPU\" class=\"ad ad-mpu\"><span class=\"_dn\">_<\/span><\/div>\n<section class=\"w w-sc b_col\" data-dtm-region=\"articulo_ultimas-noticias\">\n<header class=\"w_h b_col_h\">\n<h3 class=\"w_t\"><a href=\"https:\/\/elpais.com\/ultimas-noticias\/\" rel=\"story-card-ultimas-noticias\">\u00daltimas noticias<\/a><\/h3>\n<\/header>\n<div class=\"w_b\">\n<article class=\"c  c--m-n   \" data-word=\"0\">\n<header class=\"c_h\"><time datetime=\"2026-02-02T00:56:36+01:00\" class=\"c_da\">00:56<\/time><\/p>\n<h2 class=\"c_t \"><a href=\"https:\/\/elpais.com\/america\/2026-02-01\/la-jornada-electoral-de-costa-rica-en-imagenes.html\">La jornada electoral de Costa Rica, en im\u00e1genes<\/a><\/h2>\n<\/header>\n<\/article>\n<article class=\"c  c--m-n   \" data-word=\"0\">\n<header class=\"c_h\"><time datetime=\"2026-02-02T00:20:29+01:00\" class=\"c_da\">00:20<\/time><\/p>\n<h2 class=\"c_t \"><a href=\"https:\/\/elpais.com\/aniversario\/2026-02-01\/en-el-taller-de-la-opinion-de-juan-gabriel-vasquez-los-fanatismos-politicos-han-destruido-nuestra-realidad-comun.html\">En el taller de la opini\u00f3n de Juan Gabriel V\u00e1squez: \u201cLos fanatismos pol\u00edticos han destruido nuestra realidad com\u00fan\u201d<\/a><\/h2>\n<\/header>\n<\/article>\n<article class=\"c  c--m-n   \" data-word=\"0\">\n<header class=\"c_h\"><time datetime=\"2026-02-01T23:51:47+01:00\" class=\"c_da\">23:51<\/time><\/p>\n<h2 class=\"c_t \"><a href=\"https:\/\/elpais.com\/us\/entretenimiento\/2026-02-01\/premios-grammy-2026-cuando-son-predicciones-y-donde-seguir-la-ceremonia.html\">Premios Grammy 2026: cu\u00e1ndo son, predicciones y d\u00f3nde seguir la ceremonia<\/a><\/h2>\n<\/header>\n<\/article>\n<article class=\"c  c--m-n   \" data-word=\"0\">\n<header class=\"c_h\"><time datetime=\"2026-02-01T23:51:00+01:00\" class=\"c_da\">23:51<\/time><\/p>\n<h2 class=\"c_t \"><a href=\"https:\/\/elpais.com\/us\/entretenimiento\/2026-02-01\/la-lista-de-ganadores-de-los-grammy-2026-principales-premios.html\">La lista de ganadores de los Grammy 2026: principales premios, en vivo<\/a><\/h2>\n<\/header>\n<\/article>\n<\/div>\n<\/section>\n<aside class=\"w w-lmv\" data-dtm-region=\"articulo_lom\">\n<h2 class=\"w_t\"><a href=\"https:\/\/elpais.com\/lo-mas-visto\/\">Lo m\u00e1s visto<\/a><\/h2>\n<div class=\"w_b\">\n<ol class=\"_ls\">\n<li><a href=\"https:\/\/elpais.com\/deportes\/tenis\/2026-02-01\/carlos-alcaraz-novak-djokovic-en-directo-la-final-del-open-de-australia-en-vivo.html#?rel=lom\">As\u00ed te hemos contado la victoria de Carlos Alcaraz en el Open de Australia ante Novak Djokovic<\/a><\/li>\n<li><a href=\"https:\/\/elpais.com\/clima-y-medio-ambiente\/2026-02-01\/deconstruccion-de-la-costa-asi-se-esta-quitando-ya-hormigon-para-dar-mas-espacio-a-las-playas-frente-a-los-temporales.html#?rel=lom\">Deconstrucci\u00f3n de la costa: as\u00ed se est\u00e1 quitando ya hormig\u00f3n para dar m\u00e1s espacio a las playas frente a los temporales<\/a><\/li>\n<li><a href=\"https:\/\/elpais.com\/deportes\/tenis\/2026-01-31\/john-mcenroe-alcaraz-sabe-perfectamente-quien-necesita-a-su-alrededor.html#?rel=lom\">John McEnroe: \u201cAlcaraz sabe perfectamente a qui\u00e9n necesita a su alrededor\u201d<\/a><\/li>\n<li><a href=\"https:\/\/elpais.com\/espana\/2026-01-30\/el-pp-se-niega-a-retirar-la-medalla-de-oro-que-alcantarilla-concedio-a-franco-porque-no-exalta-la-dictadura.html#?rel=lom\">El PP se niega a retirar la Medalla de Oro que Alcantarilla concedi\u00f3 a Franco porque \u201cno exalta la dictadura\u201d<\/a><\/li>\n<li><a href=\"https:\/\/elpais.com\/internacional\/2026-02-01\/cientos-de-mensajes-entre-epstein-y-la-princesa-mette-marit-de-noruega-ponen-a-la-casa-real-en-la-picota-paris-es-bueno-para-el-adulterio.html#?rel=lom\">Cientos de mensajes entre Epstein y la princesa Mette-Marit de Noruega ponen a la casa real en la picota: \u201cPar\u00eds es bueno para el adulterio\u201d<\/a><\/li>\n<\/ol>\n<\/div>\n<\/aside>\n<\/div>\n<\/article>\n<article class=\"c  c--m-n   \" data-word=\"0\">\n<header class=\"c_h\"><time datetime=\"2026-02-02T00:56:36+01:00\" class=\"c_da\">00:56<\/time><\/p>\n<h2 class=\"c_t \"><a href=\"https:\/\/elpais.com\/america\/2026-02-01\/la-jornada-electoral-de-costa-rica-en-imagenes.html\">La jornada electoral de Costa Rica, en im\u00e1genes<\/a><\/h2>\n<\/header>\n<\/article>\n<article class=\"c  c--m-n   \" data-word=\"0\">\n<header class=\"c_h\"><time datetime=\"2026-02-02T00:20:29+01:00\" class=\"c_da\">00:20<\/time><\/p>\n<h2 class=\"c_t \"><a href=\"https:\/\/elpais.com\/aniversario\/2026-02-01\/en-el-taller-de-la-opinion-de-juan-gabriel-vasquez-los-fanatismos-politicos-han-destruido-nuestra-realidad-comun.html\">En el taller de la opini\u00f3n de Juan Gabriel V\u00e1squez: \u201cLos fanatismos pol\u00edticos han destruido nuestra realidad com\u00fan\u201d<\/a><\/h2>\n<\/header>\n<\/article>\n<article class=\"c  c--m-n   \" data-word=\"0\">\n<header class=\"c_h\"><time datetime=\"2026-02-01T23:51:47+01:00\" class=\"c_da\">23:51<\/time><\/p>\n<h2 class=\"c_t \"><a href=\"https:\/\/elpais.com\/us\/entretenimiento\/2026-02-01\/premios-grammy-2026-cuando-son-predicciones-y-donde-seguir-la-ceremonia.html\">Premios Grammy 2026: cu\u00e1ndo son, predicciones y d\u00f3nde seguir la ceremonia<\/a><\/h2>\n<\/header>\n<\/article>\n<article class=\"c  c--m-n   \" data-word=\"0\">\n<header class=\"c_h\"><time datetime=\"2026-02-01T23:51:00+01:00\" class=\"c_da\">23:51<\/time><\/p>\n<h2 class=\"c_t \"><a href=\"https:\/\/elpais.com\/us\/entretenimiento\/2026-02-01\/la-lista-de-ganadores-de-los-grammy-2026-principales-premios.html\">La lista de ganadores de los Grammy 2026: principales premios, en vivo<\/a><\/h2>\n<\/header>\n<\/article>\n<p> Source URL: https:\/\/elpais.com\/cultura\/2026-02-01\/canciller-historia-del-templo-del-heavy-al-que-silenciaron-con-el-muro-de-la-verguenza.html<\/p>\n","protected":false},"excerpt":{"rendered":"<p>SALAS DE CONCIERTOS Canciller: historia del templo del heavy al que silenciaron con un muro de la verg\u00fcenza El lugar de reuni\u00f3n de rockeros en los ochenta y noventa, que celebr\u00f3 conciertos hist\u00f3ricos, termin\u00f3 de la peor forma. Un documental cuenta ahora los pormenores de lo sucedido en la discoteca madrile\u00f1a Barricada, actuando en Canciller [&hellip;]<\/p>\n","protected":false},"author":1,"featured_media":1700885,"comment_status":"open","ping_status":"","sticky":false,"template":"","format":"standard","meta":{"footnotes":""},"categories":[88],"tags":[226,92],"class_list":["post-1700884","post","type-post","status-publish","format-standard","has-post-thumbnail","hentry","category-spain","tag-crawlmanager","tag-elpais-com"],"_links":{"self":[{"href":"https:\/\/analyse.optim.biz\/index.php?rest_route=\/wp\/v2\/posts\/1700884","targetHints":{"allow":["GET"]}}],"collection":[{"href":"https:\/\/analyse.optim.biz\/index.php?rest_route=\/wp\/v2\/posts"}],"about":[{"href":"https:\/\/analyse.optim.biz\/index.php?rest_route=\/wp\/v2\/types\/post"}],"author":[{"embeddable":true,"href":"https:\/\/analyse.optim.biz\/index.php?rest_route=\/wp\/v2\/users\/1"}],"replies":[{"embeddable":true,"href":"https:\/\/analyse.optim.biz\/index.php?rest_route=%2Fwp%2Fv2%2Fcomments&post=1700884"}],"version-history":[{"count":0,"href":"https:\/\/analyse.optim.biz\/index.php?rest_route=\/wp\/v2\/posts\/1700884\/revisions"}],"wp:featuredmedia":[{"embeddable":true,"href":"https:\/\/analyse.optim.biz\/index.php?rest_route=\/wp\/v2\/media\/1700885"}],"wp:attachment":[{"href":"https:\/\/analyse.optim.biz\/index.php?rest_route=%2Fwp%2Fv2%2Fmedia&parent=1700884"}],"wp:term":[{"taxonomy":"category","embeddable":true,"href":"https:\/\/analyse.optim.biz\/index.php?rest_route=%2Fwp%2Fv2%2Fcategories&post=1700884"},{"taxonomy":"post_tag","embeddable":true,"href":"https:\/\/analyse.optim.biz\/index.php?rest_route=%2Fwp%2Fv2%2Ftags&post=1700884"}],"curies":[{"name":"wp","href":"https:\/\/api.w.org\/{rel}","templated":true}]}}