{"id":1700749,"date":"2026-02-01T04:30:01","date_gmt":"2026-02-01T01:30:01","guid":{"rendered":"https:\/\/analyse.optim.biz\/?p=1700749"},"modified":"2026-02-01T04:30:01","modified_gmt":"2026-02-01T01:30:01","slug":"carmen-conesa-soy-mas-de-amantes-y-amores-que-de-parejas","status":"publish","type":"post","link":"https:\/\/analyse.optim.biz\/?p=1700749","title":{"rendered":"Carmen Conesa: \u201cSoy m\u00e1s de amantes y amores que de parejas\u201d"},"content":{"rendered":"<article id=\"main-content\" class=\"a _g _g-lg _g-o\">\n<header class=\"a_e _g _g-xs\">\n<div class=\"a_e_txt _df\">\n<div class=\"a_k _df\"><a class=\"a_k_n\" href=\"https:\/\/elpais.com\/noticias\/actrices\/\">Gente con luz<\/a><\/div>\n<h1 class=\"a_t\">Carmen Conesa: \u201cSoy m\u00e1s de amantes y amores que de parejas\u201d<\/h1>\n<p class=\"a_st\">La actriz, cantante, bailarina y pintora, con 40 a\u00f1os en escena, estrena \u2018El jard\u00edn de los cerezos\u2019 inmediatamente despu\u00e9s de \u2018Cabaret\u2019. Considera su cuerpo un instrumento de trabajo: \u201cLo cuido como un \u2018stradivarius\u201d<\/p>\n<\/div>\n<div class=\"a_e_m\">\n<figure class=\"a_m a_m-h \"><span class=\"a_m_w _db\"><img fetchpriority=\"high\" decoding=\"async\" class=\"_re  a_m-h\" height=\"262\" width=\"414\" src=\"https:\/\/analyse.optim.biz\/wp-content\/uploads\/2026\/02\/a3gafr2g6vf6fhcnniggbvlleq-1.jpg\" loading=\"eager\" title=\"a3gafr2g6vf6fhcnniggbvlleq-1\"><\/span><figcaption class=\"a_m_p\" aria-hidden=\"true\"><span>Carmen Conesa, sin filtros.<\/span><span class=\"a_m_m\">Bernardo P\u00e9rez<\/span><\/figcaption><\/figure>\n<\/div>\n<\/header>\n<div class=\"a_md _g _g-xs \">\n<figure class=\"a_md_i a_m-h c_m--nf\"><span class=\"a_m_w _db\"><img decoding=\"async\" alt=\"Luz S\u00e1nchez-Mellado\" class=\"_re lazyload a_m-h\" height=\"100\" width=\"100\" src=\"https:\/\/analyse.optim.biz\/wp-content\/uploads\/2026\/02\/https3a2f2fs3-amazonaws-com2farc-authors2fprisa2f8fa6d141-6327-4b3a-ba1c-06d47dfc5fb2.jpg\" loading=\"lazy\" title=\"https3a2f2fs3-amazonaws-com2farc-authors2fprisa2f8fa6d141-6327-4b3a-ba1c-06d47dfc5fb2\"><\/span><\/figure>\n<div class=\"a_md_txt\">\n<div class=\"a_md_a\" data-dtm-region=\"articulo_firma\"><a href=\"https:\/\/elpais.com\/autor\/luz-sanchez-mellado\/#?rel=author_top\" title=\"Ver todas las noticias de Luz S\u00e1nchez-Mellado\" class=\"a_md_a_n\">Luz S\u00e1nchez-Mellado<\/a><\/div>\n<div class=\"a_md_f\"><span><a href=\"https:\/\/elpais.com\/hemeroteca\/2026-02-01\/\" data-date=\"2026-02-01T05:30:01+01:00\"><time data-date=\"2026-02-01T05:30:01+01:00\" datetime=\"2026-02-01T05:30:01+01:00\" id=\"article_date_p\">01 feb 2026 &#8211; 05:30<abbr title=\"Central European Time\">CET<\/abbr><\/time><\/a><\/span><\/div>\n<div class=\"w_rs\" data-dtm-region=\"articulo_botonera-social\">\n<div class=\"w_rs_i\"><a class=\"_btn hidden\" href=\"\/\/send?text=Carmen%20Conesa%3A%20%E2%80%9CSoy%20m%C3%A1s%20de%20amantes%20y%20amores%20que%20de%20parejas%E2%80%9D%0D%0A%0D%0Ahttps%3A%2F%2Felpais.com%2Fcultura%2F2026-02-01%2Fcarmen-conesa-soy-mas-de-amantes-y-amores-que-de-parejas.html%3Fssm=whatsapp_CC\" data-action=\"share\/whatsapp\/share\" data-param-description=\"Carmen Conesa: \u201cSoy m\u00e1s de amantes y amores que de parejas\u201d\" data-param-href=\"https:\/\/elpais.com\/cultura\/2026-02-01\/carmen-conesa-soy-mas-de-amantes-y-amores-que-de-parejas.html\" data-param-text=\"Carmen Conesa: \u201cSoy m\u00e1s de amantes y amores que de parejas\u201d https:\/\/elpais.com\/cultura\/2026-02-01\/carmen-conesa-soy-mas-de-amantes-y-amores-que-de-parejas.html\" data-param-url=\"https:\/\/elpais.com\/cultura\/2026-02-01\/carmen-conesa-soy-mas-de-amantes-y-amores-que-de-parejas.html\" target=\"_blank\" rel=\"noopener noreferrer\" data-share-track-dtm=\"whatsapp\" id=\"btn_share_whatsapp_241\"><span class=\"_sr\">Compartir en Whatsapp<\/span><\/a><\/div>\n<div class=\"w_rs_i\"><a class=\"_btn \" href=\"https:\/\/www.facebook.com\/dialog\/share?display=popup&amp;app_id=94039431626&amp;href=https%3A%2F%2Felpais.com%2Fcultura%2F2026-02-01%2Fcarmen-conesa-soy-mas-de-amantes-y-amores-que-de-parejas.html%3Fssm=FB_CC&amp;quote=Carmen%20Conesa%3A%20%E2%80%9CSoy%20m%C3%A1s%20de%20amantes%20y%20amores%20que%20de%20parejas%E2%80%9D\" data-param-app_id=\"94039431626\" data-param-description=\"Carmen Conesa: \u201cSoy m\u00e1s de amantes y amores que de parejas\u201d\" data-param-href=\"https:\/\/elpais.com\/cultura\/2026-02-01\/carmen-conesa-soy-mas-de-amantes-y-amores-que-de-parejas.html\" data-param-text=\"Carmen Conesa: \u201cSoy m\u00e1s de amantes y amores que de parejas\u201d\" data-param-url=\"https:\/\/elpais.com\/cultura\/2026-02-01\/carmen-conesa-soy-mas-de-amantes-y-amores-que-de-parejas.html\" target=\"_blank\" rel=\"noopener noreferrer\" data-share-track-dtm=\"facebook\" id=\"btn_share_facebook_241\"><span class=\"_sr\">Compartir en Facebook<\/span><\/a><\/div>\n<div class=\"w_rs_i\"><a class=\"_btn \" href=\"https:\/\/twitter.com\/intent\/tweet?url=https%3A%2F%2Felpais.com%2Fcultura%2F2026-02-01%2Fcarmen-conesa-soy-mas-de-amantes-y-amores-que-de-parejas.html%3Fssm=TW_CC&amp;text=Carmen%20Conesa%3A%20%E2%80%9CSoy%20m%C3%A1s%20de%20amantes%20y%20amores%20que%20de%20parejas%E2%80%9D&amp;via=el_pais&amp;lang=es\" data-param-description=\"Carmen Conesa: \u201cSoy m\u00e1s de amantes y amores que de parejas\u201d\" data-param-href=\"https:\/\/elpais.com\/cultura\/2026-02-01\/carmen-conesa-soy-mas-de-amantes-y-amores-que-de-parejas.html\" data-param-text=\"Carmen Conesa: \u201cSoy m\u00e1s de amantes y amores que de parejas\u201d via @el_pais\" data-param-url=\"https:\/\/elpais.com\/cultura\/2026-02-01\/carmen-conesa-soy-mas-de-amantes-y-amores-que-de-parejas.html\" target=\"_blank\" rel=\"noopener noreferrer\" data-share-track-dtm=\"twitter\" id=\"btn_share_twitter_241\"><span class=\"_sr\">Compartir en Twitter<\/span><\/a><\/div>\n<div class=\"w_rs_i\"><a class=\"_btn \" href=\"https:\/\/bsky.app\/intent\/compose?text=https%3A%2F%2Felpais.com%2Fcultura%2F2026-02-01%2Fcarmen-conesa-soy-mas-de-amantes-y-amores-que-de-parejas.html%3Fssm=bsky_CC\" data-param-description=\"Carmen Conesa: \u201cSoy m\u00e1s de amantes y amores que de parejas\u201d\" data-param-href=\"https:\/\/elpais.com\/cultura\/2026-02-01\/carmen-conesa-soy-mas-de-amantes-y-amores-que-de-parejas.html\" data-param-text=\"Carmen Conesa: \u201cSoy m\u00e1s de amantes y amores que de parejas\u201d\" data-param-url=\"https:\/\/elpais.com\/cultura\/2026-02-01\/carmen-conesa-soy-mas-de-amantes-y-amores-que-de-parejas.html\" target=\"_blank\" rel=\"noopener noreferrer\" data-share-track-dtm=\"bluesky\" id=\"btn_share_bluesky_241\"><span class=\"_sr\">Compartir en Bluesky<\/span><\/a><\/div>\n<div class=\"w_rs_i\"><a class=\"_btn \" href=\"https:\/\/www.linkedin.com\/sharing\/share-offsite\/?url=https%3A%2F%2Felpais.com%2Fcultura%2F2026-02-01%2Fcarmen-conesa-soy-mas-de-amantes-y-amores-que-de-parejas.html%3Fssm=LK_CC\" data-param-description=\"Carmen Conesa: \u201cSoy m\u00e1s de amantes y amores que de parejas\u201d\" data-param-href=\"https:\/\/elpais.com\/cultura\/2026-02-01\/carmen-conesa-soy-mas-de-amantes-y-amores-que-de-parejas.html\" data-param-text=\"Carmen Conesa: \u201cSoy m\u00e1s de amantes y amores que de parejas\u201d\" data-param-url=\"https:\/\/elpais.com\/cultura\/2026-02-01\/carmen-conesa-soy-mas-de-amantes-y-amores-que-de-parejas.html\" target=\"_blank\" rel=\"noopener noreferrer\" data-share-track-dtm=\"linkedin\" id=\"btn_share_linkedin_241\"><span class=\"_sr\">Compartir en Linkedin<\/span><\/a><\/div>\n<div class=\"w_rs_i\"><a class=\"_btn rs_l\" href=\"https:\/\/elpais.com\/cultura\/2026-02-01\/carmen-conesa-soy-mas-de-amantes-y-amores-que-de-parejas.html#?prm=copy_link\" data-share-track-dtm=\"copiar_url\" id=\"btn_share_link_1\"><span class=\"_sr\">Copiar enlace<\/span><\/a><\/div>\n<div class=\"w_rs_i\"><a class=\"_btn rs_c\" href=\"https:\/\/elpais.com\/cultura\/2026-02-01\/carmen-conesa-soy-mas-de-amantes-y-amores-que-de-parejas.html#comments_container\" aria-expanded=\"false\" aria-controls=\"me-c\" data-share-track-dtm=\"eskup\" id=\"btn_share_comments_1\"><span class=\"_sr\">Ir a los comentarios<\/span><\/a><\/div>\n<\/div>\n<\/div>\n<\/div>\n<div class=\"a_c clearfix\" data-dtm-region=\"articulo_cuerpo\">\n<p class>Una, m\u00e1s o menos coet\u00e1nea de la entrevistada, tiene una cierta idea de <a href=\"https:\/\/elpais.com\/noticias\/carmen-conesa\/\" target=\"_self\" rel title=\"https:\/\/elpais.com\/noticias\/carmen-conesa\/\">Carmen Conesa<\/a>, aunque, como a otras actrices de su edad, haga tiempo que no la vea en pantalla en papeles de protagonista. Una mujer alta y espigada al modo de las bailarinas, con una melena de rizos rubios volando al viento, aunque no haga viento. Y es esa misma estampa, con el tamiz de los a\u00f1os en la voz y en el rostro, la que se materializa en el atrio del teatro Fern\u00e1n G\u00f3mez de Madrid, donde ultima los ensayos de <a href=\"https:\/\/elpais.com\/cultura\/2015\/05\/06\/actualidad\/1430933230_721488.html\" target=\"_self\" rel title=\"https:\/\/elpais.com\/cultura\/2015\/05\/06\/actualidad\/1430933230_721488.html\"><i>El jard\u00edn de los cerezos<\/i><\/a>, el cl\u00e1sico de Ch\u00e9jov, y donde hemos quedado para charlar sin prisas. Antes, ofrece su cutis sin retoques al fot\u00f3grafo sin ponerle media pega, a diferencia de otras celebridades m\u00e1s j\u00f3venes y menos prestigiosas. No le hace falta. Hipnotiza a la c\u00e1mara. <\/p>\n<p class><b>Muchos la recuerdan como una de <\/b><a href=\"https:\/\/www.rtve.es\/play\/videos\/las-chicas-de-hoy-en-dia\/\" target=\"_self\" rel title=\"https:\/\/www.rtve.es\/play\/videos\/las-chicas-de-hoy-en-dia\/\"><i><b>Las chicas de hoy en d\u00eda<\/b><\/i><\/a><i><b>,<\/b><\/i><b> una serie de 1991 que solo dur\u00f3 un a\u00f1o en antena. \u00bfPor qu\u00e9 cree que sucede?<\/b><\/p>\n<p class>Me halaga, claro. Fue un momento en que llegaban este tipo de series a la televisi\u00f3n espa\u00f1ola. Una <i>sitcom<\/i> de 25 minutos, rodada en cine, en un tiempo en que se ve\u00edan series tipo <i>Ca\u00f1as y barro<\/i>. De la mano de Fernando Colomo, aparecieron estas chicas que llegan a la gran ciudad queriendo ser actrices, y fue un golpe de viento fresco. La siento casi como autobiogr\u00e1fica. Nuria Rocamora, mi personaje, era una catalana llegando a Madrid y queri\u00e9ndose comer el mundo, y yo acababa de llegar de pasar un a\u00f1o en Nueva York, con una beca del Comit\u00e9 Hispanoamericano, y quer\u00eda zamp\u00e1rmelo todo. <\/p>\n<p class><b>\u00bfSe la pone cuando anda baja de \u00e1nimo? La serie, digo.<\/b><\/p>\n<p class>No, tengo tan buen recuerdo que no quiero estropearlo. Para m\u00ed, es un sue\u00f1o que existi\u00f3. Nunca revisito nada del pasado, tampoco esas fotos que te manda el m\u00f3vil cuando menos te lo esperas. El pasado nos coloca en un punto melanc\u00f3lico que no me gusta. Dicen que la gente con depresi\u00f3n mira demasiado al pasado, y la gente con ansiedad, al futuro. Lo \u00fanico que existe es el ahora. <\/p>\n<p class><b>\u00bfNo hace planes?<\/b><\/p>\n<p class>No, ahora estoy hablando contigo e intento disfrutar de este momento. La vida ya te da las suficientes vueltas como para creer que puedes controlar algo. <\/p>\n<p class><b>Bueno, para encadenar un proyecto con otro, como usted, algo de planificaci\u00f3n debe de haber. <\/b><\/p>\n<p class>Bueno, hay \u00e9pocas y \u00e9pocas, pero s\u00ed. Tengo 65 a\u00f1os, soy mayor, estoy en edad de jubilaci\u00f3n, pero no pienso retirarme: si no me ofrecen cosas, ya las hago yo. <\/p>\n<p class><b>\u00bfC\u00f3mo se ve a s\u00ed misma y c\u00f3mo cree que la ven los dem\u00e1s?<\/b><\/p>\n<p class>Si no tuvi\u00e9ramos espejos, ser\u00edamos todos simplemente personas, sin edad. Ni se\u00f1ora, ni viejecita, ni abuela, ni mam\u00e1 ni adolescente. Me gusta mucho lo que dicen los argentinos: los mayores son personas \u201cgrandes\u201d, no viejas, y tambi\u00e9n en catal\u00e1n: <i>aquesta persona es gran<\/i>. Es exactamente eso: las personas, a partir de los 50, 60, 70, est\u00e1n en camino de convertirse en muy grandes. Si tu salud te acompa\u00f1a. En esa etapa de la vida que nos hacen creer que es un tobog\u00e1n hacia abajo, justamente, est\u00e1s comenzando una nueva vida. Estoy leyendo <i>Filosof\u00eda de la longevidad<\/i>, de Pascal Bruckner, y es maravilloso. <\/p>\n<p class><b>Tiene una hija de 23 a\u00f1os. \u00bfC\u00f3mo es verse a una misma a trav\u00e9s de ella?<\/b><\/p>\n<p class>Tenemos mucho que aprender de los j\u00f3venes, de los adolescentes, de los ni\u00f1os, que todav\u00eda no est\u00e1n envenenados por el mundo. Hay que escucharlos mucho. En la vida hay que aprender como si fu\u00e9ramos a vivir siempre y vivir como si fu\u00e9ramos a morir ma\u00f1ana. Y con los j\u00f3venes vamos a tener que entendernos, porque vamos a vivir muchos a\u00f1os, no queremos, leg\u00edtimamente, retirarnos de nuestro sitio y somos el tap\u00f3n para que ellos ocupen el suyo. Vivir ese reajuste es mi \u00fanico prop\u00f3sito de futuro. <\/p>\n<p class><b>\u00bfQu\u00e9 cosas la nutren como creadora?<\/b><\/p>\n<p class>La capacidad de ilusionarme y sorprenderme, la capacidad de incomodarme, en el sentido de sacarme de mi zona de confort. En este oficio, la comodidad es la muerte. Entonces, hay que estar siempre inc\u00f3modo. La incomodidad provoca la acci\u00f3n, la creatividad, la revoluci\u00f3n. As\u00ed que, cuando estoy fant\u00e1sticamente bien, me complico la vida. <\/p>\n<p class><b>\u00bfNo le gusta estar bien?<\/b><\/p>\n<p class>Es que yo siempre estoy bien. Ese es mi lema. Yo decido ser feliz. La felicidad es una decisi\u00f3n. <\/p>\n<p class><b>Eso queda muy bonito en los libros de autoayuda, pero luego la vida te golpea.<\/b><\/p>\n<p class>Podemos estar pas\u00e1ndolo mal, con una enfermedad, un duelo, una mala racha, pero la actitud con que la afrontas es cosa tuya. Tambi\u00e9n depende de lo que t\u00fa entiendas por felicidad. Para m\u00ed la felicidad es poder comer cada d\u00eda y no pasar fr\u00edo. Entonces, cuando me preguntan c\u00f3mo estoy, siempre digo que muy bien, porque nadie a mi alrededor est\u00e1 malito, me encuentro bien de salud, tengo para comer y no paso fr\u00edo. Si tienes a alguien que te quiera, mejor, pero no necesito a nadie que me quiera, porque quiero a mucha gente. He querido y me han querido mucho, tengo amor de sobra. El afortunado es el que ama, no el que es amado. <\/p>\n<p class><b>\u00bfQu\u00e9 duele m\u00e1s, dejar o que te dejen?<\/b><\/p>\n<p class>Es complicado. Si te dejan porque no te aman duele mucho, pero tienes que entender que es mejor para \u00e9l y, si lo amas de verdad, entender que se vaya con otra persona o que no quiera estar contigo. Ese es el amor de verdad. <\/p>\n<p class><b>Act\u00faa, baila, pinta, dirige. \u00bfLa artista nace o se hace?<\/b><\/p>\n<p class>Es dif\u00edcil. Por ejemplo, yo toco el piano y la guitarra y, hace dos a\u00f1os, quise aprender a tocar el saxo, porque era un reto. Tienes que tener algo, lo que sea. Yo creo que hay algo innato en todos, que es el talento. Todos tenemos un alma de artista, y luego hay gente m\u00e1s diestra y gente m\u00e1s torpe. <\/p>\n<p class><b>\u00bfQu\u00e9 importancia le da a su cuerpo como instrumento de trabajo?<\/b><\/p>\n<p class>Es bonito eso, porque yo creo que es exactamente eso: un instrumento, y lo cuido como un <i>stradivarius.<\/i> Si quieres que suene afinado y bonito, tienes que afinarlo, cuidarlo, mimarlo, cambiarle las cuerdas. La naturaleza me ha regalado este instrumento, quiero que me dure lo m\u00e1ximo posible, que me d\u00e9 felicidad y a las personas de alrededor, inspirar a la gente en el escenario. Entonces, lo cuido, y lo llevo al lutier: los m\u00e9dicos, los <i>coaches<\/i>, el gimnasio, los profesores de baile. Para que este instrumento no se deteriore tanto, porque todos vamos hacia eso. <\/p>\n<p class><b>\u00bfHacia d\u00f3nde? \u00bfQu\u00e9 nota en el <\/b><i><b>stradivarius?<\/b><\/i><\/p>\n<p class>Cada d\u00eda me levanto y me duele algo nuevo. Hoy, por ejemplo, me dol\u00eda much\u00edsimo la espalda, pero tienes que aprender a decir: vale, tengo que bregar con esto y no dejar que eso me pare, sino seguir movi\u00e9ndome. Y la cabeza, igual. Cuando no tengo textos que aprenderme, porque estoy pintando o preparando una exposici\u00f3n, me aprendo poes\u00edas de Miguel Hern\u00e1ndez, de Machado, de Lope de Vega, como entrenamiento. <\/p>\n<p class><b>\u00bfComo quien hace sudokus?<\/b><\/p>\n<p class>Tambi\u00e9n hago sudokus. Me encantan los juegos. Y las matem\u00e1ticas. Ahora estoy estudiando f\u00edsica cu\u00e1ntica, y creo que est\u00e1 relacionada con el mundo del espect\u00e1culo: creo que la energ\u00eda del p\u00fablico modifica la manera de actuar de los actores, y la de los actores, modifica la del p\u00fablico. Por eso, entre otras cosas, no hay dos funciones ni dos p\u00fablicos iguales. <\/p>\n<p class><b>\u00bfUsted sabe cu\u00e1ndo ha estado <\/b><i><b>cumbre<\/b><\/i><b> en escena?<\/b><\/p>\n<p class>Es que yo siento que casi siempre estoy cumbre, en el sentido de que salgo siempre con much\u00edsima ilusi\u00f3n, creo que cada espectador se merece la mejor funci\u00f3n, que hagas tu trabajo lo mejor que puedas y, para m\u00ed, ese es un acto de profesionalidad y de amor. Cuando me dicen si estoy cansada, siempre digo que m\u00e1s duro es bajar a la mina. <\/p>\n<p class><b>Autoestima no le falta.<\/b><\/p>\n<p class>Ver\u00e1s: yo fui la nena de mi familia. Mis padres me tuvieron muy mayores. \u00c9l era alba\u00f1il, pero, cuando yo nac\u00ed, hab\u00eda montado una peque\u00f1a empresa y ya \u00e9ramos una familia, digamos, burguesa. Me mimaban y me apoyaban en todo, eran mis mayores fans. Entonces, tengo la autoestima muy alta. Luego, las patadas de la vida te vienen solas, pero esa base sustentada de que todo es posible, la llevo puesta. <\/p>\n<figure class=\"a_m a_m-h \"><span class=\"_db a_m_w _pr lb_btn\"><img decoding=\"async\" class=\"_re lazyload a_m-h\" height=\"252\" width=\"414\" src=\"https:\/\/analyse.optim.biz\/wp-content\/uploads\/2026\/02\/msgvkv2hz5gmvmovk56d3xwmxe.jpg\" loading=\"lazy\" title=\"msgvkv2hz5gmvmovk56d3xwmxe\"><\/span><figcaption class=\"a_m_p\" aria-hidden=\"true\"><span>Carmen Conesa, en el teatro Fern\u00e1n G\u00f3mez, de Madrid, ante una fotograf\u00eda de un montaje.<\/span><span class=\"a_m_m\">Bernardo P\u00e9rez<\/span><\/figcaption><\/figure>\n<p class><b>En <\/b><i><b>El jard\u00edn de los cerezos <\/b><\/i><b>interpreta a una arist\u00f3crata rusa que se resiste a cambiar su modo de vida. \u00bfC\u00f3mo de vigente est\u00e1 ese arquetipo en estos tiempos de incertidumbre?<\/b><\/p>\n<p class>Los protagonistas son personas habituadas al privilegio a las que no hab\u00edan educado en el cambio. Pero cambios ha habido siempre. Igual que ahora, ellos procrastinan los cambios, esa palabra que ahora se usa tanto, pero cuyo significado se ha practicado toda la vida. <\/p>\n<p class><b>\u00bfQu\u00e9 cree que define a su generaci\u00f3n de actrices y actores?<\/b><\/p>\n<p class>Somos los testigos de los verdaderamente grandes y el puente con los j\u00f3venes. Hemos trabajado con aut\u00e9nticos mitos: Amparo Rivelles, Concha Velasco, Mar\u00eda Luisa Ponte y tantas y tantos que no ense\u00f1aban nada a nadie, sino que simplemente aprend\u00edas respirando el mismo aire que ellos, y eso no tiene precio. <\/p>\n<p class><b>\u00bfY usted, tiene la impresi\u00f3n de ser una cl\u00e1sica para los j\u00f3venes?<\/b><\/p>\n<p class>No, soy una se\u00f1ora grande que sabe de teatro. Me da mucho pudor decir que soy una diva, no lo voy a decir nunca. Lo que s\u00ed te digo es que s\u00e9 reconocer cuando alg\u00fan joven vale para esto; reconozco la raza cuando la veo. Ah\u00ed hay una parte de la soberbia del actor y, si la vences, puedes aprender mucho de ellos. <\/p>\n<p class><b>Me ha impresionado que no le pida al fot\u00f3grafo disimular sus arrugas. \u00bfSiente, como muchas mujeres, presi\u00f3n por renovar el barniz del <\/b><i><b>stradivarius?<\/b><\/i><\/p>\n<p class>En mi caso, es m\u00e1s autopresi\u00f3n, quiz\u00e1 porque en teatro no trabajo con gente que tenga la cara m\u00e1s o menos estirada. La presi\u00f3n me la pongo yo, y decir que no quiero hacerlo es una decisi\u00f3n, como la de la felicidad. Claro que empiezo a tener complejos, pero quiero poder tener orgullo de mis arrugas, tengo que amarlas, como los pliegues de mi tripa. Que esa es otra, de repente tienes un novio y tienes que ense\u00f1arlos. <\/p>\n<p class><b>De eso nunca se habla.<\/b><\/p>\n<p class>Ni de la sequedad, ni de la menopausia, ni de la gravedad. Evidentemente, a esta edad, te da m\u00e1s pudor todo. Yo tengo un amor en Argentina, que viene de vez en cuando, o voy yo, pero no un compa\u00f1ero fijo. Tiendo a tener amantes, he tenido muchas parejas y alg\u00fan marido. Soy m\u00e1s de tener amantes y amores que parejas. Hace como ocho a\u00f1os que me separ\u00e9 de la \u00faltima fija, con la que pas\u00e9 10 a\u00f1os muy felices, pero ahora creo que lo mejor es vivir separados y juntarse cuando te apetezca. Para vivir, prefiero la soledad. Si es con mi hija, yo feliz, pero creo que tienes que crecer t\u00fa sola y acabar con ese concepto de la pareja para toda la vida y tener que morirme con \u00e9l. Lo importante es no necesitar a un hombre o a una mujer. Necesitar a alguien no es bueno. Aquello de que te dicen: \u201cTe necesito\u201d. Pues no: fatal, fatal, fatal. No me necesites. T\u00fa a tu vida, yo a la m\u00eda, y nos encontramos en el camino. <\/p>\n<section class=\"a_de\" data-dtm-region=\"articulo_sumarioenlaces-despiece\">\n<h2 class=\"a_de_t\">UNA MUJER DE HOY EN D\u00cdA<\/h2>\n<div class=\"a_de_txt\">\n<p>Carmen Conesa (Barcelona, 65 a\u00f1os), salt\u00f3 a la fama como coprotagonista, junto a Diana Pe\u00f1alver, de <em>Las chicas de hoy<\/em> en d\u00eda, una serie dirigida por Fernando Colomo a principios de los noventa, que a\u00fan triunfa en la plataforma de RTVE. Desde entonces, su nombre es presencia habitual en montajes teatrales, musicales y dram\u00e1ticos. Su formaci\u00f3n como actriz, bailarina, m\u00fasica y pintora le da herramientas para defenderse en todos ellos. Pero su mejor instrumento, dice, es su cuerpo.<\/p>\n<\/div>\n<\/section>\n<\/div>\n<div id=\"me-dis\" class=\"me _pf\">\n<div class=\"me_bg\">\n<div class=\"me-dis _pa _df\">\n<div class=\"me-dis_c\">\n<h2 class=\"me-dis_t\">Tu suscripci\u00f3n se est\u00e1 usando en otro dispositivo<\/h2>\n<p>\u00bfQuieres a\u00f1adir otro usuario a tu suscripci\u00f3n?<\/p>\n<div class=\"me-dis_l\"><a href=\"https:\/\/elpais.com\/suscripciones\/premium\/upgrade\/?utm_source=autopromo&amp;utm_medium=interno&amp;utm_campaign=YYYY_MM_capping_upgrade\" id=\"capping-upgrade\" class=\"btn\">A\u00f1adir usuario<\/a><a href=\"https:\/\/elpais.com\/cultura\/2026-02-01\/carmen-conesa-soy-mas-de-amantes-y-amores-que-de-parejas.html\" id=\"capping-continue\" class=\"btn btn-b\">Continuar leyendo aqu\u00ed<\/a><\/div>\n<p>Si contin\u00faas leyendo en este dispositivo, no se podr\u00e1 leer en el otro.<\/p>\n<p class=\"lk\"><a href=\"https:\/\/elpais.com\/cultura\/2026-02-01\/carmen-conesa-soy-mas-de-amantes-y-amores-que-de-parejas.html\" id=\"capping-show-more-button\">\u00bfPor qu\u00e9 est\u00e1s viendo esto?<\/a><\/p>\n<p><span class=\"arrow\" id=\"capping-arrow\">Flecha<\/span><\/p>\n<div class=\"me-dis_d\">\n<div class=\"me-dis_d_t\">\n<h2 class=\"enc\">Tu suscripci\u00f3n se est\u00e1 usando en otro dispositivo y solo puedes acceder a EL PA\u00cdS desde un dispositivo a la vez.<\/h2>\n<div class=\"tx\">\n<p>Si quieres compartir tu cuenta, cambia tu suscripci\u00f3n a la modalidad Premium, as\u00ed podr\u00e1s a\u00f1adir otro usuario. Cada uno acceder\u00e1 con su propia cuenta de email, lo que os permitir\u00e1 personalizar vuestra experiencia en EL PA\u00cdS.<\/p>\n<p>\u00bfTienes una suscripci\u00f3n de empresa? Accede <a target=\"_blank\" rel=\"noreferrer\" href=\"https:\/\/elpais.com\/suscripciones\/premium\/upgrade\/\">aqu\u00ed<\/a> para contratar m\u00e1s cuentas.<\/p>\n<p>En el caso de no saber qui\u00e9n est\u00e1 usando tu cuenta, te recomendamos cambiar tu contrase\u00f1a <a target=\"_blank\" rel=\"noreferrer\" href=\"https:\/\/elpais.com\/subscriptions\/#\/forgot-password\">aqu\u00ed.<\/a><\/p>\n<p>Si decides continuar compartiendo tu cuenta, este mensaje se mostrar\u00e1 en tu dispositivo y en el de la otra persona que est\u00e1 usando tu cuenta de forma indefinida, afectando a tu experiencia de lectura. Puedes <a target=\"_blank\" rel=\"noreferrer\" href=\"https:\/\/elpais.com\/suscripciones\/condiciones-generales-servicios\/\">consultar aqu\u00ed los t\u00e9rminos y condiciones de la suscripci\u00f3n digital.<\/a><\/p>\n<\/div>\n<\/div>\n<\/div>\n<\/div>\n<\/div>\n<\/div>\n<\/div>\n<aside class=\"w w-sea\">\n<h2 class=\"w_t\">Sobre la firma<\/h2>\n<div class=\"w_b\">\n<div class=\"_g _g-xs\">\n<figure class=\"w-sea_f a_m-h c_m--nf\"><span class=\"a_m_w _db\"><img decoding=\"async\" alt=\"Luz S\u00e1nchez-Mellado\" class=\"_re lazyload a_m-h\" height=\"100\" width=\"100\" src=\"https:\/\/analyse.optim.biz\/wp-content\/uploads\/2026\/02\/https3a2f2fs3-amazonaws-com2farc-authors2fprisa2f8fa6d141-6327-4b3a-ba1c-06d47dfc5fb2.jpg\" loading=\"lazy\" title=\"https3a2f2fs3-amazonaws-com2farc-authors2fprisa2f8fa6d141-6327-4b3a-ba1c-06d47dfc5fb2\"><\/span><\/figure>\n<div class=\"w-sea_txt\">\n<div class=\"_df\">\n<div class=\"w-sea_txt_na\"><a href=\"https:\/\/elpais.com\/autor\/luz-sanchez-mellado\/\" rel=\"autor_bottom\">Luz S\u00e1nchez-Mellado<\/a><\/div>\n<div class=\"w_rs_i\"><a class=\"_btn \" href=\"https:\/\/twitter.com\/luzsmellado\" target=\"_blank\" rel=\"noopener noreferrer\"><span class=\"_sr\">Luz S\u00e1nchez-Mellado &#8211; twitter<\/span><\/a><\/div>\n<\/div>\n<div class=\"w-sea_txt_da _dn\">Luz S\u00e1nchez-Mellado, reportera, entrevistadora y columnista, es licenciada en Periodismo por la Universidad Complutense y publica en EL PA\u00cdS desde estudiante. Autora de \u2018Ciudadano Cort\u00e9s\u2019 y \u2018Estereotipas\u2019 (Plaza y Jan\u00e9s), centra su inter\u00e9s en la trastienda de las tendencias sociales, culturales y pol\u00edticas y el acercamiento a sus protagonistas.<\/div>\n<\/div>\n<\/div>\n<\/div>\n<\/aside>\n<aside class=\"w w-fid\">\n<div class=\"w_b\">\n<div class=\"w-fid_t\"><a href=\"https:\/\/plus.elpais.com\/newsletters\/lnp\/1\/411\">Recibe la informaci\u00f3n y la agenda del mundo del arte en tu correo<\/a><\/div>\n<div class=\"w-fid_s\">\n<div class=\"w_rs\">\n<div class=\"w_rs_i\"><a class=\"_btn\" href=\"https:\/\/facebook.com\/elpais\" rel=\"nofollow\"><span class=\"_sr\">Cultura El Pa\u00eds en Facebook<\/span><\/a><\/div>\n<div class=\"w_rs_i\"><a class=\"_btn\" href=\"https:\/\/www.instagram.com\/el_pais\/\" rel=\"nofollow\"><span class=\"_sr\">Cultura El Pa\u00eds en Instagram<\/span><\/a><\/div>\n<div class=\"w_rs_i\"><a class=\"_btn\" href=\"https:\/\/twitter.com\/el_pais\" rel=\"nofollow\"><span class=\"_sr\">Cultura El Pa\u00eds en Twitter<\/span><\/a><\/div>\n<\/div>\n<\/div>\n<\/div>\n<\/aside>\n<aside class=\"a_com w w-com _df\"><a class=\"a_com_l\" href=\"https:\/\/elpais.com\/info\/normas-de-participacion\/\">Normas \u203a<\/a><\/aside>\n<div class=\"me _pf\" id=\"me-c\">\n<div class=\"me_bg\">\n<div class=\"me-c _pa\" id=\"comments_container\" data-dtm-region=\"articulo_comentarios\">\n<div class=\"me_f me_f-os me_cc\"><a href=\"https:\/\/plus.elpais.com\/perfil\/actividad\/\">Mis comentarios<\/a><a href=\"https:\/\/elpais.com\/info\/normas-de-participacion\/\">Normas<\/a><\/div>\n<div class=\"me_f me_f-ns\"><span class=\"me_f_txt _db\">Rellena tu <b>nombre y apellido<\/b> para comentar<\/span><a href=\"https:\/\/plus.elpais.com\/autorization.html\/?prod=COM&amp;backURL=https%3A%2F%2Felpais.com%2Fcultura%2F2026-02-01%2Fcarmen-conesa-soy-mas-de-amantes-y-amores-que-de-parejas.html%3Fgaa_sig%3Dg6uNZIJ5cTRCvLYohY8RkKSLhNfgOWZXFgsLUxGCIThHaKFD-3K_ncItGSXc5LNfxdvEM6hMEbRKbIwf-S_dxw%253D%253D%26gaa_n%3DAWEtsqd6W7TZRP1GmxyZQyi3dz5ylOX9DgH95GAlFnup9i2wvhIPemYBT2Z30yjGsBE%253D%26utm_content%3Dbullets%26gaa_ts%3D697ff862%26utm_campaign%3DCCwqGQgwKhAIACoHCAowwJn-CjCamooDMNOR7AQwztmlBQ%26utm_source%3Dnewsshowcase%26utm_medium%3Ddiscover%26gaa_at%3Dla\" class=\"btn btn-2\">completar datos<\/a><\/div>\n<div class=\"me_f\" id=\"comments_msg\"><a class=\"btn btn-2\" href=\"https:\/\/elpais.com\/suscripciones\/#\/campaign?prod=SUSDIGCRART&amp;o=COM&amp;prm=suscrip_articulo_comentarios_el-pais&amp;backURL=https%3A%2F%2Felpais.com%2Fcultura%2F2026-02-01%2Fcarmen-conesa-soy-mas-de-amantes-y-amores-que-de-parejas.html%3Fgaa_sig%3Dg6uNZIJ5cTRCvLYohY8RkKSLhNfgOWZXFgsLUxGCIThHaKFD-3K_ncItGSXc5LNfxdvEM6hMEbRKbIwf-S_dxw%253D%253D%26gaa_n%3DAWEtsqd6W7TZRP1GmxyZQyi3dz5ylOX9DgH95GAlFnup9i2wvhIPemYBT2Z30yjGsBE%253D%26utm_content%3Dbullets%26gaa_ts%3D697ff862%26utm_campaign%3DCCwqGQgwKhAIACoHCAowwJn-CjCamooDMNOR7AQwztmlBQ%26utm_source%3Dnewsshowcase%26utm_medium%3Ddiscover%26gaa_at%3Dla\" id=\"comments_subscribe_link\" data-link-am=\"https:\/\/elpais.com\/suscripciones\/america\/#\/campaign?prod=SUSDIGCRARTAM&amp;o=COMAM&amp;prm=suscrip_articulo_comentarios_el-pais-america&amp;backURL=https%3A%2F%2Felpais.com%2Fcultura%2F2026-02-01%2Fcarmen-conesa-soy-mas-de-amantes-y-amores-que-de-parejas.html%3Fgaa_sig%3Dg6uNZIJ5cTRCvLYohY8RkKSLhNfgOWZXFgsLUxGCIThHaKFD-3K_ncItGSXc5LNfxdvEM6hMEbRKbIwf-S_dxw%253D%253D%26gaa_n%3DAWEtsqd6W7TZRP1GmxyZQyi3dz5ylOX9DgH95GAlFnup9i2wvhIPemYBT2Z30yjGsBE%253D%26utm_content%3Dbullets%26gaa_ts%3D697ff862%26utm_campaign%3DCCwqGQgwKhAIACoHCAowwJn-CjCamooDMNOR7AQwztmlBQ%26utm_source%3Dnewsshowcase%26utm_medium%3Ddiscover%26gaa_at%3Dla\" data-link-mx=\"https:\/\/elpais.com\/suscripciones\/america\/#\/campaign?prod=SUSDIGMX&amp;o=COMMX&amp;prm=suscrip_articulo_comentarios_el-pais-mexico&amp;backURL=https%3A%2F%2Felpais.com%2Fcultura%2F2026-02-01%2Fcarmen-conesa-soy-mas-de-amantes-y-amores-que-de-parejas.html%3Fgaa_sig%3Dg6uNZIJ5cTRCvLYohY8RkKSLhNfgOWZXFgsLUxGCIThHaKFD-3K_ncItGSXc5LNfxdvEM6hMEbRKbIwf-S_dxw%253D%253D%26gaa_n%3DAWEtsqd6W7TZRP1GmxyZQyi3dz5ylOX9DgH95GAlFnup9i2wvhIPemYBT2Z30yjGsBE%253D%26utm_content%3Dbullets%26gaa_ts%3D697ff862%26utm_campaign%3DCCwqGQgwKhAIACoHCAowwJn-CjCamooDMNOR7AQwztmlBQ%26utm_source%3Dnewsshowcase%26utm_medium%3Ddiscover%26gaa_at%3Dla\" data-link-co=\"https:\/\/elpais.com\/suscripciones\/america\/#\/campaign?prod=SUSDIGCOL&amp;o=COMCOL&amp;prm=suscrip_articulo_comentarios_el-pais_colombia&amp;backURL=https%3A%2F%2Felpais.com%2Fcultura%2F2026-02-01%2Fcarmen-conesa-soy-mas-de-amantes-y-amores-que-de-parejas.html%3Fgaa_sig%3Dg6uNZIJ5cTRCvLYohY8RkKSLhNfgOWZXFgsLUxGCIThHaKFD-3K_ncItGSXc5LNfxdvEM6hMEbRKbIwf-S_dxw%253D%253D%26gaa_n%3DAWEtsqd6W7TZRP1GmxyZQyi3dz5ylOX9DgH95GAlFnup9i2wvhIPemYBT2Z30yjGsBE%253D%26utm_content%3Dbullets%26gaa_ts%3D697ff862%26utm_campaign%3DCCwqGQgwKhAIACoHCAowwJn-CjCamooDMNOR7AQwztmlBQ%26utm_source%3Dnewsshowcase%26utm_medium%3Ddiscover%26gaa_at%3Dla\" data-link-ar=\"https:\/\/elpais.com\/suscripciones\/america\/#\/campaign?prod=SUSDIGCRARTAR&amp;o=COMAR&amp;backURL=https%3A%2F%2Felpais.com%2Fcultura%2F2026-02-01%2Fcarmen-conesa-soy-mas-de-amantes-y-amores-que-de-parejas.html%3Fgaa_sig%3Dg6uNZIJ5cTRCvLYohY8RkKSLhNfgOWZXFgsLUxGCIThHaKFD-3K_ncItGSXc5LNfxdvEM6hMEbRKbIwf-S_dxw%253D%253D%26gaa_n%3DAWEtsqd6W7TZRP1GmxyZQyi3dz5ylOX9DgH95GAlFnup9i2wvhIPemYBT2Z30yjGsBE%253D%26utm_content%3Dbullets%26gaa_ts%3D697ff862%26utm_campaign%3DCCwqGQgwKhAIACoHCAowwJn-CjCamooDMNOR7AQwztmlBQ%26utm_source%3Dnewsshowcase%26utm_medium%3Ddiscover%26gaa_at%3Dla\" data-link-cl=\"https:\/\/elpais.com\/suscripciones\/america\/#\/campaign?prod=SUSDIGCHILE&amp;o=COMCHILE&amp;backURL=https%3A%2F%2Felpais.com%2Fcultura%2F2026-02-01%2Fcarmen-conesa-soy-mas-de-amantes-y-amores-que-de-parejas.html%3Fgaa_sig%3Dg6uNZIJ5cTRCvLYohY8RkKSLhNfgOWZXFgsLUxGCIThHaKFD-3K_ncItGSXc5LNfxdvEM6hMEbRKbIwf-S_dxw%253D%253D%26gaa_n%3DAWEtsqd6W7TZRP1GmxyZQyi3dz5ylOX9DgH95GAlFnup9i2wvhIPemYBT2Z30yjGsBE%253D%26utm_content%3Dbullets%26gaa_ts%3D697ff862%26utm_campaign%3DCCwqGQgwKhAIACoHCAowwJn-CjCamooDMNOR7AQwztmlBQ%26utm_source%3Dnewsshowcase%26utm_medium%3Ddiscover%26gaa_at%3Dla\" data-link-us=\"https:\/\/elpais.com\/suscripciones\/america\/#\/campaign?prod=SUSDIGCRARTEUCAN&amp;o=COMUS&amp;prm=suscrip_articulo_comentarios_el-pais_eucan&amp;backURL=https%3A%2F%2Felpais.com%2Fcultura%2F2026-02-01%2Fcarmen-conesa-soy-mas-de-amantes-y-amores-que-de-parejas.html%3Fgaa_sig%3Dg6uNZIJ5cTRCvLYohY8RkKSLhNfgOWZXFgsLUxGCIThHaKFD-3K_ncItGSXc5LNfxdvEM6hMEbRKbIwf-S_dxw%253D%253D%26gaa_n%3DAWEtsqd6W7TZRP1GmxyZQyi3dz5ylOX9DgH95GAlFnup9i2wvhIPemYBT2Z30yjGsBE%253D%26utm_content%3Dbullets%26gaa_ts%3D697ff862%26utm_campaign%3DCCwqGQgwKhAIACoHCAowwJn-CjCamooDMNOR7AQwztmlBQ%26utm_source%3Dnewsshowcase%26utm_medium%3Ddiscover%26gaa_at%3Dla\">Suscr\u00edbete en El Pa\u00eds para participar<\/a><a class=\"btn btn-3\" href=\"https:\/\/elpais.com\/subscriptions\/#\/sign-in?prod=REG&amp;o=COM&amp;prm=login_articulo_comentarios_el-pais&amp;backURL=https%3A%2F%2Felpais.com%2Fcultura%2F2026-02-01%2Fcarmen-conesa-soy-mas-de-amantes-y-amores-que-de-parejas.html%3Fgaa_sig%3Dg6uNZIJ5cTRCvLYohY8RkKSLhNfgOWZXFgsLUxGCIThHaKFD-3K_ncItGSXc5LNfxdvEM6hMEbRKbIwf-S_dxw%253D%253D%26gaa_n%3DAWEtsqd6W7TZRP1GmxyZQyi3dz5ylOX9DgH95GAlFnup9i2wvhIPemYBT2Z30yjGsBE%253D%26utm_content%3Dbullets%26gaa_ts%3D697ff862%26utm_campaign%3DCCwqGQgwKhAIACoHCAowwJn-CjCamooDMNOR7AQwztmlBQ%26utm_source%3Dnewsshowcase%26utm_medium%3Ddiscover%26gaa_at%3Dla\" id=\"comments_login_link\" data-link-am=\"https:\/\/elpais.com\/subscriptions\/#\/sign-in?prod=REG&amp;o=COM&amp;prm=login_articulo_comentarios_el-pais-america&amp;backURL=https%3A%2F%2Felpais.com%2Fcultura%2F2026-02-01%2Fcarmen-conesa-soy-mas-de-amantes-y-amores-que-de-parejas.html%3Fgaa_sig%3Dg6uNZIJ5cTRCvLYohY8RkKSLhNfgOWZXFgsLUxGCIThHaKFD-3K_ncItGSXc5LNfxdvEM6hMEbRKbIwf-S_dxw%253D%253D%26gaa_n%3DAWEtsqd6W7TZRP1GmxyZQyi3dz5ylOX9DgH95GAlFnup9i2wvhIPemYBT2Z30yjGsBE%253D%26utm_content%3Dbullets%26gaa_ts%3D697ff862%26utm_campaign%3DCCwqGQgwKhAIACoHCAowwJn-CjCamooDMNOR7AQwztmlBQ%26utm_source%3Dnewsshowcase%26utm_medium%3Ddiscover%26gaa_at%3Dla\" data-link-mx=\"https:\/\/elpais.com\/subscriptions\/#\/sign-in?prod=REG&amp;o=COM&amp;prm=login_articulo_comentarios_el-pais-mexico&amp;backURL=https%3A%2F%2Felpais.com%2Fcultura%2F2026-02-01%2Fcarmen-conesa-soy-mas-de-amantes-y-amores-que-de-parejas.html%3Fgaa_sig%3Dg6uNZIJ5cTRCvLYohY8RkKSLhNfgOWZXFgsLUxGCIThHaKFD-3K_ncItGSXc5LNfxdvEM6hMEbRKbIwf-S_dxw%253D%253D%26gaa_n%3DAWEtsqd6W7TZRP1GmxyZQyi3dz5ylOX9DgH95GAlFnup9i2wvhIPemYBT2Z30yjGsBE%253D%26utm_content%3Dbullets%26gaa_ts%3D697ff862%26utm_campaign%3DCCwqGQgwKhAIACoHCAowwJn-CjCamooDMNOR7AQwztmlBQ%26utm_source%3Dnewsshowcase%26utm_medium%3Ddiscover%26gaa_at%3Dla\" data-link-co=\"https:\/\/elpais.com\/subscriptions\/#\/sign-in?prod=REG&amp;o=COM&amp;backURL=https%3A%2F%2Felpais.com%2Fcultura%2F2026-02-01%2Fcarmen-conesa-soy-mas-de-amantes-y-amores-que-de-parejas.html%3Fgaa_sig%3Dg6uNZIJ5cTRCvLYohY8RkKSLhNfgOWZXFgsLUxGCIThHaKFD-3K_ncItGSXc5LNfxdvEM6hMEbRKbIwf-S_dxw%253D%253D%26gaa_n%3DAWEtsqd6W7TZRP1GmxyZQyi3dz5ylOX9DgH95GAlFnup9i2wvhIPemYBT2Z30yjGsBE%253D%26utm_content%3Dbullets%26gaa_ts%3D697ff862%26utm_campaign%3DCCwqGQgwKhAIACoHCAowwJn-CjCamooDMNOR7AQwztmlBQ%26utm_source%3Dnewsshowcase%26utm_medium%3Ddiscover%26gaa_at%3Dla\" data-link-ar=\"https:\/\/elpais.com\/subscriptions\/#\/sign-in?prod=REG&amp;o=COM&amp;backURL=https%3A%2F%2Felpais.com%2Fcultura%2F2026-02-01%2Fcarmen-conesa-soy-mas-de-amantes-y-amores-que-de-parejas.html%3Fgaa_sig%3Dg6uNZIJ5cTRCvLYohY8RkKSLhNfgOWZXFgsLUxGCIThHaKFD-3K_ncItGSXc5LNfxdvEM6hMEbRKbIwf-S_dxw%253D%253D%26gaa_n%3DAWEtsqd6W7TZRP1GmxyZQyi3dz5ylOX9DgH95GAlFnup9i2wvhIPemYBT2Z30yjGsBE%253D%26utm_content%3Dbullets%26gaa_ts%3D697ff862%26utm_campaign%3DCCwqGQgwKhAIACoHCAowwJn-CjCamooDMNOR7AQwztmlBQ%26utm_source%3Dnewsshowcase%26utm_medium%3Ddiscover%26gaa_at%3Dla\" data-link-cl=\"https:\/\/elpais.com\/subscriptions\/#\/sign-in?prod=REG&amp;o=COM&amp;backURL=https%3A%2F%2Felpais.com%2Fcultura%2F2026-02-01%2Fcarmen-conesa-soy-mas-de-amantes-y-amores-que-de-parejas.html%3Fgaa_sig%3Dg6uNZIJ5cTRCvLYohY8RkKSLhNfgOWZXFgsLUxGCIThHaKFD-3K_ncItGSXc5LNfxdvEM6hMEbRKbIwf-S_dxw%253D%253D%26gaa_n%3DAWEtsqd6W7TZRP1GmxyZQyi3dz5ylOX9DgH95GAlFnup9i2wvhIPemYBT2Z30yjGsBE%253D%26utm_content%3Dbullets%26gaa_ts%3D697ff862%26utm_campaign%3DCCwqGQgwKhAIACoHCAowwJn-CjCamooDMNOR7AQwztmlBQ%26utm_source%3Dnewsshowcase%26utm_medium%3Ddiscover%26gaa_at%3Dla\" data-link-us=\"https:\/\/elpais.com\/subscriptions\/#\/sign-in?prod=REG&amp;o=COM&amp;backURL=https%3A%2F%2Felpais.com%2Fcultura%2F2026-02-01%2Fcarmen-conesa-soy-mas-de-amantes-y-amores-que-de-parejas.html%3Fgaa_sig%3Dg6uNZIJ5cTRCvLYohY8RkKSLhNfgOWZXFgsLUxGCIThHaKFD-3K_ncItGSXc5LNfxdvEM6hMEbRKbIwf-S_dxw%253D%253D%26gaa_n%3DAWEtsqd6W7TZRP1GmxyZQyi3dz5ylOX9DgH95GAlFnup9i2wvhIPemYBT2Z30yjGsBE%253D%26utm_content%3Dbullets%26gaa_ts%3D697ff862%26utm_campaign%3DCCwqGQgwKhAIACoHCAowwJn-CjCamooDMNOR7AQwztmlBQ%26utm_source%3Dnewsshowcase%26utm_medium%3Ddiscover%26gaa_at%3Dla\">Ya tengo una suscripci\u00f3n<\/a><\/div>\n<p>Please enable JavaScript to view the &lt;a href=&#8221;https:\/\/disqus.com\/?ref_noscript&#8221; rel=&#8221;nofollow&#8221;&gt; comments powered by Disqus.&lt;\/a&gt;<\/p><\/div>\n<\/div>\n<\/div>\n<aside class=\"w w-rel\" data-dtm-region=\"articulo_mas-informacion\">\n<h2 class=\"w_t\">M\u00e1s informaci\u00f3n<\/h2>\n<ul class=\"w_b _ls\">\n<li class=\"_g _g-xs w-rel_n\">\n<div class=\" a_m-h c_m--nf\"><span class=\"_db _pr\"><img decoding=\"async\" class=\"_re lazyload a_m-h\" height=\"311\" width=\"414\" src=\"https:\/\/analyse.optim.biz\/wp-content\/uploads\/2026\/02\/idr42olouzgkxnvd4yoayj46oq.jpg\" loading=\"lazy\" title=\"idr42olouzgkxnvd4yoayj46oq\"><\/span><\/div>\n<div class=\"nt\">\n<h3 class=\"nt_t\"><a href=\"https:\/\/elpais.com\/espana\/madrid\/2025-10-10\/asi-se-han-adaptado-dos-joyas-del-teatro-musical-como-wicked-y-cabaret-al-publico-espanol.html#?rel=mas\">As\u00ed se han adaptado dos joyas del teatro musical como \u2018Wicked\u2019 y \u2018Cabaret\u2019 al p\u00fablico espa\u00f1ol: \u201cBusc\u00e1bamos algo m\u00e1s carnal\u201d<\/a><\/h3>\n<div class=\"nt_a\"><a href=\"https:\/\/elpais.com\/autor\/hector-llanos-martinez\/\" title=\"Ver todas las noticias de H\u00e9ctor Llanos Mart\u00ednez\">H\u00e9ctor Llanos Mart\u00ednez<\/a> | Madrid<\/div>\n<\/div>\n<\/li>\n<li class=\"_g _g-xs w-rel_n\">\n<div class=\"nt l\">\n<h3 class=\"nt_t\"><a href=\"https:\/\/elpais.com\/diario\/2006\/01\/18\/espectaculos\/1137538803_850215.html#?rel=mas\">Mag\u00fci Mira y Carmen Conesa interpretan &#8216;Hielo y fuego&#8217;, una obra que aborda el drama de la pederastia<\/a><\/h3>\n<div class=\"nt_a\"><a href=\"https:\/\/elpais.com\/autor\/kenny-cabrera\/\" title=\"Ver todas las noticias de Kenny Cabrera\">Kenny Cabrera<\/a> | Madrid<\/div>\n<\/div>\n<\/li>\n<\/ul>\n<\/aside>\n<section class=\"w w-ae\" data-dtm-region=\"articulo_archivado-en\">\n<h2 class=\"w_t\">Archivado En<\/h2>\n<div class=\"w_b\">\n<ul class=\"w_ul w_ul--mh _df _ls\">\n<li><a href=\"https:\/\/elpais.com\/noticias\/cultura\/#?rel=arch\" rel=\"noopener noreferrer\">Cultura<\/a><\/li>\n<li><a href=\"https:\/\/elpais.com\/noticias\/carmen-conesa\/#?rel=arch\" rel=\"noopener noreferrer\">Carmen Conesa<\/a><\/li>\n<li><a href=\"https:\/\/elpais.com\/noticias\/actrices\/#?rel=arch\" rel=\"noopener noreferrer\">Actrices<\/a><\/li>\n<li><a href=\"https:\/\/elpais.com\/noticias\/teatro\/#?rel=arch\" rel=\"noopener noreferrer\">Teatro<\/a><\/li>\n<li><a href=\"https:\/\/elpais.com\/noticias\/anton-chejov\/#?rel=arch\" rel=\"noopener noreferrer\">Ant\u00f3n Chejov<\/a><\/li>\n<li><a href=\"https:\/\/elpais.com\/noticias\/fernando-colomo\/#?rel=arch\" rel=\"noopener noreferrer\">Fernando Colomo<\/a><\/li>\n<li><a href=\"https:\/\/elpais.com\/noticias\/cine\/#?rel=arch\" rel=\"noopener noreferrer\">Cine<\/a><\/li>\n<\/ul>\n<\/div>\n<\/section>\n<aside class=\"a_tp _df\">\n<div class=\"a_tp_txt\"><span class=\"a_tp_t\">Se adhiere a los criterios de<\/span><\/p>\n<figure class=\"a_m a_m-h c_m--nf\"><a class=\"a_tp_i _dib\" href=\"https:\/\/elpais.com\/estaticos\/que-es-the-trust-project\/\" target=\"_blank\" rel=\"noopener noreferrer nofollow\"><img decoding=\"async\" alt=\"The Trust Project\" class=\" lazyload a_m-h\" height=\"20\" width=\"117\" src=\"https:\/\/analyse.optim.biz\/wp-content\/uploads\/2026\/02\/the-trust-project-21.svg\" loading=\"lazy\" title=\"the-trust-project-21\"><\/a><\/figure>\n<p><a class=\"a_tp_mi\" href=\"https:\/\/elpais.com\/estaticos\/codigo-etico\/\" target=\"_blank\" rel=\"noopener noreferrer nofollow\">M\u00e1s informaci\u00f3n<\/a><\/div>\n<div class=\"a_tp_si\">Si est\u00e1 interesado en licenciar este contenido, pinche <a class=\"a_tp_si_l\" href=\"https:\/\/profesional.elpais.com\/soluciones-sindicacion\/?utm_medium=interno&amp;utm_source=crosslinking&amp;utm_campaign=sindicacion_ep_pie_articulos\" target=\"_blank\" rel=\"noopener noreferrer nofollow\">aqu\u00ed<\/a><\/div>\n<\/aside>\n<div class=\"a_o _pr\" data-dtm-region=\"articulo_right-rail\">\n<div id=\"elpais_gpt-MPU1\" data-adtype=\"MPU\" class=\"ad ad-mpu\"><span class=\"_dn\">_<\/span><\/div>\n<section class=\"w w-sc b_col\" data-dtm-region=\"articulo_ultimas-noticias\">\n<header class=\"w_h b_col_h\">\n<h3 class=\"w_t\"><a href=\"https:\/\/elpais.com\/ultimas-noticias\/\" rel=\"story-card-ultimas-noticias\">\u00daltimas noticias<\/a><\/h3>\n<\/header>\n<div class=\"w_b\">\n<article class=\"c  c--m-n   \" data-word=\"0\">\n<header class=\"c_h\"><time datetime=\"2026-02-02T00:56:36+01:00\" class=\"c_da\">00:56<\/time><\/p>\n<h2 class=\"c_t \"><a href=\"https:\/\/elpais.com\/america\/2026-02-01\/la-jornada-electoral-de-costa-rica-en-imagenes.html\">La jornada electoral de Costa Rica, en im\u00e1genes<\/a><\/h2>\n<\/header>\n<\/article>\n<article class=\"c  c--m-n   \" data-word=\"0\">\n<header class=\"c_h\"><time datetime=\"2026-02-02T00:20:29+01:00\" class=\"c_da\">00:20<\/time><\/p>\n<h2 class=\"c_t \"><a href=\"https:\/\/elpais.com\/aniversario\/2026-02-01\/en-el-taller-de-la-opinion-de-juan-gabriel-vasquez-los-fanatismos-politicos-han-destruido-nuestra-realidad-comun.html\">En el taller de la opini\u00f3n de Juan Gabriel V\u00e1squez: \u201cLos fanatismos pol\u00edticos han destruido nuestra realidad com\u00fan\u201d<\/a><\/h2>\n<\/header>\n<\/article>\n<article class=\"c  c--m-n   \" data-word=\"0\">\n<header class=\"c_h\"><time datetime=\"2026-02-01T23:51:47+01:00\" class=\"c_da\">23:51<\/time><\/p>\n<h2 class=\"c_t \"><a href=\"https:\/\/elpais.com\/us\/entretenimiento\/2026-02-01\/premios-grammy-2026-cuando-son-predicciones-y-donde-seguir-la-ceremonia.html\">Premios Grammy 2026: cu\u00e1ndo son, predicciones y d\u00f3nde seguir la ceremonia<\/a><\/h2>\n<\/header>\n<\/article>\n<article class=\"c  c--m-n   \" data-word=\"0\">\n<header class=\"c_h\"><time datetime=\"2026-02-01T23:51:00+01:00\" class=\"c_da\">23:51<\/time><\/p>\n<h2 class=\"c_t \"><a href=\"https:\/\/elpais.com\/us\/entretenimiento\/2026-02-01\/la-lista-de-ganadores-de-los-grammy-2026-principales-premios.html\">La lista de ganadores de los Grammy 2026: principales premios, en vivo<\/a><\/h2>\n<\/header>\n<\/article>\n<\/div>\n<\/section>\n<aside class=\"w w-lmv\" data-dtm-region=\"articulo_lom\">\n<h2 class=\"w_t\"><a href=\"https:\/\/elpais.com\/lo-mas-visto\/\">Lo m\u00e1s visto<\/a><\/h2>\n<div class=\"w_b\">\n<ol class=\"_ls\">\n<li><a href=\"https:\/\/elpais.com\/deportes\/tenis\/2026-02-01\/carlos-alcaraz-novak-djokovic-en-directo-la-final-del-open-de-australia-en-vivo.html#?rel=lom\">As\u00ed te hemos contado la victoria de Carlos Alcaraz en el Open de Australia ante Novak Djokovic<\/a><\/li>\n<li><a href=\"https:\/\/elpais.com\/clima-y-medio-ambiente\/2026-02-01\/deconstruccion-de-la-costa-asi-se-esta-quitando-ya-hormigon-para-dar-mas-espacio-a-las-playas-frente-a-los-temporales.html#?rel=lom\">Deconstrucci\u00f3n de la costa: as\u00ed se est\u00e1 quitando ya hormig\u00f3n para dar m\u00e1s espacio a las playas frente a los temporales<\/a><\/li>\n<li><a href=\"https:\/\/elpais.com\/deportes\/tenis\/2026-01-31\/john-mcenroe-alcaraz-sabe-perfectamente-quien-necesita-a-su-alrededor.html#?rel=lom\">John McEnroe: \u201cAlcaraz sabe perfectamente a qui\u00e9n necesita a su alrededor\u201d<\/a><\/li>\n<li><a href=\"https:\/\/elpais.com\/espana\/2026-01-30\/el-pp-se-niega-a-retirar-la-medalla-de-oro-que-alcantarilla-concedio-a-franco-porque-no-exalta-la-dictadura.html#?rel=lom\">El PP se niega a retirar la Medalla de Oro que Alcantarilla concedi\u00f3 a Franco porque \u201cno exalta la dictadura\u201d<\/a><\/li>\n<li><a href=\"https:\/\/elpais.com\/internacional\/2026-02-01\/cientos-de-mensajes-entre-epstein-y-la-princesa-mette-marit-de-noruega-ponen-a-la-casa-real-en-la-picota-paris-es-bueno-para-el-adulterio.html#?rel=lom\">Cientos de mensajes entre Epstein y la princesa Mette-Marit de Noruega ponen a la casa real en la picota: \u201cPar\u00eds es bueno para el adulterio\u201d<\/a><\/li>\n<\/ol>\n<\/div>\n<\/aside>\n<\/div>\n<\/article>\n<article class=\"c  c--m-n   \" data-word=\"0\">\n<header class=\"c_h\"><time datetime=\"2026-02-02T00:56:36+01:00\" class=\"c_da\">00:56<\/time><\/p>\n<h2 class=\"c_t \"><a href=\"https:\/\/elpais.com\/america\/2026-02-01\/la-jornada-electoral-de-costa-rica-en-imagenes.html\">La jornada electoral de Costa Rica, en im\u00e1genes<\/a><\/h2>\n<\/header>\n<\/article>\n<article class=\"c  c--m-n   \" data-word=\"0\">\n<header class=\"c_h\"><time datetime=\"2026-02-02T00:20:29+01:00\" class=\"c_da\">00:20<\/time><\/p>\n<h2 class=\"c_t \"><a href=\"https:\/\/elpais.com\/aniversario\/2026-02-01\/en-el-taller-de-la-opinion-de-juan-gabriel-vasquez-los-fanatismos-politicos-han-destruido-nuestra-realidad-comun.html\">En el taller de la opini\u00f3n de Juan Gabriel V\u00e1squez: \u201cLos fanatismos pol\u00edticos han destruido nuestra realidad com\u00fan\u201d<\/a><\/h2>\n<\/header>\n<\/article>\n<article class=\"c  c--m-n   \" data-word=\"0\">\n<header class=\"c_h\"><time datetime=\"2026-02-01T23:51:47+01:00\" class=\"c_da\">23:51<\/time><\/p>\n<h2 class=\"c_t \"><a href=\"https:\/\/elpais.com\/us\/entretenimiento\/2026-02-01\/premios-grammy-2026-cuando-son-predicciones-y-donde-seguir-la-ceremonia.html\">Premios Grammy 2026: cu\u00e1ndo son, predicciones y d\u00f3nde seguir la ceremonia<\/a><\/h2>\n<\/header>\n<\/article>\n<article class=\"c  c--m-n   \" data-word=\"0\">\n<header class=\"c_h\"><time datetime=\"2026-02-01T23:51:00+01:00\" class=\"c_da\">23:51<\/time><\/p>\n<h2 class=\"c_t \"><a href=\"https:\/\/elpais.com\/us\/entretenimiento\/2026-02-01\/la-lista-de-ganadores-de-los-grammy-2026-principales-premios.html\">La lista de ganadores de los Grammy 2026: principales premios, en vivo<\/a><\/h2>\n<\/header>\n<\/article>\n<p> Source URL: https:\/\/elpais.com\/cultura\/2026-02-01\/carmen-conesa-soy-mas-de-amantes-y-amores-que-de-parejas.html<\/p>\n","protected":false},"excerpt":{"rendered":"<p>Gente con luz Carmen Conesa: \u201cSoy m\u00e1s de amantes y amores que de parejas\u201d La actriz, cantante, bailarina y pintora, con 40 a\u00f1os en escena, estrena \u2018El jard\u00edn de los cerezos\u2019 inmediatamente despu\u00e9s de \u2018Cabaret\u2019. Considera su cuerpo un instrumento de trabajo: \u201cLo cuido como un \u2018stradivarius\u201d Carmen Conesa, sin filtros.Bernardo P\u00e9rez Luz S\u00e1nchez-Mellado 01 [&hellip;]<\/p>\n","protected":false},"author":1,"featured_media":1700750,"comment_status":"open","ping_status":"","sticky":false,"template":"","format":"standard","meta":{"footnotes":""},"categories":[88],"tags":[226,92],"class_list":["post-1700749","post","type-post","status-publish","format-standard","has-post-thumbnail","hentry","category-spain","tag-crawlmanager","tag-elpais-com"],"_links":{"self":[{"href":"https:\/\/analyse.optim.biz\/index.php?rest_route=\/wp\/v2\/posts\/1700749","targetHints":{"allow":["GET"]}}],"collection":[{"href":"https:\/\/analyse.optim.biz\/index.php?rest_route=\/wp\/v2\/posts"}],"about":[{"href":"https:\/\/analyse.optim.biz\/index.php?rest_route=\/wp\/v2\/types\/post"}],"author":[{"embeddable":true,"href":"https:\/\/analyse.optim.biz\/index.php?rest_route=\/wp\/v2\/users\/1"}],"replies":[{"embeddable":true,"href":"https:\/\/analyse.optim.biz\/index.php?rest_route=%2Fwp%2Fv2%2Fcomments&post=1700749"}],"version-history":[{"count":0,"href":"https:\/\/analyse.optim.biz\/index.php?rest_route=\/wp\/v2\/posts\/1700749\/revisions"}],"wp:featuredmedia":[{"embeddable":true,"href":"https:\/\/analyse.optim.biz\/index.php?rest_route=\/wp\/v2\/media\/1700750"}],"wp:attachment":[{"href":"https:\/\/analyse.optim.biz\/index.php?rest_route=%2Fwp%2Fv2%2Fmedia&parent=1700749"}],"wp:term":[{"taxonomy":"category","embeddable":true,"href":"https:\/\/analyse.optim.biz\/index.php?rest_route=%2Fwp%2Fv2%2Fcategories&post=1700749"},{"taxonomy":"post_tag","embeddable":true,"href":"https:\/\/analyse.optim.biz\/index.php?rest_route=%2Fwp%2Fv2%2Ftags&post=1700749"}],"curies":[{"name":"wp","href":"https:\/\/api.w.org\/{rel}","templated":true}]}}