{"id":1700672,"date":"2026-01-30T15:35:09","date_gmt":"2026-01-30T12:35:09","guid":{"rendered":"https:\/\/analyse.optim.biz\/?p=1700672"},"modified":"2026-01-30T15:35:09","modified_gmt":"2026-01-30T12:35:09","slug":"jonathan-nott-nuevo-director-de-orquesta-del-liceu-vengo-a-que-nos-enamoremos","status":"publish","type":"post","link":"https:\/\/analyse.optim.biz\/?p=1700672","title":{"rendered":"Jonathan Nott, nuevo director de orquesta del Liceu: \u201cVengo a que nos enamoremos\u201d"},"content":{"rendered":"<article id=\"main-content\" class=\"a _g _g-lg _g-o\">\n<header class=\"a_e _g _g-xs\">\n<div class=\"a_e_txt _df\">\n<div class=\"a_k _df\"><a class=\"a_k_n\" href=\"https:\/\/elpais.com\/noticias\/teatro-liceo-barcelona\/\">TEATRO LICEU<\/a><\/div>\n<h1 class=\"a_t\">Jonathan Nott, nuevo director de orquesta del Liceu: \u201cVengo a que nos enamoremos\u201d<\/h1>\n<p class=\"a_st\">El maestro brit\u00e1nico, que sustituir\u00e1 a Josep Pons, se presenta como un \u201ceslab\u00f3n m\u00e1s de la cadena\u201d<\/p>\n<\/div>\n<div class=\"a_e_m\">\n<figure class=\"a_m a_m-h \"><span class=\"a_m_w _db\"><img fetchpriority=\"high\" decoding=\"async\" class=\"_re  a_m-h\" height=\"276\" width=\"414\" src=\"https:\/\/analyse.optim.biz\/wp-content\/uploads\/2026\/02\/4vwz7nitpfgevjtrlsnrwoam5q-1.jpg\" loading=\"eager\" title=\"4vwz7nitpfgevjtrlsnrwoam5q-1\"><\/span><figcaption class=\"a_m_p\" aria-hidden=\"true\"><span>Jonathan Nott, nuevo director musical del Liceu a partir de la temporada 2026\/27.<br \/>\n<\/span><span class=\"a_m_m\">GIANLUCA BATTISTA<\/span><\/figcaption><\/figure>\n<\/div>\n<\/header>\n<div class=\"a_md _g _g-xs \">\n<figure class=\"a_md_i a_m-h c_m--nf\"><span class=\"a_m_w _db\"><img decoding=\"async\" alt=\"\u00c0ngels Pi\u00f1ol\" class=\"_re lazyload a_m-h\" height=\"100\" width=\"100\" src=\"https:\/\/analyse.optim.biz\/wp-content\/uploads\/2026\/02\/https3a2f2fauthor-service-images-prod-us-east-1-publishing-aws_-arc_-pub2fprisa2f2df1b7ed-6eca-4e97-802f-2002ca0cea59.jpg\" loading=\"lazy\" title=\"https3a2f2fauthor-service-images-prod-us-east-1-publishing-aws_-arc_-pub2fprisa2f2df1b7ed-6eca-4e97-802f-2002ca0cea59\"><\/span><\/figure>\n<div class=\"a_md_txt\">\n<div class=\"a_md_a\" data-dtm-region=\"articulo_firma\"><a href=\"https:\/\/elpais.com\/autor\/angels-pinol\/#?rel=author_top\" title=\"Ver todas las noticias de \u00c0ngels Pi\u00f1ol\" class=\"a_md_a_n\">\u00c0ngels Pi\u00f1ol<\/a><\/div>\n<div class=\"a_md_f\"><span>Barcelona &#8211; <a href=\"https:\/\/elpais.com\/hemeroteca\/2026-01-30\/\" data-date=\"2026-01-30T16:35:09+01:00\"><time data-date=\"2026-01-30T16:35:09+01:00\" datetime=\"2026-01-30T16:35:09+01:00\" id=\"article_date_p\">30 ene 2026 &#8211; 16:35<abbr title=\"Central European Time\">CET<\/abbr><\/time><\/a><\/span><\/div>\n<div class=\"w_rs\" data-dtm-region=\"articulo_botonera-social\">\n<div class=\"w_rs_i\"><a class=\"_btn hidden\" href=\"\/\/send?text=Jonathan%20Nott%2C%20nuevo%20director%20de%20orquesta%20del%20Liceu%3A%20%E2%80%9CVengo%20a%20que%20nos%20enamoremos%E2%80%9D%0D%0A%0D%0Ahttps%3A%2F%2Felpais.com%2Fespana%2Fcatalunya%2F2026-01-30%2Fjonathan-nott-vengo-a-enamorar-al-liceu.html%3Fssm=whatsapp_CC\" data-action=\"share\/whatsapp\/share\" data-param-description=\"Jonathan Nott, nuevo director de orquesta del Liceu: \u201cVengo a que nos enamoremos\u201d\" data-param-href=\"https:\/\/elpais.com\/espana\/catalunya\/2026-01-30\/jonathan-nott-vengo-a-enamorar-al-liceu.html\" data-param-text=\"Jonathan Nott, nuevo director de orquesta del Liceu: \u201cVengo a que nos enamoremos\u201d https:\/\/elpais.com\/espana\/catalunya\/2026-01-30\/jonathan-nott-vengo-a-enamorar-al-liceu.html\" data-param-url=\"https:\/\/elpais.com\/espana\/catalunya\/2026-01-30\/jonathan-nott-vengo-a-enamorar-al-liceu.html\" target=\"_blank\" rel=\"noopener noreferrer\" data-share-track-dtm=\"whatsapp\" id=\"btn_share_whatsapp_226\"><span class=\"_sr\">Compartir en Whatsapp<\/span><\/a><\/div>\n<div class=\"w_rs_i\"><a class=\"_btn \" href=\"https:\/\/www.facebook.com\/dialog\/share?display=popup&amp;app_id=94039431626&amp;href=https%3A%2F%2Felpais.com%2Fespana%2Fcatalunya%2F2026-01-30%2Fjonathan-nott-vengo-a-enamorar-al-liceu.html%3Fssm=FB_CC&amp;quote=Jonathan%20Nott%2C%20nuevo%20director%20de%20orquesta%20del%20Liceu%3A%20%E2%80%9CVengo%20a%20que%20nos%20enamoremos%E2%80%9D\" data-param-app_id=\"94039431626\" data-param-description=\"Jonathan Nott, nuevo director de orquesta del Liceu: \u201cVengo a que nos enamoremos\u201d\" data-param-href=\"https:\/\/elpais.com\/espana\/catalunya\/2026-01-30\/jonathan-nott-vengo-a-enamorar-al-liceu.html\" data-param-text=\"Jonathan Nott, nuevo director de orquesta del Liceu: \u201cVengo a que nos enamoremos\u201d\" data-param-url=\"https:\/\/elpais.com\/espana\/catalunya\/2026-01-30\/jonathan-nott-vengo-a-enamorar-al-liceu.html\" target=\"_blank\" rel=\"noopener noreferrer\" data-share-track-dtm=\"facebook\" id=\"btn_share_facebook_226\"><span class=\"_sr\">Compartir en Facebook<\/span><\/a><\/div>\n<div class=\"w_rs_i\"><a class=\"_btn \" href=\"https:\/\/twitter.com\/intent\/tweet?url=https%3A%2F%2Felpais.com%2Fespana%2Fcatalunya%2F2026-01-30%2Fjonathan-nott-vengo-a-enamorar-al-liceu.html%3Fssm=TW_CC&amp;text=Jonathan%20Nott%2C%20nuevo%20director%20de%20orquesta%20del%20Liceu%3A%20%E2%80%9CVengo%20a%20que%20nos%20enamoremos%E2%80%9D&amp;via=el_pais&amp;lang=es\" data-param-description=\"Jonathan Nott, nuevo director de orquesta del Liceu: \u201cVengo a que nos enamoremos\u201d\" data-param-href=\"https:\/\/elpais.com\/espana\/catalunya\/2026-01-30\/jonathan-nott-vengo-a-enamorar-al-liceu.html\" data-param-text=\"Jonathan Nott, nuevo director de orquesta del Liceu: \u201cVengo a que nos enamoremos\u201d via @el_pais\" data-param-url=\"https:\/\/elpais.com\/espana\/catalunya\/2026-01-30\/jonathan-nott-vengo-a-enamorar-al-liceu.html\" target=\"_blank\" rel=\"noopener noreferrer\" data-share-track-dtm=\"twitter\" id=\"btn_share_twitter_226\"><span class=\"_sr\">Compartir en Twitter<\/span><\/a><\/div>\n<div class=\"w_rs_i\"><a class=\"_btn \" href=\"https:\/\/bsky.app\/intent\/compose?text=https%3A%2F%2Felpais.com%2Fespana%2Fcatalunya%2F2026-01-30%2Fjonathan-nott-vengo-a-enamorar-al-liceu.html%3Fssm=bsky_CC\" data-param-description=\"Jonathan Nott, nuevo director de orquesta del Liceu: \u201cVengo a que nos enamoremos\u201d\" data-param-href=\"https:\/\/elpais.com\/espana\/catalunya\/2026-01-30\/jonathan-nott-vengo-a-enamorar-al-liceu.html\" data-param-text=\"Jonathan Nott, nuevo director de orquesta del Liceu: \u201cVengo a que nos enamoremos\u201d\" data-param-url=\"https:\/\/elpais.com\/espana\/catalunya\/2026-01-30\/jonathan-nott-vengo-a-enamorar-al-liceu.html\" target=\"_blank\" rel=\"noopener noreferrer\" data-share-track-dtm=\"bluesky\" id=\"btn_share_bluesky_226\"><span class=\"_sr\">Compartir en Bluesky<\/span><\/a><\/div>\n<div class=\"w_rs_i\"><a class=\"_btn \" href=\"https:\/\/www.linkedin.com\/sharing\/share-offsite\/?url=https%3A%2F%2Felpais.com%2Fespana%2Fcatalunya%2F2026-01-30%2Fjonathan-nott-vengo-a-enamorar-al-liceu.html%3Fssm=LK_CC\" data-param-description=\"Jonathan Nott, nuevo director de orquesta del Liceu: \u201cVengo a que nos enamoremos\u201d\" data-param-href=\"https:\/\/elpais.com\/espana\/catalunya\/2026-01-30\/jonathan-nott-vengo-a-enamorar-al-liceu.html\" data-param-text=\"Jonathan Nott, nuevo director de orquesta del Liceu: \u201cVengo a que nos enamoremos\u201d\" data-param-url=\"https:\/\/elpais.com\/espana\/catalunya\/2026-01-30\/jonathan-nott-vengo-a-enamorar-al-liceu.html\" target=\"_blank\" rel=\"noopener noreferrer\" data-share-track-dtm=\"linkedin\" id=\"btn_share_linkedin_226\"><span class=\"_sr\">Compartir en Linkedin<\/span><\/a><\/div>\n<div class=\"w_rs_i\"><a class=\"_btn rs_l\" href=\"https:\/\/elpais.com\/espana\/catalunya\/2026-01-30\/jonathan-nott-vengo-a-enamorar-al-liceu.html#?prm=copy_link\" data-share-track-dtm=\"copiar_url\" id=\"btn_share_link_25\"><span class=\"_sr\">Copiar enlace<\/span><\/a><\/div>\n<div class=\"w_rs_i\"><a class=\"_btn rs_c\" href=\"https:\/\/elpais.com\/espana\/catalunya\/2026-01-30\/jonathan-nott-vengo-a-enamorar-al-liceu.html#comments_container\" aria-expanded=\"false\" aria-controls=\"me-c\" data-share-track-dtm=\"eskup\" id=\"btn_share_comments_25\"><span class=\"_sr\">Ir a los comentarios<\/span><\/a><\/div>\n<\/div>\n<\/div>\n<\/div>\n<div class=\"a_c clearfix\" data-dtm-region=\"articulo_cuerpo\">\n<p class><a href=\"https:\/\/elpais.com\/cultura\/2026-01-11\/jonathan-nott-inicia-su-nueva-vida-espanola-con-un-shostakovich-tenso-y-poetico.html\" target=\"_self\" rel title=\"https:\/\/elpais.com\/cultura\/2026-01-11\/jonathan-nott-inicia-su-nueva-vida-espanola-con-un-shostakovich-tenso-y-poetico.html\">El Gran Teatro del Liceu ha presentado este viernes al maestro brit\u00e1nico Jonathan Nott <\/a>que asumir\u00e1 la direcci\u00f3n de la Orquesta Sinf\u00f3nica a partir de la pr\u00f3xima temporada en sustituci\u00f3n <a href=\"https:\/\/elpais.com\/espana\/catalunya\/2025-05-05\/el-liceu-pone-el-foco-en-tristan-e-isolda-el-ano-de-la-despedida-de-josep-pons.html\" target=\"_self\" rel title=\"https:\/\/elpais.com\/espana\/catalunya\/2025-05-05\/el-liceu-pone-el-foco-en-tristan-e-isolda-el-ano-de-la-despedida-de-josep-pons.html\">de Josep Pons, que tras 14 a\u00f1os abandona la instituci\u00f3n para dirigir la Deutsche Radio <\/a>en Alemania. Acompa\u00f1ado de V\u00edctor Garcia de Gomar, director art\u00edstico del teatro, el brit\u00e1nico ha afirmado que su objetivo a corto plazo es que \u201cnos enamoremos en 30 minutos. Quiz\u00e1 sean 10 o 45. No tengo ganas de romper nada en esta casa\u201d. Su contrato abarca cinco temporadas.<\/p>\n<p class><a href=\"https:\/\/elpais.com\/cultura\/2025-07-09\/jonathan-nott-sera-el-nuevo-director-musical-del-gran-teatre-del-liceu-a-partir-de-2026-y-por-cinco-temporadas.html\" target=\"_self\" rel title=\"https:\/\/elpais.com\/cultura\/2025-07-09\/jonathan-nott-sera-el-nuevo-director-musical-del-gran-teatre-del-liceu-a-partir-de-2026-y-por-cinco-temporadas.html\">Nott debutar\u00e1 al frente de la orquesta este abril con el ballet Nijinsky by Neumeir, interpretada<\/a> por el Ballet Hamburgo, y dirigir\u00e1 tambi\u00e9n la Tetralog\u00eda de Wagner que se presentar\u00e1 la pr\u00f3xima temporada. Con la intenci\u00f3n de ejercer un liderazgo dialogado y sin imposici\u00f3n -\u201cSoy un eslab\u00f3n m\u00e1s de la cadena\u201d-, su objetivo es poner el acento en la esfera internacional del Liceu y los valores que lo acompa\u00f1an. \u201cSi me piden hacer fuera un Mahler, me gustar\u00eda hacerlo con mi orquesta\u201d, ha subrayado. Nott era hasta ahora director de la Orquesta Sinf\u00f3nica de Tokio y de entrada pasar\u00e1 dos periodos de seis o siete semanas al a\u00f1o en Barcelona. Su residencia est\u00e1 fijada desde hace 27 a\u00f1os en Lucerna (Suiza). \u201cNo s\u00e9 si tendr\u00e9 que buscar un piso e instalarme, pero quiero formar parte de esta sociedad. Mi hija de 17 a\u00f1os estar\u00eda encantada. Quiero dedicar la pr\u00f3xima parte de mi vida a esta parte del mundo\u201d.<\/p>\n<figure class=\"a_m a_m-h \"><span class=\"_db a_m_w _pr lb_btn\"><img decoding=\"async\" class=\"_re lazyload a_m-h\" height=\"276\" width=\"414\" src=\"https:\/\/analyse.optim.biz\/wp-content\/uploads\/2026\/02\/uhcgt6c26rnsdl76romiwgp6om.jpg\" loading=\"lazy\" title=\"uhcgt6c26rnsdl76romiwgp6om\"><\/span><figcaption class=\"a_m_p\" aria-hidden=\"true\"><span>Jonathan Nott, este viernes, en el Liceu.<\/span><span class=\"a_m_m\">Quique Garc\u00eda (EFE)<\/span><\/figcaption><\/figure>\n<p class>Formado en la m\u00fasica coral, la primera vocaci\u00f3n de Nott fue la de cantante (cant\u00f3 Lady Macbeth), hasta que fue derivando a la direcci\u00f3n de orquesta. Dijo que cuando recibi\u00f3 la propuesta de dirigir la del Liceu fue como una se\u00f1al. \u201cFue como ver que una nueva casa me esperaba\u201d, ha explicado, revelando que estuvo hace un a\u00f1o en junio viendo Rusalka y este enero el estreno de Trist\u00e1n e Isolda. \u201cEs fant\u00e1stica la tradici\u00f3n germ\u00e1nica del Liceu, ha se\u00f1alado, explicando que igualmente le entusiasma la m\u00fasica francesa, la italiana y que le gustar\u00eda hacer alg\u00fan Puccini que no ha dirigido. Dice que hay dos tipos de directores, los que construyen y los que conducen, y que \u00e9l se considera de los primeros.<\/p>\n<p class>Tras 14 a\u00f1os como director de la orquesta del Liceu y de merecer elogios de infinidad de colegas, Pons decidi\u00f3 cerrar una etapa para irse a dirigir a Alemania. \u201cSustituirlo es una gran responsabilidad. Es enorme. No me sorprende el trabajo que ha hecho. Ha sido fant\u00e1stico\u201d, ha afirmado el brit\u00e1nico. Su elecci\u00f3n ha sido consensuada en el teatro tanto por la direcci\u00f3n como por los propios m\u00fasicos. Las dos partes formaron una comisi\u00f3n y elaboraron una lista de 30 candidatos entre los que Nott formaba parte. \u201cLa condici\u00f3n era esa y que conociera a la orquesta\u201d, ha dicho el director art\u00edstico. \u201cEs un viaje fant\u00e1stico. Lo pasaremos muy bien\u201d, ha vaticinado el director.<\/p>\n<\/div>\n<div id=\"me-dis\" class=\"me _pf\">\n<div class=\"me_bg\">\n<div class=\"me-dis _pa _df\">\n<div class=\"me-dis_c\">\n<h2 class=\"me-dis_t\">Tu suscripci\u00f3n se est\u00e1 usando en otro dispositivo<\/h2>\n<p>\u00bfQuieres a\u00f1adir otro usuario a tu suscripci\u00f3n?<\/p>\n<div class=\"me-dis_l\"><a href=\"https:\/\/elpais.com\/suscripciones\/premium\/upgrade\/?utm_source=autopromo&amp;utm_medium=interno&amp;utm_campaign=YYYY_MM_capping_upgrade\" id=\"capping-upgrade\" class=\"btn\">A\u00f1adir usuario<\/a><a href=\"https:\/\/elpais.com\/espana\/catalunya\/2026-01-30\/jonathan-nott-vengo-a-enamorar-al-liceu.html\" id=\"capping-continue\" class=\"btn btn-b\">Continuar leyendo aqu\u00ed<\/a><\/div>\n<p>Si contin\u00faas leyendo en este dispositivo, no se podr\u00e1 leer en el otro.<\/p>\n<p class=\"lk\"><a href=\"https:\/\/elpais.com\/espana\/catalunya\/2026-01-30\/jonathan-nott-vengo-a-enamorar-al-liceu.html\" id=\"capping-show-more-button\">\u00bfPor qu\u00e9 est\u00e1s viendo esto?<\/a><\/p>\n<p><span class=\"arrow\" id=\"capping-arrow\">Flecha<\/span><\/p>\n<div class=\"me-dis_d\">\n<div class=\"me-dis_d_t\">\n<h2 class=\"enc\">Tu suscripci\u00f3n se est\u00e1 usando en otro dispositivo y solo puedes acceder a EL PA\u00cdS desde un dispositivo a la vez.<\/h2>\n<div class=\"tx\">\n<p>Si quieres compartir tu cuenta, cambia tu suscripci\u00f3n a la modalidad Premium, as\u00ed podr\u00e1s a\u00f1adir otro usuario. Cada uno acceder\u00e1 con su propia cuenta de email, lo que os permitir\u00e1 personalizar vuestra experiencia en EL PA\u00cdS.<\/p>\n<p>\u00bfTienes una suscripci\u00f3n de empresa? Accede <a target=\"_blank\" rel=\"noreferrer\" href=\"https:\/\/elpais.com\/suscripciones\/premium\/upgrade\/\">aqu\u00ed<\/a> para contratar m\u00e1s cuentas.<\/p>\n<p>En el caso de no saber qui\u00e9n est\u00e1 usando tu cuenta, te recomendamos cambiar tu contrase\u00f1a <a target=\"_blank\" rel=\"noreferrer\" href=\"https:\/\/elpais.com\/subscriptions\/#\/forgot-password\">aqu\u00ed.<\/a><\/p>\n<p>Si decides continuar compartiendo tu cuenta, este mensaje se mostrar\u00e1 en tu dispositivo y en el de la otra persona que est\u00e1 usando tu cuenta de forma indefinida, afectando a tu experiencia de lectura. Puedes <a target=\"_blank\" rel=\"noreferrer\" href=\"https:\/\/elpais.com\/suscripciones\/condiciones-generales-servicios\/\">consultar aqu\u00ed los t\u00e9rminos y condiciones de la suscripci\u00f3n digital.<\/a><\/p>\n<\/div>\n<\/div>\n<\/div>\n<\/div>\n<\/div>\n<\/div>\n<\/div>\n<aside class=\"w w-sea\">\n<h2 class=\"w_t\">Sobre la firma<\/h2>\n<div class=\"w_b\">\n<div class=\"_g _g-xs\">\n<figure class=\"w-sea_f a_m-h c_m--nf\"><span class=\"a_m_w _db\"><img decoding=\"async\" alt=\"\u00c0ngels Pi\u00f1ol\" class=\"_re lazyload a_m-h\" height=\"100\" width=\"100\" src=\"https:\/\/analyse.optim.biz\/wp-content\/uploads\/2026\/02\/https3a2f2fauthor-service-images-prod-us-east-1-publishing-aws_-arc_-pub2fprisa2f2df1b7ed-6eca-4e97-802f-2002ca0cea59.jpg\" loading=\"lazy\" title=\"https3a2f2fauthor-service-images-prod-us-east-1-publishing-aws_-arc_-pub2fprisa2f2df1b7ed-6eca-4e97-802f-2002ca0cea59\"><\/span><\/figure>\n<div class=\"w-sea_txt\">\n<div class=\"_df\">\n<div class=\"w-sea_txt_na\"><a href=\"https:\/\/elpais.com\/autor\/angels-pinol\/\" rel=\"autor_bottom\">\u00c0ngels Pi\u00f1ol<\/a><\/div>\n<\/div>\n<div class=\"w-sea_txt_da _dn\">Redactora de la secci\u00f3n de Catalu\u00f1a desde 1989. Antes fue corresponsal durante dos a\u00f1os en Tarragona. Licenciada en Ciencias de la informaci\u00f3n por la UAB y con estudios de Derecho en la UOC, se dedica a la informaci\u00f3n pol\u00edtica desde 2009 y puntualmente cubre el Liceu. Ha sido redactora de sucesos, de deportes -cubri\u00f3 14 a\u00f1os el Bar\u00e7a- y de local.<\/div>\n<\/div>\n<\/div>\n<\/div>\n<\/aside>\n<aside class=\"w w-fid\">\n<div class=\"w_b\">\n<div class=\"w-fid_t\"><a href=\"https:\/\/plus.elpais.com\/newsletters\/lnp\/1\/424\/#?prm=not_newsletters_barcelona\">Recibe el bolet\u00edn de Barcelona<\/a><\/div>\n<div class=\"w-fid_s\">\n<div class=\"w_rs\">\n<div class=\"w_rs_i\"><a class=\"_btn\" href=\"https:\/\/www.facebook.com\/elpais\" rel=\"nofollow\"><span class=\"_sr\">Espana El Pa\u00eds en Facebook<\/span><\/a><\/div>\n<div class=\"w_rs_i\"><a class=\"_btn\" href=\"https:\/\/www.instagram.com\/el_pais\/\" rel=\"nofollow\"><span class=\"_sr\">Espana El Pa\u00eds en Instagram<\/span><\/a><\/div>\n<div class=\"w_rs_i\"><a class=\"_btn\" href=\"https:\/\/twitter.com\/elpaiscatalunya\" rel=\"nofollow\"><span class=\"_sr\">Espana El Pa\u00eds en Twitter<\/span><\/a><\/div>\n<\/div>\n<\/div>\n<\/div>\n<\/aside>\n<aside class=\"a_com w w-com _df\"><a class=\"a_com_l\" href=\"https:\/\/elpais.com\/info\/normas-de-participacion\/\">Normas \u203a<\/a><\/aside>\n<div class=\"me _pf\" id=\"me-c\">\n<div class=\"me_bg\">\n<div class=\"me-c _pa\" id=\"comments_container\" data-dtm-region=\"articulo_comentarios\">\n<div class=\"me_f me_f-os me_cc\"><a href=\"https:\/\/plus.elpais.com\/perfil\/actividad\/\">Mis comentarios<\/a><a href=\"https:\/\/elpais.com\/info\/normas-de-participacion\/\">Normas<\/a><\/div>\n<div class=\"me_f me_f-ns\"><span class=\"me_f_txt _db\">Rellena tu <b>nombre y apellido<\/b> para comentar<\/span><a href=\"https:\/\/plus.elpais.com\/autorization.html\/?prod=COM&amp;backURL=https%3A%2F%2Felpais.com%2Fespana%2Fcatalunya%2F2026-01-30%2Fjonathan-nott-vengo-a-enamorar-al-liceu.html\" class=\"btn btn-2\">completar datos<\/a><\/div>\n<div class=\"me_f\" id=\"comments_msg\"><a class=\"btn btn-2\" href=\"https:\/\/elpais.com\/suscripciones\/#\/campaign?prod=SUSDIGCRART&amp;o=COM&amp;prm=suscrip_articulo_comentarios_el-pais&amp;backURL=https%3A%2F%2Felpais.com%2Fespana%2Fcatalunya%2F2026-01-30%2Fjonathan-nott-vengo-a-enamorar-al-liceu.html\" id=\"comments_subscribe_link\" data-link-am=\"https:\/\/elpais.com\/suscripciones\/america\/#\/campaign?prod=SUSDIGCRARTAM&amp;o=COMAM&amp;prm=suscrip_articulo_comentarios_el-pais-america&amp;backURL=https%3A%2F%2Felpais.com%2Fespana%2Fcatalunya%2F2026-01-30%2Fjonathan-nott-vengo-a-enamorar-al-liceu.html\" data-link-mx=\"https:\/\/elpais.com\/suscripciones\/america\/#\/campaign?prod=SUSDIGMX&amp;o=COMMX&amp;prm=suscrip_articulo_comentarios_el-pais-mexico&amp;backURL=https%3A%2F%2Felpais.com%2Fespana%2Fcatalunya%2F2026-01-30%2Fjonathan-nott-vengo-a-enamorar-al-liceu.html\" data-link-co=\"https:\/\/elpais.com\/suscripciones\/america\/#\/campaign?prod=SUSDIGCOL&amp;o=COMCOL&amp;prm=suscrip_articulo_comentarios_el-pais_colombia&amp;backURL=https%3A%2F%2Felpais.com%2Fespana%2Fcatalunya%2F2026-01-30%2Fjonathan-nott-vengo-a-enamorar-al-liceu.html\" data-link-ar=\"https:\/\/elpais.com\/suscripciones\/america\/#\/campaign?prod=SUSDIGCRARTAR&amp;o=COMAR&amp;backURL=https%3A%2F%2Felpais.com%2Fespana%2Fcatalunya%2F2026-01-30%2Fjonathan-nott-vengo-a-enamorar-al-liceu.html\" data-link-cl=\"https:\/\/elpais.com\/suscripciones\/america\/#\/campaign?prod=SUSDIGCHILE&amp;o=COMCHILE&amp;backURL=https%3A%2F%2Felpais.com%2Fespana%2Fcatalunya%2F2026-01-30%2Fjonathan-nott-vengo-a-enamorar-al-liceu.html\" data-link-us=\"https:\/\/elpais.com\/suscripciones\/america\/#\/campaign?prod=SUSDIGCRARTEUCAN&amp;o=COMUS&amp;prm=suscrip_articulo_comentarios_el-pais_eucan&amp;backURL=https%3A%2F%2Felpais.com%2Fespana%2Fcatalunya%2F2026-01-30%2Fjonathan-nott-vengo-a-enamorar-al-liceu.html\">Suscr\u00edbete en El Pa\u00eds para participar<\/a><a class=\"btn btn-3\" href=\"https:\/\/elpais.com\/subscriptions\/#\/sign-in?prod=REG&amp;o=COM&amp;prm=login_articulo_comentarios_el-pais&amp;backURL=https%3A%2F%2Felpais.com%2Fespana%2Fcatalunya%2F2026-01-30%2Fjonathan-nott-vengo-a-enamorar-al-liceu.html\" id=\"comments_login_link\" data-link-am=\"https:\/\/elpais.com\/subscriptions\/#\/sign-in?prod=REG&amp;o=COM&amp;prm=login_articulo_comentarios_el-pais-america&amp;backURL=https%3A%2F%2Felpais.com%2Fespana%2Fcatalunya%2F2026-01-30%2Fjonathan-nott-vengo-a-enamorar-al-liceu.html\" data-link-mx=\"https:\/\/elpais.com\/subscriptions\/#\/sign-in?prod=REG&amp;o=COM&amp;prm=login_articulo_comentarios_el-pais-mexico&amp;backURL=https%3A%2F%2Felpais.com%2Fespana%2Fcatalunya%2F2026-01-30%2Fjonathan-nott-vengo-a-enamorar-al-liceu.html\" data-link-co=\"https:\/\/elpais.com\/subscriptions\/#\/sign-in?prod=REG&amp;o=COM&amp;backURL=https%3A%2F%2Felpais.com%2Fespana%2Fcatalunya%2F2026-01-30%2Fjonathan-nott-vengo-a-enamorar-al-liceu.html\" data-link-ar=\"https:\/\/elpais.com\/subscriptions\/#\/sign-in?prod=REG&amp;o=COM&amp;backURL=https%3A%2F%2Felpais.com%2Fespana%2Fcatalunya%2F2026-01-30%2Fjonathan-nott-vengo-a-enamorar-al-liceu.html\" data-link-cl=\"https:\/\/elpais.com\/subscriptions\/#\/sign-in?prod=REG&amp;o=COM&amp;backURL=https%3A%2F%2Felpais.com%2Fespana%2Fcatalunya%2F2026-01-30%2Fjonathan-nott-vengo-a-enamorar-al-liceu.html\" data-link-us=\"https:\/\/elpais.com\/subscriptions\/#\/sign-in?prod=REG&amp;o=COM&amp;backURL=https%3A%2F%2Felpais.com%2Fespana%2Fcatalunya%2F2026-01-30%2Fjonathan-nott-vengo-a-enamorar-al-liceu.html\">Ya tengo una suscripci\u00f3n<\/a><\/div>\n<p>Please enable JavaScript to view the &lt;a href=&#8221;https:\/\/disqus.com\/?ref_noscript&#8221; rel=&#8221;nofollow&#8221;&gt; comments powered by Disqus.&lt;\/a&gt;<\/p><\/div>\n<\/div>\n<\/div>\n<section class=\"w w-ae\" data-dtm-region=\"articulo_archivado-en\">\n<h2 class=\"w_t\">Archivado En<\/h2>\n<div class=\"w_b\">\n<ul class=\"w_ul w_ul--mh _df _ls\">\n<li><a href=\"https:\/\/elpais.com\/noticias\/cataluna\/#?rel=arch\" rel=\"noopener noreferrer\">Catalu\u00f1a<\/a><\/li>\n<li><a href=\"https:\/\/elpais.com\/noticias\/barcelona\/#?rel=arch\" rel=\"noopener noreferrer\">Barcelona<\/a><\/li>\n<li><a href=\"https:\/\/elpais.com\/noticias\/teatro-liceo-barcelona\/#?rel=arch\" rel=\"noopener noreferrer\">Teatro Liceo<\/a><\/li>\n<li><a href=\"https:\/\/elpais.com\/noticias\/opera\/#?rel=arch\" rel=\"noopener noreferrer\">\u00d3pera<\/a><\/li>\n<li><a href=\"https:\/\/elpais.com\/noticias\/musica\/#?rel=arch\" rel=\"noopener noreferrer\">M\u00fasica<\/a><\/li>\n<\/ul>\n<\/div>\n<\/section>\n<aside class=\"a_tp _df\">\n<div class=\"a_tp_txt\"><span class=\"a_tp_t\">Se adhiere a los criterios de<\/span><\/p>\n<figure class=\"a_m a_m-h c_m--nf\"><a class=\"a_tp_i _dib\" href=\"https:\/\/elpais.com\/estaticos\/que-es-the-trust-project\/\" target=\"_blank\" rel=\"noopener noreferrer nofollow\"><img decoding=\"async\" alt=\"The Trust Project\" class=\" lazyload a_m-h\" height=\"20\" width=\"117\" src=\"https:\/\/analyse.optim.biz\/wp-content\/uploads\/2026\/02\/the-trust-project-19.svg\" loading=\"lazy\" title=\"the-trust-project-19\"><\/a><\/figure>\n<p><a class=\"a_tp_mi\" href=\"https:\/\/elpais.com\/estaticos\/codigo-etico\/\" target=\"_blank\" rel=\"noopener noreferrer nofollow\">M\u00e1s informaci\u00f3n<\/a><\/div>\n<div class=\"a_tp_si\">Si est\u00e1 interesado en licenciar este contenido, pinche <a class=\"a_tp_si_l\" href=\"https:\/\/profesional.elpais.com\/soluciones-sindicacion\/?utm_medium=interno&amp;utm_source=crosslinking&amp;utm_campaign=sindicacion_ep_pie_articulos\" target=\"_blank\" rel=\"noopener noreferrer nofollow\">aqu\u00ed<\/a><\/div>\n<\/aside>\n<div class=\"a_o _pr\" data-dtm-region=\"articulo_right-rail\">\n<div id=\"elpais_gpt-MPU1\" data-adtype=\"MPU\" class=\"ad ad-mpu\"><span class=\"_dn\">_<\/span><\/div>\n<section class=\"w w-sc b_col\" data-dtm-region=\"articulo_ultimas-noticias\">\n<header class=\"w_h b_col_h\">\n<h3 class=\"w_t\"><a href=\"https:\/\/elpais.com\/ultimas-noticias\/\" rel=\"story-card-ultimas-noticias\">\u00daltimas noticias<\/a><\/h3>\n<\/header>\n<div class=\"w_b\">\n<article class=\"c  c--m-n   \" data-word=\"0\">\n<header class=\"c_h\"><time datetime=\"2026-02-02T00:56:36+01:00\" class=\"c_da\">00:56<\/time><\/p>\n<h2 class=\"c_t \"><a href=\"https:\/\/elpais.com\/america\/2026-02-01\/la-jornada-electoral-de-costa-rica-en-imagenes.html\">La jornada electoral de Costa Rica, en im\u00e1genes<\/a><\/h2>\n<\/header>\n<\/article>\n<article class=\"c  c--m-n   \" data-word=\"0\">\n<header class=\"c_h\"><time datetime=\"2026-02-02T00:20:29+01:00\" class=\"c_da\">00:20<\/time><\/p>\n<h2 class=\"c_t \"><a href=\"https:\/\/elpais.com\/aniversario\/2026-02-01\/en-el-taller-de-la-opinion-de-juan-gabriel-vasquez-los-fanatismos-politicos-han-destruido-nuestra-realidad-comun.html\">En el taller de la opini\u00f3n de Juan Gabriel V\u00e1squez: \u201cLos fanatismos pol\u00edticos han destruido nuestra realidad com\u00fan\u201d<\/a><\/h2>\n<\/header>\n<\/article>\n<article class=\"c  c--m-n   \" data-word=\"0\">\n<header class=\"c_h\"><time datetime=\"2026-02-01T23:51:47+01:00\" class=\"c_da\">23:51<\/time><\/p>\n<h2 class=\"c_t \"><a href=\"https:\/\/elpais.com\/us\/entretenimiento\/2026-02-01\/premios-grammy-2026-cuando-son-predicciones-y-donde-seguir-la-ceremonia.html\">Premios Grammy 2026: cu\u00e1ndo son, predicciones y d\u00f3nde seguir la ceremonia<\/a><\/h2>\n<\/header>\n<\/article>\n<article class=\"c  c--m-n   \" data-word=\"0\">\n<header class=\"c_h\"><time datetime=\"2026-02-01T23:51:00+01:00\" class=\"c_da\">23:51<\/time><\/p>\n<h2 class=\"c_t \"><a href=\"https:\/\/elpais.com\/us\/entretenimiento\/2026-02-01\/la-lista-de-ganadores-de-los-grammy-2026-principales-premios.html\">La lista de ganadores de los Grammy 2026: principales premios, en vivo<\/a><\/h2>\n<\/header>\n<\/article>\n<\/div>\n<\/section>\n<aside class=\"w w-lmv\" data-dtm-region=\"articulo_lom\">\n<h2 class=\"w_t\"><a href=\"https:\/\/elpais.com\/lo-mas-visto\/\">Lo m\u00e1s visto<\/a><\/h2>\n<div class=\"w_b\">\n<ol class=\"_ls\">\n<li><a href=\"https:\/\/elpais.com\/deportes\/tenis\/2026-02-01\/carlos-alcaraz-novak-djokovic-en-directo-la-final-del-open-de-australia-en-vivo.html#?rel=lom\">As\u00ed te hemos contado la victoria de Carlos Alcaraz en el Open de Australia ante Novak Djokovic<\/a><\/li>\n<li><a href=\"https:\/\/elpais.com\/clima-y-medio-ambiente\/2026-02-01\/deconstruccion-de-la-costa-asi-se-esta-quitando-ya-hormigon-para-dar-mas-espacio-a-las-playas-frente-a-los-temporales.html#?rel=lom\">Deconstrucci\u00f3n de la costa: as\u00ed se est\u00e1 quitando ya hormig\u00f3n para dar m\u00e1s espacio a las playas frente a los temporales<\/a><\/li>\n<li><a href=\"https:\/\/elpais.com\/deportes\/tenis\/2026-01-31\/john-mcenroe-alcaraz-sabe-perfectamente-quien-necesita-a-su-alrededor.html#?rel=lom\">John McEnroe: \u201cAlcaraz sabe perfectamente a qui\u00e9n necesita a su alrededor\u201d<\/a><\/li>\n<li><a href=\"https:\/\/elpais.com\/espana\/2026-01-30\/el-pp-se-niega-a-retirar-la-medalla-de-oro-que-alcantarilla-concedio-a-franco-porque-no-exalta-la-dictadura.html#?rel=lom\">El PP se niega a retirar la Medalla de Oro que Alcantarilla concedi\u00f3 a Franco porque \u201cno exalta la dictadura\u201d<\/a><\/li>\n<li><a href=\"https:\/\/elpais.com\/internacional\/2026-02-01\/cientos-de-mensajes-entre-epstein-y-la-princesa-mette-marit-de-noruega-ponen-a-la-casa-real-en-la-picota-paris-es-bueno-para-el-adulterio.html#?rel=lom\">Cientos de mensajes entre Epstein y la princesa Mette-Marit de Noruega ponen a la casa real en la picota: \u201cPar\u00eds es bueno para el adulterio\u201d<\/a><\/li>\n<\/ol>\n<\/div>\n<\/aside>\n<\/div>\n<\/article>\n<article class=\"c  c--m-n   \" data-word=\"0\">\n<header class=\"c_h\"><time datetime=\"2026-02-02T00:56:36+01:00\" class=\"c_da\">00:56<\/time><\/p>\n<h2 class=\"c_t \"><a href=\"https:\/\/elpais.com\/america\/2026-02-01\/la-jornada-electoral-de-costa-rica-en-imagenes.html\">La jornada electoral de Costa Rica, en im\u00e1genes<\/a><\/h2>\n<\/header>\n<\/article>\n<article class=\"c  c--m-n   \" data-word=\"0\">\n<header class=\"c_h\"><time datetime=\"2026-02-02T00:20:29+01:00\" class=\"c_da\">00:20<\/time><\/p>\n<h2 class=\"c_t \"><a href=\"https:\/\/elpais.com\/aniversario\/2026-02-01\/en-el-taller-de-la-opinion-de-juan-gabriel-vasquez-los-fanatismos-politicos-han-destruido-nuestra-realidad-comun.html\">En el taller de la opini\u00f3n de Juan Gabriel V\u00e1squez: \u201cLos fanatismos pol\u00edticos han destruido nuestra realidad com\u00fan\u201d<\/a><\/h2>\n<\/header>\n<\/article>\n<article class=\"c  c--m-n   \" data-word=\"0\">\n<header class=\"c_h\"><time datetime=\"2026-02-01T23:51:47+01:00\" class=\"c_da\">23:51<\/time><\/p>\n<h2 class=\"c_t \"><a href=\"https:\/\/elpais.com\/us\/entretenimiento\/2026-02-01\/premios-grammy-2026-cuando-son-predicciones-y-donde-seguir-la-ceremonia.html\">Premios Grammy 2026: cu\u00e1ndo son, predicciones y d\u00f3nde seguir la ceremonia<\/a><\/h2>\n<\/header>\n<\/article>\n<article class=\"c  c--m-n   \" data-word=\"0\">\n<header class=\"c_h\"><time datetime=\"2026-02-01T23:51:00+01:00\" class=\"c_da\">23:51<\/time><\/p>\n<h2 class=\"c_t \"><a href=\"https:\/\/elpais.com\/us\/entretenimiento\/2026-02-01\/la-lista-de-ganadores-de-los-grammy-2026-principales-premios.html\">La lista de ganadores de los Grammy 2026: principales premios, en vivo<\/a><\/h2>\n<\/header>\n<\/article>\n<p> Source URL: https:\/\/elpais.com\/espana\/catalunya\/2026-01-30\/jonathan-nott-vengo-a-enamorar-al-liceu.html<\/p>\n","protected":false},"excerpt":{"rendered":"<p>TEATRO LICEU Jonathan Nott, nuevo director de orquesta del Liceu: \u201cVengo a que nos enamoremos\u201d El maestro brit\u00e1nico, que sustituir\u00e1 a Josep Pons, se presenta como un \u201ceslab\u00f3n m\u00e1s de la cadena\u201d Jonathan Nott, nuevo director musical del Liceu a partir de la temporada 2026\/27. GIANLUCA BATTISTA \u00c0ngels Pi\u00f1ol Barcelona &#8211; 30 ene 2026 &#8211; [&hellip;]<\/p>\n","protected":false},"author":1,"featured_media":1700673,"comment_status":"open","ping_status":"","sticky":false,"template":"","format":"standard","meta":{"footnotes":""},"categories":[88],"tags":[226,92],"class_list":["post-1700672","post","type-post","status-publish","format-standard","has-post-thumbnail","hentry","category-spain","tag-crawlmanager","tag-elpais-com"],"_links":{"self":[{"href":"https:\/\/analyse.optim.biz\/index.php?rest_route=\/wp\/v2\/posts\/1700672","targetHints":{"allow":["GET"]}}],"collection":[{"href":"https:\/\/analyse.optim.biz\/index.php?rest_route=\/wp\/v2\/posts"}],"about":[{"href":"https:\/\/analyse.optim.biz\/index.php?rest_route=\/wp\/v2\/types\/post"}],"author":[{"embeddable":true,"href":"https:\/\/analyse.optim.biz\/index.php?rest_route=\/wp\/v2\/users\/1"}],"replies":[{"embeddable":true,"href":"https:\/\/analyse.optim.biz\/index.php?rest_route=%2Fwp%2Fv2%2Fcomments&post=1700672"}],"version-history":[{"count":0,"href":"https:\/\/analyse.optim.biz\/index.php?rest_route=\/wp\/v2\/posts\/1700672\/revisions"}],"wp:featuredmedia":[{"embeddable":true,"href":"https:\/\/analyse.optim.biz\/index.php?rest_route=\/wp\/v2\/media\/1700673"}],"wp:attachment":[{"href":"https:\/\/analyse.optim.biz\/index.php?rest_route=%2Fwp%2Fv2%2Fmedia&parent=1700672"}],"wp:term":[{"taxonomy":"category","embeddable":true,"href":"https:\/\/analyse.optim.biz\/index.php?rest_route=%2Fwp%2Fv2%2Fcategories&post=1700672"},{"taxonomy":"post_tag","embeddable":true,"href":"https:\/\/analyse.optim.biz\/index.php?rest_route=%2Fwp%2Fv2%2Ftags&post=1700672"}],"curies":[{"name":"wp","href":"https:\/\/api.w.org\/{rel}","templated":true}]}}