{"id":1695642,"date":"2026-01-27T16:32:00","date_gmt":"2026-01-27T13:32:00","guid":{"rendered":"https:\/\/analyse.optim.biz\/?p=1695642"},"modified":"2026-01-27T16:32:00","modified_gmt":"2026-01-27T13:32:00","slug":"maltempo-schlein-perche-governo-non-da-1-mdl-ponte-serve-risposta-immediata","status":"publish","type":"post","link":"https:\/\/analyse.optim.biz\/?p=1695642","title":{"rendered":"Maltempo: Schlein, &#8216;perch\u00e8 governo non d\u00e0 1 mdl Ponte? Serve risposta immediata&#8217;"},"content":{"rendered":"<article class=\"free-content\" id=\"content\">\n<header>\n<h1 class=\"titolo\">Maltempo: Schlein, &#8216;perch\u00e8 governo non d\u00e0 1 mdl Ponte? Serve risposta immediata&#8217;<\/h1>\n<\/header>\n<div class=\"row\">\n<section id=\"main-content\" class=\"col-xs-8\">\n<div class=\"info-container-bottom\">\n<div class=\"row middle-xs\">\n<div class=\"col-xs-8\">\n              marted\u00ec 27 gennaio 2026, 17:32                        <\/div>\n<div class=\"col-xs\">\n<div class=\"share_bar_wrapper\">\n<div class=\"share-item share-box\">\n<ul>\n<li class=\"copy\">\n<li class=\"facebook\">\n<li class=\"twitter\">\n<li class=\"mail\">\n<li class=\"whatsapp\"><\/ul>\n<\/div>\n<\/div>\n<\/div>\n<\/div>\n<\/div>\n<div class=\"body-text\">\n<p>Roma, 27 gen. (Adnkronos) &#8211; &#8220;E&#8217; impressionante, \u00e8 una violenza brutale quella con cui il ciclone Harry si \u00e8 abbattuto su questi territori. Siamo qui con il sindaco e lo ringraziamo di averci accolto per vedere e toccare con mano quello che queste comunit\u00e0 stanno vivendo. Naturalmente sono tanti i comuni colpiti sulla costa Ionica, oggi non riuscivo io a visitarli tutti, arrivo adesso da Niscemi, ma i nostri parlamentari continueranno a stare a disposizione degli amministratori e di queste comunit\u00e0 per dare tutta l&#8217;attenzione e tutto il supporto che serve per dare il pi\u00f9 presto possibile le risposte concrete a queste comunit\u00e0&#8221;. Lo dice Elly Schlein a Riposto in Sicilia. <\/p>\n<p>&#8220;Ci sono attivit\u00e0 che sono completamente devastate, lavoratori che in questo momento sono fermi, famiglie in grande difficolt\u00e0. Bisogna dare una risposta pronta, immediata, proprio perch\u00e9 gi\u00e0 quando arriva la buona stagione vogliamo immaginare che siano messi in condizioni di essere di nuovo in piedi, di ripartire. \u00c8 fondamentale anche per l&#8217;economia di questo territorio. <\/p>\n<p>Noi faremo la nostra parte per sostenerli. La nostra vicinanza va a tutte le comunit\u00e0 colpite, in Sicilia, in Calabria, in Sardegna. Faremo la nostra parte anche in Parlamento, cos\u00ec come a livello regionale e locale per dare tutto il supporto necessario, le cose su cui ci stiamo concentrando sono queste. I danni sono ingenti alle attivit\u00e0 economiche, alle attivit\u00e0 agricole, alle infrastrutture e anche alle case, alle persone&#8221;.  <\/p>\n<p>&#8220;Allora la prima questione sono le risorse, bisogna trovarle perch\u00e9 i danni stimati nelle tre regioni pi\u00f9 colpite sono stati di circa 2 miliardi, quindi sono insufficienti le risorse stanziate ieri, quei 100 milioni, bisogna trovarne di pi\u00f9. Noi abbiamo proposto, ad esempio, di dirottare immediatamente un miliardo che era stato messo sul progetto del Ponte di Messina per il 2026, che chiaramente non potr\u00e0 essere usato per effetto dello stock della Corte dei Conti. Perch\u00e9 non darlo immediatamente in disponibilit\u00e0 a questi territori, a queste comunit\u00e0, per dare subito un segnale?&#8221;. <\/p>\n<\/div>\n<div class=\"wrap-box-end\">\n<div class=\"item-options\">\n<div class=\"share_bar_wrapper\">\n<div class=\"share-item share-box\">\n<ul>\n<li class=\"copy\">\n<li class=\"facebook\">\n<li class=\"twitter\">\n<li class=\"mail\">\n<li class=\"whatsapp\"><\/ul>\n<\/div>\n<\/div>\n<\/div>\n<\/div>\n<aside class=\"area\">&#8216;;<br \/>\n        outbrainEl.insertAdjacentHTML(&#8220;afterBegin&#8221;, AdCodeOutbrain);<\/p>\n<p>        loadScript(&#8216;\/\/widgets.outbrain.com\/outbrain.js&#8217;, function(){<br \/>\n            \/\/ cerco il widget. Necessario se c&#8217;\u00e8 un&#8217;altro widget di Outbrain in pagina (es: inread)<br \/>\n            OBR.extern.researchWidget();<br \/>\n        });<br \/>\n    }<\/p>\n<p>    function AnnunciOutbrain(callback) {<br \/>\n        var outbrainDiv = document.getElementById(&#8216;outbrainWait&#8217;);<br \/>\n        \/\/ Verifica se l&#8217;elemento esiste<br \/>\n        if (outbrainDiv) {<br \/>\n            \/\/ Modifica l&#8217;id dell&#8217;elemento div<br \/>\n            outbrainDiv.id = &#8216;outbrain&#8217;;<br \/>\n        }<\/p>\n<p>                    var load_method = impostazioni_testata.outbrain.load_method || &#8216;first-interaction&#8217;;<\/p>\n<p>        var outbrainEl = document.getElementById(&#8216;outbrain&#8217;);<\/p>\n<p>        CED.log(&#8220;outbrain load_method:&#8221; + load_method);<\/p>\n<p>        if (load_method == &#8216;when-near-viewport&#8217;) {<\/p>\n<p>            \/\/ outbrain parte solo quando scrollando arriva abbastanza vicino alla viewport<br \/>\n            if (typeof callback === &#8220;function&#8221;) {<\/p>\n<p>                \/\/ Listen for the scroll event<br \/>\n                \/\/document.addEventListener(&#8216;scroll&#8217;, onScroll(outbrainEl,callback), false);<br \/>\n                CedsWNV.watch(outbrainEl, callback, {<br \/>\n                    checkInterval: 300,<br \/>\n                    offset: 500<br \/>\n                });<\/p>\n<p>                \/*devo chiamare la funzione con argomenti e variabili *\/<br \/>\n            }<\/p>\n<p>        } else {<br \/>\n            \/\/ DEFAULT: outbrain parte alla prima interazione o dopo il timeout inattivit\u00e0<br \/>\n            _waitOnceFor(load_method, callback);<br \/>\n        }<br \/>\n    }<\/p>\n<p>            AnnunciOutbrain(WidgetOutbrainTag);<\/p>\n<\/aside>\n<\/section>\n<\/div>\n<\/article>\n<article class=\"free-content\" id=\"content\">\n<header>\n<h1 class=\"titolo\">Maltempo: Schlein, &#8216;perch\u00e8 governo non d\u00e0 1 mdl Ponte? Serve risposta immediata&#8217;<\/h1>\n<\/header>\n<div class=\"row\">\n<section id=\"main-content\" class=\"col-xs-8\">\n<div class=\"info-container-bottom\">\n<div class=\"row middle-xs\">\n<div class=\"col-xs-8\">\n              marted\u00ec 27 gennaio 2026, 17:32                        <\/div>\n<div class=\"col-xs\">\n<div class=\"share_bar_wrapper\">\n<div class=\"share-item share-box\">\n<ul>\n<li class=\"copy\">\n<li class=\"facebook\">\n<li class=\"twitter\">\n<li class=\"mail\">\n<li class=\"whatsapp\"><\/ul>\n<\/div>\n<\/div>\n<\/div>\n<\/div>\n<\/div>\n<div class=\"body-text\">\n<p>Roma, 27 gen. (Adnkronos) &#8211; &#8220;E&#8217; impressionante, \u00e8 una violenza brutale quella con cui il ciclone Harry si \u00e8 abbattuto su questi territori. Siamo qui con il sindaco e lo ringraziamo di averci accolto per vedere e toccare con mano quello che queste comunit\u00e0 stanno vivendo. Naturalmente sono tanti i comuni colpiti sulla costa Ionica, oggi non riuscivo io a visitarli tutti, arrivo adesso da Niscemi, ma i nostri parlamentari continueranno a stare a disposizione degli amministratori e di queste comunit\u00e0 per dare tutta l&#8217;attenzione e tutto il supporto che serve per dare il pi\u00f9 presto possibile le risposte concrete a queste comunit\u00e0&#8221;. Lo dice Elly Schlein a Riposto in Sicilia. <\/p>\n<p>&#8220;Ci sono attivit\u00e0 che sono completamente devastate, lavoratori che in questo momento sono fermi, famiglie in grande difficolt\u00e0. Bisogna dare una risposta pronta, immediata, proprio perch\u00e9 gi\u00e0 quando arriva la buona stagione vogliamo immaginare che siano messi in condizioni di essere di nuovo in piedi, di ripartire. \u00c8 fondamentale anche per l&#8217;economia di questo territorio. <\/p>\n<p>Noi faremo la nostra parte per sostenerli. La nostra vicinanza va a tutte le comunit\u00e0 colpite, in Sicilia, in Calabria, in Sardegna. Faremo la nostra parte anche in Parlamento, cos\u00ec come a livello regionale e locale per dare tutto il supporto necessario, le cose su cui ci stiamo concentrando sono queste. I danni sono ingenti alle attivit\u00e0 economiche, alle attivit\u00e0 agricole, alle infrastrutture e anche alle case, alle persone&#8221;.  <\/p>\n<p>&#8220;Allora la prima questione sono le risorse, bisogna trovarle perch\u00e9 i danni stimati nelle tre regioni pi\u00f9 colpite sono stati di circa 2 miliardi, quindi sono insufficienti le risorse stanziate ieri, quei 100 milioni, bisogna trovarne di pi\u00f9. Noi abbiamo proposto, ad esempio, di dirottare immediatamente un miliardo che era stato messo sul progetto del Ponte di Messina per il 2026, che chiaramente non potr\u00e0 essere usato per effetto dello stock della Corte dei Conti. Perch\u00e9 non darlo immediatamente in disponibilit\u00e0 a questi territori, a queste comunit\u00e0, per dare subito un segnale?&#8221;. <\/p>\n<\/div>\n<div class=\"wrap-box-end\">\n<div class=\"item-options\">\n<div class=\"share_bar_wrapper\">\n<div class=\"share-item share-box\">\n<ul>\n<li class=\"copy\">\n<li class=\"facebook\">\n<li class=\"twitter\">\n<li class=\"mail\">\n<li class=\"whatsapp\"><\/ul>\n<\/div>\n<\/div>\n<\/div>\n<\/div>\n<aside class=\"area\">&#8216;;<br \/>\n        outbrainEl.insertAdjacentHTML(&#8220;afterBegin&#8221;, AdCodeOutbrain);<\/p>\n<p>        loadScript(&#8216;\/\/widgets.outbrain.com\/outbrain.js&#8217;, function(){<br \/>\n            \/\/ cerco il widget. Necessario se c&#8217;\u00e8 un&#8217;altro widget di Outbrain in pagina (es: inread)<br \/>\n            OBR.extern.researchWidget();<br \/>\n        });<br \/>\n    }<\/p>\n<p>    function AnnunciOutbrain(callback) {<br \/>\n        var outbrainDiv = document.getElementById(&#8216;outbrainWait&#8217;);<br \/>\n        \/\/ Verifica se l&#8217;elemento esiste<br \/>\n        if (outbrainDiv) {<br \/>\n            \/\/ Modifica l&#8217;id dell&#8217;elemento div<br \/>\n            outbrainDiv.id = &#8216;outbrain&#8217;;<br \/>\n        }<\/p>\n<p>                    var load_method = impostazioni_testata.outbrain.load_method || &#8216;first-interaction&#8217;;<\/p>\n<p>        var outbrainEl = document.getElementById(&#8216;outbrain&#8217;);<\/p>\n<p>        CED.log(&#8220;outbrain load_method:&#8221; + load_method);<\/p>\n<p>        if (load_method == &#8216;when-near-viewport&#8217;) {<\/p>\n<p>            \/\/ outbrain parte solo quando scrollando arriva abbastanza vicino alla viewport<br \/>\n            if (typeof callback === &#8220;function&#8221;) {<\/p>\n<p>                \/\/ Listen for the scroll event<br \/>\n                \/\/document.addEventListener(&#8216;scroll&#8217;, onScroll(outbrainEl,callback), false);<br \/>\n                CedsWNV.watch(outbrainEl, callback, {<br \/>\n                    checkInterval: 300,<br \/>\n                    offset: 500<br \/>\n                });<\/p>\n<p>                \/*devo chiamare la funzione con argomenti e variabili *\/<br \/>\n            }<\/p>\n<p>        } else {<br \/>\n            \/\/ DEFAULT: outbrain parte alla prima interazione o dopo il timeout inattivit\u00e0<br \/>\n            _waitOnceFor(load_method, callback);<br \/>\n        }<br \/>\n    }<\/p>\n<p>            AnnunciOutbrain(WidgetOutbrainTag);<\/p>\n<\/aside>\n<\/section>\n<\/div>\n<\/article>\n<p> Source URL: https:\/\/www.quotidianodipuglia.it\/ultimissime_adn\/maltempo_schlein_perche_governo_non_da_1_mdl_ponte_serve_risposta_immediata-20260127173228.html<\/p>\n","protected":false},"excerpt":{"rendered":"<p>Maltempo: Schlein, &#8216;perch\u00e8 governo non d\u00e0 1 mdl Ponte? Serve risposta immediata&#8217; marted\u00ec 27 gennaio 2026, 17:32 Roma, 27 gen. (Adnkronos) &#8211; &#8220;E&#8217; impressionante, \u00e8 una violenza brutale quella con cui il ciclone Harry si \u00e8 abbattuto su questi territori. Siamo qui con il sindaco e lo ringraziamo di averci accolto per vedere e toccare [&hellip;]<\/p>\n","protected":false},"author":1,"featured_media":1695685,"comment_status":"open","ping_status":"","sticky":false,"template":"","format":"standard","meta":{"footnotes":""},"categories":[87],"tags":[226,155],"class_list":["post-1695642","post","type-post","status-publish","format-standard","has-post-thumbnail","hentry","category-italy","tag-crawlmanager","tag-quotidianodipuglia-it"],"_links":{"self":[{"href":"https:\/\/analyse.optim.biz\/index.php?rest_route=\/wp\/v2\/posts\/1695642","targetHints":{"allow":["GET"]}}],"collection":[{"href":"https:\/\/analyse.optim.biz\/index.php?rest_route=\/wp\/v2\/posts"}],"about":[{"href":"https:\/\/analyse.optim.biz\/index.php?rest_route=\/wp\/v2\/types\/post"}],"author":[{"embeddable":true,"href":"https:\/\/analyse.optim.biz\/index.php?rest_route=\/wp\/v2\/users\/1"}],"replies":[{"embeddable":true,"href":"https:\/\/analyse.optim.biz\/index.php?rest_route=%2Fwp%2Fv2%2Fcomments&post=1695642"}],"version-history":[{"count":0,"href":"https:\/\/analyse.optim.biz\/index.php?rest_route=\/wp\/v2\/posts\/1695642\/revisions"}],"wp:featuredmedia":[{"embeddable":true,"href":"https:\/\/analyse.optim.biz\/index.php?rest_route=\/wp\/v2\/media\/1695685"}],"wp:attachment":[{"href":"https:\/\/analyse.optim.biz\/index.php?rest_route=%2Fwp%2Fv2%2Fmedia&parent=1695642"}],"wp:term":[{"taxonomy":"category","embeddable":true,"href":"https:\/\/analyse.optim.biz\/index.php?rest_route=%2Fwp%2Fv2%2Fcategories&post=1695642"},{"taxonomy":"post_tag","embeddable":true,"href":"https:\/\/analyse.optim.biz\/index.php?rest_route=%2Fwp%2Fv2%2Ftags&post=1695642"}],"curies":[{"name":"wp","href":"https:\/\/api.w.org\/{rel}","templated":true}]}}