{"id":1695564,"date":"2026-01-27T16:28:00","date_gmt":"2026-01-27T13:28:00","guid":{"rendered":"https:\/\/analyse.optim.biz\/?p=1695564"},"modified":"2026-01-27T16:28:00","modified_gmt":"2026-01-27T13:28:00","slug":"shoah-la-russa-non-cicatrici-passato-ma-ferite-aperte-consapevoli-responsabilita-italiane","status":"publish","type":"post","link":"https:\/\/analyse.optim.biz\/?p=1695564","title":{"rendered":"Shoah: La Russa, &#8216;non cicatrici passato ma ferite aperte, consapevoli responsabilit\u00e0 italiane&#8217;"},"content":{"rendered":"<article class=\"free-content\" id=\"content\">\n<header>\n<h1 class=\"titolo\">Shoah: La Russa, &#8216;non cicatrici passato ma ferite aperte, consapevoli responsabilit\u00e0 italiane&#8217;<\/h1>\n<\/header>\n<div class=\"row\">\n<section id=\"main-content\" class=\"col-xs-8\">\n<div class=\"info-container-bottom\">\n<div class=\"row middle-xs\">\n<div class=\"col-xs-8\">\n              marted\u00ec 27 gennaio 2026, 17:28                        <\/div>\n<div class=\"col-xs\">\n<div class=\"share_bar_wrapper\">\n<div class=\"share-item share-box\">\n<ul>\n<li class=\"copy\">\n<li class=\"facebook\">\n<li class=\"twitter\">\n<li class=\"mail\">\n<li class=\"whatsapp\"><\/ul>\n<\/div>\n<\/div>\n<\/div>\n<\/div>\n<\/div>\n<div class=\"body-text\">\n<p>Roma, 27 gen. (Adnkronos) &#8211; &#8220;Noi abbiamo il dovere di tramandare il ricordo della Shoah a chi verr\u00e0 dopo di noi, perch\u00e9 \u00e8 sulla memoria di ci\u00f2 che \u00e8 stato e ci\u00f2 che non deve pi\u00f9 accadere che si fondano e traggono forza quegli ideali di giustizia, di libert\u00e0, il rispetto della vita, della dignit\u00e0 umana, che sono il cuore della nostra Costituzione e della nostra comunit\u00e0 nazionale. Apprezzo il lavoro che la commissione Affari costituzionali sta svolgendo per le nuove norme sull&#8217;antisemitismo e la presidenza del Senato auspica che l&#8217;Aula termini il provvedimento possibilmente entro il mese di febbraio&#8221;. Lo ha affermato il presidente del Senato, Ignazio La Russa, in occasione della commemorazione al Senato del Giorno della memoria.<\/p>\n<p>&#8220;Contrapponiamo la forza della memoria all&#8217;ignoranza, all&#8217;indifferenza -ha aggiunto la seconda carica dello Stato- che nutrono i semi dell&#8217;odio e del razzismo, dell&#8217;antisemitismo e dell&#8217;antisionismo. Odio, indifferenza e ignoranza non sono soltanto cicatrici del passato, ma ferite ancora aperte, di fronte alle quali non possiamo rimanere in silenzio o, peggio, voltarci dall&#8217;altra parte. <\/p>\n<p>Il ricordo di quello che avvenne nelle responsabilit\u00e0 anche italiane \u00e8 presente in tutti noi, cos\u00ec come sono presenti in noi i pericoli di questa fase storica, incarnati da chi vorrebbe annullare il diritto di esistere di Israele&#8221;.  <\/p>\n<p>&#8220;Non sono quindi soltanto cicatrici del passato -ha ribadito La Russa- ma sono ferite ancora aperte, alle quali dobbiamo prestare grande attenzione. Abbiamo il dovere quindi di ricordare, affinch\u00e9 le tragedie del passato non tornino pi\u00f9. Le pagine buie e i rastrellamenti a cui assistette impotente anche l&#8217;italia e con la corresponsabilit\u00e0 anche italiana sono una memoria che in questa giornata non possiamo trascurare. Abbiamo il dovere di camminare insieme sulla strada della memoria, rendendo onore alle tante, troppe vite spezzate dall&#8217;olocausto, costruendo insieme un futuro di pace e di rispetto per tutti i popoli, per tutte le comunit\u00e0&#8221;. <\/p>\n<\/div>\n<div class=\"wrap-box-end\">\n<div class=\"item-options\">\n<div class=\"share_bar_wrapper\">\n<div class=\"share-item share-box\">\n<ul>\n<li class=\"copy\">\n<li class=\"facebook\">\n<li class=\"twitter\">\n<li class=\"mail\">\n<li class=\"whatsapp\"><\/ul>\n<\/div>\n<\/div>\n<\/div>\n<\/div>\n<aside class=\"area\">&#8216;;<br \/>\n        outbrainEl.insertAdjacentHTML(&#8220;afterBegin&#8221;, AdCodeOutbrain);<\/p>\n<p>        loadScript(&#8216;\/\/widgets.outbrain.com\/outbrain.js&#8217;, function(){<br \/>\n            \/\/ cerco il widget. Necessario se c&#8217;\u00e8 un&#8217;altro widget di Outbrain in pagina (es: inread)<br \/>\n            OBR.extern.researchWidget();<br \/>\n        });<br \/>\n    }<\/p>\n<p>    function AnnunciOutbrain(callback) {<br \/>\n        var outbrainDiv = document.getElementById(&#8216;outbrainWait&#8217;);<br \/>\n        \/\/ Verifica se l&#8217;elemento esiste<br \/>\n        if (outbrainDiv) {<br \/>\n            \/\/ Modifica l&#8217;id dell&#8217;elemento div<br \/>\n            outbrainDiv.id = &#8216;outbrain&#8217;;<br \/>\n        }<\/p>\n<p>                    var load_method = impostazioni_testata.outbrain.load_method || &#8216;first-interaction&#8217;;<\/p>\n<p>        var outbrainEl = document.getElementById(&#8216;outbrain&#8217;);<\/p>\n<p>        CED.log(&#8220;outbrain load_method:&#8221; + load_method);<\/p>\n<p>        if (load_method == &#8216;when-near-viewport&#8217;) {<\/p>\n<p>            \/\/ outbrain parte solo quando scrollando arriva abbastanza vicino alla viewport<br \/>\n            if (typeof callback === &#8220;function&#8221;) {<\/p>\n<p>                \/\/ Listen for the scroll event<br \/>\n                \/\/document.addEventListener(&#8216;scroll&#8217;, onScroll(outbrainEl,callback), false);<br \/>\n                CedsWNV.watch(outbrainEl, callback, {<br \/>\n                    checkInterval: 300,<br \/>\n                    offset: 500<br \/>\n                });<\/p>\n<p>                \/*devo chiamare la funzione con argomenti e variabili *\/<br \/>\n            }<\/p>\n<p>        } else {<br \/>\n            \/\/ DEFAULT: outbrain parte alla prima interazione o dopo il timeout inattivit\u00e0<br \/>\n            _waitOnceFor(load_method, callback);<br \/>\n        }<br \/>\n    }<\/p>\n<p>            AnnunciOutbrain(WidgetOutbrainTag);<\/p>\n<\/aside>\n<\/section>\n<\/div>\n<\/article>\n<article class=\"free-content\" id=\"content\">\n<header>\n<h1 class=\"titolo\">Shoah: La Russa, &#8216;non cicatrici passato ma ferite aperte, consapevoli responsabilit\u00e0 italiane&#8217;<\/h1>\n<\/header>\n<div class=\"row\">\n<section id=\"main-content\" class=\"col-xs-8\">\n<div class=\"info-container-bottom\">\n<div class=\"row middle-xs\">\n<div class=\"col-xs-8\">\n              marted\u00ec 27 gennaio 2026, 17:28                        <\/div>\n<div class=\"col-xs\">\n<div class=\"share_bar_wrapper\">\n<div class=\"share-item share-box\">\n<ul>\n<li class=\"copy\">\n<li class=\"facebook\">\n<li class=\"twitter\">\n<li class=\"mail\">\n<li class=\"whatsapp\"><\/ul>\n<\/div>\n<\/div>\n<\/div>\n<\/div>\n<\/div>\n<div class=\"body-text\">\n<p>Roma, 27 gen. (Adnkronos) &#8211; &#8220;Noi abbiamo il dovere di tramandare il ricordo della Shoah a chi verr\u00e0 dopo di noi, perch\u00e9 \u00e8 sulla memoria di ci\u00f2 che \u00e8 stato e ci\u00f2 che non deve pi\u00f9 accadere che si fondano e traggono forza quegli ideali di giustizia, di libert\u00e0, il rispetto della vita, della dignit\u00e0 umana, che sono il cuore della nostra Costituzione e della nostra comunit\u00e0 nazionale. Apprezzo il lavoro che la commissione Affari costituzionali sta svolgendo per le nuove norme sull&#8217;antisemitismo e la presidenza del Senato auspica che l&#8217;Aula termini il provvedimento possibilmente entro il mese di febbraio&#8221;. Lo ha affermato il presidente del Senato, Ignazio La Russa, in occasione della commemorazione al Senato del Giorno della memoria.<\/p>\n<p>&#8220;Contrapponiamo la forza della memoria all&#8217;ignoranza, all&#8217;indifferenza -ha aggiunto la seconda carica dello Stato- che nutrono i semi dell&#8217;odio e del razzismo, dell&#8217;antisemitismo e dell&#8217;antisionismo. Odio, indifferenza e ignoranza non sono soltanto cicatrici del passato, ma ferite ancora aperte, di fronte alle quali non possiamo rimanere in silenzio o, peggio, voltarci dall&#8217;altra parte. <\/p>\n<p>Il ricordo di quello che avvenne nelle responsabilit\u00e0 anche italiane \u00e8 presente in tutti noi, cos\u00ec come sono presenti in noi i pericoli di questa fase storica, incarnati da chi vorrebbe annullare il diritto di esistere di Israele&#8221;.  <\/p>\n<p>&#8220;Non sono quindi soltanto cicatrici del passato -ha ribadito La Russa- ma sono ferite ancora aperte, alle quali dobbiamo prestare grande attenzione. Abbiamo il dovere quindi di ricordare, affinch\u00e9 le tragedie del passato non tornino pi\u00f9. Le pagine buie e i rastrellamenti a cui assistette impotente anche l&#8217;italia e con la corresponsabilit\u00e0 anche italiana sono una memoria che in questa giornata non possiamo trascurare. Abbiamo il dovere di camminare insieme sulla strada della memoria, rendendo onore alle tante, troppe vite spezzate dall&#8217;olocausto, costruendo insieme un futuro di pace e di rispetto per tutti i popoli, per tutte le comunit\u00e0&#8221;. <\/p>\n<\/div>\n<div class=\"wrap-box-end\">\n<div class=\"item-options\">\n<div class=\"share_bar_wrapper\">\n<div class=\"share-item share-box\">\n<ul>\n<li class=\"copy\">\n<li class=\"facebook\">\n<li class=\"twitter\">\n<li class=\"mail\">\n<li class=\"whatsapp\"><\/ul>\n<\/div>\n<\/div>\n<\/div>\n<\/div>\n<aside class=\"area\">&#8216;;<br \/>\n        outbrainEl.insertAdjacentHTML(&#8220;afterBegin&#8221;, AdCodeOutbrain);<\/p>\n<p>        loadScript(&#8216;\/\/widgets.outbrain.com\/outbrain.js&#8217;, function(){<br \/>\n            \/\/ cerco il widget. Necessario se c&#8217;\u00e8 un&#8217;altro widget di Outbrain in pagina (es: inread)<br \/>\n            OBR.extern.researchWidget();<br \/>\n        });<br \/>\n    }<\/p>\n<p>    function AnnunciOutbrain(callback) {<br \/>\n        var outbrainDiv = document.getElementById(&#8216;outbrainWait&#8217;);<br \/>\n        \/\/ Verifica se l&#8217;elemento esiste<br \/>\n        if (outbrainDiv) {<br \/>\n            \/\/ Modifica l&#8217;id dell&#8217;elemento div<br \/>\n            outbrainDiv.id = &#8216;outbrain&#8217;;<br \/>\n        }<\/p>\n<p>                    var load_method = impostazioni_testata.outbrain.load_method || &#8216;first-interaction&#8217;;<\/p>\n<p>        var outbrainEl = document.getElementById(&#8216;outbrain&#8217;);<\/p>\n<p>        CED.log(&#8220;outbrain load_method:&#8221; + load_method);<\/p>\n<p>        if (load_method == &#8216;when-near-viewport&#8217;) {<\/p>\n<p>            \/\/ outbrain parte solo quando scrollando arriva abbastanza vicino alla viewport<br \/>\n            if (typeof callback === &#8220;function&#8221;) {<\/p>\n<p>                \/\/ Listen for the scroll event<br \/>\n                \/\/document.addEventListener(&#8216;scroll&#8217;, onScroll(outbrainEl,callback), false);<br \/>\n                CedsWNV.watch(outbrainEl, callback, {<br \/>\n                    checkInterval: 300,<br \/>\n                    offset: 500<br \/>\n                });<\/p>\n<p>                \/*devo chiamare la funzione con argomenti e variabili *\/<br \/>\n            }<\/p>\n<p>        } else {<br \/>\n            \/\/ DEFAULT: outbrain parte alla prima interazione o dopo il timeout inattivit\u00e0<br \/>\n            _waitOnceFor(load_method, callback);<br \/>\n        }<br \/>\n    }<\/p>\n<p>            AnnunciOutbrain(WidgetOutbrainTag);<\/p>\n<\/aside>\n<\/section>\n<\/div>\n<\/article>\n<p> Source URL: https:\/\/www.quotidianodipuglia.it\/ultimissime_adn\/shoah_la_russa_non_cicatrici_passato_ma_ferite_aperte_consapevoli_responsabilita_italiane-20260127172856.html<\/p>\n","protected":false},"excerpt":{"rendered":"<p>Shoah: La Russa, &#8216;non cicatrici passato ma ferite aperte, consapevoli responsabilit\u00e0 italiane&#8217; marted\u00ec 27 gennaio 2026, 17:28 Roma, 27 gen. (Adnkronos) &#8211; &#8220;Noi abbiamo il dovere di tramandare il ricordo della Shoah a chi verr\u00e0 dopo di noi, perch\u00e9 \u00e8 sulla memoria di ci\u00f2 che \u00e8 stato e ci\u00f2 che non deve pi\u00f9 accadere che [&hellip;]<\/p>\n","protected":false},"author":1,"featured_media":1695568,"comment_status":"open","ping_status":"","sticky":false,"template":"","format":"standard","meta":{"footnotes":""},"categories":[87],"tags":[226,155],"class_list":["post-1695564","post","type-post","status-publish","format-standard","has-post-thumbnail","hentry","category-italy","tag-crawlmanager","tag-quotidianodipuglia-it"],"_links":{"self":[{"href":"https:\/\/analyse.optim.biz\/index.php?rest_route=\/wp\/v2\/posts\/1695564","targetHints":{"allow":["GET"]}}],"collection":[{"href":"https:\/\/analyse.optim.biz\/index.php?rest_route=\/wp\/v2\/posts"}],"about":[{"href":"https:\/\/analyse.optim.biz\/index.php?rest_route=\/wp\/v2\/types\/post"}],"author":[{"embeddable":true,"href":"https:\/\/analyse.optim.biz\/index.php?rest_route=\/wp\/v2\/users\/1"}],"replies":[{"embeddable":true,"href":"https:\/\/analyse.optim.biz\/index.php?rest_route=%2Fwp%2Fv2%2Fcomments&post=1695564"}],"version-history":[{"count":0,"href":"https:\/\/analyse.optim.biz\/index.php?rest_route=\/wp\/v2\/posts\/1695564\/revisions"}],"wp:featuredmedia":[{"embeddable":true,"href":"https:\/\/analyse.optim.biz\/index.php?rest_route=\/wp\/v2\/media\/1695568"}],"wp:attachment":[{"href":"https:\/\/analyse.optim.biz\/index.php?rest_route=%2Fwp%2Fv2%2Fmedia&parent=1695564"}],"wp:term":[{"taxonomy":"category","embeddable":true,"href":"https:\/\/analyse.optim.biz\/index.php?rest_route=%2Fwp%2Fv2%2Fcategories&post=1695564"},{"taxonomy":"post_tag","embeddable":true,"href":"https:\/\/analyse.optim.biz\/index.php?rest_route=%2Fwp%2Fv2%2Ftags&post=1695564"}],"curies":[{"name":"wp","href":"https:\/\/api.w.org\/{rel}","templated":true}]}}