{"id":1695537,"date":"2026-01-27T16:28:00","date_gmt":"2026-01-27T13:28:00","guid":{"rendered":"https:\/\/analyse.optim.biz\/?p=1695537"},"modified":"2026-01-27T16:28:00","modified_gmt":"2026-01-27T13:28:00","slug":"maltempo-schlein-meloni-assente-no-polemiche-ma-non-e-emergenza-serie-b","status":"publish","type":"post","link":"https:\/\/analyse.optim.biz\/?p=1695537","title":{"rendered":"Maltempo: Schlein, &#8216;Meloni assente? No polemiche ma non \u00e8 emergenza serie B&#8217;"},"content":{"rendered":"<article class=\"free-content\" id=\"content\">\n<header>\n<h1 class=\"titolo\">Maltempo: Schlein, &#8216;Meloni assente? No polemiche ma non \u00e8 emergenza serie B&#8217;<\/h1>\n<\/header>\n<div class=\"row\">\n<section id=\"main-content\" class=\"col-xs-8\">\n<div class=\"info-container-bottom\">\n<div class=\"row middle-xs\">\n<div class=\"col-xs-8\">\n              marted\u00ec 27 gennaio 2026, 17:28                        <\/div>\n<div class=\"col-xs\">\n<div class=\"share_bar_wrapper\">\n<div class=\"share-item share-box\">\n<ul>\n<li class=\"copy\">\n<li class=\"facebook\">\n<li class=\"twitter\">\n<li class=\"mail\">\n<li class=\"whatsapp\"><\/ul>\n<\/div>\n<\/div>\n<\/div>\n<\/div>\n<\/div>\n<div class=\"body-text\">\n<p>Roma, 27 gen. (Adnkronos) &#8211; &#8220;Io non sono qui per fare polemica, sono qui per dare pieno supporto a queste comunit\u00e0 e a questi territori&#8221;. Lo dice Elly Schlein a Riposto in Sicilia a chi le chiede se la presidente del Consiglio, Giorgia Meloni, avrebbe dovuto visitare i luoghi colpiti dal ciclone Harry. <\/p>\n<p>&#8220;Come Partito Democratico ci siamo dai primi giorni, attraverso i nostri parlamentari, e ho colto anch&#8217;io il primo momento utile per venire di persona a vedere coi miei occhi quello che stanno vivendo queste comunit\u00e0 e renderci conto di quali sono le esigenze concrete per tornare poi Parlamento a dare il nostro contributo. Chiaramente la risposta che abbiamo visto ieri l&#8217;abbiamo giudicata insufficiente e chiediamo al Governo di reperire tutte le risorse che servono. <\/p>\n<p>La percezione \u00e8 che c&#8217;\u00e8 sconforto per quanto accaduto, sta a tutta Italia, a tutti noi, stare accanto a queste comunit\u00e0 per non farle sentire sole. Anche da un punto di vista mediatico&#8221;. <\/p>\n<p>Siamo qui &#8220;per portare tutta l&#8217;attenzione dovuta perch\u00e9 questa non \u00e8 un&#8217;emergenza di serie B. Non la consideri nessuno un&#8217;emergenza di serie B. Siamo qui per stare a fianco a queste persone, a questi amministratori, a questi territori e ci resteremo anche domani e dopodomani insieme a voi. Vi ringrazio della vostra presenza perch\u00e9 appunto vuol dire che qui un&#8217;attenzione c&#8217;\u00e8 e deve continuare ad esserci. Noi faremo la nostra parte anche in questo&#8221;.<\/p>\n<\/div>\n<div class=\"wrap-box-end\">\n<div class=\"item-options\">\n<div class=\"share_bar_wrapper\">\n<div class=\"share-item share-box\">\n<ul>\n<li class=\"copy\">\n<li class=\"facebook\">\n<li class=\"twitter\">\n<li class=\"mail\">\n<li class=\"whatsapp\"><\/ul>\n<\/div>\n<\/div>\n<\/div>\n<\/div>\n<aside class=\"area\">&#8216;;<br \/>\n        outbrainEl.insertAdjacentHTML(&#8220;afterBegin&#8221;, AdCodeOutbrain);<\/p>\n<p>        loadScript(&#8216;\/\/widgets.outbrain.com\/outbrain.js&#8217;, function(){<br \/>\n            \/\/ cerco il widget. Necessario se c&#8217;\u00e8 un&#8217;altro widget di Outbrain in pagina (es: inread)<br \/>\n            OBR.extern.researchWidget();<br \/>\n        });<br \/>\n    }<\/p>\n<p>    function AnnunciOutbrain(callback) {<br \/>\n        var outbrainDiv = document.getElementById(&#8216;outbrainWait&#8217;);<br \/>\n        \/\/ Verifica se l&#8217;elemento esiste<br \/>\n        if (outbrainDiv) {<br \/>\n            \/\/ Modifica l&#8217;id dell&#8217;elemento div<br \/>\n            outbrainDiv.id = &#8216;outbrain&#8217;;<br \/>\n        }<\/p>\n<p>                    var load_method = impostazioni_testata.outbrain.load_method || &#8216;first-interaction&#8217;;<\/p>\n<p>        var outbrainEl = document.getElementById(&#8216;outbrain&#8217;);<\/p>\n<p>        CED.log(&#8220;outbrain load_method:&#8221; + load_method);<\/p>\n<p>        if (load_method == &#8216;when-near-viewport&#8217;) {<\/p>\n<p>            \/\/ outbrain parte solo quando scrollando arriva abbastanza vicino alla viewport<br \/>\n            if (typeof callback === &#8220;function&#8221;) {<\/p>\n<p>                \/\/ Listen for the scroll event<br \/>\n                \/\/document.addEventListener(&#8216;scroll&#8217;, onScroll(outbrainEl,callback), false);<br \/>\n                CedsWNV.watch(outbrainEl, callback, {<br \/>\n                    checkInterval: 300,<br \/>\n                    offset: 500<br \/>\n                });<\/p>\n<p>                \/*devo chiamare la funzione con argomenti e variabili *\/<br \/>\n            }<\/p>\n<p>        } else {<br \/>\n            \/\/ DEFAULT: outbrain parte alla prima interazione o dopo il timeout inattivit\u00e0<br \/>\n            _waitOnceFor(load_method, callback);<br \/>\n        }<br \/>\n    }<\/p>\n<p>            AnnunciOutbrain(WidgetOutbrainTag);<\/p>\n<\/aside>\n<\/section>\n<\/div>\n<\/article>\n<article class=\"free-content\" id=\"content\">\n<header>\n<h1 class=\"titolo\">Maltempo: Schlein, &#8216;Meloni assente? No polemiche ma non \u00e8 emergenza serie B&#8217;<\/h1>\n<\/header>\n<div class=\"row\">\n<section id=\"main-content\" class=\"col-xs-8\">\n<div class=\"info-container-bottom\">\n<div class=\"row middle-xs\">\n<div class=\"col-xs-8\">\n              marted\u00ec 27 gennaio 2026, 17:28                        <\/div>\n<div class=\"col-xs\">\n<div class=\"share_bar_wrapper\">\n<div class=\"share-item share-box\">\n<ul>\n<li class=\"copy\">\n<li class=\"facebook\">\n<li class=\"twitter\">\n<li class=\"mail\">\n<li class=\"whatsapp\"><\/ul>\n<\/div>\n<\/div>\n<\/div>\n<\/div>\n<\/div>\n<div class=\"body-text\">\n<p>Roma, 27 gen. (Adnkronos) &#8211; &#8220;Io non sono qui per fare polemica, sono qui per dare pieno supporto a queste comunit\u00e0 e a questi territori&#8221;. Lo dice Elly Schlein a Riposto in Sicilia a chi le chiede se la presidente del Consiglio, Giorgia Meloni, avrebbe dovuto visitare i luoghi colpiti dal ciclone Harry. <\/p>\n<p>&#8220;Come Partito Democratico ci siamo dai primi giorni, attraverso i nostri parlamentari, e ho colto anch&#8217;io il primo momento utile per venire di persona a vedere coi miei occhi quello che stanno vivendo queste comunit\u00e0 e renderci conto di quali sono le esigenze concrete per tornare poi Parlamento a dare il nostro contributo. Chiaramente la risposta che abbiamo visto ieri l&#8217;abbiamo giudicata insufficiente e chiediamo al Governo di reperire tutte le risorse che servono. <\/p>\n<p>La percezione \u00e8 che c&#8217;\u00e8 sconforto per quanto accaduto, sta a tutta Italia, a tutti noi, stare accanto a queste comunit\u00e0 per non farle sentire sole. Anche da un punto di vista mediatico&#8221;. <\/p>\n<p>Siamo qui &#8220;per portare tutta l&#8217;attenzione dovuta perch\u00e9 questa non \u00e8 un&#8217;emergenza di serie B. Non la consideri nessuno un&#8217;emergenza di serie B. Siamo qui per stare a fianco a queste persone, a questi amministratori, a questi territori e ci resteremo anche domani e dopodomani insieme a voi. Vi ringrazio della vostra presenza perch\u00e9 appunto vuol dire che qui un&#8217;attenzione c&#8217;\u00e8 e deve continuare ad esserci. Noi faremo la nostra parte anche in questo&#8221;.<\/p>\n<\/div>\n<div class=\"wrap-box-end\">\n<div class=\"item-options\">\n<div class=\"share_bar_wrapper\">\n<div class=\"share-item share-box\">\n<ul>\n<li class=\"copy\">\n<li class=\"facebook\">\n<li class=\"twitter\">\n<li class=\"mail\">\n<li class=\"whatsapp\"><\/ul>\n<\/div>\n<\/div>\n<\/div>\n<\/div>\n<aside class=\"area\">&#8216;;<br \/>\n        outbrainEl.insertAdjacentHTML(&#8220;afterBegin&#8221;, AdCodeOutbrain);<\/p>\n<p>        loadScript(&#8216;\/\/widgets.outbrain.com\/outbrain.js&#8217;, function(){<br \/>\n            \/\/ cerco il widget. Necessario se c&#8217;\u00e8 un&#8217;altro widget di Outbrain in pagina (es: inread)<br \/>\n            OBR.extern.researchWidget();<br \/>\n        });<br \/>\n    }<\/p>\n<p>    function AnnunciOutbrain(callback) {<br \/>\n        var outbrainDiv = document.getElementById(&#8216;outbrainWait&#8217;);<br \/>\n        \/\/ Verifica se l&#8217;elemento esiste<br \/>\n        if (outbrainDiv) {<br \/>\n            \/\/ Modifica l&#8217;id dell&#8217;elemento div<br \/>\n            outbrainDiv.id = &#8216;outbrain&#8217;;<br \/>\n        }<\/p>\n<p>                    var load_method = impostazioni_testata.outbrain.load_method || &#8216;first-interaction&#8217;;<\/p>\n<p>        var outbrainEl = document.getElementById(&#8216;outbrain&#8217;);<\/p>\n<p>        CED.log(&#8220;outbrain load_method:&#8221; + load_method);<\/p>\n<p>        if (load_method == &#8216;when-near-viewport&#8217;) {<\/p>\n<p>            \/\/ outbrain parte solo quando scrollando arriva abbastanza vicino alla viewport<br \/>\n            if (typeof callback === &#8220;function&#8221;) {<\/p>\n<p>                \/\/ Listen for the scroll event<br \/>\n                \/\/document.addEventListener(&#8216;scroll&#8217;, onScroll(outbrainEl,callback), false);<br \/>\n                CedsWNV.watch(outbrainEl, callback, {<br \/>\n                    checkInterval: 300,<br \/>\n                    offset: 500<br \/>\n                });<\/p>\n<p>                \/*devo chiamare la funzione con argomenti e variabili *\/<br \/>\n            }<\/p>\n<p>        } else {<br \/>\n            \/\/ DEFAULT: outbrain parte alla prima interazione o dopo il timeout inattivit\u00e0<br \/>\n            _waitOnceFor(load_method, callback);<br \/>\n        }<br \/>\n    }<\/p>\n<p>            AnnunciOutbrain(WidgetOutbrainTag);<\/p>\n<\/aside>\n<\/section>\n<\/div>\n<\/article>\n<p> Source URL: https:\/\/www.quotidianodipuglia.it\/ultimissime_adn\/maltempo_schlein_meloni_assente_no_polemiche_ma_non_e_emergenza_serie_b-20260127172808.html<\/p>\n","protected":false},"excerpt":{"rendered":"<p>Maltempo: Schlein, &#8216;Meloni assente? No polemiche ma non \u00e8 emergenza serie B&#8217; marted\u00ec 27 gennaio 2026, 17:28 Roma, 27 gen. (Adnkronos) &#8211; &#8220;Io non sono qui per fare polemica, sono qui per dare pieno supporto a queste comunit\u00e0 e a questi territori&#8221;. Lo dice Elly Schlein a Riposto in Sicilia a chi le chiede se [&hellip;]<\/p>\n","protected":false},"author":1,"featured_media":1695543,"comment_status":"open","ping_status":"","sticky":false,"template":"","format":"standard","meta":{"footnotes":""},"categories":[87],"tags":[226,155],"class_list":["post-1695537","post","type-post","status-publish","format-standard","has-post-thumbnail","hentry","category-italy","tag-crawlmanager","tag-quotidianodipuglia-it"],"_links":{"self":[{"href":"https:\/\/analyse.optim.biz\/index.php?rest_route=\/wp\/v2\/posts\/1695537","targetHints":{"allow":["GET"]}}],"collection":[{"href":"https:\/\/analyse.optim.biz\/index.php?rest_route=\/wp\/v2\/posts"}],"about":[{"href":"https:\/\/analyse.optim.biz\/index.php?rest_route=\/wp\/v2\/types\/post"}],"author":[{"embeddable":true,"href":"https:\/\/analyse.optim.biz\/index.php?rest_route=\/wp\/v2\/users\/1"}],"replies":[{"embeddable":true,"href":"https:\/\/analyse.optim.biz\/index.php?rest_route=%2Fwp%2Fv2%2Fcomments&post=1695537"}],"version-history":[{"count":0,"href":"https:\/\/analyse.optim.biz\/index.php?rest_route=\/wp\/v2\/posts\/1695537\/revisions"}],"wp:featuredmedia":[{"embeddable":true,"href":"https:\/\/analyse.optim.biz\/index.php?rest_route=\/wp\/v2\/media\/1695543"}],"wp:attachment":[{"href":"https:\/\/analyse.optim.biz\/index.php?rest_route=%2Fwp%2Fv2%2Fmedia&parent=1695537"}],"wp:term":[{"taxonomy":"category","embeddable":true,"href":"https:\/\/analyse.optim.biz\/index.php?rest_route=%2Fwp%2Fv2%2Fcategories&post=1695537"},{"taxonomy":"post_tag","embeddable":true,"href":"https:\/\/analyse.optim.biz\/index.php?rest_route=%2Fwp%2Fv2%2Ftags&post=1695537"}],"curies":[{"name":"wp","href":"https:\/\/api.w.org\/{rel}","templated":true}]}}