{"id":1694776,"date":"2026-01-27T15:27:00","date_gmt":"2026-01-27T12:27:00","guid":{"rendered":"https:\/\/analyse.optim.biz\/?p=1694776"},"modified":"2026-01-27T15:27:00","modified_gmt":"2026-01-27T12:27:00","slug":"shoah-boschi-iv-antisemitismo-torna-noi-non-saremo-indifferenti","status":"publish","type":"post","link":"https:\/\/analyse.optim.biz\/?p=1694776","title":{"rendered":"Shoah: Boschi (Iv), &#8216;antisemitismo torna, noi non saremo indifferenti&#8217;"},"content":{"rendered":"<article class=\"free-content\" id=\"content\">\n<header>\n<h1 class=\"titolo\">Shoah: Boschi (Iv), &#8216;antisemitismo torna, noi non saremo indifferenti&#8217;<\/h1>\n<\/header>\n<div class=\"row\">\n<section id=\"main-content\" class=\"col-xs-8\">\n<div class=\"info-container-bottom\">\n<div class=\"row middle-xs\">\n<div class=\"col-xs-8\">\n              marted\u00ec 27 gennaio 2026, 16:27                        <\/div>\n<div class=\"col-xs\">\n<div class=\"share_bar_wrapper\">\n<div class=\"share-item share-box\">\n<ul>\n<li class=\"copy\">\n<li class=\"facebook\">\n<li class=\"twitter\">\n<li class=\"mail\">\n<li class=\"whatsapp\"><\/ul>\n<\/div>\n<\/div>\n<\/div>\n<\/div>\n<\/div>\n<div class=\"body-text\">\n<p>Roma, 27 gen. (Adnkronos) &#8211; \u201cOggi abbiamo il dovere della memoria. La memoria dei sei milioni di ebrei deportati e uccisi, degli omosessuali, dei rom, dei sinti, degli oppositori politici, dei religiosi e degli internati militari. Ma non possiamo limitarci a raccontare cosa \u00e8 accaduto, dobbiamo chiederci come sia stato possibile\u201d. Cos\u00ec la presidente dei deputati di Italia Viva, Maria Elena Boschi, intervenendo in Aula durante la commemorazione del giorno della Memoria.<\/p>\n<p>\u201c\u00c8 stato possibile &#8211; spiega &#8211; per l\u2019organizzazione lucida dei regimi nazista e fascista, per le leggi razziste del 1938 volute da Mussolini, per chi collabor\u00f2 e per chi rest\u00f2 indifferente. Non ci fu un fascismo buono, ma di certo quella \u00e8 la pagina pi\u00f9 bassa della nostra storia, e a chi oggi con nostalgia fa il saluto romano ricordo che non c\u2019\u00e8 una strada fatta dal fascismo che possa compensare la vita di un deportato del Ghetto ebraico\u201d.<\/p>\n<p>\u201cOggi vediamo segnali che devono preoccuparci: un antisemitismo e un antisionismo che si stanno diffondendo anche in Italia, aggressioni, discriminazioni, odio sui social e nella vita quotidiana. <\/p>\n<p>Criticare il governo Netanyahu \u00e8 legittimo, ma non pu\u00f2 mai trasformarsi in un attacco contro un popolo o una comunit\u00e0 religiosa. Come diceva Primo Levi, \u2018\u00e8 avvenuto e pu\u00f2 avvenire di nuovo\u2019. Per questo non \u00e8 accettabile che cittadini italiani di religione ebraica non si sentano al sicuro qui, a casa loro. Di fronte a un\u2019ingiustizia, all\u2019antisemitismo, di fronte a quello che \u00e8 un\u2019inaccettabile ritorni a pagine di storia che non vorremmo pi\u00f9 rivivere, noi non ci volteremo dall\u2019altra parte. Noi &#8211; conclude &#8211; non saremo indifferenti\u201d.    <\/p><\/div>\n<div class=\"wrap-box-end\">\n<div class=\"item-options\">\n<div class=\"share_bar_wrapper\">\n<div class=\"share-item share-box\">\n<ul>\n<li class=\"copy\">\n<li class=\"facebook\">\n<li class=\"twitter\">\n<li class=\"mail\">\n<li class=\"whatsapp\"><\/ul>\n<\/div>\n<\/div>\n<\/div>\n<\/div>\n<aside class=\"area\">&#8216;;<br \/>\n        outbrainEl.insertAdjacentHTML(&#8220;afterBegin&#8221;, AdCodeOutbrain);<\/p>\n<p>        loadScript(&#8216;\/\/widgets.outbrain.com\/outbrain.js&#8217;, function(){<br \/>\n            \/\/ cerco il widget. Necessario se c&#8217;\u00e8 un&#8217;altro widget di Outbrain in pagina (es: inread)<br \/>\n            OBR.extern.researchWidget();<br \/>\n        });<br \/>\n    }<\/p>\n<p>    function AnnunciOutbrain(callback) {<br \/>\n        var outbrainDiv = document.getElementById(&#8216;outbrainWait&#8217;);<br \/>\n        \/\/ Verifica se l&#8217;elemento esiste<br \/>\n        if (outbrainDiv) {<br \/>\n            \/\/ Modifica l&#8217;id dell&#8217;elemento div<br \/>\n            outbrainDiv.id = &#8216;outbrain&#8217;;<br \/>\n        }<\/p>\n<p>                    var load_method = impostazioni_testata.outbrain.load_method || &#8216;first-interaction&#8217;;<\/p>\n<p>        var outbrainEl = document.getElementById(&#8216;outbrain&#8217;);<\/p>\n<p>        CED.log(&#8220;outbrain load_method:&#8221; + load_method);<\/p>\n<p>        if (load_method == &#8216;when-near-viewport&#8217;) {<\/p>\n<p>            \/\/ outbrain parte solo quando scrollando arriva abbastanza vicino alla viewport<br \/>\n            if (typeof callback === &#8220;function&#8221;) {<\/p>\n<p>                \/\/ Listen for the scroll event<br \/>\n                \/\/document.addEventListener(&#8216;scroll&#8217;, onScroll(outbrainEl,callback), false);<br \/>\n                CedsWNV.watch(outbrainEl, callback, {<br \/>\n                    checkInterval: 300,<br \/>\n                    offset: 500<br \/>\n                });<\/p>\n<p>                \/*devo chiamare la funzione con argomenti e variabili *\/<br \/>\n            }<\/p>\n<p>        } else {<br \/>\n            \/\/ DEFAULT: outbrain parte alla prima interazione o dopo il timeout inattivit\u00e0<br \/>\n            _waitOnceFor(load_method, callback);<br \/>\n        }<br \/>\n    }<\/p>\n<p>            AnnunciOutbrain(WidgetOutbrainTag);<\/p>\n<\/aside>\n<\/section>\n<\/div>\n<\/article>\n<article class=\"free-content\" id=\"content\">\n<header>\n<h1 class=\"titolo\">Shoah: Boschi (Iv), &#8216;antisemitismo torna, noi non saremo indifferenti&#8217;<\/h1>\n<\/header>\n<div class=\"row\">\n<section id=\"main-content\" class=\"col-xs-8\">\n<div class=\"info-container-bottom\">\n<div class=\"row middle-xs\">\n<div class=\"col-xs-8\">\n              marted\u00ec 27 gennaio 2026, 16:27                        <\/div>\n<div class=\"col-xs\">\n<div class=\"share_bar_wrapper\">\n<div class=\"share-item share-box\">\n<ul>\n<li class=\"copy\">\n<li class=\"facebook\">\n<li class=\"twitter\">\n<li class=\"mail\">\n<li class=\"whatsapp\"><\/ul>\n<\/div>\n<\/div>\n<\/div>\n<\/div>\n<\/div>\n<div class=\"body-text\">\n<p>Roma, 27 gen. (Adnkronos) &#8211; \u201cOggi abbiamo il dovere della memoria. La memoria dei sei milioni di ebrei deportati e uccisi, degli omosessuali, dei rom, dei sinti, degli oppositori politici, dei religiosi e degli internati militari. Ma non possiamo limitarci a raccontare cosa \u00e8 accaduto, dobbiamo chiederci come sia stato possibile\u201d. Cos\u00ec la presidente dei deputati di Italia Viva, Maria Elena Boschi, intervenendo in Aula durante la commemorazione del giorno della Memoria.<\/p>\n<p>\u201c\u00c8 stato possibile &#8211; spiega &#8211; per l\u2019organizzazione lucida dei regimi nazista e fascista, per le leggi razziste del 1938 volute da Mussolini, per chi collabor\u00f2 e per chi rest\u00f2 indifferente. Non ci fu un fascismo buono, ma di certo quella \u00e8 la pagina pi\u00f9 bassa della nostra storia, e a chi oggi con nostalgia fa il saluto romano ricordo che non c\u2019\u00e8 una strada fatta dal fascismo che possa compensare la vita di un deportato del Ghetto ebraico\u201d.<\/p>\n<p>\u201cOggi vediamo segnali che devono preoccuparci: un antisemitismo e un antisionismo che si stanno diffondendo anche in Italia, aggressioni, discriminazioni, odio sui social e nella vita quotidiana. <\/p>\n<p>Criticare il governo Netanyahu \u00e8 legittimo, ma non pu\u00f2 mai trasformarsi in un attacco contro un popolo o una comunit\u00e0 religiosa. Come diceva Primo Levi, \u2018\u00e8 avvenuto e pu\u00f2 avvenire di nuovo\u2019. Per questo non \u00e8 accettabile che cittadini italiani di religione ebraica non si sentano al sicuro qui, a casa loro. Di fronte a un\u2019ingiustizia, all\u2019antisemitismo, di fronte a quello che \u00e8 un\u2019inaccettabile ritorni a pagine di storia che non vorremmo pi\u00f9 rivivere, noi non ci volteremo dall\u2019altra parte. Noi &#8211; conclude &#8211; non saremo indifferenti\u201d.    <\/p><\/div>\n<div class=\"wrap-box-end\">\n<div class=\"item-options\">\n<div class=\"share_bar_wrapper\">\n<div class=\"share-item share-box\">\n<ul>\n<li class=\"copy\">\n<li class=\"facebook\">\n<li class=\"twitter\">\n<li class=\"mail\">\n<li class=\"whatsapp\"><\/ul>\n<\/div>\n<\/div>\n<\/div>\n<\/div>\n<aside class=\"area\">&#8216;;<br \/>\n        outbrainEl.insertAdjacentHTML(&#8220;afterBegin&#8221;, AdCodeOutbrain);<\/p>\n<p>        loadScript(&#8216;\/\/widgets.outbrain.com\/outbrain.js&#8217;, function(){<br \/>\n            \/\/ cerco il widget. Necessario se c&#8217;\u00e8 un&#8217;altro widget di Outbrain in pagina (es: inread)<br \/>\n            OBR.extern.researchWidget();<br \/>\n        });<br \/>\n    }<\/p>\n<p>    function AnnunciOutbrain(callback) {<br \/>\n        var outbrainDiv = document.getElementById(&#8216;outbrainWait&#8217;);<br \/>\n        \/\/ Verifica se l&#8217;elemento esiste<br \/>\n        if (outbrainDiv) {<br \/>\n            \/\/ Modifica l&#8217;id dell&#8217;elemento div<br \/>\n            outbrainDiv.id = &#8216;outbrain&#8217;;<br \/>\n        }<\/p>\n<p>                    var load_method = impostazioni_testata.outbrain.load_method || &#8216;first-interaction&#8217;;<\/p>\n<p>        var outbrainEl = document.getElementById(&#8216;outbrain&#8217;);<\/p>\n<p>        CED.log(&#8220;outbrain load_method:&#8221; + load_method);<\/p>\n<p>        if (load_method == &#8216;when-near-viewport&#8217;) {<\/p>\n<p>            \/\/ outbrain parte solo quando scrollando arriva abbastanza vicino alla viewport<br \/>\n            if (typeof callback === &#8220;function&#8221;) {<\/p>\n<p>                \/\/ Listen for the scroll event<br \/>\n                \/\/document.addEventListener(&#8216;scroll&#8217;, onScroll(outbrainEl,callback), false);<br \/>\n                CedsWNV.watch(outbrainEl, callback, {<br \/>\n                    checkInterval: 300,<br \/>\n                    offset: 500<br \/>\n                });<\/p>\n<p>                \/*devo chiamare la funzione con argomenti e variabili *\/<br \/>\n            }<\/p>\n<p>        } else {<br \/>\n            \/\/ DEFAULT: outbrain parte alla prima interazione o dopo il timeout inattivit\u00e0<br \/>\n            _waitOnceFor(load_method, callback);<br \/>\n        }<br \/>\n    }<\/p>\n<p>            AnnunciOutbrain(WidgetOutbrainTag);<\/p>\n<\/aside>\n<\/section>\n<\/div>\n<\/article>\n<p> Source URL: https:\/\/www.quotidianodipuglia.it\/ultimissime_adn\/shoah_boschi_iv_antisemitismo_torna_noi_non_saremo_indifferenti-20260127162731.html<\/p>\n","protected":false},"excerpt":{"rendered":"<p>Shoah: Boschi (Iv), &#8216;antisemitismo torna, noi non saremo indifferenti&#8217; marted\u00ec 27 gennaio 2026, 16:27 Roma, 27 gen. (Adnkronos) &#8211; \u201cOggi abbiamo il dovere della memoria. La memoria dei sei milioni di ebrei deportati e uccisi, degli omosessuali, dei rom, dei sinti, degli oppositori politici, dei religiosi e degli internati militari. Ma non possiamo limitarci a [&hellip;]<\/p>\n","protected":false},"author":1,"featured_media":1694784,"comment_status":"open","ping_status":"","sticky":false,"template":"","format":"standard","meta":{"footnotes":""},"categories":[87],"tags":[226,155],"class_list":["post-1694776","post","type-post","status-publish","format-standard","has-post-thumbnail","hentry","category-italy","tag-crawlmanager","tag-quotidianodipuglia-it"],"_links":{"self":[{"href":"https:\/\/analyse.optim.biz\/index.php?rest_route=\/wp\/v2\/posts\/1694776","targetHints":{"allow":["GET"]}}],"collection":[{"href":"https:\/\/analyse.optim.biz\/index.php?rest_route=\/wp\/v2\/posts"}],"about":[{"href":"https:\/\/analyse.optim.biz\/index.php?rest_route=\/wp\/v2\/types\/post"}],"author":[{"embeddable":true,"href":"https:\/\/analyse.optim.biz\/index.php?rest_route=\/wp\/v2\/users\/1"}],"replies":[{"embeddable":true,"href":"https:\/\/analyse.optim.biz\/index.php?rest_route=%2Fwp%2Fv2%2Fcomments&post=1694776"}],"version-history":[{"count":0,"href":"https:\/\/analyse.optim.biz\/index.php?rest_route=\/wp\/v2\/posts\/1694776\/revisions"}],"wp:featuredmedia":[{"embeddable":true,"href":"https:\/\/analyse.optim.biz\/index.php?rest_route=\/wp\/v2\/media\/1694784"}],"wp:attachment":[{"href":"https:\/\/analyse.optim.biz\/index.php?rest_route=%2Fwp%2Fv2%2Fmedia&parent=1694776"}],"wp:term":[{"taxonomy":"category","embeddable":true,"href":"https:\/\/analyse.optim.biz\/index.php?rest_route=%2Fwp%2Fv2%2Fcategories&post=1694776"},{"taxonomy":"post_tag","embeddable":true,"href":"https:\/\/analyse.optim.biz\/index.php?rest_route=%2Fwp%2Fv2%2Ftags&post=1694776"}],"curies":[{"name":"wp","href":"https:\/\/api.w.org\/{rel}","templated":true}]}}