{"id":1694571,"date":"2026-01-27T15:10:00","date_gmt":"2026-01-27T12:10:00","guid":{"rendered":"https:\/\/analyse.optim.biz\/?p=1694571"},"modified":"2026-01-27T15:10:00","modified_gmt":"2026-01-27T12:10:00","slug":"fiere-napoleone-it-ex-intesa-con-aefi-nuova-stagione-per-rafforzare-manifattura-paese","status":"publish","type":"post","link":"https:\/\/analyse.optim.biz\/?p=1694571","title":{"rendered":"Fiere, Napoleone (It-Ex): Intesa con Aefi nuova stagione per rafforzare manifattura Paese"},"content":{"rendered":"<article class=\"free-content\" id=\"content\">\n<header>\n<h1 class=\"titolo\">Fiere, Napoleone (It-Ex): &#8220;Intesa con Aefi nuova stagione per rafforzare manifattura Paese&#8221;<\/h1>\n<\/header>\n<div class=\"row\">\n<section id=\"main-content\" class=\"col-xs-8\">\n<div class=\"info-container-bottom\">\n<div class=\"row middle-xs\">\n<div class=\"col-xs-8\">\n              marted\u00ec 27 gennaio 2026, 16:10                        <\/div>\n<div class=\"col-xs\">\n<div class=\"share_bar_wrapper\">\n<div class=\"share-item share-box\">\n<ul>\n<li class=\"copy\">\n<li class=\"facebook\">\n<li class=\"twitter\">\n<li class=\"mail\">\n<li class=\"whatsapp\"><\/ul>\n<\/div>\n<\/div>\n<\/div>\n<\/div>\n<\/div>\n<div class=\"body-text\">\n<p>Roma, 27 gen. (Adnkronos\/Labitalia) &#8211; &#8220;Le due organizzazioni di riferimento del mondo fieristico in Italia sono Aefi, storicamente legata alle aree fieristiche e che recentemente ha allargato anche agli organizzazione, e It-Ex, nata nel febbraio 2024. Per razionalizzare lo sforzo produttivo, le relazioni che abbiamo, sia con il pubblico che con le stesse aziende e aree fieristiche, abbiamo firmato un accordo di collaborazione che ci porter\u00e0 a coordinare una nuova normativa, che \u00e8 stata gi\u00e0 in parte presentata. C&#8217;\u00e8 un &#8216;libro bianco&#8217; molto interessante che \u00e8 stato prodotto da Aefi che mette in evidenza quelle che sono le caratteristiche e soprattutto le strategie da seguire per il settore fieristico. Quindi inizia una nuova stagione per rafforzare il ruolo della manifattura italiana, della creativit\u00e0 e dell&#8217;unicit\u00e0 italiana nel mondo. <\/p>\n<p>E il sistema fieristico \u00e8 il veicolo pi\u00f9 raggiungibile per farlo anche a costi sostenibili in assoluto&#8221;. Cos\u00ec, in un&#8217;intervista ad Adnkronos\/Labitalia, Raffaello Napoleone, presidente di IT-EX, l&#8217;associazione che rappresenta le fiere italiane a valenza internazionale, commenta l&#8217;intesa siglata ieri tra le due associazioni rappresentative del sistema fieristico nazionale, Aefi (Associazione esposizioni e fiere italiane) e It-Ex (Italian association of international exhibitions) a Palazzo Piacentini a Roma, alla presenza del ministro delle Imprese e del Made in Italy, Adolfo Urso, per rafforzare e strutturare in modo stabile il coordinamento delle rispettive attivit\u00e0. <\/p><\/div>\n<div class=\"wrap-box-end\">\n<div class=\"item-options\">\n<div class=\"share_bar_wrapper\">\n<div class=\"share-item share-box\">\n<ul>\n<li class=\"copy\">\n<li class=\"facebook\">\n<li class=\"twitter\">\n<li class=\"mail\">\n<li class=\"whatsapp\"><\/ul>\n<\/div>\n<\/div>\n<\/div>\n<\/div>\n<aside class=\"area\">&#8216;;<br \/>\n        outbrainEl.insertAdjacentHTML(&#8220;afterBegin&#8221;, AdCodeOutbrain);<\/p>\n<p>        loadScript(&#8216;\/\/widgets.outbrain.com\/outbrain.js&#8217;, function(){<br \/>\n            \/\/ cerco il widget. Necessario se c&#8217;\u00e8 un&#8217;altro widget di Outbrain in pagina (es: inread)<br \/>\n            OBR.extern.researchWidget();<br \/>\n        });<br \/>\n    }<\/p>\n<p>    function AnnunciOutbrain(callback) {<br \/>\n        var outbrainDiv = document.getElementById(&#8216;outbrainWait&#8217;);<br \/>\n        \/\/ Verifica se l&#8217;elemento esiste<br \/>\n        if (outbrainDiv) {<br \/>\n            \/\/ Modifica l&#8217;id dell&#8217;elemento div<br \/>\n            outbrainDiv.id = &#8216;outbrain&#8217;;<br \/>\n        }<\/p>\n<p>                    var load_method = impostazioni_testata.outbrain.load_method || &#8216;first-interaction&#8217;;<\/p>\n<p>        var outbrainEl = document.getElementById(&#8216;outbrain&#8217;);<\/p>\n<p>        CED.log(&#8220;outbrain load_method:&#8221; + load_method);<\/p>\n<p>        if (load_method == &#8216;when-near-viewport&#8217;) {<\/p>\n<p>            \/\/ outbrain parte solo quando scrollando arriva abbastanza vicino alla viewport<br \/>\n            if (typeof callback === &#8220;function&#8221;) {<\/p>\n<p>                \/\/ Listen for the scroll event<br \/>\n                \/\/document.addEventListener(&#8216;scroll&#8217;, onScroll(outbrainEl,callback), false);<br \/>\n                CedsWNV.watch(outbrainEl, callback, {<br \/>\n                    checkInterval: 300,<br \/>\n                    offset: 500<br \/>\n                });<\/p>\n<p>                \/*devo chiamare la funzione con argomenti e variabili *\/<br \/>\n            }<\/p>\n<p>        } else {<br \/>\n            \/\/ DEFAULT: outbrain parte alla prima interazione o dopo il timeout inattivit\u00e0<br \/>\n            _waitOnceFor(load_method, callback);<br \/>\n        }<br \/>\n    }<\/p>\n<p>            AnnunciOutbrain(WidgetOutbrainTag);<\/p>\n<\/aside>\n<\/section>\n<\/div>\n<\/article>\n<article class=\"free-content\" id=\"content\">\n<header>\n<h1 class=\"titolo\">Fiere, Napoleone (It-Ex): &#8220;Intesa con Aefi nuova stagione per rafforzare manifattura Paese&#8221;<\/h1>\n<\/header>\n<div class=\"row\">\n<section id=\"main-content\" class=\"col-xs-8\">\n<div class=\"info-container-bottom\">\n<div class=\"row middle-xs\">\n<div class=\"col-xs-8\">\n              marted\u00ec 27 gennaio 2026, 16:10                        <\/div>\n<div class=\"col-xs\">\n<div class=\"share_bar_wrapper\">\n<div class=\"share-item share-box\">\n<ul>\n<li class=\"copy\">\n<li class=\"facebook\">\n<li class=\"twitter\">\n<li class=\"mail\">\n<li class=\"whatsapp\"><\/ul>\n<\/div>\n<\/div>\n<\/div>\n<\/div>\n<\/div>\n<div class=\"body-text\">\n<p>Roma, 27 gen. (Adnkronos\/Labitalia) &#8211; &#8220;Le due organizzazioni di riferimento del mondo fieristico in Italia sono Aefi, storicamente legata alle aree fieristiche e che recentemente ha allargato anche agli organizzazione, e It-Ex, nata nel febbraio 2024. Per razionalizzare lo sforzo produttivo, le relazioni che abbiamo, sia con il pubblico che con le stesse aziende e aree fieristiche, abbiamo firmato un accordo di collaborazione che ci porter\u00e0 a coordinare una nuova normativa, che \u00e8 stata gi\u00e0 in parte presentata. C&#8217;\u00e8 un &#8216;libro bianco&#8217; molto interessante che \u00e8 stato prodotto da Aefi che mette in evidenza quelle che sono le caratteristiche e soprattutto le strategie da seguire per il settore fieristico. Quindi inizia una nuova stagione per rafforzare il ruolo della manifattura italiana, della creativit\u00e0 e dell&#8217;unicit\u00e0 italiana nel mondo. <\/p>\n<p>E il sistema fieristico \u00e8 il veicolo pi\u00f9 raggiungibile per farlo anche a costi sostenibili in assoluto&#8221;. Cos\u00ec, in un&#8217;intervista ad Adnkronos\/Labitalia, Raffaello Napoleone, presidente di IT-EX, l&#8217;associazione che rappresenta le fiere italiane a valenza internazionale, commenta l&#8217;intesa siglata ieri tra le due associazioni rappresentative del sistema fieristico nazionale, Aefi (Associazione esposizioni e fiere italiane) e It-Ex (Italian association of international exhibitions) a Palazzo Piacentini a Roma, alla presenza del ministro delle Imprese e del Made in Italy, Adolfo Urso, per rafforzare e strutturare in modo stabile il coordinamento delle rispettive attivit\u00e0. <\/p><\/div>\n<div class=\"wrap-box-end\">\n<div class=\"item-options\">\n<div class=\"share_bar_wrapper\">\n<div class=\"share-item share-box\">\n<ul>\n<li class=\"copy\">\n<li class=\"facebook\">\n<li class=\"twitter\">\n<li class=\"mail\">\n<li class=\"whatsapp\"><\/ul>\n<\/div>\n<\/div>\n<\/div>\n<\/div>\n<aside class=\"area\">&#8216;;<br \/>\n        outbrainEl.insertAdjacentHTML(&#8220;afterBegin&#8221;, AdCodeOutbrain);<\/p>\n<p>        loadScript(&#8216;\/\/widgets.outbrain.com\/outbrain.js&#8217;, function(){<br \/>\n            \/\/ cerco il widget. Necessario se c&#8217;\u00e8 un&#8217;altro widget di Outbrain in pagina (es: inread)<br \/>\n            OBR.extern.researchWidget();<br \/>\n        });<br \/>\n    }<\/p>\n<p>    function AnnunciOutbrain(callback) {<br \/>\n        var outbrainDiv = document.getElementById(&#8216;outbrainWait&#8217;);<br \/>\n        \/\/ Verifica se l&#8217;elemento esiste<br \/>\n        if (outbrainDiv) {<br \/>\n            \/\/ Modifica l&#8217;id dell&#8217;elemento div<br \/>\n            outbrainDiv.id = &#8216;outbrain&#8217;;<br \/>\n        }<\/p>\n<p>                    var load_method = impostazioni_testata.outbrain.load_method || &#8216;first-interaction&#8217;;<\/p>\n<p>        var outbrainEl = document.getElementById(&#8216;outbrain&#8217;);<\/p>\n<p>        CED.log(&#8220;outbrain load_method:&#8221; + load_method);<\/p>\n<p>        if (load_method == &#8216;when-near-viewport&#8217;) {<\/p>\n<p>            \/\/ outbrain parte solo quando scrollando arriva abbastanza vicino alla viewport<br \/>\n            if (typeof callback === &#8220;function&#8221;) {<\/p>\n<p>                \/\/ Listen for the scroll event<br \/>\n                \/\/document.addEventListener(&#8216;scroll&#8217;, onScroll(outbrainEl,callback), false);<br \/>\n                CedsWNV.watch(outbrainEl, callback, {<br \/>\n                    checkInterval: 300,<br \/>\n                    offset: 500<br \/>\n                });<\/p>\n<p>                \/*devo chiamare la funzione con argomenti e variabili *\/<br \/>\n            }<\/p>\n<p>        } else {<br \/>\n            \/\/ DEFAULT: outbrain parte alla prima interazione o dopo il timeout inattivit\u00e0<br \/>\n            _waitOnceFor(load_method, callback);<br \/>\n        }<br \/>\n    }<\/p>\n<p>            AnnunciOutbrain(WidgetOutbrainTag);<\/p>\n<\/aside>\n<\/section>\n<\/div>\n<\/article>\n<p> Source URL: https:\/\/www.quotidianodipuglia.it\/ultimissime_adn\/fiere_napoleone_it_ex_intesa_con_aefi_nuova_stagione_per_rafforzare_manifattura_paese-20260127161031.html<\/p>\n","protected":false},"excerpt":{"rendered":"<p>Fiere, Napoleone (It-Ex): &#8220;Intesa con Aefi nuova stagione per rafforzare manifattura Paese&#8221; marted\u00ec 27 gennaio 2026, 16:10 Roma, 27 gen. (Adnkronos\/Labitalia) &#8211; &#8220;Le due organizzazioni di riferimento del mondo fieristico in Italia sono Aefi, storicamente legata alle aree fieristiche e che recentemente ha allargato anche agli organizzazione, e It-Ex, nata nel febbraio 2024. Per razionalizzare [&hellip;]<\/p>\n","protected":false},"author":1,"featured_media":1694575,"comment_status":"open","ping_status":"","sticky":false,"template":"","format":"standard","meta":{"footnotes":""},"categories":[87],"tags":[226,155],"class_list":["post-1694571","post","type-post","status-publish","format-standard","has-post-thumbnail","hentry","category-italy","tag-crawlmanager","tag-quotidianodipuglia-it"],"_links":{"self":[{"href":"https:\/\/analyse.optim.biz\/index.php?rest_route=\/wp\/v2\/posts\/1694571","targetHints":{"allow":["GET"]}}],"collection":[{"href":"https:\/\/analyse.optim.biz\/index.php?rest_route=\/wp\/v2\/posts"}],"about":[{"href":"https:\/\/analyse.optim.biz\/index.php?rest_route=\/wp\/v2\/types\/post"}],"author":[{"embeddable":true,"href":"https:\/\/analyse.optim.biz\/index.php?rest_route=\/wp\/v2\/users\/1"}],"replies":[{"embeddable":true,"href":"https:\/\/analyse.optim.biz\/index.php?rest_route=%2Fwp%2Fv2%2Fcomments&post=1694571"}],"version-history":[{"count":0,"href":"https:\/\/analyse.optim.biz\/index.php?rest_route=\/wp\/v2\/posts\/1694571\/revisions"}],"wp:featuredmedia":[{"embeddable":true,"href":"https:\/\/analyse.optim.biz\/index.php?rest_route=\/wp\/v2\/media\/1694575"}],"wp:attachment":[{"href":"https:\/\/analyse.optim.biz\/index.php?rest_route=%2Fwp%2Fv2%2Fmedia&parent=1694571"}],"wp:term":[{"taxonomy":"category","embeddable":true,"href":"https:\/\/analyse.optim.biz\/index.php?rest_route=%2Fwp%2Fv2%2Fcategories&post=1694571"},{"taxonomy":"post_tag","embeddable":true,"href":"https:\/\/analyse.optim.biz\/index.php?rest_route=%2Fwp%2Fv2%2Ftags&post=1694571"}],"curies":[{"name":"wp","href":"https:\/\/api.w.org\/{rel}","templated":true}]}}