{"id":169428,"date":"2016-01-04T09:51:22","date_gmt":"2016-01-04T06:51:22","guid":{"rendered":"https:\/\/analyse.optim.biz\/?p=169428"},"modified":"2016-01-04T09:51:22","modified_gmt":"2016-01-04T06:51:22","slug":"iesirea-de-la-guvernare-start-electoral-masuri-populiste-propuse-de-parlamentari","status":"publish","type":"post","link":"https:\/\/analyse.optim.biz\/?p=169428","title":{"rendered":"Ie\u0219irea de la guvernare, start electoral. M\u0103suri populiste propuse de parlamentari"},"content":{"rendered":"<div class=\"entry data-app-meta data-app-meta-article\" data-embed-base-url-canonical=\"https:\/\/www.digi24.ro\/embed\/stiri\/actualitate\/politica\/iesirea-de-la-guvernare-start-electoral-masuri-populiste-propuse-de-parlamentari-473004\">\n<p data-index=\"1\">Parlamentarii vor pensii speciale \u015fi pentru profesori sau medici. Cu un guvern tehnocrat, ale\u015fii de la PSD, PNL \u015fi UDMR \u015fi-au luat g\u00e2ndul de la povara bugetului na\u0163ional \u015fi au ini\u0163iat un proiect care le d\u0103 medicilor, asisten\u0163ilor, \u015foferilor \u015fi cadrelor de pe ambulan\u0163e o pensie egal\u0103 cu 80% din media salariilor brute lunare. V\u00e2rsta minim\u0103 de pensionare pentru aceast\u0103 categorie socio-profesional\u0103 a fost stabilit\u0103 la 57 de ani, dar ini\u0163iatorii vorbesc \u015fi de o vechime \u00een domeniu de minimum 20 de ani. <\/p>\n<p data-index=\"2\">Pe l\u00e2ng\u0103 salariul lunar, angaja\u0163ii de la ambulan\u0163\u0103 vor avea dreptul la indemniza\u0163ii, decontarea cheltuielilor de cazare \u015fi transport \u015fi sporuri pentru condi\u0163iile deosebit de periculoase \u00een care lucreaz\u0103.<\/p>\n<p data-index=\"3\">\u201e<span>Mai degrab\u0103 populi\u015fti sunt parlamentarii \u015fi mai degrab\u0103 pragmatici sunt exectuvii. Atunci c\u00e2nd efectiv gestionezi un domeniu \u015fi trebuie s\u0103 te \u00eencadrezi \u00een bugetul pe care \u00eel ai la dispozi\u0163ie, nu \u00ee\u0163i mai arde s\u0103 \u00eempar\u0163i \u00een dreapta \u015fi-n st\u00e2nga\u201d, spune Ioan Bogdan Lefter, analist politic.<\/span><\/p>\n<p data-index=\"4\">Un alt grup, de data aceasta format din 25 de senatori PSD, printre care fo\u0219tii mini\u0219tri Mihnea Costoiu \u0219i Ecaterina Andronescu, propun ca cercet\u0103torii \u0219i cadrele didactice din universit\u0103\u021bi s\u0103 nu mai pl\u0103teasc\u0103 impozite.<\/p>\n<p data-index=\"5\">\u201e<span>\u015ei doamna fost ministru \u015fi domnul fost ministru \u00ee\u015fi pot permite s\u0103 fac\u0103 ini\u0163iative, pe care apoi le transmit masei parlamentare. Motiva\u0163iile formale pot fi nemaipomenit de nobile, \u00eens\u0103 noi suntem cu acela\u015fi buget na\u0163ional \u015fi dac\u0103 \u00eencepem s\u0103 lans\u0103m ini\u0163iative legislative populiste, vom constata c\u0103 el se gole\u015fte prea repede, spune Ioan Bogdan Lefter. <\/span><\/p>\n<p data-index=\"6\">\u00cen apropierea s\u0103rb\u0103torilor, senatorul Ovidiu Don\u021bu de la PSD s-a g\u00e2ndit \u015fi la copiii din orfelinate. A ini\u021biat un proiect de lege prin care ajutorul social s\u0103 le fie dublat, dac\u0103 presteaz\u0103 munc\u0103 \u00een folosul comunit\u0103\u021bii. Banii ar urma s\u0103 fie primi\u021bi de tinerii care p\u0103r\u0103sesc orfelinatele dup\u0103 v\u00e2rsta majoratului, timp de 8 ani.<\/p>\n<\/div>\n<p> Source URL: https:\/\/www.digi24.ro\/stiri\/actualitate\/politica\/iesirea-de-la-guvernare-start-electoral-masuri-populiste-propuse-de-parlamentari-473004<\/p>\n","protected":false},"excerpt":{"rendered":"<p>Parlamentarii vor pensii speciale \u015fi pentru profesori sau medici. Cu un guvern tehnocrat, ale\u015fii de la PSD, PNL \u015fi UDMR \u015fi-au luat g\u00e2ndul de la povara bugetului na\u0163ional \u015fi au ini\u0163iat un proiect care le d\u0103 medicilor, asisten\u0163ilor, \u015foferilor \u015fi cadrelor de pe ambulan\u0163e o pensie egal\u0103 cu 80% din media salariilor brute lunare. V\u00e2rsta [&hellip;]<\/p>\n","protected":false},"author":1,"featured_media":169429,"comment_status":"open","ping_status":"","sticky":false,"template":"","format":"standard","meta":{"footnotes":""},"categories":[2],"tags":[11],"class_list":["post-169428","post","type-post","status-publish","format-standard","has-post-thumbnail","hentry","category-politics","tag-digi24"],"_links":{"self":[{"href":"https:\/\/analyse.optim.biz\/index.php?rest_route=\/wp\/v2\/posts\/169428","targetHints":{"allow":["GET"]}}],"collection":[{"href":"https:\/\/analyse.optim.biz\/index.php?rest_route=\/wp\/v2\/posts"}],"about":[{"href":"https:\/\/analyse.optim.biz\/index.php?rest_route=\/wp\/v2\/types\/post"}],"author":[{"embeddable":true,"href":"https:\/\/analyse.optim.biz\/index.php?rest_route=\/wp\/v2\/users\/1"}],"replies":[{"embeddable":true,"href":"https:\/\/analyse.optim.biz\/index.php?rest_route=%2Fwp%2Fv2%2Fcomments&post=169428"}],"version-history":[{"count":0,"href":"https:\/\/analyse.optim.biz\/index.php?rest_route=\/wp\/v2\/posts\/169428\/revisions"}],"wp:featuredmedia":[{"embeddable":true,"href":"https:\/\/analyse.optim.biz\/index.php?rest_route=\/wp\/v2\/media\/169429"}],"wp:attachment":[{"href":"https:\/\/analyse.optim.biz\/index.php?rest_route=%2Fwp%2Fv2%2Fmedia&parent=169428"}],"wp:term":[{"taxonomy":"category","embeddable":true,"href":"https:\/\/analyse.optim.biz\/index.php?rest_route=%2Fwp%2Fv2%2Fcategories&post=169428"},{"taxonomy":"post_tag","embeddable":true,"href":"https:\/\/analyse.optim.biz\/index.php?rest_route=%2Fwp%2Fv2%2Ftags&post=169428"}],"curies":[{"name":"wp","href":"https:\/\/api.w.org\/{rel}","templated":true}]}}