{"id":169425,"date":"2016-01-04T14:45:44","date_gmt":"2016-01-04T11:45:44","guid":{"rendered":"https:\/\/analyse.optim.biz\/?p=169425"},"modified":"2016-01-04T14:45:44","modified_gmt":"2016-01-04T11:45:44","slug":"parlamentul-la-inceputul-anului-electoral-puzderie-de-proiecte-cu-impact-social","status":"publish","type":"post","link":"https:\/\/analyse.optim.biz\/?p=169425","title":{"rendered":"Parlamentul la \u00eenceputul anului electoral: puzderie de proiecte cu impact social"},"content":{"rendered":"<div class=\"entry data-app-meta data-app-meta-article\" data-embed-base-url-canonical=\"https:\/\/www.digi24.ro\/embed\/stiri\/actualitate\/politica\/parlamentul-la-inceputul-anului-electoral-puzderie-de-proiecte-cu-impact-social-473140\">\n<p data-index=\"1\"><img decoding=\"async\" src=\"https:\/\/analyse.optim.biz\/wp-content\/uploads\/2024\/09\/ote0zgq3m2q2nzezotm3mziwm2m0njgyztuwndi-thumb_.jpg\" data-skip-htmlfix=\"1\" title=\"ote0zgq3m2q2nzezotm3mziwm2m0njgyztuwndi-thumb_\"><\/p>\n<p data-index=\"2\">Multe dintre aceste proiecte au primit deja avize negative de la Executiv \u0219i de la Consiliul Economic \u0219i Social, dar acest am\u0103nunt nu pare s\u0103-i deranjeze pe ale\u0219i. Sc\u0103pate de responsabilitatea guvern\u0103rii, partidele sunt libere s\u0103 fac\u0103 agenda Cabinetului tehnocrat (nevoit apoi s\u0103 g\u0103seasc\u0103 sursele de finan\u021bare), astfel \u00eenc\u00e2t s\u0103-\u0219i maximizeze \u0219ansele la alegerile locale \u0219i parlamentare din 2016.<\/p>\n<h5>Concediul \u0219i indemniza\u021bia pentru cre\u0219terea copilului:<\/h5>\n<p data-index=\"3\">&#8211;<strong>Indemniza\u021bia lunar\u0103 acordat\u0103 mamelor care aleg s\u0103 stea acas\u0103 doi ani ar putea cre\u0219te p\u00e2n\u0103 la 3.400 lei.<\/strong> Concret, se p\u0103streaz\u0103 procentul de 85% din media veniturilor nete realizate \u00een ultimele 12 luni, dar se modific\u0103 limitele: \u00eentre 600 lei \u0219i 3.400 lei \u00een primul an, respectiv \u00eentre 600 lei \u0219i 1.200 lei \u00een al doilea an. \u00cen prezent, mamele care opteaz\u0103 pentru doi ani de concediu pentru cre\u0219terea copilului primesc cel mult 600 lei, indiferent de veniturile realizate. Proiectul de lege a fost ini\u021biat de 15 senatori PSD \u0219i PNL \u0219i a fost adoptat de Senat, la \u00eenceputul lunii septembrie, cu unanimitate de voturi. Se afl\u0103 acum pe masa deputa\u021bilor din Comisia de munc\u0103.<\/p>\n<p data-index=\"4\">&#8211; <strong>Autorit\u0103\u021bile locale ar putea acorda propria indemniza\u021bie pentru cre\u0219terea copilului \u00een v\u00e2rst\u0103 de p\u00e2n\u0103 la doi ani<\/strong>, pe l\u00e2ng\u0103 cea pl\u0103tit\u0103 de la bugetul de stat. Condi\u021biile prev\u0103zute: unitatea administrativ-teritorial\u0103 s\u0103 fi \u00eenregistrat un spor negativ \u00een ultimii trei ani calendaristici \u0219i s\u0103 nu aib\u0103 datorii. Proiectul, depus de 11 parlamentari PSD, a fost respins de Senat, dar ultimul cuv\u00e2nt \u00eel are Camera Deputa\u021bilor.<\/p>\n<h5>Pensii pentru limit\u0103 de v\u00e2rst\u0103 \u0219i pensii speciale:<\/h5>\n<p data-index=\"5\">&#8211; <strong>Familiile \u00een care nici so\u021bul, nici so\u021bia nu \u00eendeplinesc condi\u021bia stagiului minim de cotizare ar putea beneficia de o pensie pe familie<\/strong>, acordat\u0103 prin cumularea stagiilor celor doi. Proiectul de lege \u00een acest sens a fost depus la Senat de patru parlamentari PSD \u0219i ALDE, la \u00eenceputul lunii noiembrie. Consiliul Economic \u0219i Social s-a pronun\u021bat \u00eempotriva propunerii, pe motiv c\u0103 \u00eencalc\u0103 principiul contributivit\u0103\u021bii \u0219i con\u021bine m\u0103suri discriminatorii fa\u021b\u0103 de ceilal\u021bi participan\u021bi la sistemul public de pensii.<\/p>\n<p data-index=\"6\">&#8211;<strong> Acordarea celei de-a 13-a pensii.<\/strong> Persoanele cu o pensie mai mic\u0103 sau egal\u0103 cu salariul minim brut pe \u021bar\u0103 ar urma s\u0103 primeasc\u0103 o sum\u0103 echivalent\u0103 cu acesta, iar persoanele care au o pensie cuprins\u0103 \u00eentre salariul minim brut \u0219i salariul mediu brut ar urma s\u0103 \u00eencaseze jum\u0103tate din salariul minim brut pe \u021bar\u0103. \u0218i acest proiect, ini\u021biat de mai mul\u021bi parlamentari PSD \u0219i UNPR, se afl\u0103 \u00een lucru la comisiile Senatului.<\/p>\n<p data-index=\"7\">&#8211; <strong>Pensiile mici s\u0103 poat\u0103 fi cumulate cu pensiile de urma\u0219<\/strong>, indiferent de data pension\u0103rii so\u021bului supravie\u021buitor, \u00een limita sumei de 900 lei. \u00cen prezent, so\u021bii supravie\u021buitori care s-au pensionat dup\u0103 data de 1 ianuarie 2011 sunt obliga\u021bi s\u0103 opteze pentru una din cele dou\u0103 pensii (proprie sau de urma\u0219). Propunerea legislativ\u0103, depus\u0103 de senatorul UNPR Constantin Popa, se afl\u0103 acum pe agenda Comisiei pentru munc\u0103 din Senat, termenul de redactare a raportului fiind 23 februarie.<\/p>\n<p data-index=\"8\">&#8211; <strong>Personalul didactic din \u00eenv\u0103\u021b\u0103m\u00e2ntul preuniversitar, cu o vechime efectiv\u0103 de cel pu\u021bin 30 de ani, ar putea beneficia de o pensie de serviciu<\/strong>, \u00een cuantum de 80% din media veniturilor brute realizate \u00een ultimele 12 luni de activitate. Proiectul a fost depus de 15 parlamentari PSD, pe finalul sesiunii parlamentare \u0219i se afl\u0103 \u00een dezbatere public\u0103. Consiliul Economic \u0219i Social a emis un aviz negativ propunerii de lege.<\/p>\n<p data-index=\"9\">&#8211;<strong> Reducerea v\u00e2rstei de pensionare pentru mame.<\/strong> Femeile care au realizat stagiul complet de cotizare \u0219i care au n\u0103scut cel pu\u021bin trei copii p\u00e2n\u0103 la data de 1 octombrie 1990 \u0219i i-au crescut p\u00e2n\u0103 la v\u00e2rsta de 10 ani ar urma s\u0103 beneficieze de reducerea v\u00e2rstei de pensionare cu un an (pentru trei copii) sau cu doi ani (pentru patru ori mai mul\u021bi copii). De\u0219i nesus\u021binut\u0103 de Guvern, propunerea legislativ\u0103, formulat\u0103 de senatorul PSD Trifon Belacurencu, a fost adoptat\u0103 de Camera Superioar\u0103 cu unanimitate de voturi, fiind trimis\u0103 apoi la Camera Deputa\u021bilor.<\/p>\n<p data-index=\"10\">&#8211;<strong> Reducerea v\u00e2rstei de pensionare pentru primari.<\/strong> Edililor care au realizat stagiul complet de cotizare ar urma s\u0103 li se reduc\u0103 v\u00e2rsta de pensionare cu c\u00e2te un an pentru fiecare mandat de patru ani, f\u0103r\u0103 a se putea ajunge la o v\u00e2rst\u0103 de pensionare mai mic\u0103 de 60 de ani. Proiectul de lege, depus de \u0219ase parlamentari PSD \u0219i UNPR, a primit avize negative din partea Guvernului \u0219i a Consiliului Economic \u0219i Social, dar decizia apar\u021bine ale\u0219ilor.<\/p>\n<\/div>\n<p> Source URL: https:\/\/www.digi24.ro\/stiri\/actualitate\/politica\/parlamentul-la-inceputul-anului-electoral-puzderie-de-proiecte-cu-impact-social-473140<\/p>\n","protected":false},"excerpt":{"rendered":"<p>Multe dintre aceste proiecte au primit deja avize negative de la Executiv \u0219i de la Consiliul Economic \u0219i Social, dar acest am\u0103nunt nu pare s\u0103-i deranjeze pe ale\u0219i. Sc\u0103pate de responsabilitatea guvern\u0103rii, partidele sunt libere s\u0103 fac\u0103 agenda Cabinetului tehnocrat (nevoit apoi s\u0103 g\u0103seasc\u0103 sursele de finan\u021bare), astfel \u00eenc\u00e2t s\u0103-\u0219i maximizeze \u0219ansele la alegerile locale [&hellip;]<\/p>\n","protected":false},"author":1,"featured_media":169426,"comment_status":"open","ping_status":"","sticky":false,"template":"","format":"standard","meta":{"footnotes":""},"categories":[2],"tags":[11],"class_list":["post-169425","post","type-post","status-publish","format-standard","has-post-thumbnail","hentry","category-politics","tag-digi24"],"_links":{"self":[{"href":"https:\/\/analyse.optim.biz\/index.php?rest_route=\/wp\/v2\/posts\/169425","targetHints":{"allow":["GET"]}}],"collection":[{"href":"https:\/\/analyse.optim.biz\/index.php?rest_route=\/wp\/v2\/posts"}],"about":[{"href":"https:\/\/analyse.optim.biz\/index.php?rest_route=\/wp\/v2\/types\/post"}],"author":[{"embeddable":true,"href":"https:\/\/analyse.optim.biz\/index.php?rest_route=\/wp\/v2\/users\/1"}],"replies":[{"embeddable":true,"href":"https:\/\/analyse.optim.biz\/index.php?rest_route=%2Fwp%2Fv2%2Fcomments&post=169425"}],"version-history":[{"count":0,"href":"https:\/\/analyse.optim.biz\/index.php?rest_route=\/wp\/v2\/posts\/169425\/revisions"}],"wp:featuredmedia":[{"embeddable":true,"href":"https:\/\/analyse.optim.biz\/index.php?rest_route=\/wp\/v2\/media\/169426"}],"wp:attachment":[{"href":"https:\/\/analyse.optim.biz\/index.php?rest_route=%2Fwp%2Fv2%2Fmedia&parent=169425"}],"wp:term":[{"taxonomy":"category","embeddable":true,"href":"https:\/\/analyse.optim.biz\/index.php?rest_route=%2Fwp%2Fv2%2Fcategories&post=169425"},{"taxonomy":"post_tag","embeddable":true,"href":"https:\/\/analyse.optim.biz\/index.php?rest_route=%2Fwp%2Fv2%2Ftags&post=169425"}],"curies":[{"name":"wp","href":"https:\/\/api.w.org\/{rel}","templated":true}]}}