{"id":169200,"date":"2016-01-07T22:44:30","date_gmt":"2016-01-07T19:44:30","guid":{"rendered":"https:\/\/analyse.optim.biz\/?p=169200"},"modified":"2016-01-07T22:44:30","modified_gmt":"2016-01-07T19:44:30","slug":"dacian-ciolos-am-decis-sa-imi-pastrez-independenta-politica-si-sa-nu-candidez-la-alegeri","status":"publish","type":"post","link":"https:\/\/analyse.optim.biz\/?p=169200","title":{"rendered":"Dacian Ciolo\u0219: Am decis s\u0103 \u00eemi p\u0103strez independen\u021ba politic\u0103 \u0219i s\u0103 nu candidez la alegeri"},"content":{"rendered":"<div class=\"entry data-app-meta data-app-meta-article\" data-embed-base-url-canonical=\"https:\/\/www.digi24.ro\/embed\/stiri\/actualitate\/politica\/dacian-ciolos-am-decis-sa-imi-pastrez-independenta-politica-si-sa-nu-candidez-la-alegeri-474560\">\n<p data-index=\"1\"><img decoding=\"async\" src=\"https:\/\/analyse.optim.biz\/wp-content\/uploads\/2024\/09\/nwfjmty2nwm5odnimza3nte0nwiyzdblntgxy2y4odk-thumb_.jpg\" data-skip-htmlfix=\"1\" title=\"nwfjmty2nwm5odnimza3nte0nwiyzdblntgxy2y4odk-thumb_\"><\/p>\n<p data-index=\"2\"><em>Foto: Agerpres\u00a0<\/em><\/p>\n<p data-index=\"3\">\u201e<span>Acest an pe care acest guvern \u0219i l-a asumat este un an electoral, un an complicat (&#8230;) pentru c\u0103 \u0219tim c\u00e2t de important este de a asigura alegeri, nu doar alegeri transparente, oneste, dar \u0219i alegeri organizate bine, \u00een a\u0219a fel \u00eenc\u00e2t cu to\u021bii s\u0103 poat\u0103 s\u0103 \u00ee\u0219i asume rolul de cet\u0103\u021bean. Aici vreau s\u0103 v\u0103 asigur c\u0103 vom depune toate eforturile &#8211; \u0219i leg\u0103tura cu dumneavoastr\u0103 va fi foarte important\u0103 pentru a \u00eenv\u0103\u021ba din experien\u021ba trecutului &#8211; mai mult sau mai pu\u021bin bun\u0103 &#8211; pentru a ne asigura c\u0103 alegerile pe care le vom organiza \u00een toamn\u0103, la care ve\u021bi participa \u0219i dumneavoastr\u0103, s\u0103 poat\u0103 s\u0103 fie un exemplu cum sunt organizate alegerile, chiar dac\u0103 va fi pentru prima dat\u0103 c\u00e2nd vom aplica \u0219i legea votului prin coresponden\u021b\u0103 \u0219i, ca orice \u00eenceput, pot s\u0103 fie dificult\u0103\u021bi, dar \u00eempreun\u0103 vom \u00eencerca s\u0103 ne preg\u0103tim \u00een a\u0219a fel \u00eenc\u00e2t s\u0103 v\u0103 putem da posibilitatea tuturor \u0219i dumneavoastr\u0103 s\u0103 beneficia\u021bi de aceste noi oportunit\u0103\u021bi\u201d, a declarat Dacian Ciolo\u0219, potrivit <a href=\"http:\/\/www.agerpres.ro\/\" target=\"_blank\" data-skip-linkfix=\"1\" rel=\"noopener\">Agerpres<\/a>.<\/span><\/p>\n<p data-index=\"4\">Premierul Ciolo\u0219 le-a mul\u021bumit celor prezen\u021bi la ambasada Rom\u00e2niei din Berlin pentru felul \u00een care este perceput\u0103 comunitatea rom\u00e2neasc\u0103 \u00een Germania.<\/p>\n<p data-index=\"5\">\u201eFaptul c\u0103 am reu\u0219it s\u0103 organizez aceast\u0103 vizit\u0103 at\u00e2t de repede se datoreaz\u0103 \u0219i faptului c\u0103 pentru lideri germani Rom\u00e2nia \u00eenseamn\u0103, \u00eentr-o foarte mare m\u0103sur\u0103, comportamentul dumneavoastr\u0103 aici \u0219i prezen\u021ba dumneavoastr\u0103 aici \u0219i modul cum dumneavoastr\u0103 sunte\u021bi aprecia\u021bi \u0219i cum reprezenta\u021bi, \u00eentr-un anumit fel, ceea ce \u00eenseamn\u0103 Rom\u00e2nia. Mi-a\u0219 dori s\u0103 avem acela\u0219i fel de comunitate \u0219i aceea\u0219i apreciere \u0219i \u00een toate celelalte state membre pentru c\u0103 atunci cu siguran\u021b\u0103 Rom\u00e2nia ar fi v\u0103zut\u0103 \u0219i perceput\u0103 altfel de-a lungul \u0219i de-a latul Uniunii Europene\u201d, a afirmat prim ministrul.<\/p>\n<p data-index=\"6\"><span>\u201e<\/span><span>Ne g\u00e2ndim \u00een primul r\u00e2nd s\u0103 abord\u0103m un mod de guvernare mai transparent, mai apropiat de societate, cu un efort mai mare de a explica ceea ce facem, chiar dac\u0103 la \u00eenceput aceste explica\u021bii pot s\u0103 par\u0103 st\u00e2ng\u0103cii din afar\u0103. E vorba de un efort al unor oameni care nu provin din mediul politic \u0219i care nu vor s\u0103 ia decizii av\u00e2nd anumite obiective politice \u00een spate. Tocmai de aceea \u0219i eu am decis s\u0103 \u00eemi p\u0103strez aceast\u0103 independen\u021b\u0103 p\u00e2n\u0103 la cap\u0103tul mandatului \u0219i s\u0103 nu m\u0103 prezint la alegerile din 2016, tocmai pentru a-mi p\u0103stra credibilitatea c\u0103 ceea ce vreau s\u0103 fac ca prim-ministru \u0219i ceea ce acest guvern vrea s\u0103 fac\u0103 este ceea ce spune\u201d, a spus Dacian Ciolo\u0219 la o \u00eent\u00e2lnire cu mai mul\u021bi reprezentan\u021bi ai comunit\u0103\u021bii rom\u00e2ne\u0219ti din Germania, reuni\u021bi la Ambasada din Berlin.<\/span><\/p>\n<p data-index=\"7\">Premierul a mai spus c\u0103 a dorit s\u0103 dea un semnal c\u0103 acest mandat, chiar dac\u0103 este limitat la un an de zile, se poate angaja \u00eentr-un proces de reforme care \u201es\u0103 poat\u0103 fi continuate mai apoi de guvernele care vor veni\u201d.<\/p>\n<p data-index=\"8\">\u201eChiar dac\u0103 aceast\u0103 schimbare nu este sau nu va fi vizibil\u0103 imediat sunt convins c\u0103 ceea ce vom face \u00een acest an se va resim\u021bi inclusiv \u00een modul \u00een care Rom\u00e2nia va fi apreciat\u0103 \u00een exterior \u0219i \u00een UE\u201d, a mai spus prim-ministrul, potrivit <a href=\"http:\/\/www.agerpres.ro\/\" target=\"_blank\" data-skip-linkfix=\"1\" rel=\"noopener\">Agerpres<\/a>.<\/p>\n<p data-index=\"9\">\u00cent\u00e2lnirea cu rom\u00e2nii din diaspora a \u00eenceput cu intonarea imnurilor de stat ale Rom\u00e2niei \u0219i Germaniei \u0219i cu un discurs al ambasadorului Emil Hurezeanu. Dup\u0103 ce \u0219i-a \u00eencheiat discursul oficial, Dacian Ciolo\u0219 a r\u0103mas circa o or\u0103 <span>\u00a0\u00een prezen\u021ba a aproximativ 200 de<\/span>\u00a0rom\u00e2ni pentru discu\u021bii informale \u0219i fotografii.\u00a0<\/p>\n<\/div>\n<p> Source URL: https:\/\/www.digi24.ro\/stiri\/actualitate\/politica\/dacian-ciolos-am-decis-sa-imi-pastrez-independenta-politica-si-sa-nu-candidez-la-alegeri-474560<\/p>\n","protected":false},"excerpt":{"rendered":"<p>Foto: Agerpres\u00a0 \u201eAcest an pe care acest guvern \u0219i l-a asumat este un an electoral, un an complicat (&#8230;) pentru c\u0103 \u0219tim c\u00e2t de important este de a asigura alegeri, nu doar alegeri transparente, oneste, dar \u0219i alegeri organizate bine, \u00een a\u0219a fel \u00eenc\u00e2t cu to\u021bii s\u0103 poat\u0103 s\u0103 \u00ee\u0219i asume rolul de cet\u0103\u021bean. Aici [&hellip;]<\/p>\n","protected":false},"author":1,"featured_media":169201,"comment_status":"open","ping_status":"","sticky":false,"template":"","format":"standard","meta":{"footnotes":""},"categories":[2],"tags":[11],"class_list":["post-169200","post","type-post","status-publish","format-standard","has-post-thumbnail","hentry","category-politics","tag-digi24"],"_links":{"self":[{"href":"https:\/\/analyse.optim.biz\/index.php?rest_route=\/wp\/v2\/posts\/169200","targetHints":{"allow":["GET"]}}],"collection":[{"href":"https:\/\/analyse.optim.biz\/index.php?rest_route=\/wp\/v2\/posts"}],"about":[{"href":"https:\/\/analyse.optim.biz\/index.php?rest_route=\/wp\/v2\/types\/post"}],"author":[{"embeddable":true,"href":"https:\/\/analyse.optim.biz\/index.php?rest_route=\/wp\/v2\/users\/1"}],"replies":[{"embeddable":true,"href":"https:\/\/analyse.optim.biz\/index.php?rest_route=%2Fwp%2Fv2%2Fcomments&post=169200"}],"version-history":[{"count":0,"href":"https:\/\/analyse.optim.biz\/index.php?rest_route=\/wp\/v2\/posts\/169200\/revisions"}],"wp:featuredmedia":[{"embeddable":true,"href":"https:\/\/analyse.optim.biz\/index.php?rest_route=\/wp\/v2\/media\/169201"}],"wp:attachment":[{"href":"https:\/\/analyse.optim.biz\/index.php?rest_route=%2Fwp%2Fv2%2Fmedia&parent=169200"}],"wp:term":[{"taxonomy":"category","embeddable":true,"href":"https:\/\/analyse.optim.biz\/index.php?rest_route=%2Fwp%2Fv2%2Fcategories&post=169200"},{"taxonomy":"post_tag","embeddable":true,"href":"https:\/\/analyse.optim.biz\/index.php?rest_route=%2Fwp%2Fv2%2Ftags&post=169200"}],"curies":[{"name":"wp","href":"https:\/\/api.w.org\/{rel}","templated":true}]}}