{"id":169175,"date":"2016-01-08T15:31:52","date_gmt":"2016-01-08T12:31:52","guid":{"rendered":"https:\/\/analyse.optim.biz\/?p=169175"},"modified":"2016-01-08T15:31:52","modified_gmt":"2016-01-08T12:31:52","slug":"politicieni-de-top-care-au-intrat-in-anonimat-in-2015","status":"publish","type":"post","link":"https:\/\/analyse.optim.biz\/?p=169175","title":{"rendered":"Politicieni de top\u00a0care\u00a0au intrat \u00een anonimat \u00een 2015"},"content":{"rendered":"<div class=\"entry data-app-meta data-app-meta-article\" data-embed-base-url-canonical=\"https:\/\/www.digi24.ro\/embed\/stiri\/actualitate\/politica\/politicieni-de-top-care-au-intrat-in-anonimat-in-2015-474835\">\n<p data-index=\"1\">Dispari\u0163ia lui <strong>Crin Antonescu<\/strong> din prima linie a politicii rom\u00e2ne\u015fti \u00ee\u015fi are r\u0103d\u0103cinile \u00een ruperea USL, \u00een 2014. Liberalii l-au l\u0103sat din m\u00e2ini imediat \u015fi l-au nominalizat pe Klaus Iohannis candidat la func\u0163ia de \u015fef al statului. Retragerea a \u00eensemnat absen\u0163a total\u0103 din via\u0163a politic\u0103, inclusiv din Parlament.<\/p>\n<p data-index=\"2\">La \u00eenceputul anului, <strong>Gabriel Oprea<\/strong> avea o ascensiune fulminant\u0103. Era vicepremier, ministru de Interne \u015fi avea suficient de mul\u0163i parlamentari \u00eenc\u00e2t s\u0103 fac\u0103 jocurile \u00een privin\u0163a alian\u0163elor politice. Moartea poli\u0163istului din coloana sa oficial\u0103 \u015fi tragedia din Colectiv l-au scos momentan de pe scena politic\u0103.<\/p>\n<p data-index=\"3\">\u201ePentru c\u0103 nu vreau s\u0103 creez tensiuni care s\u0103 afecteze \u00een vreun fel func\u021bionarea alian\u021bei aflate la guvernare, am decis s\u0103 demisionez din fruntea MAI\u201d, a spus Gabriel Oprea.<\/p>\n<p data-index=\"4\"><strong>Victor Ponta<\/strong> s-a retras tot \u00een urma incendiului din Clubul Colectiv. Pierduse deja \u015fefia PSD, iar credibilitatea \u015fi for\u0163a sa politic\u0103 erau din ce \u00een ce mai \u015fubrede \u00een urma dosarului penal.<\/p>\n<p data-index=\"5\">\u201e<span>Sunt gata s\u0103 fac eu acest gest pe care o parte din societate \u00eel a\u0219teapt\u0103 \u0219i, \u00eencep\u00e2nd de azi, \u00eemi depun mandatul de prim ministru\u201d, spunea \u0219i Victor Ponta.<\/span><\/p>\n<p data-index=\"6\"><strong>Traian B\u0103sescu<\/strong> este un alt lider care \u015fi-a pierdut mult din str\u0103lucire \u00een 2015, dup\u0103 10 ani petrecu\u0163i \u00een fruntea statului. Nici Victor Ponta, nici Traian B\u0103sescu nu par s\u0103 se obi\u015fnuiasc\u0103 u\u015for cu acest statut. Dac\u0103 fostul premier este pe punctul de a \u00eenfiin\u0163a o funda\u0163ie, Traian B\u0103sescu a fost ales pre\u015fedinte al Partidului Mi\u015fcarea Popular\u0103, condus pe vremuri de Elena Udrea.<\/p>\n<p data-index=\"7\">Printre retragerile discrete din scena politic\u0103 \u00een 2015 se afl\u0103 cea a lui <strong>Ion Iliescu<\/strong>. \u00cen primul r\u00e2nd, nu a mai mers la \u0219edin\u0163ele de partid. Apoi, func\u0163ia sa de pre\u015fedinte de onoare nu a mai fost votat\u0103 oficial la Congres. \u00cen plus, Liviu Dragnea s-a delimitat de trecutul comunist \u015fi de violen\u0163ele din Pia\u0163a Universit\u0103\u0163ii chiar \u00een fa\u0163a lui Ion Iliescu.<\/p>\n<p data-index=\"8\">Ion Iliescu a declarat \u00een mai multe r\u00e2nduri c\u0103 nu se va mai implica la fel de activ \u00een via\u0163a partidului, a\u015fa cum s-a \u00eent\u00e2mplat ani la r\u00e2nd, chiar \u015fi dup\u0103 ce nu a mai fost pre\u015fedintele PSD. \u00a0<\/p>\n<\/div>\n<p> Source URL: https:\/\/www.digi24.ro\/stiri\/actualitate\/politica\/politicieni-de-top-care-au-intrat-in-anonimat-in-2015-474835<\/p>\n","protected":false},"excerpt":{"rendered":"<p>Dispari\u0163ia lui Crin Antonescu din prima linie a politicii rom\u00e2ne\u015fti \u00ee\u015fi are r\u0103d\u0103cinile \u00een ruperea USL, \u00een 2014. Liberalii l-au l\u0103sat din m\u00e2ini imediat \u015fi l-au nominalizat pe Klaus Iohannis candidat la func\u0163ia de \u015fef al statului. Retragerea a \u00eensemnat absen\u0163a total\u0103 din via\u0163a politic\u0103, inclusiv din Parlament. La \u00eenceputul anului, Gabriel Oprea avea o [&hellip;]<\/p>\n","protected":false},"author":1,"featured_media":169176,"comment_status":"open","ping_status":"","sticky":false,"template":"","format":"standard","meta":{"footnotes":""},"categories":[2],"tags":[11],"class_list":["post-169175","post","type-post","status-publish","format-standard","has-post-thumbnail","hentry","category-politics","tag-digi24"],"_links":{"self":[{"href":"https:\/\/analyse.optim.biz\/index.php?rest_route=\/wp\/v2\/posts\/169175","targetHints":{"allow":["GET"]}}],"collection":[{"href":"https:\/\/analyse.optim.biz\/index.php?rest_route=\/wp\/v2\/posts"}],"about":[{"href":"https:\/\/analyse.optim.biz\/index.php?rest_route=\/wp\/v2\/types\/post"}],"author":[{"embeddable":true,"href":"https:\/\/analyse.optim.biz\/index.php?rest_route=\/wp\/v2\/users\/1"}],"replies":[{"embeddable":true,"href":"https:\/\/analyse.optim.biz\/index.php?rest_route=%2Fwp%2Fv2%2Fcomments&post=169175"}],"version-history":[{"count":0,"href":"https:\/\/analyse.optim.biz\/index.php?rest_route=\/wp\/v2\/posts\/169175\/revisions"}],"wp:featuredmedia":[{"embeddable":true,"href":"https:\/\/analyse.optim.biz\/index.php?rest_route=\/wp\/v2\/media\/169176"}],"wp:attachment":[{"href":"https:\/\/analyse.optim.biz\/index.php?rest_route=%2Fwp%2Fv2%2Fmedia&parent=169175"}],"wp:term":[{"taxonomy":"category","embeddable":true,"href":"https:\/\/analyse.optim.biz\/index.php?rest_route=%2Fwp%2Fv2%2Fcategories&post=169175"},{"taxonomy":"post_tag","embeddable":true,"href":"https:\/\/analyse.optim.biz\/index.php?rest_route=%2Fwp%2Fv2%2Ftags&post=169175"}],"curies":[{"name":"wp","href":"https:\/\/api.w.org\/{rel}","templated":true}]}}