{"id":1690793,"date":"2026-01-29T11:57:08","date_gmt":"2026-01-29T08:57:08","guid":{"rendered":"https:\/\/analyse.optim.biz\/?p=1690793"},"modified":"2026-01-29T11:57:08","modified_gmt":"2026-01-29T08:57:08","slug":"el-premio-fronteras-reconoce-a-los-artifices-del-sistema-que-protege-la-seguridad-y-la-privacidad-en-internet","status":"publish","type":"post","link":"https:\/\/analyse.optim.biz\/?p=1690793","title":{"rendered":"El premio Fronteras reconoce a los art\u00edfices del sistema que protege la seguridad y la privacidad en internet"},"content":{"rendered":"<article id=\"main-content\" class=\"a _g _g-lg _g-o\">\n<header class=\"a_e _g _g-xs\">\n<div class=\"a_e_txt _df\">\n<div class=\"a_k _df\"><a class=\"a_k_n\" href=\"https:\/\/elpais.com\/noticias\/premios-ciencia\/\">Premios cient\u00edficos<\/a><\/div>\n<h1 class=\"a_t\">El premio Fronteras reconoce a los art\u00edfices del sistema que protege la seguridad y la privacidad en internet <\/h1>\n<p class=\"a_st\">La Fundaci\u00f3n BBVA otorga a los ingenieros belgas Joan Daemen y Vincent Rijmen su galard\u00f3n anual en la categor\u00eda de tecnolog\u00eda de la informaci\u00f3n <\/p>\n<\/div>\n<div class=\"a_e_m\">\n<figure class=\"a_m a_m-h \"><span class=\"a_m_w _db\"><img fetchpriority=\"high\" decoding=\"async\" alt=\"Premio Fronteras\" class=\"_re  a_m-h\" height=\"234\" width=\"414\" src=\"https:\/\/analyse.optim.biz\/wp-content\/uploads\/2026\/02\/gcyijmdl4jbclj5rbow6xucj24-1.jpg\" loading=\"eager\" title=\"gcyijmdl4jbclj5rbow6xucj24-1\"><\/span><figcaption class=\"a_m_p\" aria-hidden=\"true\"><span>Vincent Rijmen y Joan Daemen, ganadores del Premio Fundaci\u00f3n BBVA Fronteras del Conocimiento en Tecnolog\u00edas de la Informaci\u00f3n y la Comunicaci\u00f3n.<\/span><span class=\"a_m_m\">Fundaci\u00f3n BBVA<\/span><\/figcaption><\/figure>\n<\/div>\n<\/header>\n<div class=\"a_md _g _g-xs \">\n<figure class=\"a_md_i a_m-h c_m--nf\"><span class=\"a_m_w _db\"><img decoding=\"async\" alt=\"Selva Vargas Re\u00e1tegui\" class=\"_re lazyload a_m-h\" height=\"100\" width=\"100\" src=\"https:\/\/analyse.optim.biz\/wp-content\/uploads\/2026\/02\/https3a2f2fauthor-service-images-prod-us-east-1-publishing-aws_-arc_-pub2fprisa2f82f0e000-4b23-4bf9-a047-ffae159ed816.png\" loading=\"lazy\" title=\"https3a2f2fauthor-service-images-prod-us-east-1-publishing-aws_-arc_-pub2fprisa2f82f0e000-4b23-4bf9-a047-ffae159ed816\"><\/span><\/figure>\n<div class=\"a_md_txt\">\n<div class=\"a_md_a\" data-dtm-region=\"articulo_firma\"><a href=\"https:\/\/elpais.com\/autor\/selva-vargas-reategui\/#?rel=author_top\" title=\"Ver todas las noticias de Selva Vargas Re\u00e1tegui\" class=\"a_md_a_n\">Selva Vargas Re\u00e1tegui<\/a><\/div>\n<div class=\"a_md_f\"><span>Madrid &#8211; <a href=\"https:\/\/elpais.com\/hemeroteca\/2026-01-29\/\" data-date=\"2026-01-29T12:57:08+01:00\"><time data-date=\"2026-01-29T12:57:08+01:00\" datetime=\"2026-01-29T12:57:08+01:00\" id=\"article_date_p\">29 ene 2026 &#8211; 12:57<abbr title=\"Central European Time\">CET<\/abbr><\/time><\/a><\/span><\/div>\n<div class=\"w_rs\" data-dtm-region=\"articulo_botonera-social\">\n<div class=\"w_rs_i\"><a class=\"_btn hidden\" href=\"\/\/send?text=El%20premio%20Fronteras%20reconoce%20a%20los%20art%C3%ADfices%20del%20sistema%20que%20protege%20la%20seguridad%20y%20la%20privacidad%20en%20internet%20%0D%0A%0D%0Ahttps%3A%2F%2Felpais.com%2Ftecnologia%2F2026-01-29%2Fel-premio-fronteras-reconoce-a-los-artifices-del-sistema-que-protege-la-seguridad-y-la-privacidad-en-internet.html%3Fssm=whatsapp_CC\" data-action=\"share\/whatsapp\/share\" data-param-description=\"El premio Fronteras reconoce a los art\u00edfices del sistema que protege la seguridad y la privacidad en internet \" data-param-href=\"https:\/\/elpais.com\/tecnologia\/2026-01-29\/el-premio-fronteras-reconoce-a-los-artifices-del-sistema-que-protege-la-seguridad-y-la-privacidad-en-internet.html\" data-param-text=\"El premio Fronteras reconoce a los art\u00edfices del sistema que protege la seguridad y la privacidad en internet  https:\/\/elpais.com\/tecnologia\/2026-01-29\/el-premio-fronteras-reconoce-a-los-artifices-del-sistema-que-protege-la-seguridad-y-la-privacidad-en-internet.html\" data-param-url=\"https:\/\/elpais.com\/tecnologia\/2026-01-29\/el-premio-fronteras-reconoce-a-los-artifices-del-sistema-que-protege-la-seguridad-y-la-privacidad-en-internet.html\" target=\"_blank\" rel=\"noopener noreferrer\" data-share-track-dtm=\"whatsapp\" id=\"btn_share_whatsapp_176\"><span class=\"_sr\">Compartir en Whatsapp<\/span><\/a><\/div>\n<div class=\"w_rs_i\"><a class=\"_btn \" href=\"https:\/\/www.facebook.com\/dialog\/share?display=popup&amp;app_id=94039431626&amp;href=https%3A%2F%2Felpais.com%2Ftecnologia%2F2026-01-29%2Fel-premio-fronteras-reconoce-a-los-artifices-del-sistema-que-protege-la-seguridad-y-la-privacidad-en-internet.html%3Fssm=FB_CC&amp;quote=El%20premio%20Fronteras%20reconoce%20a%20los%20art%C3%ADfices%20del%20sistema%20que%20protege%20la%20seguridad%20y%20la%20privacidad%20en%20internet%20\" data-param-app_id=\"94039431626\" data-param-description=\"El premio Fronteras reconoce a los art\u00edfices del sistema que protege la seguridad y la privacidad en internet \" data-param-href=\"https:\/\/elpais.com\/tecnologia\/2026-01-29\/el-premio-fronteras-reconoce-a-los-artifices-del-sistema-que-protege-la-seguridad-y-la-privacidad-en-internet.html\" data-param-text=\"El premio Fronteras reconoce a los art\u00edfices del sistema que protege la seguridad y la privacidad en internet \" data-param-url=\"https:\/\/elpais.com\/tecnologia\/2026-01-29\/el-premio-fronteras-reconoce-a-los-artifices-del-sistema-que-protege-la-seguridad-y-la-privacidad-en-internet.html\" target=\"_blank\" rel=\"noopener noreferrer\" data-share-track-dtm=\"facebook\" id=\"btn_share_facebook_176\"><span class=\"_sr\">Compartir en Facebook<\/span><\/a><\/div>\n<div class=\"w_rs_i\"><a class=\"_btn \" href=\"https:\/\/twitter.com\/intent\/tweet?url=https%3A%2F%2Felpais.com%2Ftecnologia%2F2026-01-29%2Fel-premio-fronteras-reconoce-a-los-artifices-del-sistema-que-protege-la-seguridad-y-la-privacidad-en-internet.html%3Fssm=TW_CC&amp;text=El%20premio%20Fronteras%20reconoce%20a%20los%20art%C3%ADfices%20del%20sistema%20que%20protege%20la%20seguridad%20y%20la%20privacidad%20en%20internet%20&amp;via=el_pais&amp;lang=es\" data-param-description=\"El premio Fronteras reconoce a los art\u00edfices del sistema que protege la seguridad y la privacidad en internet \" data-param-href=\"https:\/\/elpais.com\/tecnologia\/2026-01-29\/el-premio-fronteras-reconoce-a-los-artifices-del-sistema-que-protege-la-seguridad-y-la-privacidad-en-internet.html\" data-param-text=\"El premio Fronteras reconoce a los art\u00edfices del sistema que protege la seguridad y la privacidad en internet  via @el_pais\" data-param-url=\"https:\/\/elpais.com\/tecnologia\/2026-01-29\/el-premio-fronteras-reconoce-a-los-artifices-del-sistema-que-protege-la-seguridad-y-la-privacidad-en-internet.html\" target=\"_blank\" rel=\"noopener noreferrer\" data-share-track-dtm=\"twitter\" id=\"btn_share_twitter_176\"><span class=\"_sr\">Compartir en Twitter<\/span><\/a><\/div>\n<div class=\"w_rs_i\"><a class=\"_btn \" href=\"https:\/\/bsky.app\/intent\/compose?text=https%3A%2F%2Felpais.com%2Ftecnologia%2F2026-01-29%2Fel-premio-fronteras-reconoce-a-los-artifices-del-sistema-que-protege-la-seguridad-y-la-privacidad-en-internet.html%3Fssm=bsky_CC\" data-param-description=\"El premio Fronteras reconoce a los art\u00edfices del sistema que protege la seguridad y la privacidad en internet \" data-param-href=\"https:\/\/elpais.com\/tecnologia\/2026-01-29\/el-premio-fronteras-reconoce-a-los-artifices-del-sistema-que-protege-la-seguridad-y-la-privacidad-en-internet.html\" data-param-text=\"El premio Fronteras reconoce a los art\u00edfices del sistema que protege la seguridad y la privacidad en internet \" data-param-url=\"https:\/\/elpais.com\/tecnologia\/2026-01-29\/el-premio-fronteras-reconoce-a-los-artifices-del-sistema-que-protege-la-seguridad-y-la-privacidad-en-internet.html\" target=\"_blank\" rel=\"noopener noreferrer\" data-share-track-dtm=\"bluesky\" id=\"btn_share_bluesky_176\"><span class=\"_sr\">Compartir en Bluesky<\/span><\/a><\/div>\n<div class=\"w_rs_i\"><a class=\"_btn \" href=\"https:\/\/www.linkedin.com\/sharing\/share-offsite\/?url=https%3A%2F%2Felpais.com%2Ftecnologia%2F2026-01-29%2Fel-premio-fronteras-reconoce-a-los-artifices-del-sistema-que-protege-la-seguridad-y-la-privacidad-en-internet.html%3Fssm=LK_CC\" data-param-description=\"El premio Fronteras reconoce a los art\u00edfices del sistema que protege la seguridad y la privacidad en internet \" data-param-href=\"https:\/\/elpais.com\/tecnologia\/2026-01-29\/el-premio-fronteras-reconoce-a-los-artifices-del-sistema-que-protege-la-seguridad-y-la-privacidad-en-internet.html\" data-param-text=\"El premio Fronteras reconoce a los art\u00edfices del sistema que protege la seguridad y la privacidad en internet \" data-param-url=\"https:\/\/elpais.com\/tecnologia\/2026-01-29\/el-premio-fronteras-reconoce-a-los-artifices-del-sistema-que-protege-la-seguridad-y-la-privacidad-en-internet.html\" target=\"_blank\" rel=\"noopener noreferrer\" data-share-track-dtm=\"linkedin\" id=\"btn_share_linkedin_176\"><span class=\"_sr\">Compartir en Linkedin<\/span><\/a><\/div>\n<div class=\"w_rs_i\"><a class=\"_btn rs_l\" href=\"https:\/\/elpais.com\/tecnologia\/2026-01-29\/el-premio-fronteras-reconoce-a-los-artifices-del-sistema-que-protege-la-seguridad-y-la-privacidad-en-internet.html#?prm=copy_link\" data-share-track-dtm=\"copiar_url\" id=\"btn_share_link_99\"><span class=\"_sr\">Copiar enlace<\/span><\/a><\/div>\n<div class=\"w_rs_i\"><a class=\"_btn rs_c\" href=\"https:\/\/elpais.com\/tecnologia\/2026-01-29\/el-premio-fronteras-reconoce-a-los-artifices-del-sistema-que-protege-la-seguridad-y-la-privacidad-en-internet.html#comments_container\" aria-expanded=\"false\" aria-controls=\"me-c\" data-share-track-dtm=\"eskup\" id=\"btn_share_comments_99\"><span class=\"_sr\">Ir a los comentarios<\/span><\/a><\/div>\n<\/div>\n<\/div>\n<\/div>\n<div class=\"a_c clearfix\" data-dtm-region=\"articulo_cuerpo\">\n<p class>Desde su creaci\u00f3n a finales del siglo pasado, el algoritmo de encriptaci\u00f3n Advanced Encryption Standard (AES) \u2014tambi\u00e9n llamado Rijndael\u2014 es el sistema est\u00e1ndar internacional que protege la seguridad y privacidad en los ordenadores port\u00e1tiles, los m\u00f3viles, los sistemas de mensajer\u00eda digital, las tarjetas bancarias y hasta el almacenamiento de datos en la nube. Sus creadores, los ingenieros belgas Joan Daemen y Vincent Rijmen, acaban de ser galardonados este jueves con el premio Fundaci\u00f3n BBVA <a href=\"https:\/\/elpais.com\/noticias\/premios-fundacion-bbva-fronteras-conocimiento\/\" target=\"_blank\" rel title=\"https:\/\/elpais.com\/noticias\/premios-fundacion-bbva-fronteras-conocimiento\/\">Fronteras del Conocimiento<\/a> en la categor\u00eda de <a href=\"https:\/\/elpais.com\/tecnologia\/2022-02-09\/el-premio-fronteras-del-conocimiento-reconoce-el-desarrollo-de-sistemas-de-inteligencia-artificial-transparentes.html\" target=\"_blank\" rel title=\"https:\/\/elpais.com\/tecnologia\/2022-02-09\/el-premio-fronteras-del-conocimiento-reconoce-el-desarrollo-de-sistemas-de-inteligencia-artificial-transparentes.html\">Tecnolog\u00edas de la Informaci\u00f3n y la Comunicaci\u00f3n (TIC)<\/a>.<\/p>\n<p class>En la XVIII edici\u00f3n de este premio, el jurado ha destacado que ese cimiento matem\u00e1tico se ha convertido en la tecnolog\u00eda que \u201csustenta la era digital actual\u201d. Gracias a ella, afirman, \u201cnuestro dinero permanece en nuestras cuentas bancarias, nuestros historiales m\u00e9dicos siguen siendo privados y nuestros mensajes solo llegan a las personas a las que queremos enviarlos\u201d.<\/p>\n<p class>En 1997, los investigadores <a href=\"https:\/\/elpais.com\/ciencia\/cafe-y-teoremas\/2023-08-11\/criptografia-las-matematicas-que-hacen-segura-la-mensajeria-instantanea.html\" target=\"_self\" rel title=\"https:\/\/elpais.com\/ciencia\/cafe-y-teoremas\/2023-08-11\/criptografia-las-matematicas-que-hacen-segura-la-mensajeria-instantanea.html\">desarrollaron Rijndael, una combinaci\u00f3n de sus apellidos<\/a>. En 2001 se integr\u00f3 en el sistema estadounidense, y en 2005 se aplic\u00f3 a escala internacional hasta nuestros d\u00edas. La contribuci\u00f3n de Daemen (Universidad Radboud de Nimega, Pa\u00edses Bajos) y Rijmen (Universidad Cat\u00f3lica de Lovaina-KU Leuven, B\u00e9lgica, y Universidad de Bergen, Noruega) naci\u00f3 en un momento en el que el Data Encryption Standard (DES), del Instituto Nacional de Est\u00e1ndares y Tecnolog\u00eda (NIST) en Estados Unidos, comenzaba a presentar cada vez m\u00e1s defectos. El organismo convoc\u00f3 a un concurso para mejorar su sistema. Daemen y Rijmen llegaron a esa convocatoria con la ventaja de que sus tesis doctorales se centraban precisamente en los fundamentos matem\u00e1ticos y algor\u00edtmicos de la criptograf\u00eda. Acabaron ganando la competici\u00f3n.<\/p>\n<p class>Se trata de un c\u00f3digo abierto, una caracter\u00edstica que permiti\u00f3 su estandarizaci\u00f3n global y, de acuerdo con el jurado, \u201cla transparencia en la comunidad criptogr\u00e1fica\u201d. \u201cSe ense\u00f1a en todos los cursos del mundo en materia de seguridad inform\u00e1tica y se puede examinar en busca de vulnerabilidades\u201d, destacan.<\/p>\n<p class>En videollamada con EL PA\u00cdS, Daemen subraya que, aunque su creaci\u00f3n data de los a\u00f1os noventa del siglo pasado, adaptaron durante todos estos a\u00f1os su algoritmo: \u201cAhora estamos trabajando en una criptograf\u00eda, pero no tengo grandes esperanzas de que sustituya al AES, porque el AES est\u00e1 en todas partes y sigue funcionando bien\u201d, sostiene. <\/p>\n<p class>Rijmen apunta que la presencia del Advanced Encryption Standard se extiende a m\u00faltiples \u00e1mbitos de la vida cotidiana: \u201cEstuvo en las tres primeras aplicaciones m\u00f3viles y est\u00e1 cuando imprimes un documento. Las impresoras modernas hablan con el cartucho de tinta para averiguar si es un cartucho de tinta adecuado. Esa comunicaci\u00f3n tambi\u00e9n est\u00e1 asegurada\u201d, dice.<\/p>\n<p class>Por su parte, Daemen advierte sobre los desaf\u00edos pol\u00edticos que rodean la criptograf\u00eda: \u201cLa criptograf\u00eda que hacemos, como la del AES o sistemas similares, son solo componentes b\u00e1sicos. Pero la arquitectura de seguridad a nivel superior requiere decisiones sobre c\u00f3mo se almacenan y gestionan los datos: si en la nube, de forma descentralizada o centralizada\u201d. En ese contexto, dice, muchos cript\u00f3grafos y expertos en seguridad se han manifestado sobre pr\u00e1cticas como el escaneo del lado del cliente, planteadas para prevenir abusos sexuales infantiles. Aunque el objetivo es loable, advierte Daemen, estas tecnolog\u00edas tambi\u00e9n pueden convertirse en herramientas de vigilancia masiva, algo especialmente preocupante en pa\u00edses donde las tendencias pol\u00edticas alejan la supervisi\u00f3n de los ciudadanos. \u201cCon la infraestructura actual nunca ha habido tanta capacidad de vigilancia masiva, y muchos cript\u00f3grafos hacen o\u00edr su voz e intentan influir en la legislaci\u00f3n\u201d, afirma.<\/p>\n<p class>El jurado est\u00e1 presidido por Oussama Khatib, catedr\u00e1tico de Ciencias de la Computaci\u00f3n y director del Laboratorio de Rob\u00f3tica en la Universidad de Stanford (Estados Unidos); y como secretario, Ron Ho, vicepresidente corporativo de I+D en Hardware en Lattice Semiconductor (Estados Unidos).<\/p>\n<p class>En la <a href=\"https:\/\/elpais.com\/tecnologia\/2025-01-21\/anik-jain-y-michael-i-jordan-ganan-el-premio-fronteras-del-conocimiento-por-sus-aportes-en-el-desarrollo-de-la-ia-y-el-reconocimiento-facial.html\" target=\"_blank\" rel title=\"https:\/\/elpais.com\/tecnologia\/2025-01-21\/anik-jain-y-michael-i-jordan-ganan-el-premio-fronteras-del-conocimiento-por-sus-aportes-en-el-desarrollo-de-la-ia-y-el-reconocimiento-facial.html\">anterior edici\u00f3n del galard\u00f3n<\/a>, el premio fue a parar a Anil K. Jain (Basti, India, 1948) y <a href=\"https:\/\/elpais.com\/tecnologia\/2025-02-04\/michael-i-jordan-pionero-de-la-ia-hay-un-poco-de-soberbia-en-el-mundo-de-la-ia.html\" target=\"_blank\" rel title=\"https:\/\/elpais.com\/tecnologia\/2025-02-04\/michael-i-jordan-pionero-de-la-ia-hay-un-poco-de-soberbia-en-el-mundo-de-la-ia.html\">Michael I. Jordan<\/a> (Maryland, EE UU, 1956) por sus aportes en el desarrollo de la IA y el reconocimiento facial. Tras un trabajo de cuatro d\u00e9cadas, los cient\u00edficos lograron que los ordenadores sean capaces de identificar patrones y realizar predicciones con grupos de datos. Esta haza\u00f1a impuls\u00f3 tecnolog\u00edas transformadoras como la biometr\u00eda y sent\u00f3 las bases de la inteligencia artificial generativa.<\/p>\n<\/div>\n<div id=\"me-dis\" class=\"me _pf\">\n<div class=\"me_bg\">\n<div class=\"me-dis _pa _df\">\n<div class=\"me-dis_c\">\n<h2 class=\"me-dis_t\">Tu suscripci\u00f3n se est\u00e1 usando en otro dispositivo<\/h2>\n<p>\u00bfQuieres a\u00f1adir otro usuario a tu suscripci\u00f3n?<\/p>\n<div class=\"me-dis_l\"><a href=\"https:\/\/elpais.com\/suscripciones\/premium\/upgrade\/?utm_source=autopromo&amp;utm_medium=interno&amp;utm_campaign=YYYY_MM_capping_upgrade\" id=\"capping-upgrade\" class=\"btn\">A\u00f1adir usuario<\/a><a href=\"https:\/\/elpais.com\/tecnologia\/2026-01-29\/el-premio-fronteras-reconoce-a-los-artifices-del-sistema-que-protege-la-seguridad-y-la-privacidad-en-internet.html\" id=\"capping-continue\" class=\"btn btn-b\">Continuar leyendo aqu\u00ed<\/a><\/div>\n<p>Si contin\u00faas leyendo en este dispositivo, no se podr\u00e1 leer en el otro.<\/p>\n<p class=\"lk\"><a href=\"https:\/\/elpais.com\/tecnologia\/2026-01-29\/el-premio-fronteras-reconoce-a-los-artifices-del-sistema-que-protege-la-seguridad-y-la-privacidad-en-internet.html\" id=\"capping-show-more-button\">\u00bfPor qu\u00e9 est\u00e1s viendo esto?<\/a><\/p>\n<p><span class=\"arrow\" id=\"capping-arrow\">Flecha<\/span><\/p>\n<div class=\"me-dis_d\">\n<div class=\"me-dis_d_t\">\n<h2 class=\"enc\">Tu suscripci\u00f3n se est\u00e1 usando en otro dispositivo y solo puedes acceder a EL PA\u00cdS desde un dispositivo a la vez.<\/h2>\n<div class=\"tx\">\n<p>Si quieres compartir tu cuenta, cambia tu suscripci\u00f3n a la modalidad Premium, as\u00ed podr\u00e1s a\u00f1adir otro usuario. Cada uno acceder\u00e1 con su propia cuenta de email, lo que os permitir\u00e1 personalizar vuestra experiencia en EL PA\u00cdS.<\/p>\n<p>\u00bfTienes una suscripci\u00f3n de empresa? Accede <a target=\"_blank\" rel=\"noreferrer\" href=\"https:\/\/elpais.com\/suscripciones\/premium\/upgrade\/\">aqu\u00ed<\/a> para contratar m\u00e1s cuentas.<\/p>\n<p>En el caso de no saber qui\u00e9n est\u00e1 usando tu cuenta, te recomendamos cambiar tu contrase\u00f1a <a target=\"_blank\" rel=\"noreferrer\" href=\"https:\/\/elpais.com\/subscriptions\/#\/forgot-password\">aqu\u00ed.<\/a><\/p>\n<p>Si decides continuar compartiendo tu cuenta, este mensaje se mostrar\u00e1 en tu dispositivo y en el de la otra persona que est\u00e1 usando tu cuenta de forma indefinida, afectando a tu experiencia de lectura. Puedes <a target=\"_blank\" rel=\"noreferrer\" href=\"https:\/\/elpais.com\/suscripciones\/condiciones-generales-servicios\/\">consultar aqu\u00ed los t\u00e9rminos y condiciones de la suscripci\u00f3n digital.<\/a><\/p>\n<\/div>\n<\/div>\n<\/div>\n<\/div>\n<\/div>\n<\/div>\n<\/div>\n<aside class=\"w w-sea\">\n<h2 class=\"w_t\">Sobre la firma<\/h2>\n<div class=\"w_b\">\n<div class=\"_g _g-xs\">\n<figure class=\"w-sea_f a_m-h c_m--nf\"><span class=\"a_m_w _db\"><img decoding=\"async\" alt=\"Selva Vargas Re\u00e1tegui\" class=\"_re lazyload a_m-h\" height=\"100\" width=\"100\" src=\"https:\/\/analyse.optim.biz\/wp-content\/uploads\/2026\/02\/https3a2f2fauthor-service-images-prod-us-east-1-publishing-aws_-arc_-pub2fprisa2f82f0e000-4b23-4bf9-a047-ffae159ed816.png\" loading=\"lazy\" title=\"https3a2f2fauthor-service-images-prod-us-east-1-publishing-aws_-arc_-pub2fprisa2f82f0e000-4b23-4bf9-a047-ffae159ed816\"><\/span><\/figure>\n<div class=\"w-sea_txt\">\n<div class=\"_df\">\n<div class=\"w-sea_txt_na\"><a href=\"https:\/\/elpais.com\/autor\/selva-vargas-reategui\/\" rel=\"autor_bottom\">Selva Vargas Re\u00e1tegui<\/a><\/div>\n<\/div>\n<div class=\"w-sea_txt_da _dn\">De Lima, Per\u00fa. Periodista con inter\u00e9s en temas tecnol\u00f3gicos, sociales y culturales. Trabaj\u00f3 en el diario La Rep\u00fablica y actualmente escribe sobre tecnolog\u00eda, ciencia, medio ambiente y salud en la secci\u00f3n Materia. Cursa el M\u00e1ster de Periodismo UAM-EL PA\u00cdS.<\/div>\n<\/div>\n<\/div>\n<\/div>\n<\/aside>\n<aside class=\"w w-fid\">\n<div class=\"w_b\">\n<div class=\"w-fid_t\"><a href=\"https:\/\/plus.elpais.com\/newsletters\/lnp\/1\/356\/#?prm=not_newsletters_tecno\">Recibe cada semana el bolet\u00edn de Tecnolog\u00eda<\/a><\/div>\n<div class=\"w-fid_s\">\n<div class=\"w_rs\">\n<div class=\"w_rs_i\"><a class=\"_btn\" href=\"https:\/\/www.facebook.com\/elpaistecnologia\/\" rel=\"nofollow\"><span class=\"_sr\">Tecnologia El Pa\u00eds en Facebook<\/span><\/a><\/div>\n<div class=\"w_rs_i\"><a class=\"_btn\" href=\"https:\/\/www.instagram.com\/el_pais\/\" rel=\"nofollow\"><span class=\"_sr\">Tecnologia El Pa\u00eds en Instagram<\/span><\/a><\/div>\n<div class=\"w_rs_i\"><a class=\"_btn\" href=\"https:\/\/twitter.com\/el_pais\" rel=\"nofollow\"><span class=\"_sr\">Tecnologia El Pa\u00eds en Twitter<\/span><\/a><\/div>\n<\/div>\n<\/div>\n<\/div>\n<\/aside>\n<aside class=\"a_com w w-com _df\"><a class=\"a_com_l\" href=\"https:\/\/elpais.com\/info\/normas-de-participacion\/\">Normas \u203a<\/a><\/aside>\n<div class=\"me _pf\" id=\"me-c\">\n<div class=\"me_bg\">\n<div class=\"me-c _pa\" id=\"comments_container\" data-dtm-region=\"articulo_comentarios\">\n<div class=\"me_f me_f-os me_cc\"><a href=\"https:\/\/plus.elpais.com\/perfil\/actividad\/\">Mis comentarios<\/a><a href=\"https:\/\/elpais.com\/info\/normas-de-participacion\/\">Normas<\/a><\/div>\n<div class=\"me_f me_f-ns\"><span class=\"me_f_txt _db\">Rellena tu <b>nombre y apellido<\/b> para comentar<\/span><a href=\"https:\/\/plus.elpais.com\/autorization.html\/?prod=COM&amp;backURL=https%3A%2F%2Felpais.com%2Ftecnologia%2F2026-01-29%2Fel-premio-fronteras-reconoce-a-los-artifices-del-sistema-que-protege-la-seguridad-y-la-privacidad-en-internet.html\" class=\"btn btn-2\">completar datos<\/a><\/div>\n<div class=\"me_f\" id=\"comments_msg\"><a class=\"btn btn-2\" href=\"https:\/\/elpais.com\/suscripciones\/#\/campaign?prod=SUSDIGCRART&amp;o=COM&amp;prm=suscrip_articulo_comentarios_el-pais&amp;backURL=https%3A%2F%2Felpais.com%2Ftecnologia%2F2026-01-29%2Fel-premio-fronteras-reconoce-a-los-artifices-del-sistema-que-protege-la-seguridad-y-la-privacidad-en-internet.html\" id=\"comments_subscribe_link\" data-link-am=\"https:\/\/elpais.com\/suscripciones\/america\/#\/campaign?prod=SUSDIGCRARTAM&amp;o=COMAM&amp;prm=suscrip_articulo_comentarios_el-pais-america&amp;backURL=https%3A%2F%2Felpais.com%2Ftecnologia%2F2026-01-29%2Fel-premio-fronteras-reconoce-a-los-artifices-del-sistema-que-protege-la-seguridad-y-la-privacidad-en-internet.html\" data-link-mx=\"https:\/\/elpais.com\/suscripciones\/america\/#\/campaign?prod=SUSDIGMX&amp;o=COMMX&amp;prm=suscrip_articulo_comentarios_el-pais-mexico&amp;backURL=https%3A%2F%2Felpais.com%2Ftecnologia%2F2026-01-29%2Fel-premio-fronteras-reconoce-a-los-artifices-del-sistema-que-protege-la-seguridad-y-la-privacidad-en-internet.html\" data-link-co=\"https:\/\/elpais.com\/suscripciones\/america\/#\/campaign?prod=SUSDIGCOL&amp;o=COMCOL&amp;prm=suscrip_articulo_comentarios_el-pais_colombia&amp;backURL=https%3A%2F%2Felpais.com%2Ftecnologia%2F2026-01-29%2Fel-premio-fronteras-reconoce-a-los-artifices-del-sistema-que-protege-la-seguridad-y-la-privacidad-en-internet.html\" data-link-ar=\"https:\/\/elpais.com\/suscripciones\/america\/#\/campaign?prod=SUSDIGCRARTAR&amp;o=COMAR&amp;backURL=https%3A%2F%2Felpais.com%2Ftecnologia%2F2026-01-29%2Fel-premio-fronteras-reconoce-a-los-artifices-del-sistema-que-protege-la-seguridad-y-la-privacidad-en-internet.html\" data-link-cl=\"https:\/\/elpais.com\/suscripciones\/america\/#\/campaign?prod=SUSDIGCHILE&amp;o=COMCHILE&amp;backURL=https%3A%2F%2Felpais.com%2Ftecnologia%2F2026-01-29%2Fel-premio-fronteras-reconoce-a-los-artifices-del-sistema-que-protege-la-seguridad-y-la-privacidad-en-internet.html\" data-link-us=\"https:\/\/elpais.com\/suscripciones\/america\/#\/campaign?prod=SUSDIGCRARTEUCAN&amp;o=COMUS&amp;prm=suscrip_articulo_comentarios_el-pais_eucan&amp;backURL=https%3A%2F%2Felpais.com%2Ftecnologia%2F2026-01-29%2Fel-premio-fronteras-reconoce-a-los-artifices-del-sistema-que-protege-la-seguridad-y-la-privacidad-en-internet.html\">Suscr\u00edbete en El Pa\u00eds para participar<\/a><a class=\"btn btn-3\" href=\"https:\/\/elpais.com\/subscriptions\/#\/sign-in?prod=REG&amp;o=COM&amp;prm=login_articulo_comentarios_el-pais&amp;backURL=https%3A%2F%2Felpais.com%2Ftecnologia%2F2026-01-29%2Fel-premio-fronteras-reconoce-a-los-artifices-del-sistema-que-protege-la-seguridad-y-la-privacidad-en-internet.html\" id=\"comments_login_link\" data-link-am=\"https:\/\/elpais.com\/subscriptions\/#\/sign-in?prod=REG&amp;o=COM&amp;prm=login_articulo_comentarios_el-pais-america&amp;backURL=https%3A%2F%2Felpais.com%2Ftecnologia%2F2026-01-29%2Fel-premio-fronteras-reconoce-a-los-artifices-del-sistema-que-protege-la-seguridad-y-la-privacidad-en-internet.html\" data-link-mx=\"https:\/\/elpais.com\/subscriptions\/#\/sign-in?prod=REG&amp;o=COM&amp;prm=login_articulo_comentarios_el-pais-mexico&amp;backURL=https%3A%2F%2Felpais.com%2Ftecnologia%2F2026-01-29%2Fel-premio-fronteras-reconoce-a-los-artifices-del-sistema-que-protege-la-seguridad-y-la-privacidad-en-internet.html\" data-link-co=\"https:\/\/elpais.com\/subscriptions\/#\/sign-in?prod=REG&amp;o=COM&amp;backURL=https%3A%2F%2Felpais.com%2Ftecnologia%2F2026-01-29%2Fel-premio-fronteras-reconoce-a-los-artifices-del-sistema-que-protege-la-seguridad-y-la-privacidad-en-internet.html\" data-link-ar=\"https:\/\/elpais.com\/subscriptions\/#\/sign-in?prod=REG&amp;o=COM&amp;backURL=https%3A%2F%2Felpais.com%2Ftecnologia%2F2026-01-29%2Fel-premio-fronteras-reconoce-a-los-artifices-del-sistema-que-protege-la-seguridad-y-la-privacidad-en-internet.html\" data-link-cl=\"https:\/\/elpais.com\/subscriptions\/#\/sign-in?prod=REG&amp;o=COM&amp;backURL=https%3A%2F%2Felpais.com%2Ftecnologia%2F2026-01-29%2Fel-premio-fronteras-reconoce-a-los-artifices-del-sistema-que-protege-la-seguridad-y-la-privacidad-en-internet.html\" data-link-us=\"https:\/\/elpais.com\/subscriptions\/#\/sign-in?prod=REG&amp;o=COM&amp;backURL=https%3A%2F%2Felpais.com%2Ftecnologia%2F2026-01-29%2Fel-premio-fronteras-reconoce-a-los-artifices-del-sistema-que-protege-la-seguridad-y-la-privacidad-en-internet.html\">Ya tengo una suscripci\u00f3n<\/a><\/div>\n<p>Please enable JavaScript to view the &lt;a href=&#8221;https:\/\/disqus.com\/?ref_noscript&#8221; rel=&#8221;nofollow&#8221;&gt; comments powered by Disqus.&lt;\/a&gt;<\/p><\/div>\n<\/div>\n<\/div>\n<aside class=\"w w-rel\" data-dtm-region=\"articulo_mas-informacion\">\n<h2 class=\"w_t\">M\u00e1s informaci\u00f3n<\/h2>\n<ul class=\"w_b _ls\">\n<li class=\"_g _g-xs w-rel_n\">\n<div class=\" a_m-h c_m--nf\"><span class=\"_db _pr\"><img decoding=\"async\" class=\"_re lazyload a_m-h\" height=\"311\" width=\"414\" src=\"https:\/\/analyse.optim.biz\/wp-content\/uploads\/2026\/02\/ptyansvs6ndmxkpu56b5f6ennu.jpg\" loading=\"lazy\" title=\"ptyansvs6ndmxkpu56b5f6ennu\"><\/span><\/div>\n<div class=\"nt\">\n<h3 class=\"nt_t\"><a href=\"https:\/\/elpais.com\/ciencia\/2026-01-28\/google-logra-predecir-con-su-ia-como-una-sola-letra-del-genoma-oscuro-puede-causar-enfermedades.html#?rel=mas\">Google logra predecir con su IA c\u00f3mo una sola letra del genoma oscuro puede causar enfermedades<\/a><\/h3>\n<div class=\"nt_a\"><a href=\"https:\/\/elpais.com\/autor\/daniel-mediavilla-gonzalez\/\" title=\"Ver todas las noticias de Daniel Mediavilla\">Daniel Mediavilla<\/a> | Madrid<\/div>\n<\/div>\n<\/li>\n<li class=\"_g _g-xs w-rel_n\">\n<div class=\" a_m-h c_m--nf\"><span class=\"_db _pr\"><img decoding=\"async\" class=\"_re lazyload a_m-h\" height=\"311\" width=\"414\" src=\"https:\/\/analyse.optim.biz\/wp-content\/uploads\/2026\/02\/alhwl5ordrhgdoi2aailhdvizu-2.jpg\" loading=\"lazy\" title=\"alhwl5ordrhgdoi2aailhdvizu-2\"><\/span><\/div>\n<div class=\"nt\">\n<h3 class=\"nt_t\"><a href=\"https:\/\/elpais.com\/tecnologia\/2026-01-28\/estan-las-redes-protegiendo-a-trump-crecen-las-sospechas-tras-supuestos-errores-de-tiktok-y-las-decisiones-meta.html#?rel=mas\">\u00bfEst\u00e1n las redes protegiendo a Trump? Crecen las sospechas tras supuestos errores de TikTok y las decisiones de Meta<\/a><\/h3>\n<div class=\"nt_a\"><a href=\"https:\/\/elpais.com\/autor\/jordi-perez-colome\/\" title=\"Ver todas las noticias de Jordi P\u00e9rez Colom\u00e9\">Jordi P\u00e9rez Colom\u00e9<\/a><\/div>\n<\/div>\n<\/li>\n<\/ul>\n<\/aside>\n<section class=\"w w-ae\" data-dtm-region=\"articulo_archivado-en\">\n<h2 class=\"w_t\">Archivado En<\/h2>\n<div class=\"w_b\">\n<ul class=\"w_ul w_ul--mh _df _ls\">\n<li><a href=\"https:\/\/elpais.com\/noticias\/tecnologia\/#?rel=arch\" rel=\"noopener noreferrer\">Tecnolog\u00eda<\/a><\/li>\n<li><a href=\"https:\/\/elpais.com\/noticias\/ciencia\/#?rel=arch\" rel=\"noopener noreferrer\">Ciencia<\/a><\/li>\n<li><a href=\"https:\/\/elpais.com\/noticias\/fundacion-bbva\/#?rel=arch\" rel=\"noopener noreferrer\">Fundaci\u00f3n BBVA<\/a><\/li>\n<li><a href=\"https:\/\/elpais.com\/noticias\/premios-ciencia\/#?rel=arch\" rel=\"noopener noreferrer\">Premios ciencia<\/a><\/li>\n<li><a href=\"https:\/\/elpais.com\/noticias\/bbva-banco-bilbao-vizcaya-argentaria\/#?rel=arch\" rel=\"noopener noreferrer\">BBVA<\/a><\/li>\n<\/ul>\n<\/div>\n<\/section>\n<aside class=\"a_tp _df\">\n<div class=\"a_tp_txt\"><span class=\"a_tp_t\">Se adhiere a los criterios de<\/span><\/p>\n<figure class=\"a_m a_m-h c_m--nf\"><a class=\"a_tp_i _dib\" href=\"https:\/\/elpais.com\/estaticos\/que-es-the-trust-project\/\" target=\"_blank\" rel=\"noopener noreferrer nofollow\"><img decoding=\"async\" alt=\"The Trust Project\" class=\" lazyload a_m-h\" height=\"20\" width=\"117\" src=\"https:\/\/analyse.optim.biz\/wp-content\/uploads\/2026\/02\/the-trust-project-15.svg\" loading=\"lazy\" title=\"the-trust-project-15\"><\/a><\/figure>\n<p><a class=\"a_tp_mi\" href=\"https:\/\/elpais.com\/estaticos\/codigo-etico\/\" target=\"_blank\" rel=\"noopener noreferrer nofollow\">M\u00e1s informaci\u00f3n<\/a><\/div>\n<div class=\"a_tp_si\">Si est\u00e1 interesado en licenciar este contenido, pinche <a class=\"a_tp_si_l\" href=\"https:\/\/profesional.elpais.com\/soluciones-sindicacion\/?utm_medium=interno&amp;utm_source=crosslinking&amp;utm_campaign=sindicacion_ep_pie_articulos\" target=\"_blank\" rel=\"noopener noreferrer nofollow\">aqu\u00ed<\/a><\/div>\n<\/aside>\n<div class=\"a_o _pr\" data-dtm-region=\"articulo_right-rail\">\n<div id=\"elpais_gpt-MPU1\" data-adtype=\"MPU\" class=\"ad ad-mpu\"><span class=\"_dn\">_<\/span><\/div>\n<section class=\"w w-sc b_col\" data-dtm-region=\"articulo_ultimas-noticias\">\n<header class=\"w_h b_col_h\">\n<h3 class=\"w_t\"><a href=\"https:\/\/elpais.com\/ultimas-noticias\/\" rel=\"story-card-ultimas-noticias\">\u00daltimas noticias<\/a><\/h3>\n<\/header>\n<div class=\"w_b\">\n<article class=\"c  c--m-n   \" data-word=\"0\">\n<header class=\"c_h\"><time datetime=\"2026-02-01T22:10:46+01:00\" class=\"c_da\">22:10<\/time><\/p>\n<h2 class=\"c_t \"><a href=\"https:\/\/elpais.com\/deportes\/futbol\/2026-02-01\/el-arsenal-eleva-la-primera-copa-de-campeones-femenina-de-la-fifa-y-se-embolsa-un-premio-record-de-casi-dos-millones-de-euros.html\">El Arsenal eleva la primera Copa de Campeones Femenina de la FIFA y se embolsa un premio r\u00e9cord de casi dos millones de euros <\/a><\/h2>\n<\/header>\n<\/article>\n<article class=\"c  c--m-n   \" data-word=\"0\">\n<header class=\"c_h\"><time datetime=\"2026-02-01T22:10:26+01:00\" class=\"c_da\">22:10<\/time><\/p>\n<h2 class=\"c_t \"><a href=\"https:\/\/elpais.com\/america\/2026-02-01\/el-papa-pide-a-estados-unidos-y-cuba-dialogo-para-evitar-el-sufrimiento-de-los-cubanos.html\">El Papa pide a Estados Unidos y Cuba \u201cdi\u00e1logo\u201d para evitar el sufrimiento de los cubanos<\/a><\/h2>\n<\/header>\n<\/article>\n<article class=\"c  c--m-n   \" data-word=\"0\">\n<header class=\"c_h\"><time datetime=\"2026-02-01T21:54:47+01:00\" class=\"c_da\">21:54<\/time><\/p>\n<h2 class=\"c_t \"><a href=\"https:\/\/elpais.com\/internacional\/2026-02-01\/ucrania-denuncia-que-varios-mineros-han-muerto-por-el-impacto-de-un-dron-ruso-contra-el-autobus-en-el-que-viajaban.html\">Ucrania denuncia que 12 mineros han muerto por el impacto de un dron ruso contra el autob\u00fas en el que viajaban <\/a><\/h2>\n<\/header>\n<\/article>\n<article class=\"c  c--m-n   \" data-word=\"0\">\n<header class=\"c_h\"><time datetime=\"2026-02-01T21:22:21+01:00\" class=\"c_da\">21:22<\/time><\/p>\n<h2 class=\"c_t \"><a href=\"https:\/\/elpais.com\/aniversario\/2026-02-01\/hay-festival-juan-gabriel-vasquez-en-conversacion-con-javier-moreno.html?autoplay=1\">HAY FESTIVAL |\u00a0Juan Gabriel V\u00e1squez en conversaci\u00f3n con Javier Moreno<\/a><\/h2>\n<\/header>\n<\/article>\n<\/div>\n<\/section>\n<aside class=\"w w-lmv\" data-dtm-region=\"articulo_lom\">\n<h2 class=\"w_t\"><a href=\"https:\/\/elpais.com\/lo-mas-visto\/\">Lo m\u00e1s visto<\/a><\/h2>\n<div class=\"w_b\">\n<ol class=\"_ls\">\n<li><a href=\"https:\/\/elpais.com\/deportes\/tenis\/2026-02-01\/carlos-alcaraz-novak-djokovic-en-directo-la-final-del-open-de-australia-en-vivo.html#?rel=lom\">As\u00ed te hemos contado la victoria de Carlos Alcaraz en el Open de Australia ante Novak Djokovic<\/a><\/li>\n<li><a href=\"https:\/\/elpais.com\/espana\/2026-01-30\/el-pp-se-niega-a-retirar-la-medalla-de-oro-que-alcantarilla-concedio-a-franco-porque-no-exalta-la-dictadura.html#?rel=lom\">El PP se niega a retirar la Medalla de Oro que Alcantarilla concedi\u00f3 a Franco porque \u201cno exalta la dictadura\u201d<\/a><\/li>\n<li><a href=\"https:\/\/elpais.com\/clima-y-medio-ambiente\/2026-02-01\/deconstruccion-de-la-costa-asi-se-esta-quitando-ya-hormigon-para-dar-mas-espacio-a-las-playas-frente-a-los-temporales.html#?rel=lom\">Deconstrucci\u00f3n de la costa: as\u00ed se est\u00e1 quitando ya hormig\u00f3n para dar m\u00e1s espacio a las playas frente a los temporales<\/a><\/li>\n<li><a href=\"https:\/\/elpais.com\/deportes\/tenis\/2026-01-31\/john-mcenroe-alcaraz-sabe-perfectamente-quien-necesita-a-su-alrededor.html#?rel=lom\">John McEnroe: \u201cAlcaraz sabe perfectamente a qui\u00e9n necesita a su alrededor\u201d<\/a><\/li>\n<li><a href=\"https:\/\/elpais.com\/internacional\/2026-01-30\/ucrania-recibe-un-jarro-de-agua-fria-con-la-negativa-de-alemania-a-entrar-en-la-ue-en-un-ano.html#?rel=lom\">Ucrania recibe un jarro de agua fr\u00eda con la negativa de Alemania a que entre en la UE en un a\u00f1o<\/a><\/li>\n<\/ol>\n<\/div>\n<\/aside>\n<\/div>\n<\/article>\n<article class=\"c  c--m-n   \" data-word=\"0\">\n<header class=\"c_h\"><time datetime=\"2026-02-01T22:10:46+01:00\" class=\"c_da\">22:10<\/time><\/p>\n<h2 class=\"c_t \"><a href=\"https:\/\/elpais.com\/deportes\/futbol\/2026-02-01\/el-arsenal-eleva-la-primera-copa-de-campeones-femenina-de-la-fifa-y-se-embolsa-un-premio-record-de-casi-dos-millones-de-euros.html\">El Arsenal eleva la primera Copa de Campeones Femenina de la FIFA y se embolsa un premio r\u00e9cord de casi dos millones de euros <\/a><\/h2>\n<\/header>\n<\/article>\n<article class=\"c  c--m-n   \" data-word=\"0\">\n<header class=\"c_h\"><time datetime=\"2026-02-01T22:10:26+01:00\" class=\"c_da\">22:10<\/time><\/p>\n<h2 class=\"c_t \"><a href=\"https:\/\/elpais.com\/america\/2026-02-01\/el-papa-pide-a-estados-unidos-y-cuba-dialogo-para-evitar-el-sufrimiento-de-los-cubanos.html\">El Papa pide a Estados Unidos y Cuba \u201cdi\u00e1logo\u201d para evitar el sufrimiento de los cubanos<\/a><\/h2>\n<\/header>\n<\/article>\n<article class=\"c  c--m-n   \" data-word=\"0\">\n<header class=\"c_h\"><time datetime=\"2026-02-01T21:54:47+01:00\" class=\"c_da\">21:54<\/time><\/p>\n<h2 class=\"c_t \"><a href=\"https:\/\/elpais.com\/internacional\/2026-02-01\/ucrania-denuncia-que-varios-mineros-han-muerto-por-el-impacto-de-un-dron-ruso-contra-el-autobus-en-el-que-viajaban.html\">Ucrania denuncia que 12 mineros han muerto por el impacto de un dron ruso contra el autob\u00fas en el que viajaban <\/a><\/h2>\n<\/header>\n<\/article>\n<article class=\"c  c--m-n   \" data-word=\"0\">\n<header class=\"c_h\"><time datetime=\"2026-02-01T21:22:21+01:00\" class=\"c_da\">21:22<\/time><\/p>\n<h2 class=\"c_t \"><a href=\"https:\/\/elpais.com\/aniversario\/2026-02-01\/hay-festival-juan-gabriel-vasquez-en-conversacion-con-javier-moreno.html?autoplay=1\">HAY FESTIVAL |\u00a0Juan Gabriel V\u00e1squez en conversaci\u00f3n con Javier Moreno<\/a><\/h2>\n<\/header>\n<\/article>\n<p> Source URL: https:\/\/elpais.com\/tecnologia\/2026-01-29\/el-premio-fronteras-reconoce-a-los-artifices-del-sistema-que-protege-la-seguridad-y-la-privacidad-en-internet.html<\/p>\n","protected":false},"excerpt":{"rendered":"<p>Premios cient\u00edficos El premio Fronteras reconoce a los art\u00edfices del sistema que protege la seguridad y la privacidad en internet La Fundaci\u00f3n BBVA otorga a los ingenieros belgas Joan Daemen y Vincent Rijmen su galard\u00f3n anual en la categor\u00eda de tecnolog\u00eda de la informaci\u00f3n Vincent Rijmen y Joan Daemen, ganadores del Premio Fundaci\u00f3n BBVA Fronteras [&hellip;]<\/p>\n","protected":false},"author":1,"featured_media":1690794,"comment_status":"open","ping_status":"","sticky":false,"template":"","format":"standard","meta":{"footnotes":""},"categories":[88],"tags":[226,92],"class_list":["post-1690793","post","type-post","status-publish","format-standard","has-post-thumbnail","hentry","category-spain","tag-crawlmanager","tag-elpais-com"],"_links":{"self":[{"href":"https:\/\/analyse.optim.biz\/index.php?rest_route=\/wp\/v2\/posts\/1690793","targetHints":{"allow":["GET"]}}],"collection":[{"href":"https:\/\/analyse.optim.biz\/index.php?rest_route=\/wp\/v2\/posts"}],"about":[{"href":"https:\/\/analyse.optim.biz\/index.php?rest_route=\/wp\/v2\/types\/post"}],"author":[{"embeddable":true,"href":"https:\/\/analyse.optim.biz\/index.php?rest_route=\/wp\/v2\/users\/1"}],"replies":[{"embeddable":true,"href":"https:\/\/analyse.optim.biz\/index.php?rest_route=%2Fwp%2Fv2%2Fcomments&post=1690793"}],"version-history":[{"count":0,"href":"https:\/\/analyse.optim.biz\/index.php?rest_route=\/wp\/v2\/posts\/1690793\/revisions"}],"wp:featuredmedia":[{"embeddable":true,"href":"https:\/\/analyse.optim.biz\/index.php?rest_route=\/wp\/v2\/media\/1690794"}],"wp:attachment":[{"href":"https:\/\/analyse.optim.biz\/index.php?rest_route=%2Fwp%2Fv2%2Fmedia&parent=1690793"}],"wp:term":[{"taxonomy":"category","embeddable":true,"href":"https:\/\/analyse.optim.biz\/index.php?rest_route=%2Fwp%2Fv2%2Fcategories&post=1690793"},{"taxonomy":"post_tag","embeddable":true,"href":"https:\/\/analyse.optim.biz\/index.php?rest_route=%2Fwp%2Fv2%2Ftags&post=1690793"}],"curies":[{"name":"wp","href":"https:\/\/api.w.org\/{rel}","templated":true}]}}