{"id":1688354,"date":"2026-01-28T08:16:17","date_gmt":"2026-01-28T05:16:17","guid":{"rendered":"https:\/\/analyse.optim.biz\/?p=1688354"},"modified":"2026-01-28T08:16:17","modified_gmt":"2026-01-28T05:16:17","slug":"frana-a-niscemi-ecco-le-zone-a-rischio-in-italia-e-quando-il-terreno-puo-crollare-la-mappa-di-tutti-i-pericoli","status":"publish","type":"post","link":"https:\/\/analyse.optim.biz\/?p=1688354","title":{"rendered":"Frana a Niscemi, ecco le zone a rischio in Italia e quando il terreno pu\u00f2 crollare. La mappa di tutti i pericoli"},"content":{"rendered":"<article class=\"free-content\" id=\"content\">\n<div class=\"row\">\n<div class=\"col-xs-12\">\n<header>\n<h1>Frana a Niscemi, ecco le zone a rischio in Italia e quando il terreno pu\u00f2 crollare. La mappa di tutti i pericoli<\/h1>\n<div class=\"info-container-top\">\n<div class=\"row middle-xs\">\n<div class=\"col-xs firma\"><span>di Alessandro Rosi<\/span><\/div>\n<\/div>\n<\/div>\n<div class=\"info-container-bottom\">\n<div class=\"row middle-xs\">\n<div class=\"col-xs-10\">\n                        mercoled\u00ec 28 gennaio 2026, 09:16                                                | <span class=\"tempo\">1 Minuto di Lettura<\/span><\/div>\n<div class=\"col-xs\">\n<div class=\"share_bar_wrapper\">\n<div class=\"share-item share-box\">\n<ul>\n<li class=\"copy\">\n<li class=\"facebook\">\n<li class=\"twitter\">\n<li class=\"mail\">\n<li class=\"whatsapp\"><\/ul>\n<\/div>\n<\/div>\n<\/div>\n<\/div>\n<\/div>\n<\/header>\n<\/div>\n<\/div>\n<div class=\"row\">\n<section id=\"main-content\" class=\"col-xs-8\">\n<div class=\"scheda-container\">\n<div class=\"navigation\"><span class=\" current\">1 di 8    <\/span><\/div>\n<figure class=\"main-photo\"><img loading=\"lazy\" decoding=\"async\" src=\"https:\/\/analyse.optim.biz\/wp-content\/uploads\/2026\/02\/9324835_27204552_area_a_rischio-1.jpg\" width=\"485\" height=\"265\" alt=\"Frana a Niscemi, ecco le zone a rischio in Italia e quando il terreno pu\u00f2 crollare. La mappa di tutti i pericoli\" title=\"Frana a Niscemi, ecco le zone a rischio in Italia e quando il terreno pu\u00f2 crollare. La mappa di tutti i pericoli\"><\/figure>\n<div class=\"body-text\">\n<p><span>La frana a <a href=\"http:\/\/quotidianodipuglia.it\/t\/niscemi\">Niscemi<\/a> ha fatto scattare l&#8217;allarme sul dissesto idrogeologico in Italia e le zone a rischio. L\u2019incremento delle aree urbanizzate, a partire dal secondo dopoguerra, ha portato a un considerevole aumento di beni e persone in aree soggette a pericolosit\u00e0 per frane e alluvioni. Cos\u00ec indica il rapporto dell&#8217;Ispra del 2024. Ma quali sono i comuni pi\u00f9 esposti a fenomeni di dissesto idrogeologico?<\/span><\/p>\n<p><span><img decoding=\"async\" src=\"https:\/\/analyse.optim.biz\/wp-content\/uploads\/2026\/02\/11_27210211.jpg\" title=\"11_27210211\"><\/span><\/p>\n<\/div>\n<div class=\"wrap-box-end\">\n<div class=\"copy\">\u00a9 RIPRODUZIONE RISERVATA<\/div>\n<div class=\"item-options\">\n<div class=\"share_bar_wrapper\">\n<div class=\"share-item share-box\">\n<ul>\n<li class=\"copy\">\n<li class=\"facebook\">\n<li class=\"twitter\">\n<li class=\"mail\">\n<li class=\"whatsapp\"><\/ul>\n<\/div>\n<\/div>\n<\/div>\n<\/div>\n<div class=\"navigation\"><span class=\" current\">1 di 8        <\/span><\/div>\n<\/div>\n<aside class=\"area\">&#8216;;<br \/>\n        outbrainEl.insertAdjacentHTML(&#8220;afterBegin&#8221;, AdCodeOutbrain);<\/p>\n<p>        loadScript(&#8216;\/\/widgets.outbrain.com\/outbrain.js&#8217;, function(){<br \/>\n            \/\/ cerco il widget. Necessario se c&#8217;\u00e8 un&#8217;altro widget di Outbrain in pagina (es: inread)<br \/>\n            OBR.extern.researchWidget();<br \/>\n        });<br \/>\n    }<\/p>\n<p>    function AnnunciOutbrain(callback) {<br \/>\n        var outbrainDiv = document.getElementById(&#8216;outbrainWait&#8217;);<br \/>\n        \/\/ Verifica se l&#8217;elemento esiste<br \/>\n        if (outbrainDiv) {<br \/>\n            \/\/ Modifica l&#8217;id dell&#8217;elemento div<br \/>\n            outbrainDiv.id = &#8216;outbrain&#8217;;<br \/>\n        }<\/p>\n<p>                    var load_method = impostazioni_testata.outbrain.load_method || &#8216;first-interaction&#8217;;<\/p>\n<p>        var outbrainEl = document.getElementById(&#8216;outbrain&#8217;);<\/p>\n<p>        CED.log(&#8220;outbrain load_method:&#8221; + load_method);<\/p>\n<p>        if (load_method == &#8216;when-near-viewport&#8217;) {<\/p>\n<p>            \/\/ outbrain parte solo quando scrollando arriva abbastanza vicino alla viewport<br \/>\n            if (typeof callback === &#8220;function&#8221;) {<\/p>\n<p>                \/\/ Listen for the scroll event<br \/>\n                \/\/document.addEventListener(&#8216;scroll&#8217;, onScroll(outbrainEl,callback), false);<br \/>\n                CedsWNV.watch(outbrainEl, callback, {<br \/>\n                    checkInterval: 300,<br \/>\n                    offset: 500<br \/>\n                });<\/p>\n<p>                \/*devo chiamare la funzione con argomenti e variabili *\/<br \/>\n            }<\/p>\n<p>        } else {<br \/>\n            \/\/ DEFAULT: outbrain parte alla prima interazione o dopo il timeout inattivit\u00e0<br \/>\n            _waitOnceFor(load_method, callback);<br \/>\n        }<br \/>\n    }<\/p>\n<p>            AnnunciOutbrain(WidgetOutbrainTag);<\/p>\n<div id=\"correlati-verticali\" class=\"strip-\">\n<div class=\"testatabox default\">\n<h3>Potrebbe interessarti anche<\/h3>\n<\/div>\n<div class=\"infinite_scroller\" data-limite_paginazioni=\"1\">\n<div class=\"griglia_wrapper\">\n<div class=\"strip-1-no_foto listing\">\n<div class=\"row\">\n<article class=\"col-xs-12 html_base_no_foto  attualita \">\n<div class=\"item_content liveblog\"><span class=\"testatina testatina-articolo liveblog\"><a href=\"http:\/\/quotidianodipuglia.it\/attualita\/askatasuna_torino_scontri_corteo_diretta_ultime_notizie-9333211.html\">LA GIORNATA<\/a><\/span><\/p>\n<h2 class=\"titolo\"><a href=\"http:\/\/quotidianodipuglia.it\/attualita\/askatasuna_torino_scontri_corteo_diretta_ultime_notizie-9333211.html\" class=\"ml_primary_link\">Askatasuna, dimesso il poliziotto aggredito: prognosi di 20 giorni. Arrestato uno dei presunti aggressori<\/a><a href=\"http:\/\/quotidianodipuglia.it\/italia\/askatasuna_chi_sono_aggressori_torino_anarchici_antagonisti_armi_cosa_e_successo_ultime_veramente-9333204.html\" class=\"ml_articolo\"><u>Chi sono gli antagonisti<\/u><\/a><\/h2>\n<aside>\n<ul class=\"approfondimenti\">\n<li><a href=\"https:\/\/www.quotidianodipuglia.it\/italia\/askatasuna_cosa_e_successo_pliziotto_picchiato_torino_ultimissime_oggi-9333238.html\" title=\"Scontri Askatasuna, cosa \u00e8 successo a Torino: oltre 100 agenti feriti, ha 22 anni l'aggressore del poliziotto\">Scontri Askatasuna, cosa \u00e8 successo a Torino: oltre 100 agenti feriti, ha 22 anni l&#8217;aggressore del poliziotto<\/a><\/li>\n<li><a href=\"https:\/\/www.quotidianodipuglia.it\/fotogallery\/italia\/meloni_torino_agenti_foto-9333034.html\" title=\"Foto\">Foto<\/a><\/li>\n<\/ul>\n<\/aside>\n<\/div>\n<\/article>\n<article class=\"col-xs-12 html_base_no_foto  schede \">\n<div class=\"item_content\"><span class=\"testatina testatina-articolo\"><a href=\"http:\/\/quotidianodipuglia.it\/schede\/aprire_finestre_quando_piove_fa_bene_perche_persone_bucato_cosa_avviene-9333055.html\">I CONSIGLI<\/a><\/span><\/p>\n<h2 class=\"titolo\"><a href=\"http:\/\/quotidianodipuglia.it\/schede\/aprire_finestre_quando_piove_fa_bene_perche_persone_bucato_cosa_avviene-9333055.html\" class=\"ml_primary_link\">Perch\u00e9 aprire le finestre quando piove migliora la salute (e fa bene anche al bucato)<\/a><a href=\"http:\/\/quotidianodipuglia.it\/fotogallery\/italia\/finestre_pioggia-9331639.html\" class=\"ml_photogallery\"><span>Foto<\/span><\/a><\/h2>\n<aside>\n<ul class=\"approfondimenti\">\n<li><a href=\"https:\/\/www.quotidianodipuglia.it\/salute\/schede\/asciugare_panni_in_casa_fa_male_perche-9302012.html\" title=\"Asciugare i panni in casa fa male\">Asciugare i panni in casa fa male<\/a><\/li>\n<li><a href=\"https:\/\/www.quotidianodipuglia.it\/libri\/nuove_uscite_libri_gennaio_romanzo_gialli_saggi-9309019.html\" title=\"Il tema\">Il tema<\/a><\/li>\n<\/ul>\n<\/aside>\n<div class=\"row item_content_moreinfo middle-xs\">\n<div class=\"col-xs\">\n<ul class=\"info-item\">\n<li class=\"has-foto ri-camera-line\"><\/ul>\n<\/div>\n<\/div>\n<\/div>\n<\/article>\n<article class=\"col-xs-12 html_base_no_foto  schede \">\n<div class=\"item_content\"><span class=\"testatina testatina-articolo\"><a href=\"http:\/\/quotidianodipuglia.it\/schede\/decreto_milleproroghe_aumenti_medici_stipendi_balneari_rottamazione_novita-9333051.html\">LE MISURE<\/a><\/span><\/p>\n<h2 class=\"titolo\"><a href=\"http:\/\/quotidianodipuglia.it\/schede\/decreto_milleproroghe_aumenti_medici_stipendi_balneari_rottamazione_novita-9333051.html\" class=\"ml_primary_link\">Aumenti per i medici, balneari, la rottamazione:<br \/>\ntutte le possibili novit\u00e0 nel decreto Milleproroghe<\/a><\/h2>\n<aside>\n<ul class=\"approfondimenti\">\n<li><a href=\"https:\/\/www.quotidianodipuglia.it\/economia\/milleproroghe_estensione_bonus_donne_giovani_sud-9329936.html\" title=\"Estensione per bonus donne, giovani e Sud\">Estensione per bonus donne, giovani e Sud<\/a><\/li>\n<li><a href=\"https:\/\/www.quotidianodipuglia.it\/economia\/schede\/scudo_penale_medici_rinvio_tassa_pacchi_affitti_brevi_milleproroghe-9327609.html\" title=\"Scudo penale, rinvio della tassa sui pacchi\">Scudo penale, rinvio della tassa sui pacchi<\/a><\/li>\n<\/ul>\n<\/aside>\n<\/div>\n<\/article>\n<article class=\"col-xs-12 html_base_no_foto  schede \">\n<div class=\"item_content\"><span class=\"testatina testatina-articolo\"><a href=\"http:\/\/quotidianodipuglia.it\/schede\/tennis_djokovic_dieta_segreta_qual_e_camera_ipobarica_come_ha_sconfitto_sinner-9331112.html\">TENNIS<\/a><\/span><\/p>\n<h2 class=\"titolo\"><a href=\"http:\/\/quotidianodipuglia.it\/schede\/tennis_djokovic_dieta_segreta_qual_e_camera_ipobarica_come_ha_sconfitto_sinner-9331112.html\" class=\"ml_primary_link\">Dalla dieta (priva di glutine e latticini) alla crioterapia, ecco come a 38 anni Djokovic ha sconfitto Sinner<\/a><\/h2>\n<aside>\n<ul class=\"approfondimenti\">\n<li><a href=\"https:\/\/www.quotidianodipuglia.it\/sport\/schede\/sinner_perche_ha_perso_djokovic_australian_open_finale_calo_break_alcaraz_cosa_non_ha_funzionato-9329571.html\" title=\"Sinner ko\u00a0\">Sinner ko\u00a0<\/a><\/li>\n<\/ul>\n<\/aside>\n<div class=\"row item_content_moreinfo middle-xs\">\n<div class=\"col-xs-8\"><span class=\"firma\"><span>di Alessandro Rosi<\/span><\/span><\/div>\n<\/div>\n<\/div>\n<\/article>\n<article class=\"col-xs-12 html_base_no_foto  attualita \">\n<div class=\"item_content\"><span class=\"testatina testatina-articolo\"><a href=\"http:\/\/quotidianodipuglia.it\/attualita\/crans_montana_chiamate_strage_cosa_dicono-9329715.html\">L&#8217;EMERGENZA<\/a><\/span><\/p>\n<h2 class=\"titolo\"><a href=\"http:\/\/quotidianodipuglia.it\/attualita\/crans_montana_chiamate_strage_cosa_dicono-9329715.html\" class=\"ml_primary_link\">Crans-Montana, le chiamate choc delle vittime: 171 in un&#8217;ora e mezza. \u00abQui \u00e8 tutto bruciato, i miei amici sono morti\u00bb<\/a><a href=\"http:\/\/quotidianodipuglia.it\/schede\/jacques_moretti_chi_e_amico_pagato_cauzione_erede_orologiaio_svizzero_passione_auto-9327381.html\" class=\"ml_articolo\"><br \/><u>Chi ha pagato la cauzione di Jacques Moretti<\/u><\/a><\/h2>\n<aside>\n<ul class=\"approfondimenti\">\n<li><a href=\"https:\/\/www.quotidianodipuglia.it\/video\/askanews\/crans_montana_c_e_un_quarto_indagato_capo_sicurezza_del_comune-9329307.html\" title=\"Video\">Video<\/a><\/li>\n<\/ul>\n<\/aside>\n<div class=\"row item_content_moreinfo middle-xs\">\n<div class=\"col-xs\">\n<ul class=\"info-item\">\n<li class=\"has-video ri-video-line\"><\/ul>\n<\/div>\n<\/div>\n<\/div>\n<\/article>\n<\/div>\n<\/div>\n<\/div>\n<div class=\"navigation\">\n<div class=\"pagination__next\" data-src=\"\/index.php?p=single_module&amp;m=infinite_scroller&amp;args%5Btag%5D%5B0%5D=frana+niscemi&amp;args%5Btag%5D%5B1%5D=frana+niscemi+zone+a+rischio+italia&amp;args%5Btag%5D%5B2%5D=ultima+ora&amp;args%5Bexclude_id%5D=9324835&amp;args%5Bcolonne%5D=1&amp;args%5Brighe%5D=5&amp;args%5Blimite_paginazioni%5D=1&amp;args%5Bmostra_firma%5D=1&amp;args%5Bquanti_approfondimenti%5D=2&amp;args%5Bmultilink%5D=1&amp;args%5Bmostra_testatina%5D=1&amp;args%5Btemplate_base%5D=no_foto&amp;args%5Boffset%5D=5\">Pagina successiva<\/div>\n<\/div>\n<div class=\"page-load-status\"><img decoding=\"async\" src=\"https:\/\/analyse.optim.biz\/wp-content\/uploads\/2026\/02\/ajaxloader_small-12.gif\" alt=\"caricamento\" title=\"ajaxloader_small-12\"><\/div>\n<\/div>\n<\/div>\n<\/aside>\n<\/section>\n<\/div>\n<aside id=\"right-rail\" class=\"col-xs-4\">\n<div id=\"right-content\">\n<div id=\"right-navigation-container\"><a href=\"http:\/\/quotidianodipuglia.it\/schede\/frana_niscemi_zone_a_rischio_italia_quali_sono-9324835.html\"><\/p>\n<div class=\"row  middle-xs scheda current\">\n<div class=\"col-xs-1\"><span class=\"number\">1<\/span><\/div>\n<div class=\"col-xs\"><span class=\"titolo\">Pericolo frane, ecco le zone a rischio in Italia e quando il terreno pu\u00f2 cedere<br \/><u>La mappa<\/u><\/span><\/div>\n<\/div>\n<p><\/a><a href=\"http:\/\/quotidianodipuglia.it\/schede\/frana_niscemi_zone_a_rischio_italia_quali_sono-cosa_c_e_dietro-2-9324835.html\"><\/p>\n<div class=\"row  middle-xs scheda \">\n<div class=\"col-xs-1\"><span class=\"number\">2<\/span><\/div>\n<div class=\"col-xs\"><span class=\"titolo\"><span>Cosa c&#8217;\u00e8 dietro<\/span><\/span><\/div>\n<\/div>\n<p><\/a><a href=\"http:\/\/quotidianodipuglia.it\/schede\/frana_niscemi_zone_a_rischio_italia_quali_sono-i_dati_sulle_frane-3-9324835.html\"><\/p>\n<div class=\"row  middle-xs scheda \">\n<div class=\"col-xs-1\"><span class=\"number\">3<\/span><\/div>\n<div class=\"col-xs\"><span class=\"titolo\">I dati sulle\u00a0frane<\/span><\/div>\n<\/div>\n<p><\/a><a href=\"http:\/\/quotidianodipuglia.it\/schede\/frana_niscemi_zone_a_rischio_italia_quali_sono-perche_l_italia_e_a_rischio-4-9324835.html\"><\/p>\n<div class=\"row  middle-xs scheda \">\n<div class=\"col-xs-1\"><span class=\"number\">4<\/span><\/div>\n<div class=\"col-xs\"><span class=\"titolo\">Perch\u00e9 l&#8217;Italia \u00e8 a rischio<\/span><\/div>\n<\/div>\n<p><\/a><a href=\"http:\/\/quotidianodipuglia.it\/schede\/frana_niscemi_zone_a_rischio_italia_quali_sono-gli_eventi_estremi_piu_devastanti-5-9324835.html\"><\/p>\n<div class=\"row  middle-xs scheda \">\n<div class=\"col-xs-1\"><span class=\"number\">5<\/span><\/div>\n<div class=\"col-xs\"><span class=\"titolo\"><span>Gli eventi estremi pi\u00f9 devastanti<\/span><\/span><\/div>\n<\/div>\n<p><\/a><a href=\"http:\/\/quotidianodipuglia.it\/schede\/frana_niscemi_zone_a_rischio_italia_quali_sono-le_famiglie_che_vivono_in_zone_pericolose-6-9324835.html\"><\/p>\n<div class=\"row  middle-xs scheda \">\n<div class=\"col-xs-1\"><span class=\"number\">6<\/span><\/div>\n<div class=\"col-xs\"><span class=\"titolo\">Le famiglie che vivono in zone pericolose<\/span><\/div>\n<\/div>\n<p><\/a><a href=\"http:\/\/quotidianodipuglia.it\/schede\/frana_niscemi_zone_a_rischio_italia_quali_sono-le_aree_piu_a_rischio-7-9324835.html\"><\/p>\n<div class=\"row  middle-xs scheda \">\n<div class=\"col-xs-1\"><span class=\"number\">7<\/span><\/div>\n<div class=\"col-xs\"><span class=\"titolo\"><span>Le aree pi\u00f9 a rischio<\/span><\/span><\/div>\n<\/div>\n<p><\/a><a href=\"http:\/\/quotidianodipuglia.it\/schede\/frana_niscemi_zone_a_rischio_italia_quali_sono-quali_gli_edifici_monitorati-8-9324835.html\"><\/p>\n<div class=\"row  middle-xs scheda \">\n<div class=\"col-xs-1\"><span class=\"number\">8<\/span><\/div>\n<div class=\"col-xs\"><span class=\"titolo\">Quali gli edifici monitorati<\/span><\/div>\n<\/div>\n<p><\/a><\/div>\n<div class=\"area right\">\n<div class=\"area right_articolo\" data-id=\"445\" data-nome=\"Right Articolo (generico) 2022\">\n<div class=\"strip-1-x-video box-tv\" data-strip-id=\"39804\">\n<div class=\"strip-1-video_player\">\n<div class=\"row\">\n<article class=\"col-xs-12 html_base_bottom  video sport \">\n<div class=\"item_content video\">\n<div class=\"embed_video\">\n<div class=\"jw_embed\" data-mediaid=\"vHgoHtF1\" data-disable_video_float_on_non_adv_content=\"cedjs-dynamic\" data-autostart=\"true\" data-related='{\"oncomplete\":\"show\"}' data-mute=\"true\" data-adv_always_floating=\"false\"><img loading=\"lazy\" decoding=\"async\" src=\"https:\/\/analyse.optim.biz\/wp-content\/uploads\/2026\/02\/video-136.svg\" width=\"340\" height=\"180\" alt=\"Video\" title=\"video-136\"><\/div>\n<\/div>\n<div class=\"titolo\"><a href=\"http:\/\/quotidianodipuglia.it\/video\/sport\/cce_lsb_lecce_pall_a9_nardo_68_67-9278426.html\" class=\"ml_primary_link\">Cce Lsb Lecce-Pall. A9 Nard\u00f2 68-67<\/a><\/div>\n<\/div>\n<\/article>\n<\/div>\n<\/div>\n<div class=\"strip-1-square listing\">\n<div class=\"row\">\n<article class=\"col-xs-12 html_base_square  video \">\n<div class=\"item_content\">\n<div class=\"row\">\n<div class=\"col-xs valign__content\">\n<div class=\"square___content\">\n<figure class=\"thumbnail\"><a href=\"http:\/\/quotidianodipuglia.it\/video\/guyana_calabria_campania_prime_in_ue_per_rischio_poverta-9135288.html\" title=\"Guyana, Calabria, Campania prime in Ue per rischio povert\u00e0\"><img loading=\"lazy\" decoding=\"async\" src=\"https:\/\/analyse.optim.biz\/wp-content\/uploads\/2026\/02\/9135288_poster-93.jpg\" title=\"Guyana, Calabria, Campania prime in Ue per rischio povert\u00e0\" width=\"64\" height=\"64\"><\/a><\/figure>\n<\/div>\n<div class=\"valign\">\n<div class=\"titolo\"><a href=\"http:\/\/quotidianodipuglia.it\/video\/guyana_calabria_campania_prime_in_ue_per_rischio_poverta-9135288.html\" class=\"ml_primary_link\">Guyana, Calabria, Campania prime in Ue per rischio povert\u00e0<\/a><\/div>\n<\/div>\n<\/div>\n<\/div>\n<\/div>\n<\/article>\n<article class=\"col-xs-12 html_base_square  video \">\n<div class=\"item_content\">\n<div class=\"row\">\n<div class=\"col-xs valign__content\">\n<div class=\"square___content\">\n<figure class=\"thumbnail\"><a href=\"http:\/\/quotidianodipuglia.it\/video\/storie_italiane_il_racconto_di_mario_ermito-9105224.html\" title=\"Storie Italiane, il racconto di Mario Ermito\"><img loading=\"lazy\" decoding=\"async\" src=\"https:\/\/analyse.optim.biz\/wp-content\/uploads\/2026\/02\/9105224_poster-90.jpg\" title=\"Storie Italiane, il racconto di Mario Ermito\" width=\"64\" height=\"64\"><\/a><\/figure>\n<\/div>\n<div class=\"valign\">\n<div class=\"titolo\"><a href=\"http:\/\/quotidianodipuglia.it\/video\/storie_italiane_il_racconto_di_mario_ermito-9105224.html\" class=\"ml_primary_link\">Storie Italiane, il racconto di Mario Ermito<\/a><\/div>\n<\/div>\n<\/div>\n<\/div>\n<\/div>\n<\/article>\n<article class=\"col-xs-12 html_base_square  video \">\n<div class=\"item_content\">\n<div class=\"row\">\n<div class=\"col-xs valign__content\">\n<div class=\"square___content\">\n<figure class=\"thumbnail\"><a href=\"http:\/\/quotidianodipuglia.it\/video\/lecce_protocollo_scuola_istituzioni_prefettura-9089424.html\" title=\"\u00abL'autismo non \u00e8 solo una diagnosi, \u00e8 un modo diverso di percepire il mondo\u00bb, il commovente messaggio di Emma\"><img loading=\"lazy\" decoding=\"async\" src=\"https:\/\/analyse.optim.biz\/wp-content\/uploads\/2026\/02\/9089424_25191819_myfilename-92.jpg\" title=\"\u00abL'autismo non \u00e8 solo una diagnosi, \u00e8 un modo diverso di percepire il mondo\u00bb, il commovente messaggio di Emma\" width=\"64\" height=\"64\"><\/a><\/figure>\n<\/div>\n<div class=\"valign\">\n<div class=\"titolo\"><a href=\"http:\/\/quotidianodipuglia.it\/video\/lecce_protocollo_scuola_istituzioni_prefettura-9089424.html\" class=\"ml_primary_link\">\u00abL&#8217;autismo non \u00e8 solo una diagnosi, \u00e8 un modo diverso di percepire il mondo\u00bb, il commovente messaggio di Emma<\/a><\/div>\n<\/div>\n<\/div>\n<\/div>\n<\/div>\n<\/article>\n<\/div>\n<\/div>\n<\/div>\n<div class=\"strip-combo \">\n<div class=\"testatabox default sinistra  schede\">\n<h3 class=\"schede\">Della stessa sezione<\/h3>\n<\/div>\n<div class=\"strip-1-bottom principale\">\n<div class=\"row\">\n<article class=\"col-xs-12 html_base_bottom   schede \">\n<div class=\"item_content\">\n<figure class=\"medium\"><a href=\"http:\/\/quotidianodipuglia.it\/schede\/meglio_svegliarsi_presto_o_andare_a_dormire_tardi_chi_rischia_di_piu_salute_ictus_infarto_cosa_sappiamo-9333328.html\" title='Meglio svegliarsi presto o andare a dormire tardi? Chi rischia di pi\u00f9 in termini di salute tra \"allodole\" e \"gufi\"'><img decoding=\"async\" src=\"https:\/\/analyse.optim.biz\/wp-content\/uploads\/2026\/02\/9333328_01181513_sveglia-3.jpg\" title='Meglio svegliarsi presto o andare a dormire tardi? Chi rischia di pi\u00f9 in termini di salute tra \"allodole\" e \"gufi\"' width=\"-16\" height=\"-9\"><\/a><\/figure>\n<p><span class=\"testatina testatina-articolo\"><a href=\"http:\/\/quotidianodipuglia.it\/schede\/meglio_svegliarsi_presto_o_andare_a_dormire_tardi_chi_rischia_di_piu_salute_ictus_infarto_cosa_sappiamo-9333328.html\">LO STUDIO<\/a><\/span><\/p>\n<div class=\"titolo\"><a href=\"http:\/\/quotidianodipuglia.it\/schede\/meglio_svegliarsi_presto_o_andare_a_dormire_tardi_chi_rischia_di_piu_salute_ictus_infarto_cosa_sappiamo-9333328.html\" class=\"ml_primary_link\">Meglio svegliarsi presto o andare a dormire tardi? Chi rischia di pi\u00f9 in termini di salute tra &#8220;allodole&#8221; e &#8220;gufi&#8221;<\/a><\/div>\n<aside>\n<ul class=\"approfondimenti\">\n<li><a href=\"https:\/\/www.quotidianodipuglia.it\/salute\/medicina\/ricette_mediche_nuova_durata_lazio_cosa_cambia_da_quando-9333301.html\" title=\"Ricette mediche, nuova durata impegnative\">Ricette mediche, nuova durata impegnative<\/a><\/li>\n<\/ul>\n<\/aside>\n<\/div>\n<\/article>\n<\/div>\n<\/div>\n<div class=\"strip-1-square seconda listing\">\n<div class=\"row\">\n<article class=\"col-xs-12 html_base_square  schede \">\n<div class=\"item_content\">\n<div class=\"row\">\n<div class=\"col-xs valign__content\">\n<div class=\"square___content\">\n<figure class=\"thumbnail\"><a href=\"http:\/\/quotidianodipuglia.it\/schede\/aprire_finestre_quando_piove_fa_bene_perche_persone_bucato_cosa_avviene-9333055.html\" title=\"Perch\u00e9 aprire le finestre quando piove migliora la salute (e fa bene anche al bucato)\"><img loading=\"lazy\" decoding=\"async\" src=\"https:\/\/analyse.optim.biz\/wp-content\/uploads\/2026\/02\/9333055_31190601_finestre_pioggia2-10.jpg\" title=\"Perch\u00e9 aprire le finestre quando piove migliora la salute (e fa bene anche al bucato)\" width=\"64\" height=\"64\"><\/a><\/figure>\n<\/div>\n<div class=\"valign\"><span class=\"testatina testatina-articolo\"><a href=\"http:\/\/quotidianodipuglia.it\/schede\/aprire_finestre_quando_piove_fa_bene_perche_persone_bucato_cosa_avviene-9333055.html\">I CONSIGLI<\/a><\/span><\/p>\n<div class=\"titolo\"><a href=\"http:\/\/quotidianodipuglia.it\/schede\/aprire_finestre_quando_piove_fa_bene_perche_persone_bucato_cosa_avviene-9333055.html\" class=\"ml_primary_link\">Perch\u00e9 aprire le finestre quando piove migliora la salute (e fa bene anche al bucato)<\/a><a href=\"http:\/\/quotidianodipuglia.it\/fotogallery\/italia\/finestre_pioggia-9331639.html\" class=\"ml_photogallery\"><span>Foto<\/span><\/a><\/div>\n<\/div>\n<\/div>\n<\/div>\n<\/div>\n<\/article>\n<article class=\"col-xs-12 html_base_square  schede \">\n<div class=\"item_content\">\n<div class=\"row\">\n<div class=\"col-xs valign__content\">\n<div class=\"square___content\">\n<figure class=\"thumbnail\"><a href=\"http:\/\/quotidianodipuglia.it\/schede\/decreto_milleproroghe_aumenti_medici_stipendi_balneari_rottamazione_novita-9333051.html\" title=\"Aumenti per i medici, balneari, la rottamazione: tutte le possibili novit\u00e0 nel decreto Milleproroghe\"><img loading=\"lazy\" decoding=\"async\" src=\"https:\/\/analyse.optim.biz\/wp-content\/uploads\/2026\/02\/9333051_01112851_decreto_milleproroghe-10.jpg\" title=\"Aumenti per i medici, balneari, la rottamazione: tutte le possibili novit\u00e0 nel decreto Milleproroghe\" width=\"64\" height=\"64\"><\/a><\/figure>\n<\/div>\n<div class=\"valign\"><span class=\"testatina testatina-articolo\"><a href=\"http:\/\/quotidianodipuglia.it\/schede\/decreto_milleproroghe_aumenti_medici_stipendi_balneari_rottamazione_novita-9333051.html\">LE MISURE<\/a><\/span><\/p>\n<div class=\"titolo\"><a href=\"http:\/\/quotidianodipuglia.it\/schede\/decreto_milleproroghe_aumenti_medici_stipendi_balneari_rottamazione_novita-9333051.html\" class=\"ml_primary_link\">Aumenti per i medici, balneari, la rottamazione:<br \/>\ntutte le possibili novit\u00e0 nel decreto Milleproroghe<\/a><\/div>\n<\/div>\n<\/div>\n<\/div>\n<\/div>\n<\/article>\n<article class=\"col-xs-12 html_base_square  schede \">\n<div class=\"item_content\">\n<div class=\"row\">\n<div class=\"col-xs valign__content\">\n<div class=\"square___content\">\n<figure class=\"thumbnail\"><a href=\"http:\/\/quotidianodipuglia.it\/schede\/oroscopo_settimana_2_8_febbraio_2026_top_flop_chi_sale_chi_scende-9331740.html\" title=\"Oroscopo della prossima settimana: Cancro spezza la routine, Scorpione osserva, Bilancia si dedica agli affetti. Ariete? Mantieni la calma\"><img loading=\"lazy\" decoding=\"async\" src=\"https:\/\/analyse.optim.biz\/wp-content\/uploads\/2026\/02\/9331740_30131725_9241520_12150505_oroscopo_speciale_settimana-12.jpg\" title=\"Oroscopo della prossima settimana: Cancro spezza la routine, Scorpione osserva, Bilancia si dedica agli affetti. Ariete? Mantieni la calma\" width=\"64\" height=\"64\"><\/a><\/figure>\n<\/div>\n<div class=\"valign\"><span class=\"testatina testatina-articolo\"><a href=\"http:\/\/quotidianodipuglia.it\/schede\/oroscopo_settimana_2_8_febbraio_2026_top_flop_chi_sale_chi_scende-9331740.html\">LA VOCE DELLE STELLE<\/a><\/span><\/p>\n<div class=\"titolo\"><a href=\"http:\/\/quotidianodipuglia.it\/schede\/oroscopo_settimana_2_8_febbraio_2026_top_flop_chi_sale_chi_scende-9331740.html\" class=\"ml_primary_link\">Oroscopo della prossima settimana: Cancro spezza la routine, Scorpione osserva, Bilancia si dedica agli affetti.<span> Ariete? Mantieni la calma<\/span><\/a><a href=\"http:\/\/quotidianodipuglia.it\/schede\/oroscopo_weekend_oggi_domani_sabato_31_gennaio_1_febbraio_2026_chi_sale_chi_scende-9327376.html\" class=\"ml_articolo\"><u>Le previsioni del weekend<\/u><\/a><\/div>\n<p><span class=\"firma\"><span>di Redazione web<\/span><\/span><\/div>\n<\/div>\n<\/div>\n<\/div>\n<\/article>\n<article class=\"col-xs-12 html_base_square  schede \">\n<div class=\"item_content\">\n<div class=\"row\">\n<div class=\"col-xs valign__content\">\n<div class=\"square___content\">\n<figure class=\"thumbnail\"><a href=\"http:\/\/quotidianodipuglia.it\/schede\/ordine_al_merito_repubblica_italiana_sergio_mattarella-9331601.html\" title=\"Chi sono i tre pugliesi che hanno ricevuto l'onorificenza da Mattarella: da Diodato al primario di oculistica\"><img loading=\"lazy\" decoding=\"async\" src=\"https:\/\/analyse.optim.biz\/wp-content\/uploads\/2026\/02\/9331601_31183018_progetto_senza_titolo_75_-14.jpg\" title=\"Chi sono i tre pugliesi che hanno ricevuto l'onorificenza da Mattarella: da Diodato al primario di oculistica\" width=\"64\" height=\"64\"><\/a><\/figure>\n<\/div>\n<div class=\"valign\"><span class=\"testatina testatina-articolo\"><a href=\"http:\/\/quotidianodipuglia.it\/schede\/ordine_al_merito_repubblica_italiana_sergio_mattarella-9331601.html\">SCHEDE<\/a><\/span><\/p>\n<div class=\"titolo\"><a href=\"http:\/\/quotidianodipuglia.it\/schede\/ordine_al_merito_repubblica_italiana_sergio_mattarella-9331601.html\" class=\"ml_primary_link\">Chi sono i tre pugliesi che hanno ricevuto l&#8217;onorificenza da Mattarella: da Diodato al primario di oculistica<\/a><\/div>\n<\/div>\n<\/div>\n<\/div>\n<\/div>\n<\/article>\n<\/div>\n<\/div>\n<\/div>\n<div class=\"strip-1-square listing strip_moltofood_flexible  quotidianodipuglia\">\n<div class=\"testatabox testatina-box grande moltofood default\">\n<h3><a href=\"https:\/\/www.moltofood.it\" target=\"_blank\" title=\"moltofood.it\"><img loading=\"lazy\" decoding=\"async\" src=\"https:\/\/analyse.optim.biz\/wp-content\/uploads\/2026\/02\/moltofood-91.svg\" width=\"140\" height=\"20\" title=\"moltofood-91\"><\/a><\/h3>\n<\/div>\n<div class=\"row \">\n<article class=\"col-xs-12 html_base_square\">\n<div class=\"item_content\">\n<div class=\"row\">\n<div class=\"square___content\">\n<figure><a href=\"https:\/\/www.moltofood.it\/schiacciata-ripiena-senza-lievito-ricetta\/?utm_source=quotidianodipuglia&amp;utm_medium=strip_moltofood_flexible&amp;utm_campaign=right_articolo\" target=\"_blank\" title=\"Schiacciata ripiena, la ricetta scrocchiarella e senza lievito\"><img decoding=\"async\" src=\"https:\/\/analyse.optim.biz\/wp-content\/uploads\/2026\/02\/schiacciata-ripiena-1-150x150-145.jpg\" title=\"Schiacciata ripiena, la ricetta scrocchiarella e senza lievito\"><\/a><\/figure>\n<\/div>\n<div class=\"col-xs valign__content\">\n<div class=\"valign\"><span class=\"testatina testatina-articolo\"><a href=\"https:\/\/www.moltofood.it\/schiacciata-ripiena-senza-lievito-ricetta\/?utm_source=quotidianodipuglia&amp;utm_medium=strip_moltofood_flexible&amp;utm_campaign=right_articolo\"><br \/>\n                                                Piatti unici                                                <\/a><\/span><\/p>\n<h2 class=\"titolo\"><a href=\"https:\/\/www.moltofood.it\/schiacciata-ripiena-senza-lievito-ricetta\/?utm_source=quotidianodipuglia&amp;utm_medium=strip_moltofood_flexible&amp;utm_campaign=right_articolo\" title=\"Schiacciata ripiena, la ricetta scrocchiarella e senza lievito\" target=\"_blank\">Schiacciata ripiena, la ricetta scrocchiarella e senza lievito<\/a><\/h2>\n<p><span class=\"firma\">di Margherita Catalani<\/span><\/div>\n<\/div>\n<\/div>\n<\/div>\n<\/article>\n<article class=\"col-xs-12 html_base_square\">\n<div class=\"item_content\">\n<div class=\"row\">\n<div class=\"square___content\">\n<figure><a href=\"https:\/\/www.moltofood.it\/granola-in-friggitrice-ad-aria-ricetta\/?utm_source=quotidianodipuglia&amp;utm_medium=strip_moltofood_flexible&amp;utm_campaign=right_articolo\" target=\"_blank\" title=\"Granola in friggitrice ad aria: veloce, pratica e super versatile\"><img decoding=\"async\" src=\"https:\/\/analyse.optim.biz\/wp-content\/uploads\/2026\/02\/granolacottainfriggitriceadaria_copertina-150x150-3-98.jpeg\" title=\"Granola in friggitrice ad aria: veloce, pratica e super versatile\"><\/a><\/figure>\n<\/div>\n<div class=\"col-xs valign__content\">\n<div class=\"valign\"><span class=\"testatina testatina-articolo\"><a href=\"https:\/\/www.moltofood.it\/granola-in-friggitrice-ad-aria-ricetta\/?utm_source=quotidianodipuglia&amp;utm_medium=strip_moltofood_flexible&amp;utm_campaign=right_articolo\"><br \/>\n                                                Dolci                                                <\/a><\/span><\/p>\n<h2 class=\"titolo\"><a href=\"https:\/\/www.moltofood.it\/granola-in-friggitrice-ad-aria-ricetta\/?utm_source=quotidianodipuglia&amp;utm_medium=strip_moltofood_flexible&amp;utm_campaign=right_articolo\" title=\"Granola in friggitrice ad aria: veloce, pratica e super versatile\" target=\"_blank\">Granola in friggitrice ad aria: veloce, pratica e super versatile<\/a><\/h2>\n<p><span class=\"firma\">di Virginia Fabbri<\/span><\/div>\n<\/div>\n<\/div>\n<\/div>\n<\/article>\n<\/div>\n<p><a href=\"https:\/\/www.moltofood.it?utm_source=quotidianodipuglia&amp;utm_medium=strip_moltofood_flexible&amp;utm_campaign=right_articolo\" class=\"testatabox show_more\" target=\"_blank\" title=\"moltofood.it\">Vedi tutte le ricette<\/a><\/div>\n<div class=\"strip-1-bottom\">\n<div class=\"testatabox default sinistra rosso partner news\">\n<h3 class=\"partner news\"><a href=\"https:\/\/www.romevaticancard.com\/it\/omniacards\/omnia-card-72\/?ref=banner\">OMNIA CARD<\/a><\/h3>\n<\/div>\n<div class=\"row\">\n<article class=\"col-xs-12 html_base_bottom   partner news \">\n<div class=\"item_content hyperlink\">\n<figure class=\"medium\"><a href=\"https:\/\/www.romevaticancard.com\/it\/omniacards\/omnia-card-72\/?ref=banner\" title=\"Omnia card 72h + Roma Pass: Musei Vaticani e Colosseo inclusi\"><img decoding=\"async\" src=\"https:\/\/analyse.optim.biz\/wp-content\/uploads\/2026\/02\/7772044_27112113_rome-90.jpg\" title=\"Omnia card 72h + Roma Pass: Musei Vaticani e Colosseo inclusi\" width=\"-16\" height=\"-9\"><\/a><\/figure>\n<div class=\"titolo\"><a href=\"https:\/\/www.romevaticancard.com\/it\/omniacards\/omnia-card-72\/?ref=banner\" class=\"ml_primary_link\">Omnia card 72h + Roma Pass: Musei Vaticani e Colosseo inclusi<\/a><\/div>\n<\/div>\n<\/article>\n<\/div>\n<\/div>\n<div class=\"strip-1-no_foto ranking listing\">\n<div class=\"testatabox boxed sinistra  \">\n<h3 class>LE PI\u00d9 LETTE<\/h3>\n<\/div>\n<div class=\"row\">\n<article class=\"col-xs-12 html_base_no_foto  cultura \">\n<div class=\"item_content\"><span class=\"testatina testatina-articolo\"><a href=\"http:\/\/quotidianodipuglia.it\/cultura\/salento_nave_romana_ritrovata_in_fondo_al_mare_dove_recupero_cosa_sappiamo-9329894.html\">CULTURA<\/a><\/span><\/p>\n<div class=\"titolo\"><a href=\"http:\/\/quotidianodipuglia.it\/cultura\/salento_nave_romana_ritrovata_in_fondo_al_mare_dove_recupero_cosa_sappiamo-9329894.html\" class=\"ml_primary_link\">C&#8217;\u00e8 un tesoro sul fondale marino: sulla costa ionica spunta una nave romana. Quasi un milione di euro per portarla alla luce<\/a><\/div>\n<div class=\"row item_content_moreinfo middle-xs\">\n<div class=\"col-xs-8\"><span class=\"firma\"><span>di Renato DE CAPUA<\/span><\/span><\/div>\n<\/div>\n<\/div>\n<\/article>\n<article class=\"col-xs-12 html_base_no_foto  schede \">\n<div class=\"item_content\"><span class=\"testatina testatina-articolo\"><a href=\"http:\/\/quotidianodipuglia.it\/schede\/oroscopo_settimana_2_8_febbraio_2026_top_flop_chi_sale_chi_scende-9331740.html\">LA VOCE DELLE STELLE<\/a><\/span><\/p>\n<div class=\"titolo\"><a href=\"http:\/\/quotidianodipuglia.it\/schede\/oroscopo_settimana_2_8_febbraio_2026_top_flop_chi_sale_chi_scende-9331740.html\" class=\"ml_primary_link\">Oroscopo della prossima settimana: Cancro spezza la routine, Scorpione osserva, Bilancia si dedica agli affetti.<span> Ariete? Mantieni la calma<\/span><\/a><a href=\"http:\/\/quotidianodipuglia.it\/schede\/oroscopo_weekend_oggi_domani_sabato_31_gennaio_1_febbraio_2026_chi_sale_chi_scende-9327376.html\" class=\"ml_articolo\"><u>Le previsioni del weekend<\/u><\/a><\/div>\n<div class=\"row item_content_moreinfo middle-xs\">\n<div class=\"col-xs-8\"><span class=\"firma\"><span>di Redazione web<\/span><\/span><\/div>\n<\/div>\n<\/div>\n<\/article>\n<article class=\"col-xs-12 html_base_no_foto  schede \">\n<div class=\"item_content\"><span class=\"testatina testatina-articolo\"><a href=\"http:\/\/quotidianodipuglia.it\/schede\/il_caso_bambino_bus_piedi_neve_cosa_e_successo_ricostruzione_vicenda_polemiche_oggi-9331114.html\">IL CASO <\/a><\/span><\/p>\n<div class=\"titolo\"><a href=\"http:\/\/quotidianodipuglia.it\/schede\/il_caso_bambino_bus_piedi_neve_cosa_e_successo_ricostruzione_vicenda_polemiche_oggi-9331114.html\" class=\"ml_primary_link\">Bambino fatto scendere dal bus: i 6 km a piedi, il biglietto a 10 euro, l&#8217;autista sospeso, l&#8217;inchiesta. Cosa \u00e8 successo<\/a><\/div>\n<div class=\"row item_content_moreinfo middle-xs\">\n<div class=\"col-xs-8\"><span class=\"firma\"><span>di Marta Giusti<\/span><\/span><\/div>\n<div class=\"col-xs\">\n<ul class=\"info-item\">\n<li class=\"has-foto ri-camera-line\"><\/ul>\n<\/div>\n<\/div>\n<\/div>\n<\/article>\n<article class=\"col-xs-12 html_base_no_foto  schede \">\n<div class=\"item_content\"><span class=\"testatina testatina-articolo\"><a href=\"http:\/\/quotidianodipuglia.it\/schede\/oroscopo_paolo_fox_stelle_fine_settimana_weekend_31_gennaio_1_febbraio_2026-9331582.html\">IN TV <\/a><\/span><\/p>\n<div class=\"titolo\"><a href=\"http:\/\/quotidianodipuglia.it\/schede\/oroscopo_paolo_fox_stelle_fine_settimana_weekend_31_gennaio_1_febbraio_2026-9331582.html\" class=\"ml_primary_link\">Oroscopo di Paolo Fox, le stelle del fine settimana: Gemelli al top, Sagittario in ripresa, Capricorno isolato<\/a><a href=\"http:\/\/quotidianodipuglia.it\/schede\/oroscopo_weekend_oggi_domani_sabato_31_gennaio_1_febbraio_2026_chi_sale_chi_scende-9327376.html\" class=\"ml_articolo\"><span>Le previsioni del weekend\u00a0<\/span><\/a><\/div>\n<div class=\"row item_content_moreinfo middle-xs\">\n<div class=\"col-xs-8\"><span class=\"firma\"><span>di Redazione web<\/span><\/span><\/div>\n<\/div>\n<\/div>\n<\/article>\n<article class=\"col-xs-12 html_base_no_foto  attualita \">\n<div class=\"item_content\"><span class=\"testatina testatina-articolo\"><a href=\"http:\/\/quotidianodipuglia.it\/attualita\/donald_trump_resort_salento_albania-9331850.html\">LA SVOLTA <\/a><\/span><\/p>\n<div class=\"titolo\"><a href=\"http:\/\/quotidianodipuglia.it\/attualita\/donald_trump_resort_salento_albania-9331850.html\" class=\"ml_primary_link\">I Trump nuovi vicini di casa: l&#8217;ok al resort di lusso a poche miglia dal Salento. Il no degli ambientalisti<\/a><\/div>\n<div class=\"row item_content_moreinfo middle-xs\">\n<div class=\"col-xs-8\"><span class=\"firma\"><span>di Vincenzo MARUCCIO<\/span><\/span><\/div>\n<\/div>\n<\/div>\n<\/article>\n<\/div>\n<\/div>\n<div class=\"strip- lgw\">\n<div class=\"header\"><span class=\"title\"><br \/>\n                Cerca il tuo immobile all&#8217;asta<br \/>\n            <\/span><\/div>\n<div class=\"content\"><a href=\"https:\/\/www.legalmente.net\/\" target=\"_blank\" class=\"brand\"><img decoding=\"async\" src=\"https:\/\/analyse.optim.biz\/wp-content\/uploads\/2026\/02\/logo-143.jpg\" title=\"logo-143\"><\/a><\/div>\n<\/div>\n<\/div>\n<\/div>\n<\/div>\n<\/aside>\n<\/article>\n<article class=\"free-content\" id=\"content\">\n<div class=\"row\">\n<div class=\"col-xs-12\">\n<header>\n<h1>Frana a Niscemi, ecco le zone a rischio in Italia e quando il terreno pu\u00f2 crollare. La mappa di tutti i pericoli<\/h1>\n<div class=\"info-container-top\">\n<div class=\"row middle-xs\">\n<div class=\"col-xs firma\"><span>di Alessandro Rosi<\/span><\/div>\n<\/div>\n<\/div>\n<div class=\"info-container-bottom\">\n<div class=\"row middle-xs\">\n<div class=\"col-xs-10\">\n                        mercoled\u00ec 28 gennaio 2026, 09:16                                                | <span class=\"tempo\">1 Minuto di Lettura<\/span><\/div>\n<div class=\"col-xs\">\n<div class=\"share_bar_wrapper\">\n<div class=\"share-item share-box\">\n<ul>\n<li class=\"copy\">\n<li class=\"facebook\">\n<li class=\"twitter\">\n<li class=\"mail\">\n<li class=\"whatsapp\"><\/ul>\n<\/div>\n<\/div>\n<\/div>\n<\/div>\n<\/div>\n<\/header>\n<\/div>\n<\/div>\n<div class=\"row\">\n<section id=\"main-content\" class=\"col-xs-8\">\n<div class=\"scheda-container\">\n<div class=\"navigation\"><span class=\" current\">1 di 8    <\/span><\/div>\n<figure class=\"main-photo\"><img loading=\"lazy\" decoding=\"async\" src=\"https:\/\/analyse.optim.biz\/wp-content\/uploads\/2026\/02\/9324835_27204552_area_a_rischio-1.jpg\" width=\"485\" height=\"265\" alt=\"Frana a Niscemi, ecco le zone a rischio in Italia e quando il terreno pu\u00f2 crollare. La mappa di tutti i pericoli\" title=\"Frana a Niscemi, ecco le zone a rischio in Italia e quando il terreno pu\u00f2 crollare. La mappa di tutti i pericoli\"><\/figure>\n<div class=\"body-text\">\n<p><span>La frana a <a href=\"http:\/\/quotidianodipuglia.it\/t\/niscemi\">Niscemi<\/a> ha fatto scattare l&#8217;allarme sul dissesto idrogeologico in Italia e le zone a rischio. L\u2019incremento delle aree urbanizzate, a partire dal secondo dopoguerra, ha portato a un considerevole aumento di beni e persone in aree soggette a pericolosit\u00e0 per frane e alluvioni. Cos\u00ec indica il rapporto dell&#8217;Ispra del 2024. Ma quali sono i comuni pi\u00f9 esposti a fenomeni di dissesto idrogeologico?<\/span><\/p>\n<p><span><img decoding=\"async\" src=\"https:\/\/analyse.optim.biz\/wp-content\/uploads\/2026\/02\/11_27210211.jpg\" title=\"11_27210211\"><\/span><\/p>\n<\/div>\n<div class=\"wrap-box-end\">\n<div class=\"copy\">\u00a9 RIPRODUZIONE RISERVATA<\/div>\n<div class=\"item-options\">\n<div class=\"share_bar_wrapper\">\n<div class=\"share-item share-box\">\n<ul>\n<li class=\"copy\">\n<li class=\"facebook\">\n<li class=\"twitter\">\n<li class=\"mail\">\n<li class=\"whatsapp\"><\/ul>\n<\/div>\n<\/div>\n<\/div>\n<\/div>\n<div class=\"navigation\"><span class=\" current\">1 di 8        <\/span><\/div>\n<\/div>\n<aside class=\"area\">&#8216;;<br \/>\n        outbrainEl.insertAdjacentHTML(&#8220;afterBegin&#8221;, AdCodeOutbrain);<\/p>\n<p>        loadScript(&#8216;\/\/widgets.outbrain.com\/outbrain.js&#8217;, function(){<br \/>\n            \/\/ cerco il widget. Necessario se c&#8217;\u00e8 un&#8217;altro widget di Outbrain in pagina (es: inread)<br \/>\n            OBR.extern.researchWidget();<br \/>\n        });<br \/>\n    }<\/p>\n<p>    function AnnunciOutbrain(callback) {<br \/>\n        var outbrainDiv = document.getElementById(&#8216;outbrainWait&#8217;);<br \/>\n        \/\/ Verifica se l&#8217;elemento esiste<br \/>\n        if (outbrainDiv) {<br \/>\n            \/\/ Modifica l&#8217;id dell&#8217;elemento div<br \/>\n            outbrainDiv.id = &#8216;outbrain&#8217;;<br \/>\n        }<\/p>\n<p>                    var load_method = impostazioni_testata.outbrain.load_method || &#8216;first-interaction&#8217;;<\/p>\n<p>        var outbrainEl = document.getElementById(&#8216;outbrain&#8217;);<\/p>\n<p>        CED.log(&#8220;outbrain load_method:&#8221; + load_method);<\/p>\n<p>        if (load_method == &#8216;when-near-viewport&#8217;) {<\/p>\n<p>            \/\/ outbrain parte solo quando scrollando arriva abbastanza vicino alla viewport<br \/>\n            if (typeof callback === &#8220;function&#8221;) {<\/p>\n<p>                \/\/ Listen for the scroll event<br \/>\n                \/\/document.addEventListener(&#8216;scroll&#8217;, onScroll(outbrainEl,callback), false);<br \/>\n                CedsWNV.watch(outbrainEl, callback, {<br \/>\n                    checkInterval: 300,<br \/>\n                    offset: 500<br \/>\n                });<\/p>\n<p>                \/*devo chiamare la funzione con argomenti e variabili *\/<br \/>\n            }<\/p>\n<p>        } else {<br \/>\n            \/\/ DEFAULT: outbrain parte alla prima interazione o dopo il timeout inattivit\u00e0<br \/>\n            _waitOnceFor(load_method, callback);<br \/>\n        }<br \/>\n    }<\/p>\n<p>            AnnunciOutbrain(WidgetOutbrainTag);<\/p>\n<div id=\"correlati-verticali\" class=\"strip-\">\n<div class=\"testatabox default\">\n<h3>Potrebbe interessarti anche<\/h3>\n<\/div>\n<div class=\"infinite_scroller\" data-limite_paginazioni=\"1\">\n<div class=\"griglia_wrapper\">\n<div class=\"strip-1-no_foto listing\">\n<div class=\"row\">\n<article class=\"col-xs-12 html_base_no_foto  attualita \">\n<div class=\"item_content liveblog\"><span class=\"testatina testatina-articolo liveblog\"><a href=\"http:\/\/quotidianodipuglia.it\/attualita\/askatasuna_torino_scontri_corteo_diretta_ultime_notizie-9333211.html\">LA GIORNATA<\/a><\/span><\/p>\n<h2 class=\"titolo\"><a href=\"http:\/\/quotidianodipuglia.it\/attualita\/askatasuna_torino_scontri_corteo_diretta_ultime_notizie-9333211.html\" class=\"ml_primary_link\">Askatasuna, dimesso il poliziotto aggredito: prognosi di 20 giorni. Arrestato uno dei presunti aggressori<\/a><a href=\"http:\/\/quotidianodipuglia.it\/italia\/askatasuna_chi_sono_aggressori_torino_anarchici_antagonisti_armi_cosa_e_successo_ultime_veramente-9333204.html\" class=\"ml_articolo\"><u>Chi sono gli antagonisti<\/u><\/a><\/h2>\n<aside>\n<ul class=\"approfondimenti\">\n<li><a href=\"https:\/\/www.quotidianodipuglia.it\/italia\/askatasuna_cosa_e_successo_pliziotto_picchiato_torino_ultimissime_oggi-9333238.html\" title=\"Scontri Askatasuna, cosa \u00e8 successo a Torino: oltre 100 agenti feriti, ha 22 anni l'aggressore del poliziotto\">Scontri Askatasuna, cosa \u00e8 successo a Torino: oltre 100 agenti feriti, ha 22 anni l&#8217;aggressore del poliziotto<\/a><\/li>\n<li><a href=\"https:\/\/www.quotidianodipuglia.it\/fotogallery\/italia\/meloni_torino_agenti_foto-9333034.html\" title=\"Foto\">Foto<\/a><\/li>\n<\/ul>\n<\/aside>\n<\/div>\n<\/article>\n<article class=\"col-xs-12 html_base_no_foto  schede \">\n<div class=\"item_content\"><span class=\"testatina testatina-articolo\"><a href=\"http:\/\/quotidianodipuglia.it\/schede\/aprire_finestre_quando_piove_fa_bene_perche_persone_bucato_cosa_avviene-9333055.html\">I CONSIGLI<\/a><\/span><\/p>\n<h2 class=\"titolo\"><a href=\"http:\/\/quotidianodipuglia.it\/schede\/aprire_finestre_quando_piove_fa_bene_perche_persone_bucato_cosa_avviene-9333055.html\" class=\"ml_primary_link\">Perch\u00e9 aprire le finestre quando piove migliora la salute (e fa bene anche al bucato)<\/a><a href=\"http:\/\/quotidianodipuglia.it\/fotogallery\/italia\/finestre_pioggia-9331639.html\" class=\"ml_photogallery\"><span>Foto<\/span><\/a><\/h2>\n<aside>\n<ul class=\"approfondimenti\">\n<li><a href=\"https:\/\/www.quotidianodipuglia.it\/salute\/schede\/asciugare_panni_in_casa_fa_male_perche-9302012.html\" title=\"Asciugare i panni in casa fa male\">Asciugare i panni in casa fa male<\/a><\/li>\n<li><a href=\"https:\/\/www.quotidianodipuglia.it\/libri\/nuove_uscite_libri_gennaio_romanzo_gialli_saggi-9309019.html\" title=\"Il tema\">Il tema<\/a><\/li>\n<\/ul>\n<\/aside>\n<div class=\"row item_content_moreinfo middle-xs\">\n<div class=\"col-xs\">\n<ul class=\"info-item\">\n<li class=\"has-foto ri-camera-line\"><\/ul>\n<\/div>\n<\/div>\n<\/div>\n<\/article>\n<article class=\"col-xs-12 html_base_no_foto  schede \">\n<div class=\"item_content\"><span class=\"testatina testatina-articolo\"><a href=\"http:\/\/quotidianodipuglia.it\/schede\/decreto_milleproroghe_aumenti_medici_stipendi_balneari_rottamazione_novita-9333051.html\">LE MISURE<\/a><\/span><\/p>\n<h2 class=\"titolo\"><a href=\"http:\/\/quotidianodipuglia.it\/schede\/decreto_milleproroghe_aumenti_medici_stipendi_balneari_rottamazione_novita-9333051.html\" class=\"ml_primary_link\">Aumenti per i medici, balneari, la rottamazione:<br \/>\ntutte le possibili novit\u00e0 nel decreto Milleproroghe<\/a><\/h2>\n<aside>\n<ul class=\"approfondimenti\">\n<li><a href=\"https:\/\/www.quotidianodipuglia.it\/economia\/milleproroghe_estensione_bonus_donne_giovani_sud-9329936.html\" title=\"Estensione per bonus donne, giovani e Sud\">Estensione per bonus donne, giovani e Sud<\/a><\/li>\n<li><a href=\"https:\/\/www.quotidianodipuglia.it\/economia\/schede\/scudo_penale_medici_rinvio_tassa_pacchi_affitti_brevi_milleproroghe-9327609.html\" title=\"Scudo penale, rinvio della tassa sui pacchi\">Scudo penale, rinvio della tassa sui pacchi<\/a><\/li>\n<\/ul>\n<\/aside>\n<\/div>\n<\/article>\n<article class=\"col-xs-12 html_base_no_foto  schede \">\n<div class=\"item_content\"><span class=\"testatina testatina-articolo\"><a href=\"http:\/\/quotidianodipuglia.it\/schede\/tennis_djokovic_dieta_segreta_qual_e_camera_ipobarica_come_ha_sconfitto_sinner-9331112.html\">TENNIS<\/a><\/span><\/p>\n<h2 class=\"titolo\"><a href=\"http:\/\/quotidianodipuglia.it\/schede\/tennis_djokovic_dieta_segreta_qual_e_camera_ipobarica_come_ha_sconfitto_sinner-9331112.html\" class=\"ml_primary_link\">Dalla dieta (priva di glutine e latticini) alla crioterapia, ecco come a 38 anni Djokovic ha sconfitto Sinner<\/a><\/h2>\n<aside>\n<ul class=\"approfondimenti\">\n<li><a href=\"https:\/\/www.quotidianodipuglia.it\/sport\/schede\/sinner_perche_ha_perso_djokovic_australian_open_finale_calo_break_alcaraz_cosa_non_ha_funzionato-9329571.html\" title=\"Sinner ko\u00a0\">Sinner ko\u00a0<\/a><\/li>\n<\/ul>\n<\/aside>\n<div class=\"row item_content_moreinfo middle-xs\">\n<div class=\"col-xs-8\"><span class=\"firma\"><span>di Alessandro Rosi<\/span><\/span><\/div>\n<\/div>\n<\/div>\n<\/article>\n<article class=\"col-xs-12 html_base_no_foto  attualita \">\n<div class=\"item_content\"><span class=\"testatina testatina-articolo\"><a href=\"http:\/\/quotidianodipuglia.it\/attualita\/crans_montana_chiamate_strage_cosa_dicono-9329715.html\">L&#8217;EMERGENZA<\/a><\/span><\/p>\n<h2 class=\"titolo\"><a href=\"http:\/\/quotidianodipuglia.it\/attualita\/crans_montana_chiamate_strage_cosa_dicono-9329715.html\" class=\"ml_primary_link\">Crans-Montana, le chiamate choc delle vittime: 171 in un&#8217;ora e mezza. \u00abQui \u00e8 tutto bruciato, i miei amici sono morti\u00bb<\/a><a href=\"http:\/\/quotidianodipuglia.it\/schede\/jacques_moretti_chi_e_amico_pagato_cauzione_erede_orologiaio_svizzero_passione_auto-9327381.html\" class=\"ml_articolo\"><br \/><u>Chi ha pagato la cauzione di Jacques Moretti<\/u><\/a><\/h2>\n<aside>\n<ul class=\"approfondimenti\">\n<li><a href=\"https:\/\/www.quotidianodipuglia.it\/video\/askanews\/crans_montana_c_e_un_quarto_indagato_capo_sicurezza_del_comune-9329307.html\" title=\"Video\">Video<\/a><\/li>\n<\/ul>\n<\/aside>\n<div class=\"row item_content_moreinfo middle-xs\">\n<div class=\"col-xs\">\n<ul class=\"info-item\">\n<li class=\"has-video ri-video-line\"><\/ul>\n<\/div>\n<\/div>\n<\/div>\n<\/article>\n<\/div>\n<\/div>\n<\/div>\n<div class=\"navigation\">\n<div class=\"pagination__next\" data-src=\"\/index.php?p=single_module&amp;m=infinite_scroller&amp;args%5Btag%5D%5B0%5D=frana+niscemi&amp;args%5Btag%5D%5B1%5D=frana+niscemi+zone+a+rischio+italia&amp;args%5Btag%5D%5B2%5D=ultima+ora&amp;args%5Bexclude_id%5D=9324835&amp;args%5Bcolonne%5D=1&amp;args%5Brighe%5D=5&amp;args%5Blimite_paginazioni%5D=1&amp;args%5Bmostra_firma%5D=1&amp;args%5Bquanti_approfondimenti%5D=2&amp;args%5Bmultilink%5D=1&amp;args%5Bmostra_testatina%5D=1&amp;args%5Btemplate_base%5D=no_foto&amp;args%5Boffset%5D=5\">Pagina successiva<\/div>\n<\/div>\n<div class=\"page-load-status\"><img decoding=\"async\" src=\"https:\/\/analyse.optim.biz\/wp-content\/uploads\/2026\/02\/ajaxloader_small-12.gif\" alt=\"caricamento\" title=\"ajaxloader_small-12\"><\/div>\n<\/div>\n<\/div>\n<\/aside>\n<\/section>\n<\/div>\n<aside id=\"right-rail\" class=\"col-xs-4\">\n<div id=\"right-content\">\n<div id=\"right-navigation-container\"><a href=\"http:\/\/quotidianodipuglia.it\/schede\/frana_niscemi_zone_a_rischio_italia_quali_sono-9324835.html\"><\/p>\n<div class=\"row  middle-xs scheda current\">\n<div class=\"col-xs-1\"><span class=\"number\">1<\/span><\/div>\n<div class=\"col-xs\"><span class=\"titolo\">Pericolo frane, ecco le zone a rischio in Italia e quando il terreno pu\u00f2 cedere<br \/><u>La mappa<\/u><\/span><\/div>\n<\/div>\n<p><\/a><a href=\"http:\/\/quotidianodipuglia.it\/schede\/frana_niscemi_zone_a_rischio_italia_quali_sono-cosa_c_e_dietro-2-9324835.html\"><\/p>\n<div class=\"row  middle-xs scheda \">\n<div class=\"col-xs-1\"><span class=\"number\">2<\/span><\/div>\n<div class=\"col-xs\"><span class=\"titolo\"><span>Cosa c&#8217;\u00e8 dietro<\/span><\/span><\/div>\n<\/div>\n<p><\/a><a href=\"http:\/\/quotidianodipuglia.it\/schede\/frana_niscemi_zone_a_rischio_italia_quali_sono-i_dati_sulle_frane-3-9324835.html\"><\/p>\n<div class=\"row  middle-xs scheda \">\n<div class=\"col-xs-1\"><span class=\"number\">3<\/span><\/div>\n<div class=\"col-xs\"><span class=\"titolo\">I dati sulle\u00a0frane<\/span><\/div>\n<\/div>\n<p><\/a><a href=\"http:\/\/quotidianodipuglia.it\/schede\/frana_niscemi_zone_a_rischio_italia_quali_sono-perche_l_italia_e_a_rischio-4-9324835.html\"><\/p>\n<div class=\"row  middle-xs scheda \">\n<div class=\"col-xs-1\"><span class=\"number\">4<\/span><\/div>\n<div class=\"col-xs\"><span class=\"titolo\">Perch\u00e9 l&#8217;Italia \u00e8 a rischio<\/span><\/div>\n<\/div>\n<p><\/a><a href=\"http:\/\/quotidianodipuglia.it\/schede\/frana_niscemi_zone_a_rischio_italia_quali_sono-gli_eventi_estremi_piu_devastanti-5-9324835.html\"><\/p>\n<div class=\"row  middle-xs scheda \">\n<div class=\"col-xs-1\"><span class=\"number\">5<\/span><\/div>\n<div class=\"col-xs\"><span class=\"titolo\"><span>Gli eventi estremi pi\u00f9 devastanti<\/span><\/span><\/div>\n<\/div>\n<p><\/a><a href=\"http:\/\/quotidianodipuglia.it\/schede\/frana_niscemi_zone_a_rischio_italia_quali_sono-le_famiglie_che_vivono_in_zone_pericolose-6-9324835.html\"><\/p>\n<div class=\"row  middle-xs scheda \">\n<div class=\"col-xs-1\"><span class=\"number\">6<\/span><\/div>\n<div class=\"col-xs\"><span class=\"titolo\">Le famiglie che vivono in zone pericolose<\/span><\/div>\n<\/div>\n<p><\/a><a href=\"http:\/\/quotidianodipuglia.it\/schede\/frana_niscemi_zone_a_rischio_italia_quali_sono-le_aree_piu_a_rischio-7-9324835.html\"><\/p>\n<div class=\"row  middle-xs scheda \">\n<div class=\"col-xs-1\"><span class=\"number\">7<\/span><\/div>\n<div class=\"col-xs\"><span class=\"titolo\"><span>Le aree pi\u00f9 a rischio<\/span><\/span><\/div>\n<\/div>\n<p><\/a><a href=\"http:\/\/quotidianodipuglia.it\/schede\/frana_niscemi_zone_a_rischio_italia_quali_sono-quali_gli_edifici_monitorati-8-9324835.html\"><\/p>\n<div class=\"row  middle-xs scheda \">\n<div class=\"col-xs-1\"><span class=\"number\">8<\/span><\/div>\n<div class=\"col-xs\"><span class=\"titolo\">Quali gli edifici monitorati<\/span><\/div>\n<\/div>\n<p><\/a><\/div>\n<div class=\"area right\">\n<div class=\"area right_articolo\" data-id=\"445\" data-nome=\"Right Articolo (generico) 2022\">\n<div class=\"strip-1-x-video box-tv\" data-strip-id=\"39804\">\n<div class=\"strip-1-video_player\">\n<div class=\"row\">\n<article class=\"col-xs-12 html_base_bottom  video sport \">\n<div class=\"item_content video\">\n<div class=\"embed_video\">\n<div class=\"jw_embed\" data-mediaid=\"vHgoHtF1\" data-disable_video_float_on_non_adv_content=\"cedjs-dynamic\" data-autostart=\"true\" data-related='{\"oncomplete\":\"show\"}' data-mute=\"true\" data-adv_always_floating=\"false\"><img loading=\"lazy\" decoding=\"async\" src=\"https:\/\/analyse.optim.biz\/wp-content\/uploads\/2026\/02\/video-136.svg\" width=\"340\" height=\"180\" alt=\"Video\" title=\"video-136\"><\/div>\n<\/div>\n<div class=\"titolo\"><a href=\"http:\/\/quotidianodipuglia.it\/video\/sport\/cce_lsb_lecce_pall_a9_nardo_68_67-9278426.html\" class=\"ml_primary_link\">Cce Lsb Lecce-Pall. A9 Nard\u00f2 68-67<\/a><\/div>\n<\/div>\n<\/article>\n<\/div>\n<\/div>\n<div class=\"strip-1-square listing\">\n<div class=\"row\">\n<article class=\"col-xs-12 html_base_square  video \">\n<div class=\"item_content\">\n<div class=\"row\">\n<div class=\"col-xs valign__content\">\n<div class=\"square___content\">\n<figure class=\"thumbnail\"><a href=\"http:\/\/quotidianodipuglia.it\/video\/guyana_calabria_campania_prime_in_ue_per_rischio_poverta-9135288.html\" title=\"Guyana, Calabria, Campania prime in Ue per rischio povert\u00e0\"><img loading=\"lazy\" decoding=\"async\" src=\"https:\/\/analyse.optim.biz\/wp-content\/uploads\/2026\/02\/9135288_poster-93.jpg\" title=\"Guyana, Calabria, Campania prime in Ue per rischio povert\u00e0\" width=\"64\" height=\"64\"><\/a><\/figure>\n<\/div>\n<div class=\"valign\">\n<div class=\"titolo\"><a href=\"http:\/\/quotidianodipuglia.it\/video\/guyana_calabria_campania_prime_in_ue_per_rischio_poverta-9135288.html\" class=\"ml_primary_link\">Guyana, Calabria, Campania prime in Ue per rischio povert\u00e0<\/a><\/div>\n<\/div>\n<\/div>\n<\/div>\n<\/div>\n<\/article>\n<article class=\"col-xs-12 html_base_square  video \">\n<div class=\"item_content\">\n<div class=\"row\">\n<div class=\"col-xs valign__content\">\n<div class=\"square___content\">\n<figure class=\"thumbnail\"><a href=\"http:\/\/quotidianodipuglia.it\/video\/storie_italiane_il_racconto_di_mario_ermito-9105224.html\" title=\"Storie Italiane, il racconto di Mario Ermito\"><img loading=\"lazy\" decoding=\"async\" src=\"https:\/\/analyse.optim.biz\/wp-content\/uploads\/2026\/02\/9105224_poster-90.jpg\" title=\"Storie Italiane, il racconto di Mario Ermito\" width=\"64\" height=\"64\"><\/a><\/figure>\n<\/div>\n<div class=\"valign\">\n<div class=\"titolo\"><a href=\"http:\/\/quotidianodipuglia.it\/video\/storie_italiane_il_racconto_di_mario_ermito-9105224.html\" class=\"ml_primary_link\">Storie Italiane, il racconto di Mario Ermito<\/a><\/div>\n<\/div>\n<\/div>\n<\/div>\n<\/div>\n<\/article>\n<article class=\"col-xs-12 html_base_square  video \">\n<div class=\"item_content\">\n<div class=\"row\">\n<div class=\"col-xs valign__content\">\n<div class=\"square___content\">\n<figure class=\"thumbnail\"><a href=\"http:\/\/quotidianodipuglia.it\/video\/lecce_protocollo_scuola_istituzioni_prefettura-9089424.html\" title=\"\u00abL'autismo non \u00e8 solo una diagnosi, \u00e8 un modo diverso di percepire il mondo\u00bb, il commovente messaggio di Emma\"><img loading=\"lazy\" decoding=\"async\" src=\"https:\/\/analyse.optim.biz\/wp-content\/uploads\/2026\/02\/9089424_25191819_myfilename-92.jpg\" title=\"\u00abL'autismo non \u00e8 solo una diagnosi, \u00e8 un modo diverso di percepire il mondo\u00bb, il commovente messaggio di Emma\" width=\"64\" height=\"64\"><\/a><\/figure>\n<\/div>\n<div class=\"valign\">\n<div class=\"titolo\"><a href=\"http:\/\/quotidianodipuglia.it\/video\/lecce_protocollo_scuola_istituzioni_prefettura-9089424.html\" class=\"ml_primary_link\">\u00abL&#8217;autismo non \u00e8 solo una diagnosi, \u00e8 un modo diverso di percepire il mondo\u00bb, il commovente messaggio di Emma<\/a><\/div>\n<\/div>\n<\/div>\n<\/div>\n<\/div>\n<\/article>\n<\/div>\n<\/div>\n<\/div>\n<div class=\"strip-combo \">\n<div class=\"testatabox default sinistra  schede\">\n<h3 class=\"schede\">Della stessa sezione<\/h3>\n<\/div>\n<div class=\"strip-1-bottom principale\">\n<div class=\"row\">\n<article class=\"col-xs-12 html_base_bottom   schede \">\n<div class=\"item_content\">\n<figure class=\"medium\"><a href=\"http:\/\/quotidianodipuglia.it\/schede\/meglio_svegliarsi_presto_o_andare_a_dormire_tardi_chi_rischia_di_piu_salute_ictus_infarto_cosa_sappiamo-9333328.html\" title='Meglio svegliarsi presto o andare a dormire tardi? Chi rischia di pi\u00f9 in termini di salute tra \"allodole\" e \"gufi\"'><img decoding=\"async\" src=\"https:\/\/analyse.optim.biz\/wp-content\/uploads\/2026\/02\/9333328_01181513_sveglia-3.jpg\" title='Meglio svegliarsi presto o andare a dormire tardi? Chi rischia di pi\u00f9 in termini di salute tra \"allodole\" e \"gufi\"' width=\"-16\" height=\"-9\"><\/a><\/figure>\n<p><span class=\"testatina testatina-articolo\"><a href=\"http:\/\/quotidianodipuglia.it\/schede\/meglio_svegliarsi_presto_o_andare_a_dormire_tardi_chi_rischia_di_piu_salute_ictus_infarto_cosa_sappiamo-9333328.html\">LO STUDIO<\/a><\/span><\/p>\n<div class=\"titolo\"><a href=\"http:\/\/quotidianodipuglia.it\/schede\/meglio_svegliarsi_presto_o_andare_a_dormire_tardi_chi_rischia_di_piu_salute_ictus_infarto_cosa_sappiamo-9333328.html\" class=\"ml_primary_link\">Meglio svegliarsi presto o andare a dormire tardi? Chi rischia di pi\u00f9 in termini di salute tra &#8220;allodole&#8221; e &#8220;gufi&#8221;<\/a><\/div>\n<aside>\n<ul class=\"approfondimenti\">\n<li><a href=\"https:\/\/www.quotidianodipuglia.it\/salute\/medicina\/ricette_mediche_nuova_durata_lazio_cosa_cambia_da_quando-9333301.html\" title=\"Ricette mediche, nuova durata impegnative\">Ricette mediche, nuova durata impegnative<\/a><\/li>\n<\/ul>\n<\/aside>\n<\/div>\n<\/article>\n<\/div>\n<\/div>\n<div class=\"strip-1-square seconda listing\">\n<div class=\"row\">\n<article class=\"col-xs-12 html_base_square  schede \">\n<div class=\"item_content\">\n<div class=\"row\">\n<div class=\"col-xs valign__content\">\n<div class=\"square___content\">\n<figure class=\"thumbnail\"><a href=\"http:\/\/quotidianodipuglia.it\/schede\/aprire_finestre_quando_piove_fa_bene_perche_persone_bucato_cosa_avviene-9333055.html\" title=\"Perch\u00e9 aprire le finestre quando piove migliora la salute (e fa bene anche al bucato)\"><img loading=\"lazy\" decoding=\"async\" src=\"https:\/\/analyse.optim.biz\/wp-content\/uploads\/2026\/02\/9333055_31190601_finestre_pioggia2-10.jpg\" title=\"Perch\u00e9 aprire le finestre quando piove migliora la salute (e fa bene anche al bucato)\" width=\"64\" height=\"64\"><\/a><\/figure>\n<\/div>\n<div class=\"valign\"><span class=\"testatina testatina-articolo\"><a href=\"http:\/\/quotidianodipuglia.it\/schede\/aprire_finestre_quando_piove_fa_bene_perche_persone_bucato_cosa_avviene-9333055.html\">I CONSIGLI<\/a><\/span><\/p>\n<div class=\"titolo\"><a href=\"http:\/\/quotidianodipuglia.it\/schede\/aprire_finestre_quando_piove_fa_bene_perche_persone_bucato_cosa_avviene-9333055.html\" class=\"ml_primary_link\">Perch\u00e9 aprire le finestre quando piove migliora la salute (e fa bene anche al bucato)<\/a><a href=\"http:\/\/quotidianodipuglia.it\/fotogallery\/italia\/finestre_pioggia-9331639.html\" class=\"ml_photogallery\"><span>Foto<\/span><\/a><\/div>\n<\/div>\n<\/div>\n<\/div>\n<\/div>\n<\/article>\n<article class=\"col-xs-12 html_base_square  schede \">\n<div class=\"item_content\">\n<div class=\"row\">\n<div class=\"col-xs valign__content\">\n<div class=\"square___content\">\n<figure class=\"thumbnail\"><a href=\"http:\/\/quotidianodipuglia.it\/schede\/decreto_milleproroghe_aumenti_medici_stipendi_balneari_rottamazione_novita-9333051.html\" title=\"Aumenti per i medici, balneari, la rottamazione: tutte le possibili novit\u00e0 nel decreto Milleproroghe\"><img loading=\"lazy\" decoding=\"async\" src=\"https:\/\/analyse.optim.biz\/wp-content\/uploads\/2026\/02\/9333051_01112851_decreto_milleproroghe-10.jpg\" title=\"Aumenti per i medici, balneari, la rottamazione: tutte le possibili novit\u00e0 nel decreto Milleproroghe\" width=\"64\" height=\"64\"><\/a><\/figure>\n<\/div>\n<div class=\"valign\"><span class=\"testatina testatina-articolo\"><a href=\"http:\/\/quotidianodipuglia.it\/schede\/decreto_milleproroghe_aumenti_medici_stipendi_balneari_rottamazione_novita-9333051.html\">LE MISURE<\/a><\/span><\/p>\n<div class=\"titolo\"><a href=\"http:\/\/quotidianodipuglia.it\/schede\/decreto_milleproroghe_aumenti_medici_stipendi_balneari_rottamazione_novita-9333051.html\" class=\"ml_primary_link\">Aumenti per i medici, balneari, la rottamazione:<br \/>\ntutte le possibili novit\u00e0 nel decreto Milleproroghe<\/a><\/div>\n<\/div>\n<\/div>\n<\/div>\n<\/div>\n<\/article>\n<article class=\"col-xs-12 html_base_square  schede \">\n<div class=\"item_content\">\n<div class=\"row\">\n<div class=\"col-xs valign__content\">\n<div class=\"square___content\">\n<figure class=\"thumbnail\"><a href=\"http:\/\/quotidianodipuglia.it\/schede\/oroscopo_settimana_2_8_febbraio_2026_top_flop_chi_sale_chi_scende-9331740.html\" title=\"Oroscopo della prossima settimana: Cancro spezza la routine, Scorpione osserva, Bilancia si dedica agli affetti. Ariete? Mantieni la calma\"><img loading=\"lazy\" decoding=\"async\" src=\"https:\/\/analyse.optim.biz\/wp-content\/uploads\/2026\/02\/9331740_30131725_9241520_12150505_oroscopo_speciale_settimana-12.jpg\" title=\"Oroscopo della prossima settimana: Cancro spezza la routine, Scorpione osserva, Bilancia si dedica agli affetti. Ariete? Mantieni la calma\" width=\"64\" height=\"64\"><\/a><\/figure>\n<\/div>\n<div class=\"valign\"><span class=\"testatina testatina-articolo\"><a href=\"http:\/\/quotidianodipuglia.it\/schede\/oroscopo_settimana_2_8_febbraio_2026_top_flop_chi_sale_chi_scende-9331740.html\">LA VOCE DELLE STELLE<\/a><\/span><\/p>\n<div class=\"titolo\"><a href=\"http:\/\/quotidianodipuglia.it\/schede\/oroscopo_settimana_2_8_febbraio_2026_top_flop_chi_sale_chi_scende-9331740.html\" class=\"ml_primary_link\">Oroscopo della prossima settimana: Cancro spezza la routine, Scorpione osserva, Bilancia si dedica agli affetti.<span> Ariete? Mantieni la calma<\/span><\/a><a href=\"http:\/\/quotidianodipuglia.it\/schede\/oroscopo_weekend_oggi_domani_sabato_31_gennaio_1_febbraio_2026_chi_sale_chi_scende-9327376.html\" class=\"ml_articolo\"><u>Le previsioni del weekend<\/u><\/a><\/div>\n<p><span class=\"firma\"><span>di Redazione web<\/span><\/span><\/div>\n<\/div>\n<\/div>\n<\/div>\n<\/article>\n<article class=\"col-xs-12 html_base_square  schede \">\n<div class=\"item_content\">\n<div class=\"row\">\n<div class=\"col-xs valign__content\">\n<div class=\"square___content\">\n<figure class=\"thumbnail\"><a href=\"http:\/\/quotidianodipuglia.it\/schede\/ordine_al_merito_repubblica_italiana_sergio_mattarella-9331601.html\" title=\"Chi sono i tre pugliesi che hanno ricevuto l'onorificenza da Mattarella: da Diodato al primario di oculistica\"><img loading=\"lazy\" decoding=\"async\" src=\"https:\/\/analyse.optim.biz\/wp-content\/uploads\/2026\/02\/9331601_31183018_progetto_senza_titolo_75_-14.jpg\" title=\"Chi sono i tre pugliesi che hanno ricevuto l'onorificenza da Mattarella: da Diodato al primario di oculistica\" width=\"64\" height=\"64\"><\/a><\/figure>\n<\/div>\n<div class=\"valign\"><span class=\"testatina testatina-articolo\"><a href=\"http:\/\/quotidianodipuglia.it\/schede\/ordine_al_merito_repubblica_italiana_sergio_mattarella-9331601.html\">SCHEDE<\/a><\/span><\/p>\n<div class=\"titolo\"><a href=\"http:\/\/quotidianodipuglia.it\/schede\/ordine_al_merito_repubblica_italiana_sergio_mattarella-9331601.html\" class=\"ml_primary_link\">Chi sono i tre pugliesi che hanno ricevuto l&#8217;onorificenza da Mattarella: da Diodato al primario di oculistica<\/a><\/div>\n<\/div>\n<\/div>\n<\/div>\n<\/div>\n<\/article>\n<\/div>\n<\/div>\n<\/div>\n<div class=\"strip-1-square listing strip_moltofood_flexible  quotidianodipuglia\">\n<div class=\"testatabox testatina-box grande moltofood default\">\n<h3><a href=\"https:\/\/www.moltofood.it\" target=\"_blank\" title=\"moltofood.it\"><img loading=\"lazy\" decoding=\"async\" src=\"https:\/\/analyse.optim.biz\/wp-content\/uploads\/2026\/02\/moltofood-91.svg\" width=\"140\" height=\"20\" title=\"moltofood-91\"><\/a><\/h3>\n<\/div>\n<div class=\"row \">\n<article class=\"col-xs-12 html_base_square\">\n<div class=\"item_content\">\n<div class=\"row\">\n<div class=\"square___content\">\n<figure><a href=\"https:\/\/www.moltofood.it\/schiacciata-ripiena-senza-lievito-ricetta\/?utm_source=quotidianodipuglia&amp;utm_medium=strip_moltofood_flexible&amp;utm_campaign=right_articolo\" target=\"_blank\" title=\"Schiacciata ripiena, la ricetta scrocchiarella e senza lievito\"><img decoding=\"async\" src=\"https:\/\/analyse.optim.biz\/wp-content\/uploads\/2026\/02\/schiacciata-ripiena-1-150x150-145.jpg\" title=\"Schiacciata ripiena, la ricetta scrocchiarella e senza lievito\"><\/a><\/figure>\n<\/div>\n<div class=\"col-xs valign__content\">\n<div class=\"valign\"><span class=\"testatina testatina-articolo\"><a href=\"https:\/\/www.moltofood.it\/schiacciata-ripiena-senza-lievito-ricetta\/?utm_source=quotidianodipuglia&amp;utm_medium=strip_moltofood_flexible&amp;utm_campaign=right_articolo\"><br \/>\n                                                Piatti unici                                                <\/a><\/span><\/p>\n<h2 class=\"titolo\"><a href=\"https:\/\/www.moltofood.it\/schiacciata-ripiena-senza-lievito-ricetta\/?utm_source=quotidianodipuglia&amp;utm_medium=strip_moltofood_flexible&amp;utm_campaign=right_articolo\" title=\"Schiacciata ripiena, la ricetta scrocchiarella e senza lievito\" target=\"_blank\">Schiacciata ripiena, la ricetta scrocchiarella e senza lievito<\/a><\/h2>\n<p><span class=\"firma\">di Margherita Catalani<\/span><\/div>\n<\/div>\n<\/div>\n<\/div>\n<\/article>\n<article class=\"col-xs-12 html_base_square\">\n<div class=\"item_content\">\n<div class=\"row\">\n<div class=\"square___content\">\n<figure><a href=\"https:\/\/www.moltofood.it\/granola-in-friggitrice-ad-aria-ricetta\/?utm_source=quotidianodipuglia&amp;utm_medium=strip_moltofood_flexible&amp;utm_campaign=right_articolo\" target=\"_blank\" title=\"Granola in friggitrice ad aria: veloce, pratica e super versatile\"><img decoding=\"async\" src=\"https:\/\/analyse.optim.biz\/wp-content\/uploads\/2026\/02\/granolacottainfriggitriceadaria_copertina-150x150-3-98.jpeg\" title=\"Granola in friggitrice ad aria: veloce, pratica e super versatile\"><\/a><\/figure>\n<\/div>\n<div class=\"col-xs valign__content\">\n<div class=\"valign\"><span class=\"testatina testatina-articolo\"><a href=\"https:\/\/www.moltofood.it\/granola-in-friggitrice-ad-aria-ricetta\/?utm_source=quotidianodipuglia&amp;utm_medium=strip_moltofood_flexible&amp;utm_campaign=right_articolo\"><br \/>\n                                                Dolci                                                <\/a><\/span><\/p>\n<h2 class=\"titolo\"><a href=\"https:\/\/www.moltofood.it\/granola-in-friggitrice-ad-aria-ricetta\/?utm_source=quotidianodipuglia&amp;utm_medium=strip_moltofood_flexible&amp;utm_campaign=right_articolo\" title=\"Granola in friggitrice ad aria: veloce, pratica e super versatile\" target=\"_blank\">Granola in friggitrice ad aria: veloce, pratica e super versatile<\/a><\/h2>\n<p><span class=\"firma\">di Virginia Fabbri<\/span><\/div>\n<\/div>\n<\/div>\n<\/div>\n<\/article>\n<\/div>\n<p><a href=\"https:\/\/www.moltofood.it?utm_source=quotidianodipuglia&amp;utm_medium=strip_moltofood_flexible&amp;utm_campaign=right_articolo\" class=\"testatabox show_more\" target=\"_blank\" title=\"moltofood.it\">Vedi tutte le ricette<\/a><\/div>\n<div class=\"strip-1-bottom\">\n<div class=\"testatabox default sinistra rosso partner news\">\n<h3 class=\"partner news\"><a href=\"https:\/\/www.romevaticancard.com\/it\/omniacards\/omnia-card-72\/?ref=banner\">OMNIA CARD<\/a><\/h3>\n<\/div>\n<div class=\"row\">\n<article class=\"col-xs-12 html_base_bottom   partner news \">\n<div class=\"item_content hyperlink\">\n<figure class=\"medium\"><a href=\"https:\/\/www.romevaticancard.com\/it\/omniacards\/omnia-card-72\/?ref=banner\" title=\"Omnia card 72h + Roma Pass: Musei Vaticani e Colosseo inclusi\"><img decoding=\"async\" src=\"https:\/\/analyse.optim.biz\/wp-content\/uploads\/2026\/02\/7772044_27112113_rome-90.jpg\" title=\"Omnia card 72h + Roma Pass: Musei Vaticani e Colosseo inclusi\" width=\"-16\" height=\"-9\"><\/a><\/figure>\n<div class=\"titolo\"><a href=\"https:\/\/www.romevaticancard.com\/it\/omniacards\/omnia-card-72\/?ref=banner\" class=\"ml_primary_link\">Omnia card 72h + Roma Pass: Musei Vaticani e Colosseo inclusi<\/a><\/div>\n<\/div>\n<\/article>\n<\/div>\n<\/div>\n<div class=\"strip-1-no_foto ranking listing\">\n<div class=\"testatabox boxed sinistra  \">\n<h3 class>LE PI\u00d9 LETTE<\/h3>\n<\/div>\n<div class=\"row\">\n<article class=\"col-xs-12 html_base_no_foto  cultura \">\n<div class=\"item_content\"><span class=\"testatina testatina-articolo\"><a href=\"http:\/\/quotidianodipuglia.it\/cultura\/salento_nave_romana_ritrovata_in_fondo_al_mare_dove_recupero_cosa_sappiamo-9329894.html\">CULTURA<\/a><\/span><\/p>\n<div class=\"titolo\"><a href=\"http:\/\/quotidianodipuglia.it\/cultura\/salento_nave_romana_ritrovata_in_fondo_al_mare_dove_recupero_cosa_sappiamo-9329894.html\" class=\"ml_primary_link\">C&#8217;\u00e8 un tesoro sul fondale marino: sulla costa ionica spunta una nave romana. Quasi un milione di euro per portarla alla luce<\/a><\/div>\n<div class=\"row item_content_moreinfo middle-xs\">\n<div class=\"col-xs-8\"><span class=\"firma\"><span>di Renato DE CAPUA<\/span><\/span><\/div>\n<\/div>\n<\/div>\n<\/article>\n<article class=\"col-xs-12 html_base_no_foto  schede \">\n<div class=\"item_content\"><span class=\"testatina testatina-articolo\"><a href=\"http:\/\/quotidianodipuglia.it\/schede\/oroscopo_settimana_2_8_febbraio_2026_top_flop_chi_sale_chi_scende-9331740.html\">LA VOCE DELLE STELLE<\/a><\/span><\/p>\n<div class=\"titolo\"><a href=\"http:\/\/quotidianodipuglia.it\/schede\/oroscopo_settimana_2_8_febbraio_2026_top_flop_chi_sale_chi_scende-9331740.html\" class=\"ml_primary_link\">Oroscopo della prossima settimana: Cancro spezza la routine, Scorpione osserva, Bilancia si dedica agli affetti.<span> Ariete? Mantieni la calma<\/span><\/a><a href=\"http:\/\/quotidianodipuglia.it\/schede\/oroscopo_weekend_oggi_domani_sabato_31_gennaio_1_febbraio_2026_chi_sale_chi_scende-9327376.html\" class=\"ml_articolo\"><u>Le previsioni del weekend<\/u><\/a><\/div>\n<div class=\"row item_content_moreinfo middle-xs\">\n<div class=\"col-xs-8\"><span class=\"firma\"><span>di Redazione web<\/span><\/span><\/div>\n<\/div>\n<\/div>\n<\/article>\n<article class=\"col-xs-12 html_base_no_foto  schede \">\n<div class=\"item_content\"><span class=\"testatina testatina-articolo\"><a href=\"http:\/\/quotidianodipuglia.it\/schede\/il_caso_bambino_bus_piedi_neve_cosa_e_successo_ricostruzione_vicenda_polemiche_oggi-9331114.html\">IL CASO <\/a><\/span><\/p>\n<div class=\"titolo\"><a href=\"http:\/\/quotidianodipuglia.it\/schede\/il_caso_bambino_bus_piedi_neve_cosa_e_successo_ricostruzione_vicenda_polemiche_oggi-9331114.html\" class=\"ml_primary_link\">Bambino fatto scendere dal bus: i 6 km a piedi, il biglietto a 10 euro, l&#8217;autista sospeso, l&#8217;inchiesta. Cosa \u00e8 successo<\/a><\/div>\n<div class=\"row item_content_moreinfo middle-xs\">\n<div class=\"col-xs-8\"><span class=\"firma\"><span>di Marta Giusti<\/span><\/span><\/div>\n<div class=\"col-xs\">\n<ul class=\"info-item\">\n<li class=\"has-foto ri-camera-line\"><\/ul>\n<\/div>\n<\/div>\n<\/div>\n<\/article>\n<article class=\"col-xs-12 html_base_no_foto  schede \">\n<div class=\"item_content\"><span class=\"testatina testatina-articolo\"><a href=\"http:\/\/quotidianodipuglia.it\/schede\/oroscopo_paolo_fox_stelle_fine_settimana_weekend_31_gennaio_1_febbraio_2026-9331582.html\">IN TV <\/a><\/span><\/p>\n<div class=\"titolo\"><a href=\"http:\/\/quotidianodipuglia.it\/schede\/oroscopo_paolo_fox_stelle_fine_settimana_weekend_31_gennaio_1_febbraio_2026-9331582.html\" class=\"ml_primary_link\">Oroscopo di Paolo Fox, le stelle del fine settimana: Gemelli al top, Sagittario in ripresa, Capricorno isolato<\/a><a href=\"http:\/\/quotidianodipuglia.it\/schede\/oroscopo_weekend_oggi_domani_sabato_31_gennaio_1_febbraio_2026_chi_sale_chi_scende-9327376.html\" class=\"ml_articolo\"><span>Le previsioni del weekend\u00a0<\/span><\/a><\/div>\n<div class=\"row item_content_moreinfo middle-xs\">\n<div class=\"col-xs-8\"><span class=\"firma\"><span>di Redazione web<\/span><\/span><\/div>\n<\/div>\n<\/div>\n<\/article>\n<article class=\"col-xs-12 html_base_no_foto  attualita \">\n<div class=\"item_content\"><span class=\"testatina testatina-articolo\"><a href=\"http:\/\/quotidianodipuglia.it\/attualita\/donald_trump_resort_salento_albania-9331850.html\">LA SVOLTA <\/a><\/span><\/p>\n<div class=\"titolo\"><a href=\"http:\/\/quotidianodipuglia.it\/attualita\/donald_trump_resort_salento_albania-9331850.html\" class=\"ml_primary_link\">I Trump nuovi vicini di casa: l&#8217;ok al resort di lusso a poche miglia dal Salento. Il no degli ambientalisti<\/a><\/div>\n<div class=\"row item_content_moreinfo middle-xs\">\n<div class=\"col-xs-8\"><span class=\"firma\"><span>di Vincenzo MARUCCIO<\/span><\/span><\/div>\n<\/div>\n<\/div>\n<\/article>\n<\/div>\n<\/div>\n<div class=\"strip- lgw\">\n<div class=\"header\"><span class=\"title\"><br \/>\n                Cerca il tuo immobile all&#8217;asta<br \/>\n            <\/span><\/div>\n<div class=\"content\"><a href=\"https:\/\/www.legalmente.net\/\" target=\"_blank\" class=\"brand\"><img decoding=\"async\" src=\"https:\/\/analyse.optim.biz\/wp-content\/uploads\/2026\/02\/logo-143.jpg\" title=\"logo-143\"><\/a><\/div>\n<\/div>\n<\/div>\n<\/div>\n<\/div>\n<\/aside>\n<\/article>\n<p> Source URL: http:\/\/quotidianodipuglia.it\/schede\/frana_niscemi_zone_a_rischio_italia_quali_sono-9324835.html<\/p>\n","protected":false},"excerpt":{"rendered":"<p>Frana a Niscemi, ecco le zone a rischio in Italia e quando il terreno pu\u00f2 crollare. La mappa di tutti i pericoli di Alessandro Rosi mercoled\u00ec 28 gennaio 2026, 09:16 | 1 Minuto di Lettura 1 di 8 La frana a Niscemi ha fatto scattare l&#8217;allarme sul dissesto idrogeologico in Italia e le zone a [&hellip;]<\/p>\n","protected":false},"author":1,"featured_media":1688356,"comment_status":"open","ping_status":"","sticky":false,"template":"","format":"standard","meta":{"footnotes":""},"categories":[87],"tags":[226,155],"class_list":["post-1688354","post","type-post","status-publish","format-standard","has-post-thumbnail","hentry","category-italy","tag-crawlmanager","tag-quotidianodipuglia-it"],"_links":{"self":[{"href":"https:\/\/analyse.optim.biz\/index.php?rest_route=\/wp\/v2\/posts\/1688354","targetHints":{"allow":["GET"]}}],"collection":[{"href":"https:\/\/analyse.optim.biz\/index.php?rest_route=\/wp\/v2\/posts"}],"about":[{"href":"https:\/\/analyse.optim.biz\/index.php?rest_route=\/wp\/v2\/types\/post"}],"author":[{"embeddable":true,"href":"https:\/\/analyse.optim.biz\/index.php?rest_route=\/wp\/v2\/users\/1"}],"replies":[{"embeddable":true,"href":"https:\/\/analyse.optim.biz\/index.php?rest_route=%2Fwp%2Fv2%2Fcomments&post=1688354"}],"version-history":[{"count":0,"href":"https:\/\/analyse.optim.biz\/index.php?rest_route=\/wp\/v2\/posts\/1688354\/revisions"}],"wp:featuredmedia":[{"embeddable":true,"href":"https:\/\/analyse.optim.biz\/index.php?rest_route=\/wp\/v2\/media\/1688356"}],"wp:attachment":[{"href":"https:\/\/analyse.optim.biz\/index.php?rest_route=%2Fwp%2Fv2%2Fmedia&parent=1688354"}],"wp:term":[{"taxonomy":"category","embeddable":true,"href":"https:\/\/analyse.optim.biz\/index.php?rest_route=%2Fwp%2Fv2%2Fcategories&post=1688354"},{"taxonomy":"post_tag","embeddable":true,"href":"https:\/\/analyse.optim.biz\/index.php?rest_route=%2Fwp%2Fv2%2Ftags&post=1688354"}],"curies":[{"name":"wp","href":"https:\/\/api.w.org\/{rel}","templated":true}]}}